{"id":62601,"date":"2012-08-04T11:36:57","date_gmt":"2012-08-04T10:36:57","guid":{"rendered":"http:\/\/www.visit-ulcinj.com\/blog\/?p=62601"},"modified":"2012-08-04T11:38:47","modified_gmt":"2012-08-04T10:38:47","slug":"albanske-partije-ujedinjeno-na-izbore","status":"publish","type":"post","link":"https:\/\/www.visit-ulcinj.com\/blog\/2012\/08\/04\/albanske-partije-ujedinjeno-na-izbore\/","title":{"rendered":"Albanske partije ujedinjeno na izbore"},"content":{"rendered":"<p><a href=\"http:\/\/www.visit-ulcinj.com\/blog\/wp-content\/uploads\/2012\/08\/Albanske-partije-ujedinjeno-na-izbore-u-Crnu-Goru.jpg\"><img loading=\"lazy\" class=\"alignleft  wp-image-62602\" title=\"Albanske partije ujedinjeno na izbore u Crnu Goru\" src=\"http:\/\/www.visit-ulcinj.com\/blog\/wp-content\/uploads\/2012\/08\/Albanske-partije-ujedinjeno-na-izbore-u-Crnu-Goru.jpg\" alt=\"\" width=\"350\" height=\"400\" \/><\/a>Naime, novim zakonom o izboru odbornika i poslanika, albanskim partijama je ukinuta mogu\u0107nost zagarantovanih mandata. To zna\u010di da se na izborima na jesen moraju boriti za mandate sa ostalim partijama.<\/p>\n<p>Predstavnicima albanskih partija ipak je bitnije da se me\u0111usobno dogovore o eventualnom zajedni\u010dkom nastupu na izborima 14. oktobra nego da razmatraju priklju\u010denje Demokratskom frontu.<\/p>\n<p>Predsjednik Demokratskog saveza Albanaca <strong>Mehmet Bardhi<\/strong>, koji je prije nekoliko dana inicirao sastanak predstavnika albanskih partija u Ulcinju, kazao je da oni \u017eele da ostvare takav rezultat na izborima kako bi u parlementu dobili pet poslani\u010dkih mjesta. A takav rezultat mogu da ostvare samo ukoliko se napravi jedinstvena albanska koalicija. On isti\u010de da su pregovori u toku, ali da se to ne treba odugovla\u010diti, jer izborne liste po\u010dinju da se predaju 20. avgusta.<\/p>\n<p>Sli\u010dnog stava je i njegov kolega <strong>Genci Nimanbegu<\/strong> iz Force.<\/p>\n<p>&#8220;Mi smo imali sastanke sa pojedinim predstavnicima albanskih partija i o\u010dekujemo da \u0107e u narednih sedam dana sve biti jasnije&#8221;, kazao je Genci za Dnevne novine.<\/p>\n<p>No, kako on tvrdi, albanske partije \u0107e najvjerovatnije iza\u0107i u dvije liste, jer na jednoj strani postoje &#8220;principijelne albanske partije koje se zala\u017eu za ostvarivanje albanskih prava&#8221;, dok na drugoj strani postoje partije &#8220;predvo\u0111ene Demokratskom unijom Albanaca koja je umanjila zahtjeve Albanaca, prije svega zbog raskola koji je pro\u0161le godine nastao u toj partiji&#8221;<\/p>\n<p>I poslanik Perspektive <strong>Vaselj Sini\u0161taj<\/strong> podr\u017eava zajedni\u010dki nastup predstavnika albanskog naroda na predstoje\u0107im izborima, jer je po njemu upravo to najbitnije &#8211; stvoriti koaliciju unutar albanske manjine.<\/p>\n<p>&#8220;Koalicija treba \u0161to \u0161ira da bude, pri \u010demu treba da bude oslobo\u0111ena maksimalisuckih zahtjeva i samim tim da osvoji mandate u Skup\u0161tini&#8221;, tvrdi Sini\u0161taj. Na pitanje dokle se stiglo sa koalicijom, Sini\u0161taj odgovara da &#8220;ima stvari koje idu u dobrom pravcu&#8221;, dok pojedine stvari tek treba da se dogovore.<\/p>\n<p>Me\u0111utim, on upozorava da dogovor ne treba odlagati jer ne bi bilo dobro da se izborna lista preda suvi\u0161e kasno.<\/p>\n<p>&#8220;Ako listu ne predamo na vrijeme, onda je najbolje da je i ne predajemo&#8221;, objasnio je Sini\u0161taj.<\/p>\n<p><a href=\"http:\/\/www.cdm.me\/politika\/albanske-partije-ujedinjeno-na-izbore\" target=\"_blank\"><strong>Izvor:\u00a0Dnevne novine<\/strong><\/a><\/p>\n","protected":false},"excerpt":{"rendered":"<p>Naime, novim zakonom o izboru odbornika i poslanika, albanskim partijama je ukinuta mogu\u0107nost zagarantovanih mandata. To zna\u010di da se na izborima na jesen moraju boriti za mandate sa ostalim partijama. Predstavnicima albanskih partija ipak je bitnije da se me\u0111usobno dogovore o eventualnom zajedni\u010dkom nastupu na izborima 14. oktobra nego da razmatraju priklju\u010denje Demokratskom frontu. Predsjednik [&hellip;]<\/p>\n","protected":false},"author":1,"featured_media":0,"comment_status":"open","ping_status":"closed","sticky":false,"template":"","format":"standard","meta":{"spay_email":"","jetpack_publicize_message":"","jetpack_is_tweetstorm":false,"jetpack_publicize_feature_enabled":true},"categories":[8337],"tags":[6228],"jetpack_publicize_connections":[],"yoast_head":"<!-- This site is optimized with the Yoast SEO plugin v19.1 - https:\/\/yoast.com\/wordpress\/plugins\/seo\/ -->\n<title>Albanske partije ujedinjeno na izbore - Lajme nga Ulqini<\/title>\n<meta name=\"description\" content=\"Naime, novim zakonom o izboru odbornika i poslanika, albanskim partijama je ukinuta mogu\u0107nost zagarantovanih mandata. To zna\u010di da se na izborima na jesen\" \/>\n<meta name=\"robots\" content=\"index, follow, max-snippet:-1, max-image-preview:large, max-video-preview:-1\" \/>\n<link rel=\"canonical\" href=\"https:\/\/www.visit-ulcinj.com\/blog\/2012\/08\/04\/albanske-partije-ujedinjeno-na-izbore\/\" \/>\n<meta property=\"og:locale\" content=\"en_US\" \/>\n<meta property=\"og:type\" content=\"article\" \/>\n<meta property=\"og:title\" content=\"Albanske partije ujedinjeno na izbore - Lajme nga Ulqini\" \/>\n<meta property=\"og:description\" content=\"Naime, novim zakonom o izboru odbornika i poslanika, albanskim partijama je ukinuta mogu\u0107nost zagarantovanih mandata. To zna\u010di da se na izborima na jesen\" \/>\n<meta property=\"og:url\" content=\"https:\/\/www.visit-ulcinj.com\/blog\/2012\/08\/04\/albanske-partije-ujedinjeno-na-izbore\/\" \/>\n<meta property=\"og:site_name\" content=\"Lajme nga Ulqini\" \/>\n<meta property=\"article:published_time\" content=\"2012-08-04T10:36:57+00:00\" \/>\n<meta property=\"article:modified_time\" content=\"2012-08-04T10:38:47+00:00\" \/>\n<meta property=\"og:image\" content=\"http:\/\/www.visit-ulcinj.com\/blog\/wp-content\/uploads\/2012\/08\/Albanske-partije-ujedinjeno-na-izbore-u-Crnu-Goru.jpg\" \/>\n<meta name=\"twitter:label1\" content=\"Written by\" \/>\n\t<meta name=\"twitter:data1\" content=\"ulqini\" \/>\n\t<meta name=\"twitter:label2\" content=\"Est. reading time\" \/>\n\t<meta name=\"twitter:data2\" content=\"2 minutes\" \/>\n<script type=\"application\/ld+json\" class=\"yoast-schema-graph\">{\"@context\":\"https:\/\/schema.org\",\"@graph\":[{\"@type\":\"WebSite\",\"@id\":\"https:\/\/www.visit-ulcinj.com\/blog\/#website\",\"url\":\"https:\/\/www.visit-ulcinj.com\/blog\/\",\"name\":\"Lajme nga Ulqini\",\"description\":\"Lajme,Vijesti,Ulqini,Ulqin,Crna Gora,Mali i Zi\",\"potentialAction\":[{\"@type\":\"SearchAction\",\"target\":{\"@type\":\"EntryPoint\",\"urlTemplate\":\"https:\/\/www.visit-ulcinj.com\/blog\/?s={search_term_string}\"},\"query-input\":\"required name=search_term_string\"}],\"inLanguage\":\"en-US\"},{\"@type\":\"ImageObject\",\"inLanguage\":\"en-US\",\"@id\":\"https:\/\/www.visit-ulcinj.com\/blog\/2012\/08\/04\/albanske-partije-ujedinjeno-na-izbore\/#primaryimage\",\"url\":\"https:\/\/www.visit-ulcinj.com\/blog\/wp-content\/uploads\/2012\/08\/Albanske-partije-ujedinjeno-na-izbore-u-Crnu-Goru.jpg\",\"contentUrl\":\"https:\/\/www.visit-ulcinj.com\/blog\/wp-content\/uploads\/2012\/08\/Albanske-partije-ujedinjeno-na-izbore-u-Crnu-Goru.jpg\",\"width\":\"415\",\"height\":\"484\"},{\"@type\":\"WebPage\",\"@id\":\"https:\/\/www.visit-ulcinj.com\/blog\/2012\/08\/04\/albanske-partije-ujedinjeno-na-izbore\/#webpage\",\"url\":\"https:\/\/www.visit-ulcinj.com\/blog\/2012\/08\/04\/albanske-partije-ujedinjeno-na-izbore\/\",\"name\":\"Albanske partije ujedinjeno na izbore - Lajme nga Ulqini\",\"isPartOf\":{\"@id\":\"https:\/\/www.visit-ulcinj.com\/blog\/#website\"},\"primaryImageOfPage\":{\"@id\":\"https:\/\/www.visit-ulcinj.com\/blog\/2012\/08\/04\/albanske-partije-ujedinjeno-na-izbore\/#primaryimage\"},\"datePublished\":\"2012-08-04T10:36:57+00:00\",\"dateModified\":\"2012-08-04T10:38:47+00:00\",\"author\":{\"@id\":\"https:\/\/www.visit-ulcinj.com\/blog\/#\/schema\/person\/dcab619c614d3038751c63bc2aadc06d\"},\"description\":\"Naime, novim zakonom o izboru odbornika i poslanika, albanskim partijama je ukinuta mogu\u0107nost zagarantovanih mandata. To zna\u010di da se na izborima na jesen\",\"breadcrumb\":{\"@id\":\"https:\/\/www.visit-ulcinj.com\/blog\/2012\/08\/04\/albanske-partije-ujedinjeno-na-izbore\/#breadcrumb\"},\"inLanguage\":\"en-US\",\"potentialAction\":[{\"@type\":\"ReadAction\",\"target\":[\"https:\/\/www.visit-ulcinj.com\/blog\/2012\/08\/04\/albanske-partije-ujedinjeno-na-izbore\/\"]}]},{\"@type\":\"BreadcrumbList\",\"@id\":\"https:\/\/www.visit-ulcinj.com\/blog\/2012\/08\/04\/albanske-partije-ujedinjeno-na-izbore\/#breadcrumb\",\"itemListElement\":[{\"@type\":\"ListItem\",\"position\":1,\"name\":\"Albanske partije ujedinjeno na izbore\"}]},{\"@type\":\"Person\",\"@id\":\"https:\/\/www.visit-ulcinj.com\/blog\/#\/schema\/person\/dcab619c614d3038751c63bc2aadc06d\",\"name\":\"ulqini\",\"sameAs\":[\"http:\/\/www.visit-ulcinj.com\"],\"url\":\"https:\/\/www.visit-ulcinj.com\/blog\/author\/admin\/\"}]}<\/script>\n<!-- \/ Yoast SEO plugin. -->","yoast_head_json":{"title":"Albanske partije ujedinjeno na izbore - Lajme nga Ulqini","description":"Naime, novim zakonom o izboru odbornika i poslanika, albanskim partijama je ukinuta mogu\u0107nost zagarantovanih mandata. To zna\u010di da se na izborima na jesen","robots":{"index":"index","follow":"follow","max-snippet":"max-snippet:-1","max-image-preview":"max-image-preview:large","max-video-preview":"max-video-preview:-1"},"canonical":"https:\/\/www.visit-ulcinj.com\/blog\/2012\/08\/04\/albanske-partije-ujedinjeno-na-izbore\/","og_locale":"en_US","og_type":"article","og_title":"Albanske partije ujedinjeno na izbore - Lajme nga Ulqini","og_description":"Naime, novim zakonom o izboru odbornika i poslanika, albanskim partijama je ukinuta mogu\u0107nost zagarantovanih mandata. To zna\u010di da se na izborima na jesen","og_url":"https:\/\/www.visit-ulcinj.com\/blog\/2012\/08\/04\/albanske-partije-ujedinjeno-na-izbore\/","og_site_name":"Lajme nga Ulqini","article_published_time":"2012-08-04T10:36:57+00:00","article_modified_time":"2012-08-04T10:38:47+00:00","og_image":[{"url":"http:\/\/www.visit-ulcinj.com\/blog\/wp-content\/uploads\/2012\/08\/Albanske-partije-ujedinjeno-na-izbore-u-Crnu-Goru.jpg"}],"twitter_misc":{"Written by":"ulqini","Est. reading time":"2 minutes"},"schema":{"@context":"https:\/\/schema.org","@graph":[{"@type":"WebSite","@id":"https:\/\/www.visit-ulcinj.com\/blog\/#website","url":"https:\/\/www.visit-ulcinj.com\/blog\/","name":"Lajme nga Ulqini","description":"Lajme,Vijesti,Ulqini,Ulqin,Crna Gora,Mali i Zi","potentialAction":[{"@type":"SearchAction","target":{"@type":"EntryPoint","urlTemplate":"https:\/\/www.visit-ulcinj.com\/blog\/?s={search_term_string}"},"query-input":"required name=search_term_string"}],"inLanguage":"en-US"},{"@type":"ImageObject","inLanguage":"en-US","@id":"https:\/\/www.visit-ulcinj.com\/blog\/2012\/08\/04\/albanske-partije-ujedinjeno-na-izbore\/#primaryimage","url":"https:\/\/www.visit-ulcinj.com\/blog\/wp-content\/uploads\/2012\/08\/Albanske-partije-ujedinjeno-na-izbore-u-Crnu-Goru.jpg","contentUrl":"https:\/\/www.visit-ulcinj.com\/blog\/wp-content\/uploads\/2012\/08\/Albanske-partije-ujedinjeno-na-izbore-u-Crnu-Goru.jpg","width":"415","height":"484"},{"@type":"WebPage","@id":"https:\/\/www.visit-ulcinj.com\/blog\/2012\/08\/04\/albanske-partije-ujedinjeno-na-izbore\/#webpage","url":"https:\/\/www.visit-ulcinj.com\/blog\/2012\/08\/04\/albanske-partije-ujedinjeno-na-izbore\/","name":"Albanske partije ujedinjeno na izbore - Lajme nga Ulqini","isPartOf":{"@id":"https:\/\/www.visit-ulcinj.com\/blog\/#website"},"primaryImageOfPage":{"@id":"https:\/\/www.visit-ulcinj.com\/blog\/2012\/08\/04\/albanske-partije-ujedinjeno-na-izbore\/#primaryimage"},"datePublished":"2012-08-04T10:36:57+00:00","dateModified":"2012-08-04T10:38:47+00:00","author":{"@id":"https:\/\/www.visit-ulcinj.com\/blog\/#\/schema\/person\/dcab619c614d3038751c63bc2aadc06d"},"description":"Naime, novim zakonom o izboru odbornika i poslanika, albanskim partijama je ukinuta mogu\u0107nost zagarantovanih mandata. To zna\u010di da se na izborima na jesen","breadcrumb":{"@id":"https:\/\/www.visit-ulcinj.com\/blog\/2012\/08\/04\/albanske-partije-ujedinjeno-na-izbore\/#breadcrumb"},"inLanguage":"en-US","potentialAction":[{"@type":"ReadAction","target":["https:\/\/www.visit-ulcinj.com\/blog\/2012\/08\/04\/albanske-partije-ujedinjeno-na-izbore\/"]}]},{"@type":"BreadcrumbList","@id":"https:\/\/www.visit-ulcinj.com\/blog\/2012\/08\/04\/albanske-partije-ujedinjeno-na-izbore\/#breadcrumb","itemListElement":[{"@type":"ListItem","position":1,"name":"Albanske partije ujedinjeno na izbore"}]},{"@type":"Person","@id":"https:\/\/www.visit-ulcinj.com\/blog\/#\/schema\/person\/dcab619c614d3038751c63bc2aadc06d","name":"ulqini","sameAs":["http:\/\/www.visit-ulcinj.com"],"url":"https:\/\/www.visit-ulcinj.com\/blog\/author\/admin\/"}]}},"jetpack_featured_media_url":"","jetpack_sharing_enabled":true,"jetpack_shortlink":"https:\/\/wp.me\/pe6lTn-ghH","_links":{"self":[{"href":"https:\/\/www.visit-ulcinj.com\/blog\/wp-json\/wp\/v2\/posts\/62601"}],"collection":[{"href":"https:\/\/www.visit-ulcinj.com\/blog\/wp-json\/wp\/v2\/posts"}],"about":[{"href":"https:\/\/www.visit-ulcinj.com\/blog\/wp-json\/wp\/v2\/types\/post"}],"author":[{"embeddable":true,"href":"https:\/\/www.visit-ulcinj.com\/blog\/wp-json\/wp\/v2\/users\/1"}],"replies":[{"embeddable":true,"href":"https:\/\/www.visit-ulcinj.com\/blog\/wp-json\/wp\/v2\/comments?post=62601"}],"version-history":[{"count":3,"href":"https:\/\/www.visit-ulcinj.com\/blog\/wp-json\/wp\/v2\/posts\/62601\/revisions"}],"predecessor-version":[{"id":62605,"href":"https:\/\/www.visit-ulcinj.com\/blog\/wp-json\/wp\/v2\/posts\/62601\/revisions\/62605"}],"wp:attachment":[{"href":"https:\/\/www.visit-ulcinj.com\/blog\/wp-json\/wp\/v2\/media?parent=62601"}],"wp:term":[{"taxonomy":"category","embeddable":true,"href":"https:\/\/www.visit-ulcinj.com\/blog\/wp-json\/wp\/v2\/categories?post=62601"},{"taxonomy":"post_tag","embeddable":true,"href":"https:\/\/www.visit-ulcinj.com\/blog\/wp-json\/wp\/v2\/tags?post=62601"}],"curies":[{"name":"wp","href":"https:\/\/api.w.org\/{rel}","templated":true}]}}