{"id":62611,"date":"2012-08-04T12:10:38","date_gmt":"2012-08-04T11:10:38","guid":{"rendered":"http:\/\/www.visit-ulcinj.com\/blog\/?p=62611"},"modified":"2012-08-04T12:57:29","modified_gmt":"2012-08-04T11:57:29","slug":"florian-mumajesi-me-zemer-video","status":"publish","type":"post","link":"https:\/\/www.visit-ulcinj.com\/blog\/2012\/08\/04\/florian-mumajesi-me-zemer-video\/","title":{"rendered":"Florian Mumajesi: Me zem\u00ebr &#8211; Video"},"content":{"rendered":"<p><a href=\"http:\/\/www.visit-ulcinj.com\/blog\/wp-content\/uploads\/2012\/08\/Florian-Mumajesi-me-zemer.jpg\"><img loading=\"lazy\" class=\"alignleft  wp-image-62612\" title=\"Florian Mumajesi, me zemer\" src=\"http:\/\/www.visit-ulcinj.com\/blog\/wp-content\/uploads\/2012\/08\/Florian-Mumajesi-me-zemer.jpg\" alt=\"\" width=\"508\" height=\"356\" \/><\/a>Florian Mumajesi, nj\u00eb nd\u00ebr producent\u00ebt dhe kantautor\u00ebt m\u00eb t\u00eb mir\u00eb shqiptar, ka realizuar nj\u00eb k\u00ebng\u00eb t\u00eb re.<\/p>\n<p>E titulluar \u201cMe zem\u00ebr&#8221;, k\u00ebnga do t\u00eb transmetohet nes\u00ebr (2 gusht) n\u00eb radiot shqiptare, nd\u00ebrsa nj\u00eb dit\u00eb m\u00eb pas do t\u00eb publikohet n\u00eb YouTube.<\/p>\n<p>Mumajesi m\u00eb her\u00ebt ka paralajm\u00ebruar se gjat\u00eb stin\u00ebs s\u00eb ver\u00ebs do t\u00eb publikoj\u00eb gjithsej tre k\u00ebng\u00eb t\u00eb reja.<\/p>\n<p>&nbsp;<\/p>\n<p>Flori \u00ebsht\u00eb shum\u00eb aktiv, ve\u00e7an\u00ebrisht si producent dhe n\u00eb vazhdim\u00ebsi sjell\u00eb k\u00ebng\u00eb t\u00eb reja, q\u00eb kthehen n\u00eb hite.<\/p>\n<p>\u00cbsht\u00eb e gjat\u00eb lista me emrat e k\u00ebng\u00ebtar\u00ebve q\u00eb jan\u00eb b\u00ebr\u00eb t\u00eb famsh\u00ebm pik\u00ebrisht n\u00eb saje t\u00eb k\u00ebng\u00ebve q\u00eb mbajn\u00eb n\u00ebnshkrimin e Florit.<\/p>\n<p><strong>Florian Mumajesi, pak dit\u00eb m\u00eb par\u00eb ka realizuar k\u00ebng\u00ebn e re t\u00eb\u00a0titulluar \u201cMe zem\u00ebr&#8221;.<\/strong><br \/>\nK\u00ebnga u transmetua p\u00ebr t\u00eb par\u00ebn her\u00eb dje n\u00eb radiot shqiptare, nd\u00ebrsa sot \u00ebsht\u00eb publikuar n\u00eb YouTube, bashk\u00eb me videoklipn, q\u00eb sipas Florit, \u00ebsht\u00eb i pari klip personal.<\/p>\n<p>&#8220;Sot po kuptoj realisht se sa koh\u00eb kam pa ndjer\u00eb nj\u00eb emocion si ky. Kam punuar gjithmon\u00eb me zem\u00ebr p\u00ebr t\u00eb gjith\u00eb bashk\u00ebpuntor\u00ebt e mi dhe po kuptoj q\u00eb mbase ky \u00ebsht\u00eb klipi im i par\u00eb personal&#8221;, ka sh\u00ebnuar n\u00eb Facebook, Flori,\u00a0nj\u00eb nd\u00ebr producent\u00ebt dhe kantautor\u00ebt m\u00eb t\u00eb mir\u00eb shqiptar.<\/p>\n<div>Ndryshe, Mumajesi m\u00eb her\u00ebt ka paralajm\u00ebruar se gjat\u00eb stin\u00ebs s\u00eb ver\u00ebs do t\u00eb publikoj\u00eb gjithsej tre k\u00ebng\u00eb t\u00eb reja.<\/div>\n<p>\/Indeksonline\/<\/p>\n<!--YouTube Error: bad URL entered-->\n<p>&nbsp;<\/p>\n","protected":false},"excerpt":{"rendered":"<p>Florian Mumajesi, nj\u00eb nd\u00ebr producent\u00ebt dhe kantautor\u00ebt m\u00eb t\u00eb mir\u00eb shqiptar, ka realizuar nj\u00eb k\u00ebng\u00eb t\u00eb re. E titulluar \u201cMe zem\u00ebr&#8221;, k\u00ebnga do t\u00eb transmetohet nes\u00ebr (2 gusht) n\u00eb radiot shqiptare, nd\u00ebrsa nj\u00eb dit\u00eb m\u00eb pas do t\u00eb publikohet n\u00eb YouTube. Mumajesi m\u00eb her\u00ebt ka paralajm\u00ebruar se gjat\u00eb stin\u00ebs s\u00eb ver\u00ebs do t\u00eb publikoj\u00eb gjithsej [&hellip;]<\/p>\n","protected":false},"author":1,"featured_media":0,"comment_status":"open","ping_status":"closed","sticky":false,"template":"","format":"standard","meta":{"spay_email":"","jetpack_publicize_message":"","jetpack_is_tweetstorm":false,"jetpack_publicize_feature_enabled":true},"categories":[1],"tags":[7895,20857],"jetpack_publicize_connections":[],"yoast_head":"<!-- This site is optimized with the Yoast SEO plugin v19.1 - https:\/\/yoast.com\/wordpress\/plugins\/seo\/ -->\n<title>Florian Mumajesi: Me zem\u00ebr - Video - Lajme nga Ulqini<\/title>\n<meta name=\"description\" content=\"Florian Mumajesi, nj\u00eb nd\u00ebr producent\u00ebt dhe kantautor\u00ebt m\u00eb t\u00eb mir\u00eb shqiptar, ka realizuar nj\u00eb k\u00ebng\u00eb t\u00eb re. E titulluar \u201cMe zem\u00ebr&quot;, k\u00ebnga do t\u00eb transmetohet\" \/>\n<meta name=\"robots\" content=\"index, follow, max-snippet:-1, max-image-preview:large, max-video-preview:-1\" \/>\n<link rel=\"canonical\" href=\"https:\/\/www.visit-ulcinj.com\/blog\/2012\/08\/04\/florian-mumajesi-me-zemer-video\/\" \/>\n<meta property=\"og:locale\" content=\"en_US\" \/>\n<meta property=\"og:type\" content=\"article\" \/>\n<meta property=\"og:title\" content=\"Florian Mumajesi: Me zem\u00ebr - Video - Lajme nga Ulqini\" \/>\n<meta property=\"og:description\" content=\"Florian Mumajesi, nj\u00eb nd\u00ebr producent\u00ebt dhe kantautor\u00ebt m\u00eb t\u00eb mir\u00eb shqiptar, ka realizuar nj\u00eb k\u00ebng\u00eb t\u00eb re. E titulluar \u201cMe zem\u00ebr&quot;, k\u00ebnga do t\u00eb transmetohet\" \/>\n<meta property=\"og:url\" content=\"https:\/\/www.visit-ulcinj.com\/blog\/2012\/08\/04\/florian-mumajesi-me-zemer-video\/\" \/>\n<meta property=\"og:site_name\" content=\"Lajme nga Ulqini\" \/>\n<meta property=\"article:published_time\" content=\"2012-08-04T11:10:38+00:00\" \/>\n<meta property=\"article:modified_time\" content=\"2012-08-04T11:57:29+00:00\" \/>\n<meta property=\"og:image\" content=\"http:\/\/www.visit-ulcinj.com\/blog\/wp-content\/uploads\/2012\/08\/Florian-Mumajesi-me-zemer.jpg\" \/>\n<meta name=\"twitter:label1\" content=\"Written by\" \/>\n\t<meta name=\"twitter:data1\" content=\"ulqini\" \/>\n\t<meta name=\"twitter:label2\" content=\"Est. reading time\" \/>\n\t<meta name=\"twitter:data2\" content=\"1 minute\" \/>\n<script type=\"application\/ld+json\" class=\"yoast-schema-graph\">{\"@context\":\"https:\/\/schema.org\",\"@graph\":[{\"@type\":\"WebSite\",\"@id\":\"https:\/\/www.visit-ulcinj.com\/blog\/#website\",\"url\":\"https:\/\/www.visit-ulcinj.com\/blog\/\",\"name\":\"Lajme nga Ulqini\",\"description\":\"Lajme,Vijesti,Ulqini,Ulqin,Crna Gora,Mali i Zi\",\"potentialAction\":[{\"@type\":\"SearchAction\",\"target\":{\"@type\":\"EntryPoint\",\"urlTemplate\":\"https:\/\/www.visit-ulcinj.com\/blog\/?s={search_term_string}\"},\"query-input\":\"required name=search_term_string\"}],\"inLanguage\":\"en-US\"},{\"@type\":\"ImageObject\",\"inLanguage\":\"en-US\",\"@id\":\"https:\/\/www.visit-ulcinj.com\/blog\/2012\/08\/04\/florian-mumajesi-me-zemer-video\/#primaryimage\",\"url\":\"http:\/\/www.visit-ulcinj.com\/blog\/wp-content\/uploads\/2012\/08\/Florian-Mumajesi-me-zemer.jpg\",\"contentUrl\":\"http:\/\/www.visit-ulcinj.com\/blog\/wp-content\/uploads\/2012\/08\/Florian-Mumajesi-me-zemer.jpg\"},{\"@type\":\"WebPage\",\"@id\":\"https:\/\/www.visit-ulcinj.com\/blog\/2012\/08\/04\/florian-mumajesi-me-zemer-video\/#webpage\",\"url\":\"https:\/\/www.visit-ulcinj.com\/blog\/2012\/08\/04\/florian-mumajesi-me-zemer-video\/\",\"name\":\"Florian Mumajesi: Me zem\u00ebr - Video - Lajme nga Ulqini\",\"isPartOf\":{\"@id\":\"https:\/\/www.visit-ulcinj.com\/blog\/#website\"},\"primaryImageOfPage\":{\"@id\":\"https:\/\/www.visit-ulcinj.com\/blog\/2012\/08\/04\/florian-mumajesi-me-zemer-video\/#primaryimage\"},\"datePublished\":\"2012-08-04T11:10:38+00:00\",\"dateModified\":\"2012-08-04T11:57:29+00:00\",\"author\":{\"@id\":\"https:\/\/www.visit-ulcinj.com\/blog\/#\/schema\/person\/dcab619c614d3038751c63bc2aadc06d\"},\"description\":\"Florian Mumajesi, nj\u00eb nd\u00ebr producent\u00ebt dhe kantautor\u00ebt m\u00eb t\u00eb mir\u00eb shqiptar, ka realizuar nj\u00eb k\u00ebng\u00eb t\u00eb re. E titulluar \u201cMe zem\u00ebr\\\", k\u00ebnga do t\u00eb transmetohet\",\"breadcrumb\":{\"@id\":\"https:\/\/www.visit-ulcinj.com\/blog\/2012\/08\/04\/florian-mumajesi-me-zemer-video\/#breadcrumb\"},\"inLanguage\":\"en-US\",\"potentialAction\":[{\"@type\":\"ReadAction\",\"target\":[\"https:\/\/www.visit-ulcinj.com\/blog\/2012\/08\/04\/florian-mumajesi-me-zemer-video\/\"]}]},{\"@type\":\"BreadcrumbList\",\"@id\":\"https:\/\/www.visit-ulcinj.com\/blog\/2012\/08\/04\/florian-mumajesi-me-zemer-video\/#breadcrumb\",\"itemListElement\":[{\"@type\":\"ListItem\",\"position\":1,\"name\":\"Florian Mumajesi: Me zem\u00ebr &#8211; Video\"}]},{\"@type\":\"Person\",\"@id\":\"https:\/\/www.visit-ulcinj.com\/blog\/#\/schema\/person\/dcab619c614d3038751c63bc2aadc06d\",\"name\":\"ulqini\",\"sameAs\":[\"http:\/\/www.visit-ulcinj.com\"],\"url\":\"https:\/\/www.visit-ulcinj.com\/blog\/author\/admin\/\"}]}<\/script>\n<!-- \/ Yoast SEO plugin. -->","yoast_head_json":{"title":"Florian Mumajesi: Me zem\u00ebr - Video - Lajme nga Ulqini","description":"Florian Mumajesi, nj\u00eb nd\u00ebr producent\u00ebt dhe kantautor\u00ebt m\u00eb t\u00eb mir\u00eb shqiptar, ka realizuar nj\u00eb k\u00ebng\u00eb t\u00eb re. E titulluar \u201cMe zem\u00ebr\", k\u00ebnga do t\u00eb transmetohet","robots":{"index":"index","follow":"follow","max-snippet":"max-snippet:-1","max-image-preview":"max-image-preview:large","max-video-preview":"max-video-preview:-1"},"canonical":"https:\/\/www.visit-ulcinj.com\/blog\/2012\/08\/04\/florian-mumajesi-me-zemer-video\/","og_locale":"en_US","og_type":"article","og_title":"Florian Mumajesi: Me zem\u00ebr - Video - Lajme nga Ulqini","og_description":"Florian Mumajesi, nj\u00eb nd\u00ebr producent\u00ebt dhe kantautor\u00ebt m\u00eb t\u00eb mir\u00eb shqiptar, ka realizuar nj\u00eb k\u00ebng\u00eb t\u00eb re. E titulluar \u201cMe zem\u00ebr\", k\u00ebnga do t\u00eb transmetohet","og_url":"https:\/\/www.visit-ulcinj.com\/blog\/2012\/08\/04\/florian-mumajesi-me-zemer-video\/","og_site_name":"Lajme nga Ulqini","article_published_time":"2012-08-04T11:10:38+00:00","article_modified_time":"2012-08-04T11:57:29+00:00","og_image":[{"url":"http:\/\/www.visit-ulcinj.com\/blog\/wp-content\/uploads\/2012\/08\/Florian-Mumajesi-me-zemer.jpg"}],"twitter_misc":{"Written by":"ulqini","Est. reading time":"1 minute"},"schema":{"@context":"https:\/\/schema.org","@graph":[{"@type":"WebSite","@id":"https:\/\/www.visit-ulcinj.com\/blog\/#website","url":"https:\/\/www.visit-ulcinj.com\/blog\/","name":"Lajme nga Ulqini","description":"Lajme,Vijesti,Ulqini,Ulqin,Crna Gora,Mali i Zi","potentialAction":[{"@type":"SearchAction","target":{"@type":"EntryPoint","urlTemplate":"https:\/\/www.visit-ulcinj.com\/blog\/?s={search_term_string}"},"query-input":"required name=search_term_string"}],"inLanguage":"en-US"},{"@type":"ImageObject","inLanguage":"en-US","@id":"https:\/\/www.visit-ulcinj.com\/blog\/2012\/08\/04\/florian-mumajesi-me-zemer-video\/#primaryimage","url":"http:\/\/www.visit-ulcinj.com\/blog\/wp-content\/uploads\/2012\/08\/Florian-Mumajesi-me-zemer.jpg","contentUrl":"http:\/\/www.visit-ulcinj.com\/blog\/wp-content\/uploads\/2012\/08\/Florian-Mumajesi-me-zemer.jpg"},{"@type":"WebPage","@id":"https:\/\/www.visit-ulcinj.com\/blog\/2012\/08\/04\/florian-mumajesi-me-zemer-video\/#webpage","url":"https:\/\/www.visit-ulcinj.com\/blog\/2012\/08\/04\/florian-mumajesi-me-zemer-video\/","name":"Florian Mumajesi: Me zem\u00ebr - Video - Lajme nga Ulqini","isPartOf":{"@id":"https:\/\/www.visit-ulcinj.com\/blog\/#website"},"primaryImageOfPage":{"@id":"https:\/\/www.visit-ulcinj.com\/blog\/2012\/08\/04\/florian-mumajesi-me-zemer-video\/#primaryimage"},"datePublished":"2012-08-04T11:10:38+00:00","dateModified":"2012-08-04T11:57:29+00:00","author":{"@id":"https:\/\/www.visit-ulcinj.com\/blog\/#\/schema\/person\/dcab619c614d3038751c63bc2aadc06d"},"description":"Florian Mumajesi, nj\u00eb nd\u00ebr producent\u00ebt dhe kantautor\u00ebt m\u00eb t\u00eb mir\u00eb shqiptar, ka realizuar nj\u00eb k\u00ebng\u00eb t\u00eb re. E titulluar \u201cMe zem\u00ebr\", k\u00ebnga do t\u00eb transmetohet","breadcrumb":{"@id":"https:\/\/www.visit-ulcinj.com\/blog\/2012\/08\/04\/florian-mumajesi-me-zemer-video\/#breadcrumb"},"inLanguage":"en-US","potentialAction":[{"@type":"ReadAction","target":["https:\/\/www.visit-ulcinj.com\/blog\/2012\/08\/04\/florian-mumajesi-me-zemer-video\/"]}]},{"@type":"BreadcrumbList","@id":"https:\/\/www.visit-ulcinj.com\/blog\/2012\/08\/04\/florian-mumajesi-me-zemer-video\/#breadcrumb","itemListElement":[{"@type":"ListItem","position":1,"name":"Florian Mumajesi: Me zem\u00ebr &#8211; Video"}]},{"@type":"Person","@id":"https:\/\/www.visit-ulcinj.com\/blog\/#\/schema\/person\/dcab619c614d3038751c63bc2aadc06d","name":"ulqini","sameAs":["http:\/\/www.visit-ulcinj.com"],"url":"https:\/\/www.visit-ulcinj.com\/blog\/author\/admin\/"}]}},"jetpack_featured_media_url":"","jetpack_sharing_enabled":true,"jetpack_shortlink":"https:\/\/wp.me\/pe6lTn-ghR","_links":{"self":[{"href":"https:\/\/www.visit-ulcinj.com\/blog\/wp-json\/wp\/v2\/posts\/62611"}],"collection":[{"href":"https:\/\/www.visit-ulcinj.com\/blog\/wp-json\/wp\/v2\/posts"}],"about":[{"href":"https:\/\/www.visit-ulcinj.com\/blog\/wp-json\/wp\/v2\/types\/post"}],"author":[{"embeddable":true,"href":"https:\/\/www.visit-ulcinj.com\/blog\/wp-json\/wp\/v2\/users\/1"}],"replies":[{"embeddable":true,"href":"https:\/\/www.visit-ulcinj.com\/blog\/wp-json\/wp\/v2\/comments?post=62611"}],"version-history":[{"count":2,"href":"https:\/\/www.visit-ulcinj.com\/blog\/wp-json\/wp\/v2\/posts\/62611\/revisions"}],"predecessor-version":[{"id":62618,"href":"https:\/\/www.visit-ulcinj.com\/blog\/wp-json\/wp\/v2\/posts\/62611\/revisions\/62618"}],"wp:attachment":[{"href":"https:\/\/www.visit-ulcinj.com\/blog\/wp-json\/wp\/v2\/media?parent=62611"}],"wp:term":[{"taxonomy":"category","embeddable":true,"href":"https:\/\/www.visit-ulcinj.com\/blog\/wp-json\/wp\/v2\/categories?post=62611"},{"taxonomy":"post_tag","embeddable":true,"href":"https:\/\/www.visit-ulcinj.com\/blog\/wp-json\/wp\/v2\/tags?post=62611"}],"curies":[{"name":"wp","href":"https:\/\/api.w.org\/{rel}","templated":true}]}}