{"id":62625,"date":"2012-08-04T13:20:24","date_gmt":"2012-08-04T12:20:24","guid":{"rendered":"http:\/\/www.visit-ulcinj.com\/blog\/?p=62625"},"modified":"2012-08-06T15:49:03","modified_gmt":"2012-08-06T14:49:03","slug":"linda-halimi-ka-mesazh-per-gazetaret","status":"publish","type":"post","link":"https:\/\/www.visit-ulcinj.com\/blog\/2012\/08\/04\/linda-halimi-ka-mesazh-per-gazetaret\/","title":{"rendered":"Linda Halimi ka mesazh p\u00ebr gazetar\u00ebt"},"content":{"rendered":"<p><a href=\"http:\/\/www.visit-ulcinj.com\/blog\/wp-content\/uploads\/2012\/08\/Linda-Halimi-_Big-D.jpg\"><img loading=\"lazy\" class=\"alignleft  wp-image-62626\" title=\"Linda Halimi _Big D\" src=\"http:\/\/www.visit-ulcinj.com\/blog\/wp-content\/uploads\/2012\/08\/Linda-Halimi-_Big-D.jpg\" alt=\"\" width=\"508\" height=\"360\" \/><\/a>K\u00ebng\u00ebtarja Linda Halimi ka zgjedhur rrjetin social facebook, q\u00eb t\u2019ua d\u00ebrgoj \u20192-3 fjal\u00eb\u2019 gazetar\u00ebve. Koh\u00ebve t\u00eb fundit \u00ebsht\u00eb p\u00ebrfolur shum\u00eb n\u00eb media martesa e saj me t\u00eb fejuarin e saj, reperin Big D. Dhe kjo duket ti ket\u00eb penguar Lind\u00ebs, e cila as nuk e ka pohuar dhe as nuk e ka mohuar k\u00ebt\u00eb lajm.<br \/>\n<a href=\"http:\/\/www.visit-ulcinj.com\/blog\/wp-content\/uploads\/2012\/08\/Linda-Halimi-_Big-D.2.jpg\"><img loading=\"lazy\" class=\"alignleft size-full wp-image-62628\" title=\"Linda Halimi _Big D.2\" src=\"http:\/\/www.visit-ulcinj.com\/blog\/wp-content\/uploads\/2012\/08\/Linda-Halimi-_Big-D.2.jpg\" alt=\"\" width=\"508\" height=\"600\" \/><\/a><br \/>\nLinda n\u00eb rrjetin social facebook ka shkruar:\u00a0 \u201c\u201cPse t\u00eb pohoj, pse t\u00eb mohoj? Pse kam nevoj\u00eb t\u2019i jap dikujt detajet e jet\u00ebs tep\u00ebr personale time? Shum\u00eb her\u00eb kam dh\u00ebn\u00eb detaje m\u00eb shume se\u00e7 duhet rreth jet\u00ebs sime dhe gazetar\u00ebt kan\u00eb marr avantazh nga kjo kurse mua s\u2019m\u00eb ka sh\u00ebrbyer nj\u00eb gj\u00eb e till\u00eb, k\u00ebshtu q\u00eb pse t\u00eb merrem me shpjegime kur jam tep\u00ebr e z\u00ebn\u00eb duke shijuar dit\u00ebt m\u00eb t\u00eb bukura t\u00eb jet\u00ebs sime?<br \/>\n<a href=\"http:\/\/www.visit-ulcinj.com\/blog\/wp-content\/uploads\/2012\/08\/Linda-Halimi-_Big-D.1.jpg\"><img loading=\"lazy\" class=\"alignleft  wp-image-62627\" title=\"Linda Halimi _Big D.1\" src=\"http:\/\/www.visit-ulcinj.com\/blog\/wp-content\/uploads\/2012\/08\/Linda-Halimi-_Big-D.1.jpg\" alt=\"\" width=\"508\" height=\"600\" \/><\/a><\/p>\n<p>Nuk kam nevoj\u00eb t\u00eb shfryt\u00ebzoj jet\u00ebn time personale p\u00ebr t\u00eb fituar fam\u00eb, at\u00eb e kam tashm\u00eb, dhe fam\u00ebn q\u00eb kam do ta shfryt\u00ebzoj me k\u00ebng\u00eb t\u00eb bukura q\u00eb do mundohem t\u00eb sjell dhe jo me privat\u00ebsit\u00eb e mia. Kjo ishte p\u00ebrgjigjja ime dhe shpjegimi im i fundit, rreth jet\u00ebs sime private, p\u00ebr t\u00eb gjith\u00eb kurioz\u00ebt. Faleminderit\u201d<\/p>\n<p>Vipat.info<\/p>\n<p>Ju mundeni te kerkoni ofertat per pushime ne<a title=\"Holiday House \u2013 Pushime ne Ulqin \" href=\"http:\/\/www.visit-ulcinj.com\/ulcinj-ulqini-accommodation\/holiday-house-pushime-ne-ulqin-last-minute-prej-7-e\/\" target=\"_blank\"><strong> Holiday House Ulqin<\/strong><\/a> duke klikuar n\u00eb linkun e Ofertave per Hotele dhe apartamente n\u00eb Ulqin.<br \/>\n<!--YouTube Error: bad URL entered--><\/p>\n","protected":false},"excerpt":{"rendered":"<p>K\u00ebng\u00ebtarja Linda Halimi ka zgjedhur rrjetin social facebook, q\u00eb t\u2019ua d\u00ebrgoj \u20192-3 fjal\u00eb\u2019 gazetar\u00ebve. Koh\u00ebve t\u00eb fundit \u00ebsht\u00eb p\u00ebrfolur shum\u00eb n\u00eb media martesa e saj me t\u00eb fejuarin e saj, reperin Big D. Dhe kjo duket ti ket\u00eb penguar Lind\u00ebs, e cila as nuk e ka pohuar dhe as nuk e ka mohuar k\u00ebt\u00eb lajm. [&hellip;]<\/p>\n","protected":false},"author":1,"featured_media":0,"comment_status":"open","ping_status":"closed","sticky":false,"template":"","format":"standard","meta":{"spay_email":"","jetpack_publicize_message":"","jetpack_is_tweetstorm":false,"jetpack_publicize_feature_enabled":true},"categories":[1],"tags":[19677,19806,16036,19514,16376,19511,19459,4684,19460],"jetpack_publicize_connections":[],"yoast_head":"<!-- This site is optimized with the Yoast SEO plugin v19.1 - https:\/\/yoast.com\/wordpress\/plugins\/seo\/ -->\n<title>Linda Halimi ka mesazh p\u00ebr gazetar\u00ebt - Lajme nga Ulqini<\/title>\n<meta name=\"description\" content=\"K\u00ebng\u00ebtarja Linda Halimi ka zgjedhur rrjetin social facebook, q\u00eb t\u2019ua d\u00ebrgoj \u20192-3 fjal\u00eb\u2019 gazetar\u00ebve. Koh\u00ebve t\u00eb fundit \u00ebsht\u00eb p\u00ebrfolur shum\u00eb n\u00eb media martesa\" \/>\n<meta name=\"robots\" content=\"index, follow, max-snippet:-1, max-image-preview:large, max-video-preview:-1\" \/>\n<link rel=\"canonical\" href=\"https:\/\/www.visit-ulcinj.com\/blog\/2012\/08\/04\/linda-halimi-ka-mesazh-per-gazetaret\/\" \/>\n<meta property=\"og:locale\" content=\"en_US\" \/>\n<meta property=\"og:type\" content=\"article\" \/>\n<meta property=\"og:title\" content=\"Linda Halimi ka mesazh p\u00ebr gazetar\u00ebt - Lajme nga Ulqini\" \/>\n<meta property=\"og:description\" content=\"K\u00ebng\u00ebtarja Linda Halimi ka zgjedhur rrjetin social facebook, q\u00eb t\u2019ua d\u00ebrgoj \u20192-3 fjal\u00eb\u2019 gazetar\u00ebve. Koh\u00ebve t\u00eb fundit \u00ebsht\u00eb p\u00ebrfolur shum\u00eb n\u00eb media martesa\" \/>\n<meta property=\"og:url\" content=\"https:\/\/www.visit-ulcinj.com\/blog\/2012\/08\/04\/linda-halimi-ka-mesazh-per-gazetaret\/\" \/>\n<meta property=\"og:site_name\" content=\"Lajme nga Ulqini\" \/>\n<meta property=\"article:published_time\" content=\"2012-08-04T12:20:24+00:00\" \/>\n<meta property=\"article:modified_time\" content=\"2012-08-06T14:49:03+00:00\" \/>\n<meta property=\"og:image\" content=\"http:\/\/www.visit-ulcinj.com\/blog\/wp-content\/uploads\/2012\/08\/Linda-Halimi-_Big-D.jpg\" \/>\n<meta name=\"twitter:label1\" content=\"Written by\" \/>\n\t<meta name=\"twitter:data1\" content=\"ulqini\" \/>\n\t<meta name=\"twitter:label2\" content=\"Est. reading time\" \/>\n\t<meta name=\"twitter:data2\" content=\"1 minute\" \/>\n<script type=\"application\/ld+json\" class=\"yoast-schema-graph\">{\"@context\":\"https:\/\/schema.org\",\"@graph\":[{\"@type\":\"WebSite\",\"@id\":\"https:\/\/www.visit-ulcinj.com\/blog\/#website\",\"url\":\"https:\/\/www.visit-ulcinj.com\/blog\/\",\"name\":\"Lajme nga Ulqini\",\"description\":\"Lajme,Vijesti,Ulqini,Ulqin,Crna Gora,Mali i Zi\",\"potentialAction\":[{\"@type\":\"SearchAction\",\"target\":{\"@type\":\"EntryPoint\",\"urlTemplate\":\"https:\/\/www.visit-ulcinj.com\/blog\/?s={search_term_string}\"},\"query-input\":\"required name=search_term_string\"}],\"inLanguage\":\"en-US\"},{\"@type\":\"ImageObject\",\"inLanguage\":\"en-US\",\"@id\":\"https:\/\/www.visit-ulcinj.com\/blog\/2012\/08\/04\/linda-halimi-ka-mesazh-per-gazetaret\/#primaryimage\",\"url\":\"http:\/\/www.visit-ulcinj.com\/blog\/wp-content\/uploads\/2012\/08\/Linda-Halimi-_Big-D.jpg\",\"contentUrl\":\"http:\/\/www.visit-ulcinj.com\/blog\/wp-content\/uploads\/2012\/08\/Linda-Halimi-_Big-D.jpg\"},{\"@type\":\"WebPage\",\"@id\":\"https:\/\/www.visit-ulcinj.com\/blog\/2012\/08\/04\/linda-halimi-ka-mesazh-per-gazetaret\/#webpage\",\"url\":\"https:\/\/www.visit-ulcinj.com\/blog\/2012\/08\/04\/linda-halimi-ka-mesazh-per-gazetaret\/\",\"name\":\"Linda Halimi ka mesazh p\u00ebr gazetar\u00ebt - Lajme nga Ulqini\",\"isPartOf\":{\"@id\":\"https:\/\/www.visit-ulcinj.com\/blog\/#website\"},\"primaryImageOfPage\":{\"@id\":\"https:\/\/www.visit-ulcinj.com\/blog\/2012\/08\/04\/linda-halimi-ka-mesazh-per-gazetaret\/#primaryimage\"},\"datePublished\":\"2012-08-04T12:20:24+00:00\",\"dateModified\":\"2012-08-06T14:49:03+00:00\",\"author\":{\"@id\":\"https:\/\/www.visit-ulcinj.com\/blog\/#\/schema\/person\/dcab619c614d3038751c63bc2aadc06d\"},\"description\":\"K\u00ebng\u00ebtarja Linda Halimi ka zgjedhur rrjetin social facebook, q\u00eb t\u2019ua d\u00ebrgoj \u20192-3 fjal\u00eb\u2019 gazetar\u00ebve. Koh\u00ebve t\u00eb fundit \u00ebsht\u00eb p\u00ebrfolur shum\u00eb n\u00eb media martesa\",\"breadcrumb\":{\"@id\":\"https:\/\/www.visit-ulcinj.com\/blog\/2012\/08\/04\/linda-halimi-ka-mesazh-per-gazetaret\/#breadcrumb\"},\"inLanguage\":\"en-US\",\"potentialAction\":[{\"@type\":\"ReadAction\",\"target\":[\"https:\/\/www.visit-ulcinj.com\/blog\/2012\/08\/04\/linda-halimi-ka-mesazh-per-gazetaret\/\"]}]},{\"@type\":\"BreadcrumbList\",\"@id\":\"https:\/\/www.visit-ulcinj.com\/blog\/2012\/08\/04\/linda-halimi-ka-mesazh-per-gazetaret\/#breadcrumb\",\"itemListElement\":[{\"@type\":\"ListItem\",\"position\":1,\"name\":\"Linda Halimi ka mesazh p\u00ebr gazetar\u00ebt\"}]},{\"@type\":\"Person\",\"@id\":\"https:\/\/www.visit-ulcinj.com\/blog\/#\/schema\/person\/dcab619c614d3038751c63bc2aadc06d\",\"name\":\"ulqini\",\"sameAs\":[\"http:\/\/www.visit-ulcinj.com\"],\"url\":\"https:\/\/www.visit-ulcinj.com\/blog\/author\/admin\/\"}]}<\/script>\n<!-- \/ Yoast SEO plugin. -->","yoast_head_json":{"title":"Linda Halimi ka mesazh p\u00ebr gazetar\u00ebt - Lajme nga Ulqini","description":"K\u00ebng\u00ebtarja Linda Halimi ka zgjedhur rrjetin social facebook, q\u00eb t\u2019ua d\u00ebrgoj \u20192-3 fjal\u00eb\u2019 gazetar\u00ebve. Koh\u00ebve t\u00eb fundit \u00ebsht\u00eb p\u00ebrfolur shum\u00eb n\u00eb media martesa","robots":{"index":"index","follow":"follow","max-snippet":"max-snippet:-1","max-image-preview":"max-image-preview:large","max-video-preview":"max-video-preview:-1"},"canonical":"https:\/\/www.visit-ulcinj.com\/blog\/2012\/08\/04\/linda-halimi-ka-mesazh-per-gazetaret\/","og_locale":"en_US","og_type":"article","og_title":"Linda Halimi ka mesazh p\u00ebr gazetar\u00ebt - Lajme nga Ulqini","og_description":"K\u00ebng\u00ebtarja Linda Halimi ka zgjedhur rrjetin social facebook, q\u00eb t\u2019ua d\u00ebrgoj \u20192-3 fjal\u00eb\u2019 gazetar\u00ebve. Koh\u00ebve t\u00eb fundit \u00ebsht\u00eb p\u00ebrfolur shum\u00eb n\u00eb media martesa","og_url":"https:\/\/www.visit-ulcinj.com\/blog\/2012\/08\/04\/linda-halimi-ka-mesazh-per-gazetaret\/","og_site_name":"Lajme nga Ulqini","article_published_time":"2012-08-04T12:20:24+00:00","article_modified_time":"2012-08-06T14:49:03+00:00","og_image":[{"url":"http:\/\/www.visit-ulcinj.com\/blog\/wp-content\/uploads\/2012\/08\/Linda-Halimi-_Big-D.jpg"}],"twitter_misc":{"Written by":"ulqini","Est. reading time":"1 minute"},"schema":{"@context":"https:\/\/schema.org","@graph":[{"@type":"WebSite","@id":"https:\/\/www.visit-ulcinj.com\/blog\/#website","url":"https:\/\/www.visit-ulcinj.com\/blog\/","name":"Lajme nga Ulqini","description":"Lajme,Vijesti,Ulqini,Ulqin,Crna Gora,Mali i Zi","potentialAction":[{"@type":"SearchAction","target":{"@type":"EntryPoint","urlTemplate":"https:\/\/www.visit-ulcinj.com\/blog\/?s={search_term_string}"},"query-input":"required name=search_term_string"}],"inLanguage":"en-US"},{"@type":"ImageObject","inLanguage":"en-US","@id":"https:\/\/www.visit-ulcinj.com\/blog\/2012\/08\/04\/linda-halimi-ka-mesazh-per-gazetaret\/#primaryimage","url":"http:\/\/www.visit-ulcinj.com\/blog\/wp-content\/uploads\/2012\/08\/Linda-Halimi-_Big-D.jpg","contentUrl":"http:\/\/www.visit-ulcinj.com\/blog\/wp-content\/uploads\/2012\/08\/Linda-Halimi-_Big-D.jpg"},{"@type":"WebPage","@id":"https:\/\/www.visit-ulcinj.com\/blog\/2012\/08\/04\/linda-halimi-ka-mesazh-per-gazetaret\/#webpage","url":"https:\/\/www.visit-ulcinj.com\/blog\/2012\/08\/04\/linda-halimi-ka-mesazh-per-gazetaret\/","name":"Linda Halimi ka mesazh p\u00ebr gazetar\u00ebt - Lajme nga Ulqini","isPartOf":{"@id":"https:\/\/www.visit-ulcinj.com\/blog\/#website"},"primaryImageOfPage":{"@id":"https:\/\/www.visit-ulcinj.com\/blog\/2012\/08\/04\/linda-halimi-ka-mesazh-per-gazetaret\/#primaryimage"},"datePublished":"2012-08-04T12:20:24+00:00","dateModified":"2012-08-06T14:49:03+00:00","author":{"@id":"https:\/\/www.visit-ulcinj.com\/blog\/#\/schema\/person\/dcab619c614d3038751c63bc2aadc06d"},"description":"K\u00ebng\u00ebtarja Linda Halimi ka zgjedhur rrjetin social facebook, q\u00eb t\u2019ua d\u00ebrgoj \u20192-3 fjal\u00eb\u2019 gazetar\u00ebve. Koh\u00ebve t\u00eb fundit \u00ebsht\u00eb p\u00ebrfolur shum\u00eb n\u00eb media martesa","breadcrumb":{"@id":"https:\/\/www.visit-ulcinj.com\/blog\/2012\/08\/04\/linda-halimi-ka-mesazh-per-gazetaret\/#breadcrumb"},"inLanguage":"en-US","potentialAction":[{"@type":"ReadAction","target":["https:\/\/www.visit-ulcinj.com\/blog\/2012\/08\/04\/linda-halimi-ka-mesazh-per-gazetaret\/"]}]},{"@type":"BreadcrumbList","@id":"https:\/\/www.visit-ulcinj.com\/blog\/2012\/08\/04\/linda-halimi-ka-mesazh-per-gazetaret\/#breadcrumb","itemListElement":[{"@type":"ListItem","position":1,"name":"Linda Halimi ka mesazh p\u00ebr gazetar\u00ebt"}]},{"@type":"Person","@id":"https:\/\/www.visit-ulcinj.com\/blog\/#\/schema\/person\/dcab619c614d3038751c63bc2aadc06d","name":"ulqini","sameAs":["http:\/\/www.visit-ulcinj.com"],"url":"https:\/\/www.visit-ulcinj.com\/blog\/author\/admin\/"}]}},"jetpack_featured_media_url":"","jetpack_sharing_enabled":true,"jetpack_shortlink":"https:\/\/wp.me\/pe6lTn-gi5","_links":{"self":[{"href":"https:\/\/www.visit-ulcinj.com\/blog\/wp-json\/wp\/v2\/posts\/62625"}],"collection":[{"href":"https:\/\/www.visit-ulcinj.com\/blog\/wp-json\/wp\/v2\/posts"}],"about":[{"href":"https:\/\/www.visit-ulcinj.com\/blog\/wp-json\/wp\/v2\/types\/post"}],"author":[{"embeddable":true,"href":"https:\/\/www.visit-ulcinj.com\/blog\/wp-json\/wp\/v2\/users\/1"}],"replies":[{"embeddable":true,"href":"https:\/\/www.visit-ulcinj.com\/blog\/wp-json\/wp\/v2\/comments?post=62625"}],"version-history":[{"count":2,"href":"https:\/\/www.visit-ulcinj.com\/blog\/wp-json\/wp\/v2\/posts\/62625\/revisions"}],"predecessor-version":[{"id":62683,"href":"https:\/\/www.visit-ulcinj.com\/blog\/wp-json\/wp\/v2\/posts\/62625\/revisions\/62683"}],"wp:attachment":[{"href":"https:\/\/www.visit-ulcinj.com\/blog\/wp-json\/wp\/v2\/media?parent=62625"}],"wp:term":[{"taxonomy":"category","embeddable":true,"href":"https:\/\/www.visit-ulcinj.com\/blog\/wp-json\/wp\/v2\/categories?post=62625"},{"taxonomy":"post_tag","embeddable":true,"href":"https:\/\/www.visit-ulcinj.com\/blog\/wp-json\/wp\/v2\/tags?post=62625"}],"curies":[{"name":"wp","href":"https:\/\/api.w.org\/{rel}","templated":true}]}}