{"id":62635,"date":"2012-08-05T15:02:10","date_gmt":"2012-08-05T14:02:10","guid":{"rendered":"http:\/\/www.visit-ulcinj.com\/blog\/?p=62635"},"modified":"2012-08-05T15:03:32","modified_gmt":"2012-08-05T14:03:32","slug":"salaj-20-vjetori-i-kalimeres-poetike","status":"publish","type":"post","link":"https:\/\/www.visit-ulcinj.com\/blog\/2012\/08\/05\/salaj-20-vjetori-i-kalimeres-poetike\/","title":{"rendered":"Salaj: 20 vjetori i \u201cKalimeres poetike\u201d"},"content":{"rendered":"<p><strong><a href=\"http:\/\/www.visit-ulcinj.com\/blog\/wp-content\/uploads\/2012\/08\/Ali-Salaj_foto1.jpg\"><img loading=\"lazy\" class=\"alignleft  wp-image-62636\" title=\"Ali Salaj_foto1\" src=\"http:\/\/www.visit-ulcinj.com\/blog\/wp-content\/uploads\/2012\/08\/Ali-Salaj_foto1.jpg\" alt=\"\" width=\"300\" height=\"360\" \/><\/a>Ali Salaj<\/strong><\/p>\n<p>\u201cKalimera poetike \u201c n\u00eb tradit\u00ebn\u00a0 e saj 20 vje\u00e7are ka krijuar prurje t\u00eb reja jo vet\u00ebm n\u00eb fush\u00ebn e let\u00ebrsis\u00eb, por edhe n\u00eb at\u00eb t\u00eb artit dhe t\u00eb kultur\u00ebs shqiptare n\u00eb p\u00ebrgjith\u00ebsi.<\/p>\n<p>\u201ckalimera poetike\u201d tejkaloi tematik\u00ebn letrare dhe p\u00ebr her\u00eb t\u00eb par\u00eb p\u00ebrmes k\u00ebtij manifestimi t\u00eb ve\u00e7ant\u00eb hapet rruga\u00a0 e integrimeve kulturore mbar\u00ebkomb\u00ebtare. Me emrat m\u00eb t\u00eb njohur t\u00eb letrave shqipe Kalimera krijoi lidhjet e para kulturore dhe identitare me Shqip\u00ebrin\u00eb, Kosov\u00ebn dhe me shqiptar\u00ebt e Maqedonis\u00eb duke e ruajtur k\u00ebshtu qenien komb\u00ebtare t\u00eb shquptar\u00ebve n\u00eb Mal t\u00eb Zi q\u00eb shpeshher\u00eb i p\u00ebrfshinte\u00a0 kriza e\u00a0 identitetit.<\/p>\n<p>Koncepti dhe kriteri pozitiv i m\u00ebnyr\u00ebs s\u00eb organizimit, p\u00ebrzgjedhjes s\u00eb autor\u00ebve, publikimit t\u00eb veprave t\u00eb tyre d\u00ebshmojn\u00eb p\u00ebr pun\u00ebn serioze dhe profesionale q\u00eb p\u00ebrmbyten klishet\u00eb paragjykuese\u00a0 se n\u00eb provinc\u00eb nuk b\u00ebhet art dhe let\u00ebrsi. N\u00eb provinc\u00eb \u201cKalimera poetike\u201d mblodhi studiues t\u00eb let\u00ebrsis\u00eb, poet\u00eb, shkrimtar\u00eb, kritik\u00eb letrar\u00eb, akademik\u00eb etj., t\u00eb cil\u00ebt \u201cKalimer\u00ebn poetike\u201d e konsideronin si ngjarje t\u00eb madhe kulturore dhe si nj\u00eb fest\u00eb intime t\u00eb tyre. K\u00ebshtu e p\u00ebrjetoi edhe poeti i ndjer\u00eb Ali Podrimja, i cili Kalimer\u00ebn e ndjente si pjes\u00eb t\u00eb krijimtaris\u00eb s\u00eb tij pasi ishte edhe ideator\u00a0 dhe mentor i manifestimit. P\u00ebr k\u00ebt\u00eb arsye \u201cArt Clubi\u201d do ta \u00e7moj\u00eb lart\u00eb figur\u00ebn e tij dhe s\u00eb shpejti do t\u00eb propozoj\u00eb q\u00eb nj\u00eb rrug\u00eb apo shesh i Ulqinit ta mbaj\u00eb emrin e Ali Podrimjes. Vdekja e papritur e poetit , i cili\u00a0 ishte aqe shum\u00eb i lidhur p\u00ebr Ulqinin , p\u00ebr valet e detit dhe Kalan\u00eb e lasht\u00eb e detyruan edhe \u201cArt Club\u201d-in q\u00eb n\u00eb momentet e fundit ta ndryshoj\u00eb skem\u00ebn e \u201cKalimer\u00ebs poetike\u201d dhe nat\u00ebn\u00a0 e dyt\u00eb\u00a0 n\u00eb t\u00ebr\u00ebrsi\u00a0 ia kushtoi\u00a0 poetit si nj\u00eb homazh t\u00eb titulluar\u00a0 \u201cKalimera poetike e Ali Podrimjes\u201d.<\/p>\n<p>\u201cKalimera poetike \u201c do t\u00eb vazhdoj\u00eb t\u00eb evidentoj\u00eb vlerat m\u00eb t\u00eb larta q\u00eb sjellin t\u00eb gjitha brezat e let\u00ebrsis\u00eb shqiptare. N\u00eb kontekstin historik \u201cKalimera poetike\u201d nisi veprimtarin\u00eb me synimin e ruajtjes dhe afirmimit t\u00eb kultur\u00ebs shqiptare n\u00eb Mal t\u00eb Zi, por me kalimin e koh\u00ebs ky manifestim mori karakterin mbar\u00ebkomb\u00ebtar, rajonal dhe nd\u00ebrkomb\u00ebtar. N\u00eb k\u00ebt\u00eb\u00a0 vazhd\u00eb\u00a0 duhet kuptuar\u00a0 edhe edicionin e sivjetsh\u00ebm kushtuar\u00a0 krijuesit t\u00eb njohur Qerim Ujkani , i cili me \u201cp\u00ebrronin e vet poetik\u201d ishte dhe mbeti\u00a0 inspirim i disa gjeneratave krijuesish.<\/p>\n","protected":false},"excerpt":{"rendered":"<p>Ali Salaj \u201cKalimera poetike \u201c n\u00eb tradit\u00ebn\u00a0 e saj 20 vje\u00e7are ka krijuar prurje t\u00eb reja jo vet\u00ebm n\u00eb fush\u00ebn e let\u00ebrsis\u00eb, por edhe n\u00eb at\u00eb t\u00eb artit dhe t\u00eb kultur\u00ebs shqiptare n\u00eb p\u00ebrgjith\u00ebsi. \u201ckalimera poetike\u201d tejkaloi tematik\u00ebn letrare dhe p\u00ebr her\u00eb t\u00eb par\u00eb p\u00ebrmes k\u00ebtij manifestimi t\u00eb ve\u00e7ant\u00eb hapet rruga\u00a0 e integrimeve kulturore mbar\u00ebkomb\u00ebtare. [&hellip;]<\/p>\n","protected":false},"author":1,"featured_media":0,"comment_status":"open","ping_status":"closed","sticky":false,"template":"","format":"standard","meta":{"spay_email":"","jetpack_publicize_message":"","jetpack_is_tweetstorm":false,"jetpack_publicize_feature_enabled":true},"categories":[4],"tags":[4995,20860,200],"jetpack_publicize_connections":[],"yoast_head":"<!-- This site is optimized with the Yoast SEO plugin v19.1 - https:\/\/yoast.com\/wordpress\/plugins\/seo\/ -->\n<title>Salaj: 20 vjetori i \u201cKalimeres poetike\u201d    - Lajme nga Ulqini<\/title>\n<meta name=\"description\" content=\"Ali Salaj \u201cKalimera poetike \u201c n\u00eb tradit\u00ebn\u00a0 e saj 20 vje\u00e7are ka krijuar prurje t\u00eb reja jo vet\u00ebm n\u00eb fush\u00ebn e let\u00ebrsis\u00eb, por edhe n\u00eb at\u00eb t\u00eb artit dhe t\u00eb\" \/>\n<meta name=\"robots\" content=\"index, follow, max-snippet:-1, max-image-preview:large, max-video-preview:-1\" \/>\n<link rel=\"canonical\" href=\"https:\/\/www.visit-ulcinj.com\/blog\/2012\/08\/05\/salaj-20-vjetori-i-kalimeres-poetike\/\" \/>\n<meta property=\"og:locale\" content=\"en_US\" \/>\n<meta property=\"og:type\" content=\"article\" \/>\n<meta property=\"og:title\" content=\"Salaj: 20 vjetori i \u201cKalimeres poetike\u201d    - Lajme nga Ulqini\" \/>\n<meta property=\"og:description\" content=\"Ali Salaj \u201cKalimera poetike \u201c n\u00eb tradit\u00ebn\u00a0 e saj 20 vje\u00e7are ka krijuar prurje t\u00eb reja jo vet\u00ebm n\u00eb fush\u00ebn e let\u00ebrsis\u00eb, por edhe n\u00eb at\u00eb t\u00eb artit dhe t\u00eb\" \/>\n<meta property=\"og:url\" content=\"https:\/\/www.visit-ulcinj.com\/blog\/2012\/08\/05\/salaj-20-vjetori-i-kalimeres-poetike\/\" \/>\n<meta property=\"og:site_name\" content=\"Lajme nga Ulqini\" \/>\n<meta property=\"article:published_time\" content=\"2012-08-05T14:02:10+00:00\" \/>\n<meta property=\"article:modified_time\" content=\"2012-08-05T14:03:32+00:00\" \/>\n<meta property=\"og:image\" content=\"http:\/\/www.visit-ulcinj.com\/blog\/wp-content\/uploads\/2012\/08\/Ali-Salaj_foto1.jpg\" \/>\n<meta name=\"twitter:label1\" content=\"Written by\" \/>\n\t<meta name=\"twitter:data1\" content=\"ulqini\" \/>\n\t<meta name=\"twitter:label2\" content=\"Est. reading time\" \/>\n\t<meta name=\"twitter:data2\" content=\"2 minutes\" \/>\n<script type=\"application\/ld+json\" class=\"yoast-schema-graph\">{\"@context\":\"https:\/\/schema.org\",\"@graph\":[{\"@type\":\"WebSite\",\"@id\":\"https:\/\/www.visit-ulcinj.com\/blog\/#website\",\"url\":\"https:\/\/www.visit-ulcinj.com\/blog\/\",\"name\":\"Lajme nga Ulqini\",\"description\":\"Lajme,Vijesti,Ulqini,Ulqin,Crna Gora,Mali i Zi\",\"potentialAction\":[{\"@type\":\"SearchAction\",\"target\":{\"@type\":\"EntryPoint\",\"urlTemplate\":\"https:\/\/www.visit-ulcinj.com\/blog\/?s={search_term_string}\"},\"query-input\":\"required name=search_term_string\"}],\"inLanguage\":\"en-US\"},{\"@type\":\"ImageObject\",\"inLanguage\":\"en-US\",\"@id\":\"https:\/\/www.visit-ulcinj.com\/blog\/2012\/08\/05\/salaj-20-vjetori-i-kalimeres-poetike\/#primaryimage\",\"url\":\"https:\/\/www.visit-ulcinj.com\/blog\/wp-content\/uploads\/2012\/08\/Ali-Salaj_foto1.jpg\",\"contentUrl\":\"https:\/\/www.visit-ulcinj.com\/blog\/wp-content\/uploads\/2012\/08\/Ali-Salaj_foto1.jpg\",\"width\":\"424\",\"height\":\"461\"},{\"@type\":\"WebPage\",\"@id\":\"https:\/\/www.visit-ulcinj.com\/blog\/2012\/08\/05\/salaj-20-vjetori-i-kalimeres-poetike\/#webpage\",\"url\":\"https:\/\/www.visit-ulcinj.com\/blog\/2012\/08\/05\/salaj-20-vjetori-i-kalimeres-poetike\/\",\"name\":\"Salaj: 20 vjetori i \u201cKalimeres poetike\u201d - Lajme nga Ulqini\",\"isPartOf\":{\"@id\":\"https:\/\/www.visit-ulcinj.com\/blog\/#website\"},\"primaryImageOfPage\":{\"@id\":\"https:\/\/www.visit-ulcinj.com\/blog\/2012\/08\/05\/salaj-20-vjetori-i-kalimeres-poetike\/#primaryimage\"},\"datePublished\":\"2012-08-05T14:02:10+00:00\",\"dateModified\":\"2012-08-05T14:03:32+00:00\",\"author\":{\"@id\":\"https:\/\/www.visit-ulcinj.com\/blog\/#\/schema\/person\/dcab619c614d3038751c63bc2aadc06d\"},\"description\":\"Ali Salaj \u201cKalimera poetike \u201c n\u00eb tradit\u00ebn\u00a0 e saj 20 vje\u00e7are ka krijuar prurje t\u00eb reja jo vet\u00ebm n\u00eb fush\u00ebn e let\u00ebrsis\u00eb, por edhe n\u00eb at\u00eb t\u00eb artit dhe t\u00eb\",\"breadcrumb\":{\"@id\":\"https:\/\/www.visit-ulcinj.com\/blog\/2012\/08\/05\/salaj-20-vjetori-i-kalimeres-poetike\/#breadcrumb\"},\"inLanguage\":\"en-US\",\"potentialAction\":[{\"@type\":\"ReadAction\",\"target\":[\"https:\/\/www.visit-ulcinj.com\/blog\/2012\/08\/05\/salaj-20-vjetori-i-kalimeres-poetike\/\"]}]},{\"@type\":\"BreadcrumbList\",\"@id\":\"https:\/\/www.visit-ulcinj.com\/blog\/2012\/08\/05\/salaj-20-vjetori-i-kalimeres-poetike\/#breadcrumb\",\"itemListElement\":[{\"@type\":\"ListItem\",\"position\":1,\"name\":\"Salaj: 20 vjetori i \u201cKalimeres poetike\u201d\"}]},{\"@type\":\"Person\",\"@id\":\"https:\/\/www.visit-ulcinj.com\/blog\/#\/schema\/person\/dcab619c614d3038751c63bc2aadc06d\",\"name\":\"ulqini\",\"sameAs\":[\"http:\/\/www.visit-ulcinj.com\"],\"url\":\"https:\/\/www.visit-ulcinj.com\/blog\/author\/admin\/\"}]}<\/script>\n<!-- \/ Yoast SEO plugin. -->","yoast_head_json":{"title":"Salaj: 20 vjetori i \u201cKalimeres poetike\u201d    - Lajme nga Ulqini","description":"Ali Salaj \u201cKalimera poetike \u201c n\u00eb tradit\u00ebn\u00a0 e saj 20 vje\u00e7are ka krijuar prurje t\u00eb reja jo vet\u00ebm n\u00eb fush\u00ebn e let\u00ebrsis\u00eb, por edhe n\u00eb at\u00eb t\u00eb artit dhe t\u00eb","robots":{"index":"index","follow":"follow","max-snippet":"max-snippet:-1","max-image-preview":"max-image-preview:large","max-video-preview":"max-video-preview:-1"},"canonical":"https:\/\/www.visit-ulcinj.com\/blog\/2012\/08\/05\/salaj-20-vjetori-i-kalimeres-poetike\/","og_locale":"en_US","og_type":"article","og_title":"Salaj: 20 vjetori i \u201cKalimeres poetike\u201d    - Lajme nga Ulqini","og_description":"Ali Salaj \u201cKalimera poetike \u201c n\u00eb tradit\u00ebn\u00a0 e saj 20 vje\u00e7are ka krijuar prurje t\u00eb reja jo vet\u00ebm n\u00eb fush\u00ebn e let\u00ebrsis\u00eb, por edhe n\u00eb at\u00eb t\u00eb artit dhe t\u00eb","og_url":"https:\/\/www.visit-ulcinj.com\/blog\/2012\/08\/05\/salaj-20-vjetori-i-kalimeres-poetike\/","og_site_name":"Lajme nga Ulqini","article_published_time":"2012-08-05T14:02:10+00:00","article_modified_time":"2012-08-05T14:03:32+00:00","og_image":[{"url":"http:\/\/www.visit-ulcinj.com\/blog\/wp-content\/uploads\/2012\/08\/Ali-Salaj_foto1.jpg"}],"twitter_misc":{"Written by":"ulqini","Est. reading time":"2 minutes"},"schema":{"@context":"https:\/\/schema.org","@graph":[{"@type":"WebSite","@id":"https:\/\/www.visit-ulcinj.com\/blog\/#website","url":"https:\/\/www.visit-ulcinj.com\/blog\/","name":"Lajme nga Ulqini","description":"Lajme,Vijesti,Ulqini,Ulqin,Crna Gora,Mali i Zi","potentialAction":[{"@type":"SearchAction","target":{"@type":"EntryPoint","urlTemplate":"https:\/\/www.visit-ulcinj.com\/blog\/?s={search_term_string}"},"query-input":"required name=search_term_string"}],"inLanguage":"en-US"},{"@type":"ImageObject","inLanguage":"en-US","@id":"https:\/\/www.visit-ulcinj.com\/blog\/2012\/08\/05\/salaj-20-vjetori-i-kalimeres-poetike\/#primaryimage","url":"https:\/\/www.visit-ulcinj.com\/blog\/wp-content\/uploads\/2012\/08\/Ali-Salaj_foto1.jpg","contentUrl":"https:\/\/www.visit-ulcinj.com\/blog\/wp-content\/uploads\/2012\/08\/Ali-Salaj_foto1.jpg","width":"424","height":"461"},{"@type":"WebPage","@id":"https:\/\/www.visit-ulcinj.com\/blog\/2012\/08\/05\/salaj-20-vjetori-i-kalimeres-poetike\/#webpage","url":"https:\/\/www.visit-ulcinj.com\/blog\/2012\/08\/05\/salaj-20-vjetori-i-kalimeres-poetike\/","name":"Salaj: 20 vjetori i \u201cKalimeres poetike\u201d - Lajme nga Ulqini","isPartOf":{"@id":"https:\/\/www.visit-ulcinj.com\/blog\/#website"},"primaryImageOfPage":{"@id":"https:\/\/www.visit-ulcinj.com\/blog\/2012\/08\/05\/salaj-20-vjetori-i-kalimeres-poetike\/#primaryimage"},"datePublished":"2012-08-05T14:02:10+00:00","dateModified":"2012-08-05T14:03:32+00:00","author":{"@id":"https:\/\/www.visit-ulcinj.com\/blog\/#\/schema\/person\/dcab619c614d3038751c63bc2aadc06d"},"description":"Ali Salaj \u201cKalimera poetike \u201c n\u00eb tradit\u00ebn\u00a0 e saj 20 vje\u00e7are ka krijuar prurje t\u00eb reja jo vet\u00ebm n\u00eb fush\u00ebn e let\u00ebrsis\u00eb, por edhe n\u00eb at\u00eb t\u00eb artit dhe t\u00eb","breadcrumb":{"@id":"https:\/\/www.visit-ulcinj.com\/blog\/2012\/08\/05\/salaj-20-vjetori-i-kalimeres-poetike\/#breadcrumb"},"inLanguage":"en-US","potentialAction":[{"@type":"ReadAction","target":["https:\/\/www.visit-ulcinj.com\/blog\/2012\/08\/05\/salaj-20-vjetori-i-kalimeres-poetike\/"]}]},{"@type":"BreadcrumbList","@id":"https:\/\/www.visit-ulcinj.com\/blog\/2012\/08\/05\/salaj-20-vjetori-i-kalimeres-poetike\/#breadcrumb","itemListElement":[{"@type":"ListItem","position":1,"name":"Salaj: 20 vjetori i \u201cKalimeres poetike\u201d"}]},{"@type":"Person","@id":"https:\/\/www.visit-ulcinj.com\/blog\/#\/schema\/person\/dcab619c614d3038751c63bc2aadc06d","name":"ulqini","sameAs":["http:\/\/www.visit-ulcinj.com"],"url":"https:\/\/www.visit-ulcinj.com\/blog\/author\/admin\/"}]}},"jetpack_featured_media_url":"","jetpack_sharing_enabled":true,"jetpack_shortlink":"https:\/\/wp.me\/pe6lTn-gif","_links":{"self":[{"href":"https:\/\/www.visit-ulcinj.com\/blog\/wp-json\/wp\/v2\/posts\/62635"}],"collection":[{"href":"https:\/\/www.visit-ulcinj.com\/blog\/wp-json\/wp\/v2\/posts"}],"about":[{"href":"https:\/\/www.visit-ulcinj.com\/blog\/wp-json\/wp\/v2\/types\/post"}],"author":[{"embeddable":true,"href":"https:\/\/www.visit-ulcinj.com\/blog\/wp-json\/wp\/v2\/users\/1"}],"replies":[{"embeddable":true,"href":"https:\/\/www.visit-ulcinj.com\/blog\/wp-json\/wp\/v2\/comments?post=62635"}],"version-history":[{"count":3,"href":"https:\/\/www.visit-ulcinj.com\/blog\/wp-json\/wp\/v2\/posts\/62635\/revisions"}],"predecessor-version":[{"id":62639,"href":"https:\/\/www.visit-ulcinj.com\/blog\/wp-json\/wp\/v2\/posts\/62635\/revisions\/62639"}],"wp:attachment":[{"href":"https:\/\/www.visit-ulcinj.com\/blog\/wp-json\/wp\/v2\/media?parent=62635"}],"wp:term":[{"taxonomy":"category","embeddable":true,"href":"https:\/\/www.visit-ulcinj.com\/blog\/wp-json\/wp\/v2\/categories?post=62635"},{"taxonomy":"post_tag","embeddable":true,"href":"https:\/\/www.visit-ulcinj.com\/blog\/wp-json\/wp\/v2\/tags?post=62635"}],"curies":[{"name":"wp","href":"https:\/\/api.w.org\/{rel}","templated":true}]}}