{"id":62649,"date":"2012-08-05T21:31:46","date_gmt":"2012-08-05T20:31:46","guid":{"rendered":"http:\/\/www.visit-ulcinj.com\/blog\/?p=62649"},"modified":"2012-08-06T15:47:56","modified_gmt":"2012-08-06T14:47:56","slug":"edona-llalloshi-hape-zemren","status":"publish","type":"post","link":"https:\/\/www.visit-ulcinj.com\/blog\/2012\/08\/05\/edona-llalloshi-hape-zemren\/","title":{"rendered":"Edona Llalloshi &#8211; Hape Zemren"},"content":{"rendered":"<p><a href=\"http:\/\/www.visit-ulcinj.com\/blog\/wp-content\/uploads\/2012\/08\/Edona-Llalloshi_hape-zemren.jpg\"><img loading=\"lazy\" class=\"alignleft  wp-image-62650\" title=\"Edona Llalloshi_hape zemren\" src=\"http:\/\/www.visit-ulcinj.com\/blog\/wp-content\/uploads\/2012\/08\/Edona-Llalloshi_hape-zemren.jpg\" alt=\"\" width=\"508\" height=\"360\" \/><\/a>Edona Llalloshi ka realizuar nj\u00eb k\u00ebng\u00eb t\u00eb re.<\/p>\n<p>E titulluar \u201c Hape Zemren \u201d, k\u00ebnga u transmetua sot m\u00eb(5 gusht) n\u00eb radiot shqiptare, nd\u00ebrsa t\u00eb njejten koh\u00eb publikohet n\u00eb YouTube.<\/p>\n<p>Edona Llalloshi\u00a0m\u00eb her\u00ebt ka paralajm\u00ebruar se gjat\u00eb stin\u00ebs s\u00eb ver\u00ebs do t\u00eb publikoj\u00eb gjithsej disa k\u00ebng\u00eb t\u00eb reja.<\/p>\n<p>&nbsp;<\/p>\n<p>Ju mundeni te kerkoni ofertat per pushime ne<a title=\"Holiday House \u2013 Pushime ne Ulqin \" href=\"http:\/\/www.visit-ulcinj.com\/ulcinj-ulqini-accommodation\/holiday-house-pushime-ne-ulqin-last-minute-prej-7-e\/\" target=\"_blank\"><strong> Holiday House Ulqin<\/strong><\/a>\u00a0 me \u00e7mime reduktuese,duke klikuar n\u00eb linkun e Ofertave per Hotele dhe apartamente n\u00eb Ulqin.<\/p>\n<!--YouTube Error: bad URL entered-->\n<p>&nbsp;<\/p>\n","protected":false},"excerpt":{"rendered":"<p>Edona Llalloshi ka realizuar nj\u00eb k\u00ebng\u00eb t\u00eb re. E titulluar \u201c Hape Zemren \u201d, k\u00ebnga u transmetua sot m\u00eb(5 gusht) n\u00eb radiot shqiptare, nd\u00ebrsa t\u00eb njejten koh\u00eb publikohet n\u00eb YouTube. Edona Llalloshi\u00a0m\u00eb her\u00ebt ka paralajm\u00ebruar se gjat\u00eb stin\u00ebs s\u00eb ver\u00ebs do t\u00eb publikoj\u00eb gjithsej disa k\u00ebng\u00eb t\u00eb reja. &nbsp; Ju mundeni te kerkoni ofertat per [&hellip;]<\/p>\n","protected":false},"author":1,"featured_media":0,"comment_status":"open","ping_status":"closed","sticky":false,"template":"","format":"standard","meta":{"spay_email":"","jetpack_publicize_message":"","jetpack_is_tweetstorm":false,"jetpack_publicize_feature_enabled":true},"categories":[1],"tags":[224],"jetpack_publicize_connections":[],"yoast_head":"<!-- This site is optimized with the Yoast SEO plugin v19.1 - https:\/\/yoast.com\/wordpress\/plugins\/seo\/ -->\n<title>Edona Llalloshi - Hape Zemren - Lajme nga Ulqini<\/title>\n<meta name=\"description\" content=\"Edona Llalloshi ka realizuar nj\u00eb k\u00ebng\u00eb t\u00eb re. E titulluar \u201c Hape Zemren \u201d, k\u00ebnga u transmetua sot m\u00eb(5 gusht) n\u00eb radiot shqiptare, nd\u00ebrsa t\u00eb njejten koh\u00eb\" \/>\n<meta name=\"robots\" content=\"index, follow, max-snippet:-1, max-image-preview:large, max-video-preview:-1\" \/>\n<link rel=\"canonical\" href=\"https:\/\/www.visit-ulcinj.com\/blog\/2012\/08\/05\/edona-llalloshi-hape-zemren\/\" \/>\n<meta property=\"og:locale\" content=\"en_US\" \/>\n<meta property=\"og:type\" content=\"article\" \/>\n<meta property=\"og:title\" content=\"Edona Llalloshi - Hape Zemren - Lajme nga Ulqini\" \/>\n<meta property=\"og:description\" content=\"Edona Llalloshi ka realizuar nj\u00eb k\u00ebng\u00eb t\u00eb re. E titulluar \u201c Hape Zemren \u201d, k\u00ebnga u transmetua sot m\u00eb(5 gusht) n\u00eb radiot shqiptare, nd\u00ebrsa t\u00eb njejten koh\u00eb\" \/>\n<meta property=\"og:url\" content=\"https:\/\/www.visit-ulcinj.com\/blog\/2012\/08\/05\/edona-llalloshi-hape-zemren\/\" \/>\n<meta property=\"og:site_name\" content=\"Lajme nga Ulqini\" \/>\n<meta property=\"article:published_time\" content=\"2012-08-05T20:31:46+00:00\" \/>\n<meta property=\"article:modified_time\" content=\"2012-08-06T14:47:56+00:00\" \/>\n<meta property=\"og:image\" content=\"http:\/\/www.visit-ulcinj.com\/blog\/wp-content\/uploads\/2012\/08\/Edona-Llalloshi_hape-zemren.jpg\" \/>\n<meta name=\"twitter:label1\" content=\"Written by\" \/>\n\t<meta name=\"twitter:data1\" content=\"ulqini\" \/>\n<script type=\"application\/ld+json\" class=\"yoast-schema-graph\">{\"@context\":\"https:\/\/schema.org\",\"@graph\":[{\"@type\":\"WebSite\",\"@id\":\"https:\/\/www.visit-ulcinj.com\/blog\/#website\",\"url\":\"https:\/\/www.visit-ulcinj.com\/blog\/\",\"name\":\"Lajme nga Ulqini\",\"description\":\"Lajme,Vijesti,Ulqini,Ulqin,Crna Gora,Mali i Zi\",\"potentialAction\":[{\"@type\":\"SearchAction\",\"target\":{\"@type\":\"EntryPoint\",\"urlTemplate\":\"https:\/\/www.visit-ulcinj.com\/blog\/?s={search_term_string}\"},\"query-input\":\"required name=search_term_string\"}],\"inLanguage\":\"en-US\"},{\"@type\":\"ImageObject\",\"inLanguage\":\"en-US\",\"@id\":\"https:\/\/www.visit-ulcinj.com\/blog\/2012\/08\/05\/edona-llalloshi-hape-zemren\/#primaryimage\",\"url\":\"http:\/\/www.visit-ulcinj.com\/blog\/wp-content\/uploads\/2012\/08\/Edona-Llalloshi_hape-zemren.jpg\",\"contentUrl\":\"http:\/\/www.visit-ulcinj.com\/blog\/wp-content\/uploads\/2012\/08\/Edona-Llalloshi_hape-zemren.jpg\"},{\"@type\":\"WebPage\",\"@id\":\"https:\/\/www.visit-ulcinj.com\/blog\/2012\/08\/05\/edona-llalloshi-hape-zemren\/#webpage\",\"url\":\"https:\/\/www.visit-ulcinj.com\/blog\/2012\/08\/05\/edona-llalloshi-hape-zemren\/\",\"name\":\"Edona Llalloshi - Hape Zemren - Lajme nga Ulqini\",\"isPartOf\":{\"@id\":\"https:\/\/www.visit-ulcinj.com\/blog\/#website\"},\"primaryImageOfPage\":{\"@id\":\"https:\/\/www.visit-ulcinj.com\/blog\/2012\/08\/05\/edona-llalloshi-hape-zemren\/#primaryimage\"},\"datePublished\":\"2012-08-05T20:31:46+00:00\",\"dateModified\":\"2012-08-06T14:47:56+00:00\",\"author\":{\"@id\":\"https:\/\/www.visit-ulcinj.com\/blog\/#\/schema\/person\/dcab619c614d3038751c63bc2aadc06d\"},\"description\":\"Edona Llalloshi ka realizuar nj\u00eb k\u00ebng\u00eb t\u00eb re. E titulluar \u201c Hape Zemren \u201d, k\u00ebnga u transmetua sot m\u00eb(5 gusht) n\u00eb radiot shqiptare, nd\u00ebrsa t\u00eb njejten koh\u00eb\",\"breadcrumb\":{\"@id\":\"https:\/\/www.visit-ulcinj.com\/blog\/2012\/08\/05\/edona-llalloshi-hape-zemren\/#breadcrumb\"},\"inLanguage\":\"en-US\",\"potentialAction\":[{\"@type\":\"ReadAction\",\"target\":[\"https:\/\/www.visit-ulcinj.com\/blog\/2012\/08\/05\/edona-llalloshi-hape-zemren\/\"]}]},{\"@type\":\"BreadcrumbList\",\"@id\":\"https:\/\/www.visit-ulcinj.com\/blog\/2012\/08\/05\/edona-llalloshi-hape-zemren\/#breadcrumb\",\"itemListElement\":[{\"@type\":\"ListItem\",\"position\":1,\"name\":\"Edona Llalloshi &#8211; Hape Zemren\"}]},{\"@type\":\"Person\",\"@id\":\"https:\/\/www.visit-ulcinj.com\/blog\/#\/schema\/person\/dcab619c614d3038751c63bc2aadc06d\",\"name\":\"ulqini\",\"sameAs\":[\"http:\/\/www.visit-ulcinj.com\"],\"url\":\"https:\/\/www.visit-ulcinj.com\/blog\/author\/admin\/\"}]}<\/script>\n<!-- \/ Yoast SEO plugin. -->","yoast_head_json":{"title":"Edona Llalloshi - Hape Zemren - Lajme nga Ulqini","description":"Edona Llalloshi ka realizuar nj\u00eb k\u00ebng\u00eb t\u00eb re. E titulluar \u201c Hape Zemren \u201d, k\u00ebnga u transmetua sot m\u00eb(5 gusht) n\u00eb radiot shqiptare, nd\u00ebrsa t\u00eb njejten koh\u00eb","robots":{"index":"index","follow":"follow","max-snippet":"max-snippet:-1","max-image-preview":"max-image-preview:large","max-video-preview":"max-video-preview:-1"},"canonical":"https:\/\/www.visit-ulcinj.com\/blog\/2012\/08\/05\/edona-llalloshi-hape-zemren\/","og_locale":"en_US","og_type":"article","og_title":"Edona Llalloshi - Hape Zemren - Lajme nga Ulqini","og_description":"Edona Llalloshi ka realizuar nj\u00eb k\u00ebng\u00eb t\u00eb re. E titulluar \u201c Hape Zemren \u201d, k\u00ebnga u transmetua sot m\u00eb(5 gusht) n\u00eb radiot shqiptare, nd\u00ebrsa t\u00eb njejten koh\u00eb","og_url":"https:\/\/www.visit-ulcinj.com\/blog\/2012\/08\/05\/edona-llalloshi-hape-zemren\/","og_site_name":"Lajme nga Ulqini","article_published_time":"2012-08-05T20:31:46+00:00","article_modified_time":"2012-08-06T14:47:56+00:00","og_image":[{"url":"http:\/\/www.visit-ulcinj.com\/blog\/wp-content\/uploads\/2012\/08\/Edona-Llalloshi_hape-zemren.jpg"}],"twitter_misc":{"Written by":"ulqini"},"schema":{"@context":"https:\/\/schema.org","@graph":[{"@type":"WebSite","@id":"https:\/\/www.visit-ulcinj.com\/blog\/#website","url":"https:\/\/www.visit-ulcinj.com\/blog\/","name":"Lajme nga Ulqini","description":"Lajme,Vijesti,Ulqini,Ulqin,Crna Gora,Mali i Zi","potentialAction":[{"@type":"SearchAction","target":{"@type":"EntryPoint","urlTemplate":"https:\/\/www.visit-ulcinj.com\/blog\/?s={search_term_string}"},"query-input":"required name=search_term_string"}],"inLanguage":"en-US"},{"@type":"ImageObject","inLanguage":"en-US","@id":"https:\/\/www.visit-ulcinj.com\/blog\/2012\/08\/05\/edona-llalloshi-hape-zemren\/#primaryimage","url":"http:\/\/www.visit-ulcinj.com\/blog\/wp-content\/uploads\/2012\/08\/Edona-Llalloshi_hape-zemren.jpg","contentUrl":"http:\/\/www.visit-ulcinj.com\/blog\/wp-content\/uploads\/2012\/08\/Edona-Llalloshi_hape-zemren.jpg"},{"@type":"WebPage","@id":"https:\/\/www.visit-ulcinj.com\/blog\/2012\/08\/05\/edona-llalloshi-hape-zemren\/#webpage","url":"https:\/\/www.visit-ulcinj.com\/blog\/2012\/08\/05\/edona-llalloshi-hape-zemren\/","name":"Edona Llalloshi - Hape Zemren - Lajme nga Ulqini","isPartOf":{"@id":"https:\/\/www.visit-ulcinj.com\/blog\/#website"},"primaryImageOfPage":{"@id":"https:\/\/www.visit-ulcinj.com\/blog\/2012\/08\/05\/edona-llalloshi-hape-zemren\/#primaryimage"},"datePublished":"2012-08-05T20:31:46+00:00","dateModified":"2012-08-06T14:47:56+00:00","author":{"@id":"https:\/\/www.visit-ulcinj.com\/blog\/#\/schema\/person\/dcab619c614d3038751c63bc2aadc06d"},"description":"Edona Llalloshi ka realizuar nj\u00eb k\u00ebng\u00eb t\u00eb re. E titulluar \u201c Hape Zemren \u201d, k\u00ebnga u transmetua sot m\u00eb(5 gusht) n\u00eb radiot shqiptare, nd\u00ebrsa t\u00eb njejten koh\u00eb","breadcrumb":{"@id":"https:\/\/www.visit-ulcinj.com\/blog\/2012\/08\/05\/edona-llalloshi-hape-zemren\/#breadcrumb"},"inLanguage":"en-US","potentialAction":[{"@type":"ReadAction","target":["https:\/\/www.visit-ulcinj.com\/blog\/2012\/08\/05\/edona-llalloshi-hape-zemren\/"]}]},{"@type":"BreadcrumbList","@id":"https:\/\/www.visit-ulcinj.com\/blog\/2012\/08\/05\/edona-llalloshi-hape-zemren\/#breadcrumb","itemListElement":[{"@type":"ListItem","position":1,"name":"Edona Llalloshi &#8211; Hape Zemren"}]},{"@type":"Person","@id":"https:\/\/www.visit-ulcinj.com\/blog\/#\/schema\/person\/dcab619c614d3038751c63bc2aadc06d","name":"ulqini","sameAs":["http:\/\/www.visit-ulcinj.com"],"url":"https:\/\/www.visit-ulcinj.com\/blog\/author\/admin\/"}]}},"jetpack_featured_media_url":"","jetpack_sharing_enabled":true,"jetpack_shortlink":"https:\/\/wp.me\/pe6lTn-git","_links":{"self":[{"href":"https:\/\/www.visit-ulcinj.com\/blog\/wp-json\/wp\/v2\/posts\/62649"}],"collection":[{"href":"https:\/\/www.visit-ulcinj.com\/blog\/wp-json\/wp\/v2\/posts"}],"about":[{"href":"https:\/\/www.visit-ulcinj.com\/blog\/wp-json\/wp\/v2\/types\/post"}],"author":[{"embeddable":true,"href":"https:\/\/www.visit-ulcinj.com\/blog\/wp-json\/wp\/v2\/users\/1"}],"replies":[{"embeddable":true,"href":"https:\/\/www.visit-ulcinj.com\/blog\/wp-json\/wp\/v2\/comments?post=62649"}],"version-history":[{"count":6,"href":"https:\/\/www.visit-ulcinj.com\/blog\/wp-json\/wp\/v2\/posts\/62649\/revisions"}],"predecessor-version":[{"id":62681,"href":"https:\/\/www.visit-ulcinj.com\/blog\/wp-json\/wp\/v2\/posts\/62649\/revisions\/62681"}],"wp:attachment":[{"href":"https:\/\/www.visit-ulcinj.com\/blog\/wp-json\/wp\/v2\/media?parent=62649"}],"wp:term":[{"taxonomy":"category","embeddable":true,"href":"https:\/\/www.visit-ulcinj.com\/blog\/wp-json\/wp\/v2\/categories?post=62649"},{"taxonomy":"post_tag","embeddable":true,"href":"https:\/\/www.visit-ulcinj.com\/blog\/wp-json\/wp\/v2\/tags?post=62649"}],"curies":[{"name":"wp","href":"https:\/\/api.w.org\/{rel}","templated":true}]}}