{"id":62686,"date":"2012-08-06T18:34:09","date_gmt":"2012-08-06T17:34:09","guid":{"rendered":"http:\/\/www.visit-ulcinj.com\/blog\/?p=62686"},"modified":"2012-08-07T07:03:27","modified_gmt":"2012-08-07T06:03:27","slug":"sad-kad-ulcinj-i-bar-postanu-dubai","status":"publish","type":"post","link":"https:\/\/www.visit-ulcinj.com\/blog\/2012\/08\/06\/sad-kad-ulcinj-i-bar-postanu-dubai\/","title":{"rendered":"Sad, kad Ulcinj i Bar postanu Dubai"},"content":{"rendered":"<p><strong><a href=\"http:\/\/www.visit-ulcinj.com\/blog\/wp-content\/uploads\/2012\/08\/current_platform_BLOC-ULCINJ.jpg\"><img loading=\"lazy\" class=\"alignleft  wp-image-62687\" title=\"current_platform_BLOC ULCINJ\" src=\"http:\/\/www.visit-ulcinj.com\/blog\/wp-content\/uploads\/2012\/08\/current_platform_BLOC-ULCINJ-1024x723.jpg\" alt=\"\" width=\"508\" height=\"380\" \/><\/a><a href=\"http:\/\/www.gov.me\/files\/1216194578.pdf\" target=\"_blank\">http:\/\/www.gov.me\/files\/1216194578.pdf<\/a><\/strong><br \/>\n\u201cTender za istra\u017eivanje i eksploataciju nafte i gasa u crnogorskom podmorju bi\u0107e objavljen u narednih 60 dana, a obuhvata\u0107e 13 blokova ukupne povr\u0161ine do tri hiljade kilometara kvadratnih\u201d \u2013 saop\u0161tio je pomo\u0107nik ministra ekonomije Vladan Dubljevi\u0107 nakon sjednice Vlade.<\/p>\n<p>Vlada je u \u010detvrtak usvojila fiskalnu politiku za proizvodnju nafte i gasa i odluku o broju i koli\u010dini blokova koji \u0107e biti objavljeni u prvom tenderu.<\/p>\n<p>Pomo\u0107nica ministra finansija Biljana \u0160\u0107eki\u0107 je objasnila da se fiskalnom politikom defini\u0161e nacionalna praksa za oporezivanje nacionalnog resursa.<\/p>\n<p>\u201cUspostavlja se sistem koji podrazumijeva stabilne i izda\u0161ne prihode za dr\u017eavu, \u0161to zna\u010di 70 odsto profita kompanija koje budu u\u0161le u ovaj posao. Naknada za naftu je progresivna i kre\u0107e se u rasponu od pet do 12 odsto proizvodnje, a ekstra porez na dobit je 59 odsto\u201d \u2013 objasnila je \u0160\u0107eki\u0107 nakon sjednice Vlade.<\/p>\n<p>Ona je najavila da \u0107e se najva\u017enija pitanja \u2013 utvr\u0111ivanje prihoda i priznavanje tro\u0161kova za ove kompanije definisati u narednom periodu.<\/p>\n<p>Pomo\u0107nik ministra ekonomije Vladan Dubljevi\u0107 je najavio da \u0107e tender za istra\u017eivanje i proizvodnju nafte i gasa biti objavljen u naredna dva mjeseca.<\/p>\n<p>On je objasnio da je napravljena nova podjela teritorije Crne Gore na blokove i za razliku od pro\u0161le, koja je bila zasnovana na geolo\u0161kom principu, nova se zasniva na matemati\u010dkom.<\/p>\n<p>\u201cSada imamo veliku koli\u010dinu manjih blokova. Veli\u010dina jednog bloka je oko 300 kilometara kvadratnih. Na prvom tenderu \u0107e biti objavljeno 13 blokova ukupne povr\u0161ine do tri hiljade kilometara kvadratnih.\u00a0 Najve\u0107i dio prostora koji \u0107e biti objavljen na tenderu pripada biv\u0161em ulcinjskom bloku u kojem je stepen poznavanja geolo\u0161kih uslova takav da bez problema mo\u017eemo u\u0107i u potpisivanje ugovora\u201d \u2013 istakao je Dubljevi\u0107.<br \/>\n<a href=\"http:\/\/www.gov.me\/files\/1216194578.pdf\" target=\"_blank\"><img loading=\"lazy\" class=\"alignleft  wp-image-62688\" title=\"Ulcinj Bloc PLATFORM\" src=\"http:\/\/www.visit-ulcinj.com\/blog\/wp-content\/uploads\/2012\/08\/Ulcinj-Bloc-PLATFORM.jpg\" alt=\"\" width=\"508\" height=\"300\" \/><\/a><\/p>\n<p>Pomo\u0107nik ministra je kazao da \u0107e prvi novac od nafte i gasa po\u010deti da sti\u017ee \u010dim se objavi tender.<br \/>\n\u201cKompanije su du\u017ene da plate u\u010de\u0161\u0107e na tenderu, potom nadoknadu za povr\u0161inu, odnosno zakup za prostor na kojem \u0107e istra\u017eivati i proizvoditi. Glavni prihod po\u010dinje da sti\u017ee kada po\u010dne proizvodnja nafte i gasa. Objektivno je o\u010dekivati velika sredstva po\u010detkom 2017.\u201d \u2013 kazao je Dubljevi\u0107.<\/p>\n<p>Naknada za proizvodnju nafte i gasa po kilometru kvadratnom predvi\u0111ena je u visini od 300 eura. Nepovratna naknada koja \u0107e se platiti prilikom prijave na tender za dodjelu koncesije kreta\u0107e se u rasponu od 30.000 do 50.000 eura.<\/p>\n<p>&nbsp;<\/p>\n<p><a href=\"http:\/\/www.barinfo.me\/text.php?kategorija=1&amp;id=682\" target=\"_blank\"><strong>BarINFO\u00a0<\/strong><\/a><\/p>\n<!--YouTube Error: bad URL entered-->\n","protected":false},"excerpt":{"rendered":"<p>http:\/\/www.gov.me\/files\/1216194578.pdf \u201cTender za istra\u017eivanje i eksploataciju nafte i gasa u crnogorskom podmorju bi\u0107e objavljen u narednih 60 dana, a obuhvata\u0107e 13 blokova ukupne povr\u0161ine do tri hiljade kilometara kvadratnih\u201d \u2013 saop\u0161tio je pomo\u0107nik ministra ekonomije Vladan Dubljevi\u0107 nakon sjednice Vlade. Vlada je u \u010detvrtak usvojila fiskalnu politiku za proizvodnju nafte i gasa i odluku o [&hellip;]<\/p>\n","protected":false},"author":1,"featured_media":0,"comment_status":"open","ping_status":"closed","sticky":false,"template":"","format":"standard","meta":{"spay_email":"","jetpack_publicize_message":"","jetpack_is_tweetstorm":false,"jetpack_publicize_feature_enabled":true},"categories":[8337],"tags":[20862,8802],"jetpack_publicize_connections":[],"yoast_head":"<!-- This site is optimized with the Yoast SEO plugin v19.1 - https:\/\/yoast.com\/wordpress\/plugins\/seo\/ -->\n<title>Sad, kad Ulcinj i Bar postanu Dubai - Lajme nga Ulqini<\/title>\n<meta name=\"description\" content=\"http:\/\/www.gov.me\/files\/1216194578.pdf \u201cTender za istra\u017eivanje i eksploataciju nafte i gasa u crnogorskom podmorju bi\u0107e objavljen u narednih 60 dana, a\" \/>\n<meta name=\"robots\" content=\"index, follow, max-snippet:-1, max-image-preview:large, max-video-preview:-1\" \/>\n<link rel=\"canonical\" href=\"https:\/\/www.visit-ulcinj.com\/blog\/2012\/08\/06\/sad-kad-ulcinj-i-bar-postanu-dubai\/\" \/>\n<meta property=\"og:locale\" content=\"en_US\" \/>\n<meta property=\"og:type\" content=\"article\" \/>\n<meta property=\"og:title\" content=\"Sad, kad Ulcinj i Bar postanu Dubai - Lajme nga Ulqini\" \/>\n<meta property=\"og:description\" content=\"http:\/\/www.gov.me\/files\/1216194578.pdf \u201cTender za istra\u017eivanje i eksploataciju nafte i gasa u crnogorskom podmorju bi\u0107e objavljen u narednih 60 dana, a\" \/>\n<meta property=\"og:url\" content=\"https:\/\/www.visit-ulcinj.com\/blog\/2012\/08\/06\/sad-kad-ulcinj-i-bar-postanu-dubai\/\" \/>\n<meta property=\"og:site_name\" content=\"Lajme nga Ulqini\" \/>\n<meta property=\"article:published_time\" content=\"2012-08-06T17:34:09+00:00\" \/>\n<meta property=\"article:modified_time\" content=\"2012-08-07T06:03:27+00:00\" \/>\n<meta property=\"og:image\" content=\"http:\/\/www.visit-ulcinj.com\/blog\/wp-content\/uploads\/2012\/08\/current_platform_BLOC-ULCINJ-1024x723.jpg\" \/>\n<meta name=\"twitter:label1\" content=\"Written by\" \/>\n\t<meta name=\"twitter:data1\" content=\"ulqini\" \/>\n\t<meta name=\"twitter:label2\" content=\"Est. reading time\" \/>\n\t<meta name=\"twitter:data2\" content=\"2 minutes\" \/>\n<script type=\"application\/ld+json\" class=\"yoast-schema-graph\">{\"@context\":\"https:\/\/schema.org\",\"@graph\":[{\"@type\":\"WebSite\",\"@id\":\"https:\/\/www.visit-ulcinj.com\/blog\/#website\",\"url\":\"https:\/\/www.visit-ulcinj.com\/blog\/\",\"name\":\"Lajme nga Ulqini\",\"description\":\"Lajme,Vijesti,Ulqini,Ulqin,Crna Gora,Mali i Zi\",\"potentialAction\":[{\"@type\":\"SearchAction\",\"target\":{\"@type\":\"EntryPoint\",\"urlTemplate\":\"https:\/\/www.visit-ulcinj.com\/blog\/?s={search_term_string}\"},\"query-input\":\"required name=search_term_string\"}],\"inLanguage\":\"en-US\"},{\"@type\":\"ImageObject\",\"inLanguage\":\"en-US\",\"@id\":\"https:\/\/www.visit-ulcinj.com\/blog\/2012\/08\/06\/sad-kad-ulcinj-i-bar-postanu-dubai\/#primaryimage\",\"url\":\"https:\/\/www.visit-ulcinj.com\/blog\/wp-content\/uploads\/2012\/08\/current_platform_BLOC-ULCINJ.jpg\",\"contentUrl\":\"https:\/\/www.visit-ulcinj.com\/blog\/wp-content\/uploads\/2012\/08\/current_platform_BLOC-ULCINJ.jpg\",\"width\":\"3508\",\"height\":\"2480\"},{\"@type\":\"WebPage\",\"@id\":\"https:\/\/www.visit-ulcinj.com\/blog\/2012\/08\/06\/sad-kad-ulcinj-i-bar-postanu-dubai\/#webpage\",\"url\":\"https:\/\/www.visit-ulcinj.com\/blog\/2012\/08\/06\/sad-kad-ulcinj-i-bar-postanu-dubai\/\",\"name\":\"Sad, kad Ulcinj i Bar postanu Dubai - Lajme nga Ulqini\",\"isPartOf\":{\"@id\":\"https:\/\/www.visit-ulcinj.com\/blog\/#website\"},\"primaryImageOfPage\":{\"@id\":\"https:\/\/www.visit-ulcinj.com\/blog\/2012\/08\/06\/sad-kad-ulcinj-i-bar-postanu-dubai\/#primaryimage\"},\"datePublished\":\"2012-08-06T17:34:09+00:00\",\"dateModified\":\"2012-08-07T06:03:27+00:00\",\"author\":{\"@id\":\"https:\/\/www.visit-ulcinj.com\/blog\/#\/schema\/person\/dcab619c614d3038751c63bc2aadc06d\"},\"description\":\"http:\/\/www.gov.me\/files\/1216194578.pdf \u201cTender za istra\u017eivanje i eksploataciju nafte i gasa u crnogorskom podmorju bi\u0107e objavljen u narednih 60 dana, a\",\"breadcrumb\":{\"@id\":\"https:\/\/www.visit-ulcinj.com\/blog\/2012\/08\/06\/sad-kad-ulcinj-i-bar-postanu-dubai\/#breadcrumb\"},\"inLanguage\":\"en-US\",\"potentialAction\":[{\"@type\":\"ReadAction\",\"target\":[\"https:\/\/www.visit-ulcinj.com\/blog\/2012\/08\/06\/sad-kad-ulcinj-i-bar-postanu-dubai\/\"]}]},{\"@type\":\"BreadcrumbList\",\"@id\":\"https:\/\/www.visit-ulcinj.com\/blog\/2012\/08\/06\/sad-kad-ulcinj-i-bar-postanu-dubai\/#breadcrumb\",\"itemListElement\":[{\"@type\":\"ListItem\",\"position\":1,\"name\":\"Sad, kad Ulcinj i Bar postanu Dubai\"}]},{\"@type\":\"Person\",\"@id\":\"https:\/\/www.visit-ulcinj.com\/blog\/#\/schema\/person\/dcab619c614d3038751c63bc2aadc06d\",\"name\":\"ulqini\",\"sameAs\":[\"http:\/\/www.visit-ulcinj.com\"],\"url\":\"https:\/\/www.visit-ulcinj.com\/blog\/author\/admin\/\"}]}<\/script>\n<!-- \/ Yoast SEO plugin. -->","yoast_head_json":{"title":"Sad, kad Ulcinj i Bar postanu Dubai - Lajme nga Ulqini","description":"http:\/\/www.gov.me\/files\/1216194578.pdf \u201cTender za istra\u017eivanje i eksploataciju nafte i gasa u crnogorskom podmorju bi\u0107e objavljen u narednih 60 dana, a","robots":{"index":"index","follow":"follow","max-snippet":"max-snippet:-1","max-image-preview":"max-image-preview:large","max-video-preview":"max-video-preview:-1"},"canonical":"https:\/\/www.visit-ulcinj.com\/blog\/2012\/08\/06\/sad-kad-ulcinj-i-bar-postanu-dubai\/","og_locale":"en_US","og_type":"article","og_title":"Sad, kad Ulcinj i Bar postanu Dubai - Lajme nga Ulqini","og_description":"http:\/\/www.gov.me\/files\/1216194578.pdf \u201cTender za istra\u017eivanje i eksploataciju nafte i gasa u crnogorskom podmorju bi\u0107e objavljen u narednih 60 dana, a","og_url":"https:\/\/www.visit-ulcinj.com\/blog\/2012\/08\/06\/sad-kad-ulcinj-i-bar-postanu-dubai\/","og_site_name":"Lajme nga Ulqini","article_published_time":"2012-08-06T17:34:09+00:00","article_modified_time":"2012-08-07T06:03:27+00:00","og_image":[{"url":"http:\/\/www.visit-ulcinj.com\/blog\/wp-content\/uploads\/2012\/08\/current_platform_BLOC-ULCINJ-1024x723.jpg"}],"twitter_misc":{"Written by":"ulqini","Est. reading time":"2 minutes"},"schema":{"@context":"https:\/\/schema.org","@graph":[{"@type":"WebSite","@id":"https:\/\/www.visit-ulcinj.com\/blog\/#website","url":"https:\/\/www.visit-ulcinj.com\/blog\/","name":"Lajme nga Ulqini","description":"Lajme,Vijesti,Ulqini,Ulqin,Crna Gora,Mali i Zi","potentialAction":[{"@type":"SearchAction","target":{"@type":"EntryPoint","urlTemplate":"https:\/\/www.visit-ulcinj.com\/blog\/?s={search_term_string}"},"query-input":"required name=search_term_string"}],"inLanguage":"en-US"},{"@type":"ImageObject","inLanguage":"en-US","@id":"https:\/\/www.visit-ulcinj.com\/blog\/2012\/08\/06\/sad-kad-ulcinj-i-bar-postanu-dubai\/#primaryimage","url":"https:\/\/www.visit-ulcinj.com\/blog\/wp-content\/uploads\/2012\/08\/current_platform_BLOC-ULCINJ.jpg","contentUrl":"https:\/\/www.visit-ulcinj.com\/blog\/wp-content\/uploads\/2012\/08\/current_platform_BLOC-ULCINJ.jpg","width":"3508","height":"2480"},{"@type":"WebPage","@id":"https:\/\/www.visit-ulcinj.com\/blog\/2012\/08\/06\/sad-kad-ulcinj-i-bar-postanu-dubai\/#webpage","url":"https:\/\/www.visit-ulcinj.com\/blog\/2012\/08\/06\/sad-kad-ulcinj-i-bar-postanu-dubai\/","name":"Sad, kad Ulcinj i Bar postanu Dubai - Lajme nga Ulqini","isPartOf":{"@id":"https:\/\/www.visit-ulcinj.com\/blog\/#website"},"primaryImageOfPage":{"@id":"https:\/\/www.visit-ulcinj.com\/blog\/2012\/08\/06\/sad-kad-ulcinj-i-bar-postanu-dubai\/#primaryimage"},"datePublished":"2012-08-06T17:34:09+00:00","dateModified":"2012-08-07T06:03:27+00:00","author":{"@id":"https:\/\/www.visit-ulcinj.com\/blog\/#\/schema\/person\/dcab619c614d3038751c63bc2aadc06d"},"description":"http:\/\/www.gov.me\/files\/1216194578.pdf \u201cTender za istra\u017eivanje i eksploataciju nafte i gasa u crnogorskom podmorju bi\u0107e objavljen u narednih 60 dana, a","breadcrumb":{"@id":"https:\/\/www.visit-ulcinj.com\/blog\/2012\/08\/06\/sad-kad-ulcinj-i-bar-postanu-dubai\/#breadcrumb"},"inLanguage":"en-US","potentialAction":[{"@type":"ReadAction","target":["https:\/\/www.visit-ulcinj.com\/blog\/2012\/08\/06\/sad-kad-ulcinj-i-bar-postanu-dubai\/"]}]},{"@type":"BreadcrumbList","@id":"https:\/\/www.visit-ulcinj.com\/blog\/2012\/08\/06\/sad-kad-ulcinj-i-bar-postanu-dubai\/#breadcrumb","itemListElement":[{"@type":"ListItem","position":1,"name":"Sad, kad Ulcinj i Bar postanu Dubai"}]},{"@type":"Person","@id":"https:\/\/www.visit-ulcinj.com\/blog\/#\/schema\/person\/dcab619c614d3038751c63bc2aadc06d","name":"ulqini","sameAs":["http:\/\/www.visit-ulcinj.com"],"url":"https:\/\/www.visit-ulcinj.com\/blog\/author\/admin\/"}]}},"jetpack_featured_media_url":"","jetpack_sharing_enabled":true,"jetpack_shortlink":"https:\/\/wp.me\/pe6lTn-gj4","_links":{"self":[{"href":"https:\/\/www.visit-ulcinj.com\/blog\/wp-json\/wp\/v2\/posts\/62686"}],"collection":[{"href":"https:\/\/www.visit-ulcinj.com\/blog\/wp-json\/wp\/v2\/posts"}],"about":[{"href":"https:\/\/www.visit-ulcinj.com\/blog\/wp-json\/wp\/v2\/types\/post"}],"author":[{"embeddable":true,"href":"https:\/\/www.visit-ulcinj.com\/blog\/wp-json\/wp\/v2\/users\/1"}],"replies":[{"embeddable":true,"href":"https:\/\/www.visit-ulcinj.com\/blog\/wp-json\/wp\/v2\/comments?post=62686"}],"version-history":[{"count":4,"href":"https:\/\/www.visit-ulcinj.com\/blog\/wp-json\/wp\/v2\/posts\/62686\/revisions"}],"predecessor-version":[{"id":62700,"href":"https:\/\/www.visit-ulcinj.com\/blog\/wp-json\/wp\/v2\/posts\/62686\/revisions\/62700"}],"wp:attachment":[{"href":"https:\/\/www.visit-ulcinj.com\/blog\/wp-json\/wp\/v2\/media?parent=62686"}],"wp:term":[{"taxonomy":"category","embeddable":true,"href":"https:\/\/www.visit-ulcinj.com\/blog\/wp-json\/wp\/v2\/categories?post=62686"},{"taxonomy":"post_tag","embeddable":true,"href":"https:\/\/www.visit-ulcinj.com\/blog\/wp-json\/wp\/v2\/tags?post=62686"}],"curies":[{"name":"wp","href":"https:\/\/api.w.org\/{rel}","templated":true}]}}