{"id":62692,"date":"2012-08-06T22:13:47","date_gmt":"2012-08-06T21:13:47","guid":{"rendered":"http:\/\/www.visit-ulcinj.com\/blog\/?p=62692"},"modified":"2012-08-08T17:02:44","modified_gmt":"2012-08-08T16:02:44","slug":"besni-pozari-na-brdo-bojka","status":"publish","type":"post","link":"https:\/\/www.visit-ulcinj.com\/blog\/2012\/08\/06\/besni-pozari-na-brdo-bojka\/","title":{"rendered":"Po\u017ear u Ulcinju za sada pod kontrolom"},"content":{"rendered":"<p><a href=\"http:\/\/www.visit-ulcinj.com\/blog\/wp-content\/uploads\/2012\/08\/BesnI-pozari-na-brdo-Bojka.jpg\"><img loading=\"lazy\" class=\"alignleft  wp-image-62693\" title=\"BesnI pozari na brdo Bojka\" src=\"http:\/\/www.visit-ulcinj.com\/blog\/wp-content\/uploads\/2012\/08\/BesnI-pozari-na-brdo-Bojka.jpg\" alt=\"\" width=\"508\" height=\"360\" \/><\/a>Nakon burne no\u0107i u kojoj je vatra prijetila i ku\u0107ama u naseljima Bojke i Kosi\u0107, po\u017ear koji vi\u0161e od 7 dana bukti u podno\u017eju Rumije trenutno je \u00a0pod kontrolom javila je Antena M.<\/p>\n<p>Pripadnik \u00a0Ulcinjske vatrogasne slu\u017ebe Fljemur Selovi\u0107je kazao da je:<\/p>\n<p>\u00abSituacija \u00a0ne\u0161to stabilnija nego sino\u0107 kada smo imali alarmantno stanje, kada je vatra stigla do stambenih objekata. Trenutno vjetra nemamo, uspjeli smo da odbranimo sve. Po\u017ear se pro\u0161irio ka selu Mide. Svakog trenutka o\u010dekujemo avione MUP-a jer je nepristupa\u010dan teren i mi ne mo\u017eemo sti\u0107i do mjesta \u017eari\u0161ta:<\/p>\n<p>Portal Analitika<\/p>\n<p><strong><a href=\"http:\/\/www.visit-ulcinj.com\/blog\/2012\/08\/06\/besni-pozari-na-brdo-bojka\/\" rel=\"bookmark\">Besni po\u017eari na brdo Bojka<\/a><\/strong><\/p>\n<p>Ponovo se rasplamsava vatra na brdo bojka i prjeti borovoj sumi.Danans u 17,00 casova vatru su pokusavali ugasiti i aviacija CG sa cetri letelice ali jak dim nedozvoljava potpuno ugasiti.Vatrogasci zbog nepristupacnog \u00a0terena su u nemogucnosti da intervenisu.Vatrogasci ce imati jos jednu neispavanu noc u iscekivanju sta ce donjeti sutrasnji \u00a0dan.<\/p>\n<p><strong><a id=\"js_10\" href=\"https:\/\/www.facebook.com\/keti.hajdinaga\" data-hovercard=\"\/ajax\/hovercard\/hovercard.php?id=100003571408324\">Fikret Hajdinaga Facebook<\/a><\/strong><\/p>\n","protected":false},"excerpt":{"rendered":"<p>Nakon burne no\u0107i u kojoj je vatra prijetila i ku\u0107ama u naseljima Bojke i Kosi\u0107, po\u017ear koji vi\u0161e od 7 dana bukti u podno\u017eju Rumije trenutno je \u00a0pod kontrolom javila je Antena M. Pripadnik \u00a0Ulcinjske vatrogasne slu\u017ebe Fljemur Selovi\u0107je kazao da je: \u00abSituacija \u00a0ne\u0161to stabilnija nego sino\u0107 kada smo imali alarmantno stanje, kada je vatra [&hellip;]<\/p>\n","protected":false},"author":1,"featured_media":0,"comment_status":"open","ping_status":"closed","sticky":false,"template":"","format":"standard","meta":{"spay_email":"","jetpack_publicize_message":"","jetpack_is_tweetstorm":false,"jetpack_publicize_feature_enabled":true},"categories":[6950],"tags":[18528,3510,3231],"jetpack_publicize_connections":[],"yoast_head":"<!-- This site is optimized with the Yoast SEO plugin v19.1 - https:\/\/yoast.com\/wordpress\/plugins\/seo\/ -->\n<title>Po\u017ear u Ulcinju za sada pod kontrolom - Lajme nga Ulqini<\/title>\n<meta name=\"description\" content=\"Nakon burne no\u0107i u kojoj je vatra prijetila i ku\u0107ama u naseljima Bojke i Kosi\u0107, po\u017ear koji vi\u0161e od 7 dana bukti u podno\u017eju Rumije trenutno je \u00a0pod\" \/>\n<meta name=\"robots\" content=\"index, follow, max-snippet:-1, max-image-preview:large, max-video-preview:-1\" \/>\n<link rel=\"canonical\" href=\"https:\/\/www.visit-ulcinj.com\/blog\/2012\/08\/06\/besni-pozari-na-brdo-bojka\/\" \/>\n<meta property=\"og:locale\" content=\"en_US\" \/>\n<meta property=\"og:type\" content=\"article\" \/>\n<meta property=\"og:title\" content=\"Po\u017ear u Ulcinju za sada pod kontrolom - Lajme nga Ulqini\" \/>\n<meta property=\"og:description\" content=\"Nakon burne no\u0107i u kojoj je vatra prijetila i ku\u0107ama u naseljima Bojke i Kosi\u0107, po\u017ear koji vi\u0161e od 7 dana bukti u podno\u017eju Rumije trenutno je \u00a0pod\" \/>\n<meta property=\"og:url\" content=\"https:\/\/www.visit-ulcinj.com\/blog\/2012\/08\/06\/besni-pozari-na-brdo-bojka\/\" \/>\n<meta property=\"og:site_name\" content=\"Lajme nga Ulqini\" \/>\n<meta property=\"article:published_time\" content=\"2012-08-06T21:13:47+00:00\" \/>\n<meta property=\"article:modified_time\" content=\"2012-08-08T16:02:44+00:00\" \/>\n<meta property=\"og:image\" content=\"http:\/\/www.visit-ulcinj.com\/blog\/wp-content\/uploads\/2012\/08\/BesnI-pozari-na-brdo-Bojka.jpg\" \/>\n<meta name=\"twitter:label1\" content=\"Written by\" \/>\n\t<meta name=\"twitter:data1\" content=\"ulqini\" \/>\n\t<meta name=\"twitter:label2\" content=\"Est. reading time\" \/>\n\t<meta name=\"twitter:data2\" content=\"1 minute\" \/>\n<script type=\"application\/ld+json\" class=\"yoast-schema-graph\">{\"@context\":\"https:\/\/schema.org\",\"@graph\":[{\"@type\":\"WebSite\",\"@id\":\"https:\/\/www.visit-ulcinj.com\/blog\/#website\",\"url\":\"https:\/\/www.visit-ulcinj.com\/blog\/\",\"name\":\"Lajme nga Ulqini\",\"description\":\"Lajme,Vijesti,Ulqini,Ulqin,Crna Gora,Mali i Zi\",\"potentialAction\":[{\"@type\":\"SearchAction\",\"target\":{\"@type\":\"EntryPoint\",\"urlTemplate\":\"https:\/\/www.visit-ulcinj.com\/blog\/?s={search_term_string}\"},\"query-input\":\"required name=search_term_string\"}],\"inLanguage\":\"en-US\"},{\"@type\":\"ImageObject\",\"inLanguage\":\"en-US\",\"@id\":\"https:\/\/www.visit-ulcinj.com\/blog\/2012\/08\/06\/besni-pozari-na-brdo-bojka\/#primaryimage\",\"url\":\"https:\/\/www.visit-ulcinj.com\/blog\/wp-content\/uploads\/2012\/08\/BesnI-pozari-na-brdo-Bojka.jpg\",\"contentUrl\":\"https:\/\/www.visit-ulcinj.com\/blog\/wp-content\/uploads\/2012\/08\/BesnI-pozari-na-brdo-Bojka.jpg\",\"width\":\"960\",\"height\":\"720\"},{\"@type\":\"WebPage\",\"@id\":\"https:\/\/www.visit-ulcinj.com\/blog\/2012\/08\/06\/besni-pozari-na-brdo-bojka\/#webpage\",\"url\":\"https:\/\/www.visit-ulcinj.com\/blog\/2012\/08\/06\/besni-pozari-na-brdo-bojka\/\",\"name\":\"Po\u017ear u Ulcinju za sada pod kontrolom - Lajme nga Ulqini\",\"isPartOf\":{\"@id\":\"https:\/\/www.visit-ulcinj.com\/blog\/#website\"},\"primaryImageOfPage\":{\"@id\":\"https:\/\/www.visit-ulcinj.com\/blog\/2012\/08\/06\/besni-pozari-na-brdo-bojka\/#primaryimage\"},\"datePublished\":\"2012-08-06T21:13:47+00:00\",\"dateModified\":\"2012-08-08T16:02:44+00:00\",\"author\":{\"@id\":\"https:\/\/www.visit-ulcinj.com\/blog\/#\/schema\/person\/dcab619c614d3038751c63bc2aadc06d\"},\"description\":\"Nakon burne no\u0107i u kojoj je vatra prijetila i ku\u0107ama u naseljima Bojke i Kosi\u0107, po\u017ear koji vi\u0161e od 7 dana bukti u podno\u017eju Rumije trenutno je \u00a0pod\",\"breadcrumb\":{\"@id\":\"https:\/\/www.visit-ulcinj.com\/blog\/2012\/08\/06\/besni-pozari-na-brdo-bojka\/#breadcrumb\"},\"inLanguage\":\"en-US\",\"potentialAction\":[{\"@type\":\"ReadAction\",\"target\":[\"https:\/\/www.visit-ulcinj.com\/blog\/2012\/08\/06\/besni-pozari-na-brdo-bojka\/\"]}]},{\"@type\":\"BreadcrumbList\",\"@id\":\"https:\/\/www.visit-ulcinj.com\/blog\/2012\/08\/06\/besni-pozari-na-brdo-bojka\/#breadcrumb\",\"itemListElement\":[{\"@type\":\"ListItem\",\"position\":1,\"name\":\"Po\u017ear u Ulcinju za sada pod kontrolom\"}]},{\"@type\":\"Person\",\"@id\":\"https:\/\/www.visit-ulcinj.com\/blog\/#\/schema\/person\/dcab619c614d3038751c63bc2aadc06d\",\"name\":\"ulqini\",\"sameAs\":[\"http:\/\/www.visit-ulcinj.com\"],\"url\":\"https:\/\/www.visit-ulcinj.com\/blog\/author\/admin\/\"}]}<\/script>\n<!-- \/ Yoast SEO plugin. -->","yoast_head_json":{"title":"Po\u017ear u Ulcinju za sada pod kontrolom - Lajme nga Ulqini","description":"Nakon burne no\u0107i u kojoj je vatra prijetila i ku\u0107ama u naseljima Bojke i Kosi\u0107, po\u017ear koji vi\u0161e od 7 dana bukti u podno\u017eju Rumije trenutno je \u00a0pod","robots":{"index":"index","follow":"follow","max-snippet":"max-snippet:-1","max-image-preview":"max-image-preview:large","max-video-preview":"max-video-preview:-1"},"canonical":"https:\/\/www.visit-ulcinj.com\/blog\/2012\/08\/06\/besni-pozari-na-brdo-bojka\/","og_locale":"en_US","og_type":"article","og_title":"Po\u017ear u Ulcinju za sada pod kontrolom - Lajme nga Ulqini","og_description":"Nakon burne no\u0107i u kojoj je vatra prijetila i ku\u0107ama u naseljima Bojke i Kosi\u0107, po\u017ear koji vi\u0161e od 7 dana bukti u podno\u017eju Rumije trenutno je \u00a0pod","og_url":"https:\/\/www.visit-ulcinj.com\/blog\/2012\/08\/06\/besni-pozari-na-brdo-bojka\/","og_site_name":"Lajme nga Ulqini","article_published_time":"2012-08-06T21:13:47+00:00","article_modified_time":"2012-08-08T16:02:44+00:00","og_image":[{"url":"http:\/\/www.visit-ulcinj.com\/blog\/wp-content\/uploads\/2012\/08\/BesnI-pozari-na-brdo-Bojka.jpg"}],"twitter_misc":{"Written by":"ulqini","Est. reading time":"1 minute"},"schema":{"@context":"https:\/\/schema.org","@graph":[{"@type":"WebSite","@id":"https:\/\/www.visit-ulcinj.com\/blog\/#website","url":"https:\/\/www.visit-ulcinj.com\/blog\/","name":"Lajme nga Ulqini","description":"Lajme,Vijesti,Ulqini,Ulqin,Crna Gora,Mali i Zi","potentialAction":[{"@type":"SearchAction","target":{"@type":"EntryPoint","urlTemplate":"https:\/\/www.visit-ulcinj.com\/blog\/?s={search_term_string}"},"query-input":"required name=search_term_string"}],"inLanguage":"en-US"},{"@type":"ImageObject","inLanguage":"en-US","@id":"https:\/\/www.visit-ulcinj.com\/blog\/2012\/08\/06\/besni-pozari-na-brdo-bojka\/#primaryimage","url":"https:\/\/www.visit-ulcinj.com\/blog\/wp-content\/uploads\/2012\/08\/BesnI-pozari-na-brdo-Bojka.jpg","contentUrl":"https:\/\/www.visit-ulcinj.com\/blog\/wp-content\/uploads\/2012\/08\/BesnI-pozari-na-brdo-Bojka.jpg","width":"960","height":"720"},{"@type":"WebPage","@id":"https:\/\/www.visit-ulcinj.com\/blog\/2012\/08\/06\/besni-pozari-na-brdo-bojka\/#webpage","url":"https:\/\/www.visit-ulcinj.com\/blog\/2012\/08\/06\/besni-pozari-na-brdo-bojka\/","name":"Po\u017ear u Ulcinju za sada pod kontrolom - Lajme nga Ulqini","isPartOf":{"@id":"https:\/\/www.visit-ulcinj.com\/blog\/#website"},"primaryImageOfPage":{"@id":"https:\/\/www.visit-ulcinj.com\/blog\/2012\/08\/06\/besni-pozari-na-brdo-bojka\/#primaryimage"},"datePublished":"2012-08-06T21:13:47+00:00","dateModified":"2012-08-08T16:02:44+00:00","author":{"@id":"https:\/\/www.visit-ulcinj.com\/blog\/#\/schema\/person\/dcab619c614d3038751c63bc2aadc06d"},"description":"Nakon burne no\u0107i u kojoj je vatra prijetila i ku\u0107ama u naseljima Bojke i Kosi\u0107, po\u017ear koji vi\u0161e od 7 dana bukti u podno\u017eju Rumije trenutno je \u00a0pod","breadcrumb":{"@id":"https:\/\/www.visit-ulcinj.com\/blog\/2012\/08\/06\/besni-pozari-na-brdo-bojka\/#breadcrumb"},"inLanguage":"en-US","potentialAction":[{"@type":"ReadAction","target":["https:\/\/www.visit-ulcinj.com\/blog\/2012\/08\/06\/besni-pozari-na-brdo-bojka\/"]}]},{"@type":"BreadcrumbList","@id":"https:\/\/www.visit-ulcinj.com\/blog\/2012\/08\/06\/besni-pozari-na-brdo-bojka\/#breadcrumb","itemListElement":[{"@type":"ListItem","position":1,"name":"Po\u017ear u Ulcinju za sada pod kontrolom"}]},{"@type":"Person","@id":"https:\/\/www.visit-ulcinj.com\/blog\/#\/schema\/person\/dcab619c614d3038751c63bc2aadc06d","name":"ulqini","sameAs":["http:\/\/www.visit-ulcinj.com"],"url":"https:\/\/www.visit-ulcinj.com\/blog\/author\/admin\/"}]}},"jetpack_featured_media_url":"","jetpack_sharing_enabled":true,"jetpack_shortlink":"https:\/\/wp.me\/pe6lTn-gja","_links":{"self":[{"href":"https:\/\/www.visit-ulcinj.com\/blog\/wp-json\/wp\/v2\/posts\/62692"}],"collection":[{"href":"https:\/\/www.visit-ulcinj.com\/blog\/wp-json\/wp\/v2\/posts"}],"about":[{"href":"https:\/\/www.visit-ulcinj.com\/blog\/wp-json\/wp\/v2\/types\/post"}],"author":[{"embeddable":true,"href":"https:\/\/www.visit-ulcinj.com\/blog\/wp-json\/wp\/v2\/users\/1"}],"replies":[{"embeddable":true,"href":"https:\/\/www.visit-ulcinj.com\/blog\/wp-json\/wp\/v2\/comments?post=62692"}],"version-history":[{"count":4,"href":"https:\/\/www.visit-ulcinj.com\/blog\/wp-json\/wp\/v2\/posts\/62692\/revisions"}],"predecessor-version":[{"id":62748,"href":"https:\/\/www.visit-ulcinj.com\/blog\/wp-json\/wp\/v2\/posts\/62692\/revisions\/62748"}],"wp:attachment":[{"href":"https:\/\/www.visit-ulcinj.com\/blog\/wp-json\/wp\/v2\/media?parent=62692"}],"wp:term":[{"taxonomy":"category","embeddable":true,"href":"https:\/\/www.visit-ulcinj.com\/blog\/wp-json\/wp\/v2\/categories?post=62692"},{"taxonomy":"post_tag","embeddable":true,"href":"https:\/\/www.visit-ulcinj.com\/blog\/wp-json\/wp\/v2\/tags?post=62692"}],"curies":[{"name":"wp","href":"https:\/\/api.w.org\/{rel}","templated":true}]}}