{"id":62702,"date":"2012-08-07T15:24:34","date_gmt":"2012-08-07T14:24:34","guid":{"rendered":"http:\/\/www.visit-ulcinj.com\/blog\/?p=62702"},"modified":"2012-08-08T15:52:18","modified_gmt":"2012-08-08T14:52:18","slug":"peripecite-e-udhetimit-te-mergimtareve-drejt-vendlindjes","status":"publish","type":"post","link":"https:\/\/www.visit-ulcinj.com\/blog\/2012\/08\/07\/peripecite-e-udhetimit-te-mergimtareve-drejt-vendlindjes\/","title":{"rendered":"Peripecit\u00eb e udh\u00ebtimit t\u00eb m\u00ebrgimtar\u00ebve drejt vendlindjes"},"content":{"rendered":"<div id=\"attachment_62703\" style=\"width: 518px\" class=\"wp-caption alignleft\"><a href=\"http:\/\/www.visit-ulcinj.com\/blog\/wp-content\/uploads\/2012\/08\/Tabela-Tivar-Ulqin.jpg\"><img aria-describedby=\"caption-attachment-62703\" loading=\"lazy\" class=\" wp-image-62703\" title=\"Tabela Tivar - Ulqin\" src=\"http:\/\/www.visit-ulcinj.com\/blog\/wp-content\/uploads\/2012\/08\/Tabela-Tivar-Ulqin.jpg\" alt=\"Foto:Info Bar\" width=\"508\" height=\"360\" \/><\/a><p id=\"caption-attachment-62703\" class=\"wp-caption-text\">Foto:Info Bar<\/p><\/div>\n<p><strong>N\u00eb fillim t\u00eb sezonit turistik v\u00ebrehet nj\u00eb dyndje e m\u00ebrgimtar\u00ebve nga Evropa n\u00eb drejtim t\u00eb Ulqinit si destinacion pushimi dhe si vend tranziti p\u00ebr t\u00eb kaluar n\u00eb Shqip\u00ebri, si dhe p\u00ebr t\u00eb tjer\u00ebt p\u00ebr t\u00eb vazhduar rrug\u00ebn n\u00eb sht\u00ebpit\u00eb e tyre n\u00eb Kosov\u00eb, Maqedoni, Kosov\u00eb Lindore etj. <\/strong><\/p>\n<p>Si gjithmon\u00eb, kur m\u00ebrgimtar\u00ebt tan\u00eb marrin rrug\u00ebn e vendlindjes, \u00ebsht\u00eb b\u00ebr\u00eb tradit\u00eb udh\u00ebtimi n\u00eb m\u00ebnyr\u00eb t\u00eb organizuar, n\u00eb t\u00eb shumt\u00ebn e rasteve nga dy apo m\u00eb shum\u00eb makina, p\u00ebr ta p\u00ebrshkuar rrug\u00ebn nga shtetet evropiane p\u00ebrmes Kroacis\u00eb dhe Malit t\u00eb Zi, deri n\u00eb vendlindjet e tyre. Udh\u00ebtimi i tyre deri n\u00eb Mal t\u00eb Zi mund t\u00eb thuhet se shkon p\u00ebr s\u00eb mbari, me p\u00ebrjashtim t\u00eb Kroacis\u00eb ku ndodhin disa vonesa, pengesa etj.<\/p>\n<p>Me hyrjen n\u00eb Mal t\u00eb Zi dhe orientimin drejt Ulqinit dhe shtetet ku \u00ebsht\u00eb destinacioni i m\u00ebrgimtar\u00ebve, fillon edhe konfuzioni total. Q\u00eb nga Petrovaci fillon frustrimi, nervozizmi dhe \u00e7rregullimi i shofer\u00ebve sepse v\u00ebshtir\u00ebsohet qarkullimi i tyre. Udh\u00ebtreguesit dhe sinjalistika rrugore jan\u00eb katastrofike, sidomos p\u00ebr shofer\u00ebt q\u00eb udh\u00ebtojn\u00eb p\u00ebr t\u00eb par\u00ebn her\u00eb n\u00eb k\u00ebt\u00eb rrug\u00eb. N\u00eb Tivar m\u00ebrgimtar\u00ebt nuk gjejn\u00eb asnj\u00eb tabel\u00eb me k\u00ebt\u00eb em\u00ebr, por me emrin Bar, t\u00eb cil\u00ebn shum\u00eb nga m\u00ebrgimtar\u00ebt nuk e dine. Nd\u00ebrsa p\u00ebr tabel\u00ebn me emrin Ulcinj mund ta kuptojn\u00eb se b\u00ebhet fjal\u00eb p\u00ebr Ulqinin, cili m\u00ebrgimtar do ta kuptoj\u00eb tabel\u00ebn ku shkruhet Skadar q\u00eb tregon kahjen p\u00ebr Shkod\u00ebr?<\/p>\n<p>N\u00eb Tivar fillon \u00e7orientimi i tyre, ndarja dhe shp\u00ebrndarja n\u00eb rrug\u00eb t\u00eb ndryshme, disa duke marr\u00eb rrug\u00ebn p\u00ebr Kat\u00ebrkoll\u00eb, duke mos ditur se ku do t\u00eb dalin, kurse t\u00eb tjer\u00ebt duke vazhduar rrug\u00ebn drejt Ulqinit. Pasi q\u00eb kalojn\u00eb qytetin e Tivarit dhe orientohen drejt Ulqinit, p\u00ebr ata q\u00eb duan t\u00eb vazhdojn\u00eb rrug\u00ebn p\u00ebr Shqip\u00ebri lind dyshimi se cila \u00ebsht\u00eb rruga e radh\u00ebs p\u00ebr t\u2019u orientuar sepse askund nuk \u00ebsht\u00eb vendosur nj\u00eb udh\u00ebtregues ku shkruan Albania, Shqip\u00ebria, Shkod\u00ebr, Kufi, por vet\u00ebm Sukobin dhe Vladimir. Por cili emigrant, sidomos ata t\u00eb moshave t\u00eb reja q\u00eb kan\u00eb lindur e jan\u00eb rritur n\u00eb Evrop\u00eb, e din se duhet marr\u00eb k\u00ebt\u00eb rrug\u00eb p\u00ebr t\u2019u orientuar drejt Shqip\u00ebris\u00eb. N\u00eb k\u00ebt\u00eb moment \u00e7orientohet edhe pjesa tjet\u00ebr e shofer\u00ebve pa ditur sakt\u00eb se ku do t\u00eb p\u00ebrfundojn\u00eb. Disa marrin rrug\u00ebn sipas udh\u00ebtreguesit Sukobin, Vladimir, p\u00ebr \u00e7\u2019gj\u00eb i detyron edhe navigator p\u00ebr ata q\u00eb e kan\u00eb n\u00eb makin\u00eb, kurse t\u00eb tjer\u00ebt vazhdojn\u00eb rrug\u00ebn p\u00ebr Ulqin.<\/p>\n<p>Hyrja n\u00eb qytetin e Ulqinit p\u00ebr shofer\u00ebt \u00ebsht\u00eb e qart\u00eb sepse shkruan tabela Ulcinj \u2013 Ulqin. Por si t\u00eb veprohet pas k\u00ebsaj tabele? Ata q\u00eb d\u00ebshirojn\u00eb t\u00eb ndalen n\u00eb qytet, si t\u00eb orientohen p\u00ebr qendr\u00ebn e qytetit, me nj\u00eb tabel\u00eb t\u00eb vog\u00ebl q\u00eb p\u00ebr ne q\u00eb jetojm\u00eb k\u00ebtu mezi e hetojm\u00eb se shkruan CENTAR. Po p\u00ebr at\u00eb udh\u00ebtar q\u00eb ndodhet p\u00ebr t\u00eb par\u00ebn her\u00eb dhe q\u00eb ka udh\u00ebtuar nj\u00ebzet or\u00eb, si do t\u00eb mb\u00ebrrij\u00eb n\u00eb qendr\u00ebn e qytetit t\u00eb Ulqinit n\u00ebse ka d\u00ebshir\u00eb? Po ata m\u00ebrgimtar\u00eb q\u00eb d\u00ebshirojn\u00eb t\u00eb vazhdojn\u00eb rrug\u00ebn p\u00ebr Shqip\u00ebri, Kosov\u00eb, Maqedoni, Kosov\u00eb Lindore, kah duhet t\u00eb vazhdojn\u00eb rrug\u00ebn?<\/p>\n<p>Fillon frustrimi i radh\u00ebs. Disa vazhdojn\u00eb rrug\u00ebn drejt dhe pas 200 metrave p\u00ebrfundojn\u00eb n\u00eb Shtoj, disa me hamendje marrin rrug\u00ebn p\u00ebr Kat\u00ebrkoll\u00eb, Malin e Bris\u00eb, Shas dhe n\u00eb k\u00ebt\u00eb rast, edhe k\u00ebtu ndodh p\u00ebrs\u00ebri shp\u00ebrndarja e m\u00ebrgimtar\u00ebve, disa majtas e disa drejt. Pas pak kilometrash, disa nga shofer\u00ebt q\u00eb marrin rrug\u00ebn drejt Kat\u00ebrkoll\u00ebs, sidomos ata q\u00eb kalojn\u00eb p\u00ebr t\u00eb par\u00ebn her\u00eb dhe ata q\u00eb e b\u00ebjn\u00eb k\u00ebt\u00eb rrug\u00eb shum\u00eb rrall\u00eb, marrin orientimin e gabuar drejt Zogajve, Darz\u00ebs apo Malit t\u00eb Bris\u00eb. Disa madje vazhdojn\u00eb k\u00ebt\u00eb rrug\u00eb dhe p\u00ebrfundojn\u00eb n\u00eb fshatin Sh\u00ebn Gjergj, disa kan\u00eb fatin dhe marrin orientimin e drejt\u00eb, jo p\u00ebr shkak t\u00eb sinjalistik\u00ebs, por duke vepruar me hamendje ose duke pyetur kalimtar\u00ebt e rastit, por duke mos shkuar shum\u00eb larg dhe duke vazhduar rrug\u00ebn pa nd\u00ebrprerje drejt Kraj\u00ebs. P\u00ebr shkak t\u00eb nj\u00eb pakujdesie t\u00eb vog\u00ebl, disa p\u00ebrfundojn\u00eb n\u00eb Ostros pa dashje e disa marrin kthes\u00ebn djathtas deri n\u00eb kufirin Mali i Zi \u2013 Shqip\u00ebri, ku radha e gjata dhe vonesat e b\u00ebjn\u00eb m\u00ebrgimtarin t\u00eb zhg\u00ebnjehet pse e mori k\u00ebt\u00eb udh\u00ebtim.<\/p>\n<p>E nd\u00ebrsa hyn n\u00eb Shqip\u00ebri, e cila ashtu si dhe Mali i Zi synon integrimin n\u00eb Bashkimin Evropian, pas disa kilometrash, me kalimin e Ur\u00ebs s\u00eb bukur mbi lumin Buna, n\u00eb rrethrrotullimin e par\u00eb disa nga shofer\u00ebt marrin rrug\u00ebtimin majtas dhe pa dashje p\u00ebrfundojn\u00eb n\u00eb qytetin e Shkodr\u00ebs e disa orientohen drejt Tiran\u00ebs.<\/p>\n<p>K\u00ebtu ndodh \u00e7orientimi i radh\u00ebs dhe shkap\u00ebrderdhja e atyre q\u00eb s\u00eb bashku jan\u00eb nisur nga shtetet evropiane. Nuk po ndalem n\u00eb shum\u00eb v\u00ebshtir\u00ebsi t\u00eb tjera t\u00eb fushave t\u00eb ndryshme, por me futjen n\u00eb autostrad\u00ebn q\u00eb lidh Shqip\u00ebrin\u00eb dhe Kosov\u00ebn, nj\u00eb freski e p\u00ebrjeton udh\u00ebtari n\u00eb at\u00eb pjes\u00eb t\u00eb rrug\u00ebs q\u00eb ka edhe aty shum\u00eb gj\u00ebra negative q\u00eb t\u00eb bien n\u00eb sy, por gjithsesi kjo pjes\u00eb rrugore m\u00ebrgimtarit i kthen qet\u00ebsin\u00eb p\u00ebr pak minuta ose p\u00ebr pak or\u00eb. Sepse p\u00ebrs\u00ebri n\u00eb kufirin Shqip\u00ebri \u2013 Kosov\u00eb, m\u00ebrgimtari nuk pritet si\u00e7 e meriton. Pritjet e gjata dhe me or\u00eb t\u00eb t\u00ebra, pagesat e sigurimeve me \u00e7mime kolosale, m\u00ebrgimtarit ia humbin dhe ia largojn\u00eb mallin p\u00ebr atdheun e tyre.<strong><\/strong><\/p>\n<p><strong>Koha Javore<\/strong><\/p>\n","protected":false},"excerpt":{"rendered":"<p>N\u00eb fillim t\u00eb sezonit turistik v\u00ebrehet nj\u00eb dyndje e m\u00ebrgimtar\u00ebve nga Evropa n\u00eb drejtim t\u00eb Ulqinit si destinacion pushimi dhe si vend tranziti p\u00ebr t\u00eb kaluar n\u00eb Shqip\u00ebri, si dhe p\u00ebr t\u00eb tjer\u00ebt p\u00ebr t\u00eb vazhduar rrug\u00ebn n\u00eb sht\u00ebpit\u00eb e tyre n\u00eb Kosov\u00eb, Maqedoni, Kosov\u00eb Lindore etj. Si gjithmon\u00eb, kur m\u00ebrgimtar\u00ebt tan\u00eb marrin rrug\u00ebn e [&hellip;]<\/p>\n","protected":false},"author":1,"featured_media":0,"comment_status":"open","ping_status":"closed","sticky":false,"template":"","format":"standard","meta":{"spay_email":"","jetpack_publicize_message":"","jetpack_is_tweetstorm":false,"jetpack_publicize_feature_enabled":true},"categories":[14249],"tags":[200],"jetpack_publicize_connections":[],"yoast_head":"<!-- This site is optimized with the Yoast SEO plugin v19.1 - https:\/\/yoast.com\/wordpress\/plugins\/seo\/ -->\n<title>Peripecit\u00eb e udh\u00ebtimit t\u00eb m\u00ebrgimtar\u00ebve drejt vendlindjes - Lajme nga Ulqini<\/title>\n<meta name=\"description\" content=\"N\u00eb fillim t\u00eb sezonit turistik v\u00ebrehet nj\u00eb dyndje e m\u00ebrgimtar\u00ebve nga Evropa n\u00eb drejtim t\u00eb Ulqinit si destinacion pushimi dhe si vend tranziti p\u00ebr t\u00eb kaluar\" \/>\n<meta name=\"robots\" content=\"index, follow, max-snippet:-1, max-image-preview:large, max-video-preview:-1\" \/>\n<link rel=\"canonical\" href=\"https:\/\/www.visit-ulcinj.com\/blog\/2012\/08\/07\/peripecite-e-udhetimit-te-mergimtareve-drejt-vendlindjes\/\" \/>\n<meta property=\"og:locale\" content=\"en_US\" \/>\n<meta property=\"og:type\" content=\"article\" \/>\n<meta property=\"og:title\" content=\"Peripecit\u00eb e udh\u00ebtimit t\u00eb m\u00ebrgimtar\u00ebve drejt vendlindjes - Lajme nga Ulqini\" \/>\n<meta property=\"og:description\" content=\"N\u00eb fillim t\u00eb sezonit turistik v\u00ebrehet nj\u00eb dyndje e m\u00ebrgimtar\u00ebve nga Evropa n\u00eb drejtim t\u00eb Ulqinit si destinacion pushimi dhe si vend tranziti p\u00ebr t\u00eb kaluar\" \/>\n<meta property=\"og:url\" content=\"https:\/\/www.visit-ulcinj.com\/blog\/2012\/08\/07\/peripecite-e-udhetimit-te-mergimtareve-drejt-vendlindjes\/\" \/>\n<meta property=\"og:site_name\" content=\"Lajme nga Ulqini\" \/>\n<meta property=\"article:published_time\" content=\"2012-08-07T14:24:34+00:00\" \/>\n<meta property=\"article:modified_time\" content=\"2012-08-08T14:52:18+00:00\" \/>\n<meta property=\"og:image\" content=\"http:\/\/www.visit-ulcinj.com\/blog\/wp-content\/uploads\/2012\/08\/Tabela-Tivar-Ulqin.jpg\" \/>\n<meta name=\"twitter:label1\" content=\"Written by\" \/>\n\t<meta name=\"twitter:data1\" content=\"ulqini\" \/>\n\t<meta name=\"twitter:label2\" content=\"Est. reading time\" \/>\n\t<meta name=\"twitter:data2\" content=\"5 minutes\" \/>\n<script type=\"application\/ld+json\" class=\"yoast-schema-graph\">{\"@context\":\"https:\/\/schema.org\",\"@graph\":[{\"@type\":\"WebSite\",\"@id\":\"https:\/\/www.visit-ulcinj.com\/blog\/#website\",\"url\":\"https:\/\/www.visit-ulcinj.com\/blog\/\",\"name\":\"Lajme nga Ulqini\",\"description\":\"Lajme,Vijesti,Ulqini,Ulqin,Crna Gora,Mali i Zi\",\"potentialAction\":[{\"@type\":\"SearchAction\",\"target\":{\"@type\":\"EntryPoint\",\"urlTemplate\":\"https:\/\/www.visit-ulcinj.com\/blog\/?s={search_term_string}\"},\"query-input\":\"required name=search_term_string\"}],\"inLanguage\":\"en-US\"},{\"@type\":\"ImageObject\",\"inLanguage\":\"en-US\",\"@id\":\"https:\/\/www.visit-ulcinj.com\/blog\/2012\/08\/07\/peripecite-e-udhetimit-te-mergimtareve-drejt-vendlindjes\/#primaryimage\",\"url\":\"https:\/\/www.visit-ulcinj.com\/blog\/wp-content\/uploads\/2012\/08\/Tabela-Tivar-Ulqin.jpg\",\"contentUrl\":\"https:\/\/www.visit-ulcinj.com\/blog\/wp-content\/uploads\/2012\/08\/Tabela-Tivar-Ulqin.jpg\",\"width\":\"958\",\"height\":\"577\",\"caption\":\"Foto:Info Bar\"},{\"@type\":\"WebPage\",\"@id\":\"https:\/\/www.visit-ulcinj.com\/blog\/2012\/08\/07\/peripecite-e-udhetimit-te-mergimtareve-drejt-vendlindjes\/#webpage\",\"url\":\"https:\/\/www.visit-ulcinj.com\/blog\/2012\/08\/07\/peripecite-e-udhetimit-te-mergimtareve-drejt-vendlindjes\/\",\"name\":\"Peripecit\u00eb e udh\u00ebtimit t\u00eb m\u00ebrgimtar\u00ebve drejt vendlindjes - Lajme nga Ulqini\",\"isPartOf\":{\"@id\":\"https:\/\/www.visit-ulcinj.com\/blog\/#website\"},\"primaryImageOfPage\":{\"@id\":\"https:\/\/www.visit-ulcinj.com\/blog\/2012\/08\/07\/peripecite-e-udhetimit-te-mergimtareve-drejt-vendlindjes\/#primaryimage\"},\"datePublished\":\"2012-08-07T14:24:34+00:00\",\"dateModified\":\"2012-08-08T14:52:18+00:00\",\"author\":{\"@id\":\"https:\/\/www.visit-ulcinj.com\/blog\/#\/schema\/person\/dcab619c614d3038751c63bc2aadc06d\"},\"description\":\"N\u00eb fillim t\u00eb sezonit turistik v\u00ebrehet nj\u00eb dyndje e m\u00ebrgimtar\u00ebve nga Evropa n\u00eb drejtim t\u00eb Ulqinit si destinacion pushimi dhe si vend tranziti p\u00ebr t\u00eb kaluar\",\"breadcrumb\":{\"@id\":\"https:\/\/www.visit-ulcinj.com\/blog\/2012\/08\/07\/peripecite-e-udhetimit-te-mergimtareve-drejt-vendlindjes\/#breadcrumb\"},\"inLanguage\":\"en-US\",\"potentialAction\":[{\"@type\":\"ReadAction\",\"target\":[\"https:\/\/www.visit-ulcinj.com\/blog\/2012\/08\/07\/peripecite-e-udhetimit-te-mergimtareve-drejt-vendlindjes\/\"]}]},{\"@type\":\"BreadcrumbList\",\"@id\":\"https:\/\/www.visit-ulcinj.com\/blog\/2012\/08\/07\/peripecite-e-udhetimit-te-mergimtareve-drejt-vendlindjes\/#breadcrumb\",\"itemListElement\":[{\"@type\":\"ListItem\",\"position\":1,\"name\":\"Peripecit\u00eb e udh\u00ebtimit t\u00eb m\u00ebrgimtar\u00ebve drejt vendlindjes\"}]},{\"@type\":\"Person\",\"@id\":\"https:\/\/www.visit-ulcinj.com\/blog\/#\/schema\/person\/dcab619c614d3038751c63bc2aadc06d\",\"name\":\"ulqini\",\"sameAs\":[\"http:\/\/www.visit-ulcinj.com\"],\"url\":\"https:\/\/www.visit-ulcinj.com\/blog\/author\/admin\/\"}]}<\/script>\n<!-- \/ Yoast SEO plugin. -->","yoast_head_json":{"title":"Peripecit\u00eb e udh\u00ebtimit t\u00eb m\u00ebrgimtar\u00ebve drejt vendlindjes - Lajme nga Ulqini","description":"N\u00eb fillim t\u00eb sezonit turistik v\u00ebrehet nj\u00eb dyndje e m\u00ebrgimtar\u00ebve nga Evropa n\u00eb drejtim t\u00eb Ulqinit si destinacion pushimi dhe si vend tranziti p\u00ebr t\u00eb kaluar","robots":{"index":"index","follow":"follow","max-snippet":"max-snippet:-1","max-image-preview":"max-image-preview:large","max-video-preview":"max-video-preview:-1"},"canonical":"https:\/\/www.visit-ulcinj.com\/blog\/2012\/08\/07\/peripecite-e-udhetimit-te-mergimtareve-drejt-vendlindjes\/","og_locale":"en_US","og_type":"article","og_title":"Peripecit\u00eb e udh\u00ebtimit t\u00eb m\u00ebrgimtar\u00ebve drejt vendlindjes - Lajme nga Ulqini","og_description":"N\u00eb fillim t\u00eb sezonit turistik v\u00ebrehet nj\u00eb dyndje e m\u00ebrgimtar\u00ebve nga Evropa n\u00eb drejtim t\u00eb Ulqinit si destinacion pushimi dhe si vend tranziti p\u00ebr t\u00eb kaluar","og_url":"https:\/\/www.visit-ulcinj.com\/blog\/2012\/08\/07\/peripecite-e-udhetimit-te-mergimtareve-drejt-vendlindjes\/","og_site_name":"Lajme nga Ulqini","article_published_time":"2012-08-07T14:24:34+00:00","article_modified_time":"2012-08-08T14:52:18+00:00","og_image":[{"url":"http:\/\/www.visit-ulcinj.com\/blog\/wp-content\/uploads\/2012\/08\/Tabela-Tivar-Ulqin.jpg"}],"twitter_misc":{"Written by":"ulqini","Est. reading time":"5 minutes"},"schema":{"@context":"https:\/\/schema.org","@graph":[{"@type":"WebSite","@id":"https:\/\/www.visit-ulcinj.com\/blog\/#website","url":"https:\/\/www.visit-ulcinj.com\/blog\/","name":"Lajme nga Ulqini","description":"Lajme,Vijesti,Ulqini,Ulqin,Crna Gora,Mali i Zi","potentialAction":[{"@type":"SearchAction","target":{"@type":"EntryPoint","urlTemplate":"https:\/\/www.visit-ulcinj.com\/blog\/?s={search_term_string}"},"query-input":"required name=search_term_string"}],"inLanguage":"en-US"},{"@type":"ImageObject","inLanguage":"en-US","@id":"https:\/\/www.visit-ulcinj.com\/blog\/2012\/08\/07\/peripecite-e-udhetimit-te-mergimtareve-drejt-vendlindjes\/#primaryimage","url":"https:\/\/www.visit-ulcinj.com\/blog\/wp-content\/uploads\/2012\/08\/Tabela-Tivar-Ulqin.jpg","contentUrl":"https:\/\/www.visit-ulcinj.com\/blog\/wp-content\/uploads\/2012\/08\/Tabela-Tivar-Ulqin.jpg","width":"958","height":"577","caption":"Foto:Info Bar"},{"@type":"WebPage","@id":"https:\/\/www.visit-ulcinj.com\/blog\/2012\/08\/07\/peripecite-e-udhetimit-te-mergimtareve-drejt-vendlindjes\/#webpage","url":"https:\/\/www.visit-ulcinj.com\/blog\/2012\/08\/07\/peripecite-e-udhetimit-te-mergimtareve-drejt-vendlindjes\/","name":"Peripecit\u00eb e udh\u00ebtimit t\u00eb m\u00ebrgimtar\u00ebve drejt vendlindjes - Lajme nga Ulqini","isPartOf":{"@id":"https:\/\/www.visit-ulcinj.com\/blog\/#website"},"primaryImageOfPage":{"@id":"https:\/\/www.visit-ulcinj.com\/blog\/2012\/08\/07\/peripecite-e-udhetimit-te-mergimtareve-drejt-vendlindjes\/#primaryimage"},"datePublished":"2012-08-07T14:24:34+00:00","dateModified":"2012-08-08T14:52:18+00:00","author":{"@id":"https:\/\/www.visit-ulcinj.com\/blog\/#\/schema\/person\/dcab619c614d3038751c63bc2aadc06d"},"description":"N\u00eb fillim t\u00eb sezonit turistik v\u00ebrehet nj\u00eb dyndje e m\u00ebrgimtar\u00ebve nga Evropa n\u00eb drejtim t\u00eb Ulqinit si destinacion pushimi dhe si vend tranziti p\u00ebr t\u00eb kaluar","breadcrumb":{"@id":"https:\/\/www.visit-ulcinj.com\/blog\/2012\/08\/07\/peripecite-e-udhetimit-te-mergimtareve-drejt-vendlindjes\/#breadcrumb"},"inLanguage":"en-US","potentialAction":[{"@type":"ReadAction","target":["https:\/\/www.visit-ulcinj.com\/blog\/2012\/08\/07\/peripecite-e-udhetimit-te-mergimtareve-drejt-vendlindjes\/"]}]},{"@type":"BreadcrumbList","@id":"https:\/\/www.visit-ulcinj.com\/blog\/2012\/08\/07\/peripecite-e-udhetimit-te-mergimtareve-drejt-vendlindjes\/#breadcrumb","itemListElement":[{"@type":"ListItem","position":1,"name":"Peripecit\u00eb e udh\u00ebtimit t\u00eb m\u00ebrgimtar\u00ebve drejt vendlindjes"}]},{"@type":"Person","@id":"https:\/\/www.visit-ulcinj.com\/blog\/#\/schema\/person\/dcab619c614d3038751c63bc2aadc06d","name":"ulqini","sameAs":["http:\/\/www.visit-ulcinj.com"],"url":"https:\/\/www.visit-ulcinj.com\/blog\/author\/admin\/"}]}},"jetpack_featured_media_url":"","jetpack_sharing_enabled":true,"jetpack_shortlink":"https:\/\/wp.me\/pe6lTn-gjk","_links":{"self":[{"href":"https:\/\/www.visit-ulcinj.com\/blog\/wp-json\/wp\/v2\/posts\/62702"}],"collection":[{"href":"https:\/\/www.visit-ulcinj.com\/blog\/wp-json\/wp\/v2\/posts"}],"about":[{"href":"https:\/\/www.visit-ulcinj.com\/blog\/wp-json\/wp\/v2\/types\/post"}],"author":[{"embeddable":true,"href":"https:\/\/www.visit-ulcinj.com\/blog\/wp-json\/wp\/v2\/users\/1"}],"replies":[{"embeddable":true,"href":"https:\/\/www.visit-ulcinj.com\/blog\/wp-json\/wp\/v2\/comments?post=62702"}],"version-history":[{"count":3,"href":"https:\/\/www.visit-ulcinj.com\/blog\/wp-json\/wp\/v2\/posts\/62702\/revisions"}],"predecessor-version":[{"id":62720,"href":"https:\/\/www.visit-ulcinj.com\/blog\/wp-json\/wp\/v2\/posts\/62702\/revisions\/62720"}],"wp:attachment":[{"href":"https:\/\/www.visit-ulcinj.com\/blog\/wp-json\/wp\/v2\/media?parent=62702"}],"wp:term":[{"taxonomy":"category","embeddable":true,"href":"https:\/\/www.visit-ulcinj.com\/blog\/wp-json\/wp\/v2\/categories?post=62702"},{"taxonomy":"post_tag","embeddable":true,"href":"https:\/\/www.visit-ulcinj.com\/blog\/wp-json\/wp\/v2\/tags?post=62702"}],"curies":[{"name":"wp","href":"https:\/\/api.w.org\/{rel}","templated":true}]}}