{"id":62707,"date":"2012-08-07T17:00:13","date_gmt":"2012-08-07T16:00:13","guid":{"rendered":"http:\/\/www.visit-ulcinj.com\/blog\/?p=62707"},"modified":"2012-08-07T17:00:13","modified_gmt":"2012-08-07T16:00:13","slug":"nail-draga-migrimi-ne-kraje-dukuri-konstante","status":"publish","type":"post","link":"https:\/\/www.visit-ulcinj.com\/blog\/2012\/08\/07\/nail-draga-migrimi-ne-kraje-dukuri-konstante\/","title":{"rendered":"Nail Draga:  Migrimi n\u00eb Kraj\u00eb dukuri konstante"},"content":{"rendered":"<p><strong>Popullsia dhe vendbanimet e Kraj\u00ebs (1948-2011) (2)<em> <\/em><\/strong><\/p>\n<p>Nga Dr Nail Draga<br \/>\nN\u00eb saj\u00eb t\u00eb kushteve t\u00eb pavolitshme ekonomike n\u00eb k\u00ebt\u00eb mjedis, si munges\u00ebs s\u00eb tok\u00ebs s\u00eb mjaftueshme p\u00ebr bujq\u00ebsi, infrastruktur\u00ebss\u00eb pazhvilluar, munges\u00ebs s\u00eb ujit t\u00eb pijsh\u00ebm e po ashtu edhe larg\u00ebsis\u00eb nga qendra kryesore urbane \u2013 Shkodra, procesi i migrimit t\u00eb popullsis\u00eb ka qen\u00eb dukuri konstante.<\/p>\n<p>Ndon\u00ebse migrime t\u00eb tilla ka pasur me siguri edhe m\u00eb her\u00ebt, t\u00eb dh\u00ebnat e para t\u00eb dokumentura jan\u00eb nga shek. XVIII e m\u00eb pas. Edhe pse motivi ekonomik ka dominuar n\u00eb migrimin e popullsis\u00eb, nuk p\u00ebrjashtohen edhe motive t\u00eb tjera, por ato kan\u00eb qen\u00eb minimale.<br \/>\nDuhet cekur me k\u00ebt\u00eb rast motivin konfesional, sikurse \u00ebsht\u00eb rasti me migrimin e popullsis\u00eb nga Ljarja e Brisku n\u00eb Zar\u00eb, n\u00eb fillim t\u00eb shek. XVIII. Por, nuk ka dilem\u00eb se pjesa m\u00eb e madhe e kranjan\u00ebve kan\u00eb emigruar n\u00eb Turqi, sepse nj\u00eb dukuri e till\u00eb duke filluar nga shek. XIX u b\u00eb di\u00e7ka normale.<\/p>\n<p>Vendosja e tyre ishte kryesisht n\u00eb kryeqytetin e Perandoris\u00eb Osmane n\u00eb Stamboll, por edhe n\u00eb qytete t\u00eb tjera si Bursa, Izmiri etj. N\u00eb k\u00ebto qytete kranjan\u00ebt kan\u00eb punuar kryesisht n\u00eb eprimtarit\u00eb sh\u00ebrbyese, por ka pasur edhe persona q\u00eb kan\u00eb arritur deri n\u00eb administrat\u00ebn perandorake &#8211; pallatin e sulltanit, sikurse \u00ebsht\u00eb rasti i Tahir Pash\u00eb Kranjanit.<br \/>\nNga ana tjet\u00ebr, qyteti i cili ka joshur m\u00eb tep\u00ebr kranjan\u00ebt ka qen\u00eb Shkodra, ku migrimi i popullsis\u00eb dhe vendosja e tyre ka qen\u00eb konstante. Sipas disa t\u00eb dh\u00ebnave t\u00eb p\u00ebraf\u00ebrta, n\u00eb k\u00ebt\u00eb qytet jan\u00eb rreth 10 000 banor\u00eb me origjin\u00eb nga kjo krahin\u00eb. N\u00eb saj\u00eb t\u00eb rrethanave t\u00eb reja pas Luft\u00ebs s\u00eb Dyt\u00eb Bot\u00ebrore dhe prishjes s\u00eb marr\u00ebdh\u00ebnieve n\u00eb mes ish-Jugosllavis\u00eb dhe Shqip\u00ebris\u00eb (1948), procesi i emigrimit t\u00eb popullsis\u00eb nga Kraja mori drejtime t\u00eb tjera, si n\u00eb Ulqin e Tivar, ku kryesisht jan\u00eb vendosur fillimisht n\u00eb rrethin\u00ebn e ngusht\u00eb t\u00eb tyre.<\/p>\n<p>Procesi i emigrimit t\u00eb popullsis\u00eb mori p\u00ebrmasa t\u00eb m\u00ebdha n\u00eb drejtim t\u00eb bot\u00ebs s\u00eb jashtme duke filluar nga viti 1968 e m\u00eb pas, duke u vendosur kryesisht n\u00eb bot\u00ebn e jashtme (Evrop\u00eb Per\u00ebndimore, SHBA, Australi).<\/p>\n<p>&nbsp;<\/p>\n<p><strong>Popullsia <\/strong><\/p>\n<p>Periudha pas Luft\u00ebs s\u00eb Dyt\u00eb Bot\u00ebrore n\u00eb saj\u00eb t\u00eb rrethanave t\u00eb reja shoq\u00ebrore d\u00ebshmon se ka p\u00ebsuar ndryshime edhe demografia e k\u00ebtij mjedisi. Jan\u00eb pik\u00ebrisht t\u00eb dh\u00ebnat statistikore p\u00ebr numrin e popullsis\u00eb sipas vendbanimeve dhe zonave t\u00eb tyre q\u00eb d\u00ebshmojn\u00eb se kemi t\u00eb b\u00ebjm\u00eb me ndryshime sasiore, ku n\u00eb saj\u00eb t\u00eb emigrimit t\u00eb vazhduesh\u00ebm t\u00eb popullsis\u00eb dhe shtimit t\u00eb ul\u00ebt natyror, k\u00ebtu \u00ebsht\u00eb paraqitur procesi i shpopullimit. Dhe nj\u00eb dukuri e till\u00eb d\u00ebshmohet sepse vendbanimet e k\u00ebsaj krahine kan\u00eb r\u00ebnie t\u00eb vazhdueshme t\u00eb popullsis\u00eb, ku disa fshatra tash jan\u00eb pa banor\u00eb. Dukuria e till\u00eb \u00ebsht\u00eb e pranishme n\u00eb t\u00ebr\u00eb Kraj\u00ebn, por m\u00eb e theksuar \u00ebsht\u00eb n\u00eb An\u00ebn e Sip\u00ebrme (Per\u00ebndimore), e cila \u00ebsht\u00eb para shpopullimit t\u00eb plot\u00eb. T\u00eb dh\u00ebnat demografike p\u00ebr Kraj\u00ebn d\u00ebshmojn\u00eb s\u00eb p\u00ebr 60 vite, popullsia e Kraj\u00ebs ka p\u00ebsuar r\u00ebnie p\u00ebr 3137 banor\u00eb apo p\u00ebr 62.51% e popullsis\u00eb s\u00eb p\u00ebrgjithshme, dukuri kjo e cila n\u00eb saj\u00eb t\u00eb rrethanave aktuale shoq\u00ebrore do t\u00eb vazhdoj\u00eb gjithnj\u00eb (shih tabel\u00ebn nr.1).<br \/>\nTabela nr.1<br \/>\nPopullsia e Kraj\u00ebs 1948-2011<br \/>\nViti\u00a0\u00a0\u00a0\u00a0\u00a0\u00a0\u00a0\u00a0\u00a0\u00a0\u00a0\u00a0 banor\u00eb<br \/>\n1948\u00a0\u00a0\u00a0\u00a0\u00a0\u00a0\u00a0\u00a0\u00a0\u00a0\u00a0 5018 banor\u00eb<br \/>\n1953\u00a0\u00a0\u00a0\u00a0\u00a0\u00a0\u00a0\u00a0\u00a0\u00a0\u00a0 5289 banor\u00eb<br \/>\n1961\u00a0\u00a0\u00a0\u00a0\u00a0\u00a0\u00a0\u00a0\u00a0\u00a0\u00a0 5635 banor\u00eb<br \/>\n1971\u00a0\u00a0\u00a0\u00a0\u00a0\u00a0\u00a0\u00a0\u00a0\u00a0\u00a0 5556 banor\u00eb<br \/>\n1981\u00a0\u00a0\u00a0\u00a0\u00a0\u00a0\u00a0\u00a0\u00a0\u00a0\u00a0 5416 banor\u00eb<br \/>\n1991\u00a0\u00a0\u00a0\u00a0\u00a0\u00a0\u00a0\u00a0\u00a0\u00a0\u00a0 5434 banor\u00eb<br \/>\n2003\u00a0\u00a0\u00a0\u00a0\u00a0\u00a0\u00a0\u00a0\u00a0\u00a0\u00a0 2371 banor\u00eb<br \/>\n2011\u00a0\u00a0\u00a0\u00a0\u00a0\u00a0\u00a0\u00a0\u00a0\u00a0\u00a0 1881 banor\u00eb<br \/>\nNga t\u00eb dh\u00ebnat statistikore del qart\u00eb se r\u00ebnia e numrit t\u00eb p\u00ebrgjithsh\u00ebm t\u00eb popullsis\u00eb n\u00eb Kraj\u00eb ka filluar nga viti 1991 e m\u00eb pas. Nj\u00eb e dh\u00ebn\u00eb e till\u00eb duhet t\u00eb merret me rezerv\u00eb sepse emigrimi i popullsis\u00eb nga Kraja \u00ebsht\u00eb m\u00eb i hersh\u00ebm, duke filluar nga viti 1968 e m\u00eb pas me nj\u00eb dinamik\u00eb t\u00eb lart\u00eb, por \u00e7\u00ebshtja q\u00ebndron tek evidentimi i saj n\u00eb kuad\u00ebr t\u00eb regjistrimit t\u00eb popullsis\u00eb s\u00eb p\u00ebrgjithshme. K\u00ebtu pik\u00ebrisht q\u00ebndron problemi edhe te regjistrimi i fundit i popullsis\u00eb n\u00eb prill 2011 sepse n\u00eb t\u00eb nuk \u00ebsht\u00eb evidentuar fare diaspora e cila \u00ebsht\u00eb jasht\u00eb vendlindjes m\u00eb tep\u00ebr se nj\u00eb vit. Dhe \u00ebsht\u00eb pik\u00ebrisht kjo dukuri e cila ka p\u00ebrcaktuar numrin e till\u00eb t\u00eb banor\u00ebve, q\u00eb \u00ebsht\u00eb m\u00eb i vogli p\u00ebr Kraj\u00ebn nga viti 1948 e m\u00eb pas, ku numri prej 1881 banor\u00ebve ka t\u00eb b\u00ebj\u00eb me popullsin\u00eb e cila gjendet n\u00eb vend, pra pa ato n\u00eb diaspor\u00eb.<\/p>\n<p>&nbsp;<\/p>\n<p><strong>Politika perfide e asimilimit t\u00eb popullsis\u00eb shqiptare<\/strong><\/p>\n<p>Kufizimi i Kraj\u00ebs me krahin\u00ebn e C\u00ebrmnic\u00ebs n\u00eb per\u00ebndim t\u00eb saj, e cila ishte me popullsi sllave dhe p\u00ebrkat\u00ebsi ortodokse, n\u00eb saj\u00eb t\u00eb konflikteve t\u00eb zhvilluara n\u00eb shek. XIX, ka ndikuar negativisht n\u00eb popullsin\u00eb vendore, kryesisht n\u00eb An\u00ebn e Sip\u00ebrme &#8211; Shestan. Me k\u00ebt\u00eb rast duhet p\u00ebrkujtuar konfliktet e z\u00ebnkat kufitare e sidomos, pushtimin e Kraj\u00ebs nga malazez\u00ebt n\u00eb vitin 1861 dhe 1877. K\u00ebto dy pushtime, t\u00eb cilat si q\u00ebllim kishin zgjerimin territorial t\u00eb Malit t\u00eb Zi, u manifestuan me luftime, pla\u00e7kitje e vrasje q\u00eb kan\u00eb pasur pasoja n\u00eb at\u00eb koh\u00eb dhe m\u00eb pas n\u00eb migrimin e popullsis\u00eb vendore. N\u00eb lidhje me k\u00ebto ngjarje kemi t\u00eb dh\u00ebna t\u00eb shkruara, por edhe nga tradita popullore, q\u00eb si t\u00eb tilla arrijn\u00eb deri n\u00eb dit\u00ebt tona.<\/p>\n<p>Vendosja e kufirit n\u00eb mes Malit t\u00eb Zi dhe Perandoris\u00eb Osmane, p\u00ebrkat\u00ebsisht Shqip\u00ebris\u00eb, duke e ndar\u00eb Kraj\u00ebn pothuajse p\u00ebrgjysm\u00eb n\u00eb saj\u00eb t\u00eb vendimeve t\u00eb Kongresit t\u00eb Berlinit (1878), b\u00ebri q\u00eb t\u00eb krijoheshin raporte t\u00eb reja n\u00eb k\u00ebt\u00eb mjedis. Por, pas vitit 1912, n\u00eb saj\u00eb t\u00eb vendimeve t\u00eb Konferenc\u00ebs s\u00eb Ambasador\u00ebve n\u00eb Lond\u00ebr(1913), edhe pjesa lindore e Kraj\u00ebs iu dha n\u00ebn administrim Malit t\u00eb Zi, duke b\u00ebr\u00eb shk\u00ebputjen nga shteti am\u00eb Shqip\u00ebria.<br \/>\nN\u00eb rrethana t\u00eb reja, popullsia e Kraj\u00ebs si dhe e viseve tjera shqiptare n\u00eb Mal t\u00eb Zi, u gjend para sfidave t\u00eb reja. N\u00eb rrethanat\u00eb reja, popullsia shqiptare u gjend para sfidave t\u00eb m\u00ebdha sepse politika e Malit t\u00eb Zi ishte asimiluese, gj\u00eb q\u00eb d\u00ebshmohet me hapjen e shkollave n\u00eb gjuh\u00ebn sllave dhe ndryshimin e identitetit nacional duke iu vendosur mbiemrave prapashtes\u00ebn sllave -viq dhe -iq.<br \/>\nSe nga aneksimi i territoreve t\u00eb banuara me shqiptar\u00eb, politika e Knjaz Nikoll\u00ebs ishte politik\u00eb asimiluese ndaj shqiptar\u00ebve nuk paraqet ndonj\u00eb befasi, ku p\u00ebr di\u00e7kat\u00eb till\u00eb kan\u00eb p\u00ebrdorur metoda perfide p\u00ebr t\u2019ia arritur q\u00ebllimit. K\u00ebshtu n\u00eb An\u00ebn e Sip\u00ebrme, pushtetar\u00ebve t\u00eb rinj iu ka penguar edhe qeleshja apo k\u00ebsula e bardh\u00eb e shqiptar\u00ebve. Andaj, duke eliminuar k\u00ebt\u00eb element t\u00eb identitetit t\u00eb shqiptar\u00ebve kan\u00eb menduar se shqiptar\u00ebt do t\u00eb asimilohen m\u00eb leht\u00eb. K\u00ebshtu, kemi t\u00eb dh\u00ebna se ai shqiptar q\u00eb do t\u00eb mbaj\u00eb kapu\u00e7in e bardh\u00eb do t\u00eb d\u00ebnohej me nj\u00eb napolon ari. Pik\u00ebrisht, p\u00ebr k\u00ebt\u00eb shkak u d\u00ebnua Gje\u00e7i i Tulit nga Ljarja, i cili u detyrua t\u00eb paguaj d\u00ebnimin. (Shih Buzuku, nr.11\/2003)<br \/>\nDhe nga nj\u00eb gjendje e till\u00eb shum\u00eb shqiptar\u00eb me kalimin e koh\u00ebs u detyruan t\u00eb heqin qeleshen e bardh\u00eb, duke e z\u00ebvend\u00ebsuar at\u00eb me ndonj\u00eb tjet\u00ebr p\u00ebr nga forma dhe modeli. Madje nuk \u00ebsht\u00eb numri i vog\u00ebl i atyre q\u00eb me kalimin e koh\u00ebs vendosen n\u00eb kok\u00eb kapic\u00ebn malazeze.<\/p>\n<p>Koha Javore<\/p>\n","protected":false},"excerpt":{"rendered":"<p>Popullsia dhe vendbanimet e Kraj\u00ebs (1948-2011) (2) Nga Dr Nail Draga N\u00eb saj\u00eb t\u00eb kushteve t\u00eb pavolitshme ekonomike n\u00eb k\u00ebt\u00eb mjedis, si munges\u00ebs s\u00eb tok\u00ebs s\u00eb mjaftueshme p\u00ebr bujq\u00ebsi, infrastruktur\u00ebss\u00eb pazhvilluar, munges\u00ebs s\u00eb ujit t\u00eb pijsh\u00ebm e po ashtu edhe larg\u00ebsis\u00eb nga qendra kryesore urbane \u2013 Shkodra, procesi i migrimit t\u00eb popullsis\u00eb ka qen\u00eb dukuri [&hellip;]<\/p>\n","protected":false},"author":1,"featured_media":0,"comment_status":"open","ping_status":"closed","sticky":false,"template":"","format":"standard","meta":{"spay_email":"","jetpack_publicize_message":"","jetpack_is_tweetstorm":false,"jetpack_publicize_feature_enabled":true},"categories":[8],"tags":[],"jetpack_publicize_connections":[],"yoast_head":"<!-- This site is optimized with the Yoast SEO plugin v19.1 - https:\/\/yoast.com\/wordpress\/plugins\/seo\/ -->\n<title>Nail Draga: Migrimi n\u00eb Kraj\u00eb dukuri konstante - Lajme nga Ulqini<\/title>\n<meta name=\"description\" content=\"Popullsia dhe vendbanimet e Kraj\u00ebs (1948-2011) (2) Nga Dr Nail Draga N\u00eb saj\u00eb t\u00eb kushteve t\u00eb pavolitshme ekonomike n\u00eb k\u00ebt\u00eb mjedis, si munges\u00ebs s\u00eb tok\u00ebs s\u00eb\" \/>\n<meta name=\"robots\" content=\"index, follow, max-snippet:-1, max-image-preview:large, max-video-preview:-1\" \/>\n<link rel=\"canonical\" href=\"https:\/\/www.visit-ulcinj.com\/blog\/2012\/08\/07\/nail-draga-migrimi-ne-kraje-dukuri-konstante\/\" \/>\n<meta property=\"og:locale\" content=\"en_US\" \/>\n<meta property=\"og:type\" content=\"article\" \/>\n<meta property=\"og:title\" content=\"Nail Draga: Migrimi n\u00eb Kraj\u00eb dukuri konstante - Lajme nga Ulqini\" \/>\n<meta property=\"og:description\" content=\"Popullsia dhe vendbanimet e Kraj\u00ebs (1948-2011) (2) Nga Dr Nail Draga N\u00eb saj\u00eb t\u00eb kushteve t\u00eb pavolitshme ekonomike n\u00eb k\u00ebt\u00eb mjedis, si munges\u00ebs s\u00eb tok\u00ebs s\u00eb\" \/>\n<meta property=\"og:url\" content=\"https:\/\/www.visit-ulcinj.com\/blog\/2012\/08\/07\/nail-draga-migrimi-ne-kraje-dukuri-konstante\/\" \/>\n<meta property=\"og:site_name\" content=\"Lajme nga Ulqini\" \/>\n<meta property=\"article:published_time\" content=\"2012-08-07T16:00:13+00:00\" \/>\n<meta name=\"twitter:label1\" content=\"Written by\" \/>\n\t<meta name=\"twitter:data1\" content=\"ulqini\" \/>\n\t<meta name=\"twitter:label2\" content=\"Est. reading time\" \/>\n\t<meta name=\"twitter:data2\" content=\"6 minutes\" \/>\n<script type=\"application\/ld+json\" class=\"yoast-schema-graph\">{\"@context\":\"https:\/\/schema.org\",\"@graph\":[{\"@type\":\"WebSite\",\"@id\":\"https:\/\/www.visit-ulcinj.com\/blog\/#website\",\"url\":\"https:\/\/www.visit-ulcinj.com\/blog\/\",\"name\":\"Lajme nga Ulqini\",\"description\":\"Lajme,Vijesti,Ulqini,Ulqin,Crna Gora,Mali i Zi\",\"potentialAction\":[{\"@type\":\"SearchAction\",\"target\":{\"@type\":\"EntryPoint\",\"urlTemplate\":\"https:\/\/www.visit-ulcinj.com\/blog\/?s={search_term_string}\"},\"query-input\":\"required name=search_term_string\"}],\"inLanguage\":\"en-US\"},{\"@type\":\"WebPage\",\"@id\":\"https:\/\/www.visit-ulcinj.com\/blog\/2012\/08\/07\/nail-draga-migrimi-ne-kraje-dukuri-konstante\/#webpage\",\"url\":\"https:\/\/www.visit-ulcinj.com\/blog\/2012\/08\/07\/nail-draga-migrimi-ne-kraje-dukuri-konstante\/\",\"name\":\"Nail Draga: Migrimi n\u00eb Kraj\u00eb dukuri konstante - Lajme nga Ulqini\",\"isPartOf\":{\"@id\":\"https:\/\/www.visit-ulcinj.com\/blog\/#website\"},\"datePublished\":\"2012-08-07T16:00:13+00:00\",\"dateModified\":\"2012-08-07T16:00:13+00:00\",\"author\":{\"@id\":\"https:\/\/www.visit-ulcinj.com\/blog\/#\/schema\/person\/dcab619c614d3038751c63bc2aadc06d\"},\"description\":\"Popullsia dhe vendbanimet e Kraj\u00ebs (1948-2011) (2) Nga Dr Nail Draga N\u00eb saj\u00eb t\u00eb kushteve t\u00eb pavolitshme ekonomike n\u00eb k\u00ebt\u00eb mjedis, si munges\u00ebs s\u00eb tok\u00ebs s\u00eb\",\"breadcrumb\":{\"@id\":\"https:\/\/www.visit-ulcinj.com\/blog\/2012\/08\/07\/nail-draga-migrimi-ne-kraje-dukuri-konstante\/#breadcrumb\"},\"inLanguage\":\"en-US\",\"potentialAction\":[{\"@type\":\"ReadAction\",\"target\":[\"https:\/\/www.visit-ulcinj.com\/blog\/2012\/08\/07\/nail-draga-migrimi-ne-kraje-dukuri-konstante\/\"]}]},{\"@type\":\"BreadcrumbList\",\"@id\":\"https:\/\/www.visit-ulcinj.com\/blog\/2012\/08\/07\/nail-draga-migrimi-ne-kraje-dukuri-konstante\/#breadcrumb\",\"itemListElement\":[{\"@type\":\"ListItem\",\"position\":1,\"name\":\"Nail Draga: Migrimi n\u00eb Kraj\u00eb dukuri konstante\"}]},{\"@type\":\"Person\",\"@id\":\"https:\/\/www.visit-ulcinj.com\/blog\/#\/schema\/person\/dcab619c614d3038751c63bc2aadc06d\",\"name\":\"ulqini\",\"sameAs\":[\"http:\/\/www.visit-ulcinj.com\"],\"url\":\"https:\/\/www.visit-ulcinj.com\/blog\/author\/admin\/\"}]}<\/script>\n<!-- \/ Yoast SEO plugin. -->","yoast_head_json":{"title":"Nail Draga: Migrimi n\u00eb Kraj\u00eb dukuri konstante - Lajme nga Ulqini","description":"Popullsia dhe vendbanimet e Kraj\u00ebs (1948-2011) (2) Nga Dr Nail Draga N\u00eb saj\u00eb t\u00eb kushteve t\u00eb pavolitshme ekonomike n\u00eb k\u00ebt\u00eb mjedis, si munges\u00ebs s\u00eb tok\u00ebs s\u00eb","robots":{"index":"index","follow":"follow","max-snippet":"max-snippet:-1","max-image-preview":"max-image-preview:large","max-video-preview":"max-video-preview:-1"},"canonical":"https:\/\/www.visit-ulcinj.com\/blog\/2012\/08\/07\/nail-draga-migrimi-ne-kraje-dukuri-konstante\/","og_locale":"en_US","og_type":"article","og_title":"Nail Draga: Migrimi n\u00eb Kraj\u00eb dukuri konstante - Lajme nga Ulqini","og_description":"Popullsia dhe vendbanimet e Kraj\u00ebs (1948-2011) (2) Nga Dr Nail Draga N\u00eb saj\u00eb t\u00eb kushteve t\u00eb pavolitshme ekonomike n\u00eb k\u00ebt\u00eb mjedis, si munges\u00ebs s\u00eb tok\u00ebs s\u00eb","og_url":"https:\/\/www.visit-ulcinj.com\/blog\/2012\/08\/07\/nail-draga-migrimi-ne-kraje-dukuri-konstante\/","og_site_name":"Lajme nga Ulqini","article_published_time":"2012-08-07T16:00:13+00:00","twitter_misc":{"Written by":"ulqini","Est. reading time":"6 minutes"},"schema":{"@context":"https:\/\/schema.org","@graph":[{"@type":"WebSite","@id":"https:\/\/www.visit-ulcinj.com\/blog\/#website","url":"https:\/\/www.visit-ulcinj.com\/blog\/","name":"Lajme nga Ulqini","description":"Lajme,Vijesti,Ulqini,Ulqin,Crna Gora,Mali i Zi","potentialAction":[{"@type":"SearchAction","target":{"@type":"EntryPoint","urlTemplate":"https:\/\/www.visit-ulcinj.com\/blog\/?s={search_term_string}"},"query-input":"required name=search_term_string"}],"inLanguage":"en-US"},{"@type":"WebPage","@id":"https:\/\/www.visit-ulcinj.com\/blog\/2012\/08\/07\/nail-draga-migrimi-ne-kraje-dukuri-konstante\/#webpage","url":"https:\/\/www.visit-ulcinj.com\/blog\/2012\/08\/07\/nail-draga-migrimi-ne-kraje-dukuri-konstante\/","name":"Nail Draga: Migrimi n\u00eb Kraj\u00eb dukuri konstante - Lajme nga Ulqini","isPartOf":{"@id":"https:\/\/www.visit-ulcinj.com\/blog\/#website"},"datePublished":"2012-08-07T16:00:13+00:00","dateModified":"2012-08-07T16:00:13+00:00","author":{"@id":"https:\/\/www.visit-ulcinj.com\/blog\/#\/schema\/person\/dcab619c614d3038751c63bc2aadc06d"},"description":"Popullsia dhe vendbanimet e Kraj\u00ebs (1948-2011) (2) Nga Dr Nail Draga N\u00eb saj\u00eb t\u00eb kushteve t\u00eb pavolitshme ekonomike n\u00eb k\u00ebt\u00eb mjedis, si munges\u00ebs s\u00eb tok\u00ebs s\u00eb","breadcrumb":{"@id":"https:\/\/www.visit-ulcinj.com\/blog\/2012\/08\/07\/nail-draga-migrimi-ne-kraje-dukuri-konstante\/#breadcrumb"},"inLanguage":"en-US","potentialAction":[{"@type":"ReadAction","target":["https:\/\/www.visit-ulcinj.com\/blog\/2012\/08\/07\/nail-draga-migrimi-ne-kraje-dukuri-konstante\/"]}]},{"@type":"BreadcrumbList","@id":"https:\/\/www.visit-ulcinj.com\/blog\/2012\/08\/07\/nail-draga-migrimi-ne-kraje-dukuri-konstante\/#breadcrumb","itemListElement":[{"@type":"ListItem","position":1,"name":"Nail Draga: Migrimi n\u00eb Kraj\u00eb dukuri konstante"}]},{"@type":"Person","@id":"https:\/\/www.visit-ulcinj.com\/blog\/#\/schema\/person\/dcab619c614d3038751c63bc2aadc06d","name":"ulqini","sameAs":["http:\/\/www.visit-ulcinj.com"],"url":"https:\/\/www.visit-ulcinj.com\/blog\/author\/admin\/"}]}},"jetpack_featured_media_url":"","jetpack_sharing_enabled":true,"jetpack_shortlink":"https:\/\/wp.me\/pe6lTn-gjp","_links":{"self":[{"href":"https:\/\/www.visit-ulcinj.com\/blog\/wp-json\/wp\/v2\/posts\/62707"}],"collection":[{"href":"https:\/\/www.visit-ulcinj.com\/blog\/wp-json\/wp\/v2\/posts"}],"about":[{"href":"https:\/\/www.visit-ulcinj.com\/blog\/wp-json\/wp\/v2\/types\/post"}],"author":[{"embeddable":true,"href":"https:\/\/www.visit-ulcinj.com\/blog\/wp-json\/wp\/v2\/users\/1"}],"replies":[{"embeddable":true,"href":"https:\/\/www.visit-ulcinj.com\/blog\/wp-json\/wp\/v2\/comments?post=62707"}],"version-history":[{"count":1,"href":"https:\/\/www.visit-ulcinj.com\/blog\/wp-json\/wp\/v2\/posts\/62707\/revisions"}],"predecessor-version":[{"id":62708,"href":"https:\/\/www.visit-ulcinj.com\/blog\/wp-json\/wp\/v2\/posts\/62707\/revisions\/62708"}],"wp:attachment":[{"href":"https:\/\/www.visit-ulcinj.com\/blog\/wp-json\/wp\/v2\/media?parent=62707"}],"wp:term":[{"taxonomy":"category","embeddable":true,"href":"https:\/\/www.visit-ulcinj.com\/blog\/wp-json\/wp\/v2\/categories?post=62707"},{"taxonomy":"post_tag","embeddable":true,"href":"https:\/\/www.visit-ulcinj.com\/blog\/wp-json\/wp\/v2\/tags?post=62707"}],"curies":[{"name":"wp","href":"https:\/\/api.w.org\/{rel}","templated":true}]}}