{"id":62709,"date":"2012-08-07T17:05:12","date_gmt":"2012-08-07T16:05:12","guid":{"rendered":"http:\/\/www.visit-ulcinj.com\/blog\/?p=62709"},"modified":"2012-08-07T17:05:12","modified_gmt":"2012-08-07T16:05:12","slug":"partite-shqiptare-te-bashkura-ne-zgjedhje","status":"publish","type":"post","link":"https:\/\/www.visit-ulcinj.com\/blog\/2012\/08\/07\/partite-shqiptare-te-bashkura-ne-zgjedhje\/","title":{"rendered":"Partit\u00eb shqiptare t\u00eb bashkura n\u00eb zgjedhje ?"},"content":{"rendered":"<p><a href=\"http:\/\/www.visit-ulcinj.com\/blog\/wp-content\/uploads\/2012\/08\/Mehmet-Bardhi_Vasel-Sinistaj_Genci-Nimanbegu_FOTO-MONTAZHE.jpg\"><img loading=\"lazy\" class=\"alignleft  wp-image-62710\" title=\"Mehmet-Bardhi_Vasel-Sinistaj_Genci-Nimanbegu_FOTO-MONTAZHE\" src=\"http:\/\/www.visit-ulcinj.com\/blog\/wp-content\/uploads\/2012\/08\/Mehmet-Bardhi_Vasel-Sinistaj_Genci-Nimanbegu_FOTO-MONTAZHE.jpg\" alt=\"\" width=\"508\" height=\"360\" \/><\/a>Sipas gazet\u00ebs DN, p\u00ebrfaq\u00ebsuesit e partive shqiptare jan\u00eb t\u00eb bindur se me daljen e tyre t\u00eb bashkuar n\u00eb nj\u00eb koalicion do t\u00eb sigurojn\u00eb hyrjen n\u00eb Kuv\u00ebnd.<\/p>\n<p>DN sqaron se me nd\u00ebrrimin e ligjit zgjedhor, partive shqiptare u jan\u00eb nd\u00ebrpre mandatet e garantuara, \u00e7ka do t\u00eb thot\u00eb se n\u00eb zgjedhjet e ardhshme n\u00eb vjesht\u00eb, partit\u00eb shqiptare duhet t\u00eb garojn\u00eb me partit\u00eb tjera p\u00ebr hyrje n\u00eb parlament.<br \/>\nP\u00ebr p\u00ebrfaq\u00ebsuesit e partive shqiptare \u00ebsht\u00eb m\u00eb e r\u00ebnd\u00ebsishme bashkimi i tyre sesa bashkimi n\u00eb frontin opozitar\u00eb demokratik, shkruan DN.<\/p>\n<p>Kryetari i LDMZ <strong>Mehmet Bardhi<\/strong> sqaroi se synimi i tyre \u00ebsht\u00eb fitimi i 5 mandateve n\u00eb parlament, e kjo \u00ebsht\u00eb e mundshme vet\u00ebm n\u00ebse krijojn\u00eb nj\u00eb koalicion t\u00eb vet\u00ebm.<\/p>\n<p>Q\u00ebndrim t\u00eb ngjash\u00ebm ka edhe deputeti i Forc\u00ebs, <strong>Genci Nimanbegu<\/strong> i cili tha se kishin takime me p\u00ebrfaq\u00ebsues t\u00eb partive shqiptare dhe shpreson q\u00eb gjat\u00eb 7 dit\u00ebve t\u00eb ardhshme, gjith\u00e7ka do t\u00eb jet\u00eb m\u00eb e qart\u00eb.<br \/>\nNimanbegu megjithat\u00eb sqaron se sipas tij do t\u00eb krijohen 2 lista shqiptare, pasi ekzistojn\u00eb partit\u00eb t\u00eb cilat k\u00ebrkojn\u00eb arritjen dhe avancimin e t\u00eb drejtave p\u00ebr shqiptar\u00ebt dhe n\u00eb tjetr\u00ebn an\u00eb jan\u00eb partit\u00eb n\u00eb krye me Unionin Demokratik t\u00eb Shqiptar\u00ebve t\u00eb cil\u00ebt kan\u00eb ul\u00eb k\u00ebrkesat p\u00ebr shqiptar\u00ebt.<\/p>\n<p>Edhe deputeti i Perspektiv\u00ebs, <strong>Vasel Sinishtaj<\/strong> p\u00ebrkrah\u00eb daljen unike t\u00eb p\u00ebrfaq\u00ebsuesve t\u00eb popullit shqiptar\u00eb n\u00eb zgjedhjet e ardhshme, sepse kjo sipas tij \u00ebsht\u00eb m\u00eb e r\u00ebnd\u00ebsishmja, q\u00eb shqiptar\u00ebt t\u00eb dalin t\u00eb bashkuar n\u00eb zgjedhje.<br \/>\nSinishtaj sqaroi se koalicioni duhet t\u00eb jet\u00eb sa m\u00eb i gjer\u00eb dhe se bisedimet deri me tani jan\u00eb duke shkuar mir\u00eb por ka ende gjera p\u00ebr t\u00eb cilat duhet biseduar. \u00a0Ai thekson se lista shqiptare duhet t\u00eb formohet n\u00eb koh\u00eb sa m\u00eb t\u00eb shkurt\u00eb. \u201cN\u00ebse list\u00ebn nuk e dor\u00ebzojm\u00eb n\u00eb koh\u00eb at\u00ebher\u00eb m\u00eb mir\u00eb mos ta dor\u00ebzojm\u00eb fare\u201d, tha Sinishtaj. \/Malesia.Org\/<\/p>\n","protected":false},"excerpt":{"rendered":"<p>Sipas gazet\u00ebs DN, p\u00ebrfaq\u00ebsuesit e partive shqiptare jan\u00eb t\u00eb bindur se me daljen e tyre t\u00eb bashkuar n\u00eb nj\u00eb koalicion do t\u00eb sigurojn\u00eb hyrjen n\u00eb Kuv\u00ebnd. DN sqaron se me nd\u00ebrrimin e ligjit zgjedhor, partive shqiptare u jan\u00eb nd\u00ebrpre mandatet e garantuara, \u00e7ka do t\u00eb thot\u00eb se n\u00eb zgjedhjet e ardhshme n\u00eb vjesht\u00eb, partit\u00eb shqiptare [&hellip;]<\/p>\n","protected":false},"author":1,"featured_media":0,"comment_status":"open","ping_status":"closed","sticky":false,"template":"","format":"standard","meta":{"spay_email":"","jetpack_publicize_message":"","jetpack_is_tweetstorm":false,"jetpack_publicize_feature_enabled":true},"categories":[6],"tags":[],"jetpack_publicize_connections":[],"yoast_head":"<!-- This site is optimized with the Yoast SEO plugin v19.1 - https:\/\/yoast.com\/wordpress\/plugins\/seo\/ -->\n<title>Partit\u00eb shqiptare t\u00eb bashkura n\u00eb zgjedhje ? - Lajme nga Ulqini<\/title>\n<meta name=\"description\" content=\"Sipas gazet\u00ebs DN, p\u00ebrfaq\u00ebsuesit e partive shqiptare jan\u00eb t\u00eb bindur se me daljen e tyre t\u00eb bashkuar n\u00eb nj\u00eb koalicion do t\u00eb sigurojn\u00eb hyrjen n\u00eb Kuv\u00ebnd. DN\" \/>\n<meta name=\"robots\" content=\"index, follow, max-snippet:-1, max-image-preview:large, max-video-preview:-1\" \/>\n<link rel=\"canonical\" href=\"https:\/\/www.visit-ulcinj.com\/blog\/2012\/08\/07\/partite-shqiptare-te-bashkura-ne-zgjedhje\/\" \/>\n<meta property=\"og:locale\" content=\"en_US\" \/>\n<meta property=\"og:type\" content=\"article\" \/>\n<meta property=\"og:title\" content=\"Partit\u00eb shqiptare t\u00eb bashkura n\u00eb zgjedhje ? - Lajme nga Ulqini\" \/>\n<meta property=\"og:description\" content=\"Sipas gazet\u00ebs DN, p\u00ebrfaq\u00ebsuesit e partive shqiptare jan\u00eb t\u00eb bindur se me daljen e tyre t\u00eb bashkuar n\u00eb nj\u00eb koalicion do t\u00eb sigurojn\u00eb hyrjen n\u00eb Kuv\u00ebnd. DN\" \/>\n<meta property=\"og:url\" content=\"https:\/\/www.visit-ulcinj.com\/blog\/2012\/08\/07\/partite-shqiptare-te-bashkura-ne-zgjedhje\/\" \/>\n<meta property=\"og:site_name\" content=\"Lajme nga Ulqini\" \/>\n<meta property=\"article:published_time\" content=\"2012-08-07T16:05:12+00:00\" \/>\n<meta property=\"og:image\" content=\"http:\/\/www.visit-ulcinj.com\/blog\/wp-content\/uploads\/2012\/08\/Mehmet-Bardhi_Vasel-Sinistaj_Genci-Nimanbegu_FOTO-MONTAZHE.jpg\" \/>\n<meta name=\"twitter:label1\" content=\"Written by\" \/>\n\t<meta name=\"twitter:data1\" content=\"ulqini\" \/>\n\t<meta name=\"twitter:label2\" content=\"Est. reading time\" \/>\n\t<meta name=\"twitter:data2\" content=\"2 minutes\" \/>\n<script type=\"application\/ld+json\" class=\"yoast-schema-graph\">{\"@context\":\"https:\/\/schema.org\",\"@graph\":[{\"@type\":\"WebSite\",\"@id\":\"https:\/\/www.visit-ulcinj.com\/blog\/#website\",\"url\":\"https:\/\/www.visit-ulcinj.com\/blog\/\",\"name\":\"Lajme nga Ulqini\",\"description\":\"Lajme,Vijesti,Ulqini,Ulqin,Crna Gora,Mali i Zi\",\"potentialAction\":[{\"@type\":\"SearchAction\",\"target\":{\"@type\":\"EntryPoint\",\"urlTemplate\":\"https:\/\/www.visit-ulcinj.com\/blog\/?s={search_term_string}\"},\"query-input\":\"required name=search_term_string\"}],\"inLanguage\":\"en-US\"},{\"@type\":\"ImageObject\",\"inLanguage\":\"en-US\",\"@id\":\"https:\/\/www.visit-ulcinj.com\/blog\/2012\/08\/07\/partite-shqiptare-te-bashkura-ne-zgjedhje\/#primaryimage\",\"url\":\"https:\/\/www.visit-ulcinj.com\/blog\/wp-content\/uploads\/2012\/08\/Mehmet-Bardhi_Vasel-Sinistaj_Genci-Nimanbegu_FOTO-MONTAZHE.jpg\",\"contentUrl\":\"https:\/\/www.visit-ulcinj.com\/blog\/wp-content\/uploads\/2012\/08\/Mehmet-Bardhi_Vasel-Sinistaj_Genci-Nimanbegu_FOTO-MONTAZHE.jpg\",\"width\":\"792\",\"height\":\"677\"},{\"@type\":\"WebPage\",\"@id\":\"https:\/\/www.visit-ulcinj.com\/blog\/2012\/08\/07\/partite-shqiptare-te-bashkura-ne-zgjedhje\/#webpage\",\"url\":\"https:\/\/www.visit-ulcinj.com\/blog\/2012\/08\/07\/partite-shqiptare-te-bashkura-ne-zgjedhje\/\",\"name\":\"Partit\u00eb shqiptare t\u00eb bashkura n\u00eb zgjedhje ? - Lajme nga Ulqini\",\"isPartOf\":{\"@id\":\"https:\/\/www.visit-ulcinj.com\/blog\/#website\"},\"primaryImageOfPage\":{\"@id\":\"https:\/\/www.visit-ulcinj.com\/blog\/2012\/08\/07\/partite-shqiptare-te-bashkura-ne-zgjedhje\/#primaryimage\"},\"datePublished\":\"2012-08-07T16:05:12+00:00\",\"dateModified\":\"2012-08-07T16:05:12+00:00\",\"author\":{\"@id\":\"https:\/\/www.visit-ulcinj.com\/blog\/#\/schema\/person\/dcab619c614d3038751c63bc2aadc06d\"},\"description\":\"Sipas gazet\u00ebs DN, p\u00ebrfaq\u00ebsuesit e partive shqiptare jan\u00eb t\u00eb bindur se me daljen e tyre t\u00eb bashkuar n\u00eb nj\u00eb koalicion do t\u00eb sigurojn\u00eb hyrjen n\u00eb Kuv\u00ebnd. DN\",\"breadcrumb\":{\"@id\":\"https:\/\/www.visit-ulcinj.com\/blog\/2012\/08\/07\/partite-shqiptare-te-bashkura-ne-zgjedhje\/#breadcrumb\"},\"inLanguage\":\"en-US\",\"potentialAction\":[{\"@type\":\"ReadAction\",\"target\":[\"https:\/\/www.visit-ulcinj.com\/blog\/2012\/08\/07\/partite-shqiptare-te-bashkura-ne-zgjedhje\/\"]}]},{\"@type\":\"BreadcrumbList\",\"@id\":\"https:\/\/www.visit-ulcinj.com\/blog\/2012\/08\/07\/partite-shqiptare-te-bashkura-ne-zgjedhje\/#breadcrumb\",\"itemListElement\":[{\"@type\":\"ListItem\",\"position\":1,\"name\":\"Partit\u00eb shqiptare t\u00eb bashkura n\u00eb zgjedhje ?\"}]},{\"@type\":\"Person\",\"@id\":\"https:\/\/www.visit-ulcinj.com\/blog\/#\/schema\/person\/dcab619c614d3038751c63bc2aadc06d\",\"name\":\"ulqini\",\"sameAs\":[\"http:\/\/www.visit-ulcinj.com\"],\"url\":\"https:\/\/www.visit-ulcinj.com\/blog\/author\/admin\/\"}]}<\/script>\n<!-- \/ Yoast SEO plugin. -->","yoast_head_json":{"title":"Partit\u00eb shqiptare t\u00eb bashkura n\u00eb zgjedhje ? - Lajme nga Ulqini","description":"Sipas gazet\u00ebs DN, p\u00ebrfaq\u00ebsuesit e partive shqiptare jan\u00eb t\u00eb bindur se me daljen e tyre t\u00eb bashkuar n\u00eb nj\u00eb koalicion do t\u00eb sigurojn\u00eb hyrjen n\u00eb Kuv\u00ebnd. DN","robots":{"index":"index","follow":"follow","max-snippet":"max-snippet:-1","max-image-preview":"max-image-preview:large","max-video-preview":"max-video-preview:-1"},"canonical":"https:\/\/www.visit-ulcinj.com\/blog\/2012\/08\/07\/partite-shqiptare-te-bashkura-ne-zgjedhje\/","og_locale":"en_US","og_type":"article","og_title":"Partit\u00eb shqiptare t\u00eb bashkura n\u00eb zgjedhje ? - Lajme nga Ulqini","og_description":"Sipas gazet\u00ebs DN, p\u00ebrfaq\u00ebsuesit e partive shqiptare jan\u00eb t\u00eb bindur se me daljen e tyre t\u00eb bashkuar n\u00eb nj\u00eb koalicion do t\u00eb sigurojn\u00eb hyrjen n\u00eb Kuv\u00ebnd. DN","og_url":"https:\/\/www.visit-ulcinj.com\/blog\/2012\/08\/07\/partite-shqiptare-te-bashkura-ne-zgjedhje\/","og_site_name":"Lajme nga Ulqini","article_published_time":"2012-08-07T16:05:12+00:00","og_image":[{"url":"http:\/\/www.visit-ulcinj.com\/blog\/wp-content\/uploads\/2012\/08\/Mehmet-Bardhi_Vasel-Sinistaj_Genci-Nimanbegu_FOTO-MONTAZHE.jpg"}],"twitter_misc":{"Written by":"ulqini","Est. reading time":"2 minutes"},"schema":{"@context":"https:\/\/schema.org","@graph":[{"@type":"WebSite","@id":"https:\/\/www.visit-ulcinj.com\/blog\/#website","url":"https:\/\/www.visit-ulcinj.com\/blog\/","name":"Lajme nga Ulqini","description":"Lajme,Vijesti,Ulqini,Ulqin,Crna Gora,Mali i Zi","potentialAction":[{"@type":"SearchAction","target":{"@type":"EntryPoint","urlTemplate":"https:\/\/www.visit-ulcinj.com\/blog\/?s={search_term_string}"},"query-input":"required name=search_term_string"}],"inLanguage":"en-US"},{"@type":"ImageObject","inLanguage":"en-US","@id":"https:\/\/www.visit-ulcinj.com\/blog\/2012\/08\/07\/partite-shqiptare-te-bashkura-ne-zgjedhje\/#primaryimage","url":"https:\/\/www.visit-ulcinj.com\/blog\/wp-content\/uploads\/2012\/08\/Mehmet-Bardhi_Vasel-Sinistaj_Genci-Nimanbegu_FOTO-MONTAZHE.jpg","contentUrl":"https:\/\/www.visit-ulcinj.com\/blog\/wp-content\/uploads\/2012\/08\/Mehmet-Bardhi_Vasel-Sinistaj_Genci-Nimanbegu_FOTO-MONTAZHE.jpg","width":"792","height":"677"},{"@type":"WebPage","@id":"https:\/\/www.visit-ulcinj.com\/blog\/2012\/08\/07\/partite-shqiptare-te-bashkura-ne-zgjedhje\/#webpage","url":"https:\/\/www.visit-ulcinj.com\/blog\/2012\/08\/07\/partite-shqiptare-te-bashkura-ne-zgjedhje\/","name":"Partit\u00eb shqiptare t\u00eb bashkura n\u00eb zgjedhje ? - Lajme nga Ulqini","isPartOf":{"@id":"https:\/\/www.visit-ulcinj.com\/blog\/#website"},"primaryImageOfPage":{"@id":"https:\/\/www.visit-ulcinj.com\/blog\/2012\/08\/07\/partite-shqiptare-te-bashkura-ne-zgjedhje\/#primaryimage"},"datePublished":"2012-08-07T16:05:12+00:00","dateModified":"2012-08-07T16:05:12+00:00","author":{"@id":"https:\/\/www.visit-ulcinj.com\/blog\/#\/schema\/person\/dcab619c614d3038751c63bc2aadc06d"},"description":"Sipas gazet\u00ebs DN, p\u00ebrfaq\u00ebsuesit e partive shqiptare jan\u00eb t\u00eb bindur se me daljen e tyre t\u00eb bashkuar n\u00eb nj\u00eb koalicion do t\u00eb sigurojn\u00eb hyrjen n\u00eb Kuv\u00ebnd. DN","breadcrumb":{"@id":"https:\/\/www.visit-ulcinj.com\/blog\/2012\/08\/07\/partite-shqiptare-te-bashkura-ne-zgjedhje\/#breadcrumb"},"inLanguage":"en-US","potentialAction":[{"@type":"ReadAction","target":["https:\/\/www.visit-ulcinj.com\/blog\/2012\/08\/07\/partite-shqiptare-te-bashkura-ne-zgjedhje\/"]}]},{"@type":"BreadcrumbList","@id":"https:\/\/www.visit-ulcinj.com\/blog\/2012\/08\/07\/partite-shqiptare-te-bashkura-ne-zgjedhje\/#breadcrumb","itemListElement":[{"@type":"ListItem","position":1,"name":"Partit\u00eb shqiptare t\u00eb bashkura n\u00eb zgjedhje ?"}]},{"@type":"Person","@id":"https:\/\/www.visit-ulcinj.com\/blog\/#\/schema\/person\/dcab619c614d3038751c63bc2aadc06d","name":"ulqini","sameAs":["http:\/\/www.visit-ulcinj.com"],"url":"https:\/\/www.visit-ulcinj.com\/blog\/author\/admin\/"}]}},"jetpack_featured_media_url":"","jetpack_sharing_enabled":true,"jetpack_shortlink":"https:\/\/wp.me\/pe6lTn-gjr","_links":{"self":[{"href":"https:\/\/www.visit-ulcinj.com\/blog\/wp-json\/wp\/v2\/posts\/62709"}],"collection":[{"href":"https:\/\/www.visit-ulcinj.com\/blog\/wp-json\/wp\/v2\/posts"}],"about":[{"href":"https:\/\/www.visit-ulcinj.com\/blog\/wp-json\/wp\/v2\/types\/post"}],"author":[{"embeddable":true,"href":"https:\/\/www.visit-ulcinj.com\/blog\/wp-json\/wp\/v2\/users\/1"}],"replies":[{"embeddable":true,"href":"https:\/\/www.visit-ulcinj.com\/blog\/wp-json\/wp\/v2\/comments?post=62709"}],"version-history":[{"count":1,"href":"https:\/\/www.visit-ulcinj.com\/blog\/wp-json\/wp\/v2\/posts\/62709\/revisions"}],"predecessor-version":[{"id":62711,"href":"https:\/\/www.visit-ulcinj.com\/blog\/wp-json\/wp\/v2\/posts\/62709\/revisions\/62711"}],"wp:attachment":[{"href":"https:\/\/www.visit-ulcinj.com\/blog\/wp-json\/wp\/v2\/media?parent=62709"}],"wp:term":[{"taxonomy":"category","embeddable":true,"href":"https:\/\/www.visit-ulcinj.com\/blog\/wp-json\/wp\/v2\/categories?post=62709"},{"taxonomy":"post_tag","embeddable":true,"href":"https:\/\/www.visit-ulcinj.com\/blog\/wp-json\/wp\/v2\/tags?post=62709"}],"curies":[{"name":"wp","href":"https:\/\/api.w.org\/{rel}","templated":true}]}}