{"id":62713,"date":"2012-08-07T18:07:36","date_gmt":"2012-08-07T17:07:36","guid":{"rendered":"http:\/\/www.visit-ulcinj.com\/blog\/?p=62713"},"modified":"2012-08-09T20:26:31","modified_gmt":"2012-08-09T19:26:31","slug":"basha-pret-kreun-e-komunes-se-ulqinit-z-nasif-cungun","status":"publish","type":"post","link":"https:\/\/www.visit-ulcinj.com\/blog\/2012\/08\/07\/basha-pret-kreun-e-komunes-se-ulqinit-z-nasif-cungun\/","title":{"rendered":"Basha pret kreun e Komun\u00ebs s\u00eb Ulqinit z.Nasif Cungun &#8211; Foto &#8211; Kumtese"},"content":{"rendered":"<p><a href=\"http:\/\/www.visit-ulcinj.com\/blog\/wp-content\/uploads\/2012\/08\/Basha-pret-kreun-e-Komun\u00ebs-s\u00eb-Ulqinit-z.Nasif-Cungu.2.jpg\"><img loading=\"lazy\" class=\"alignleft  wp-image-62714\" title=\"Basha pret kreun e Komun\u00ebs s\u00eb Ulqinit z.Nasif Cungu.2\" src=\"http:\/\/www.visit-ulcinj.com\/blog\/wp-content\/uploads\/2012\/08\/Basha-pret-kreun-e-Komun\u00ebs-s\u00eb-Ulqinit-z.Nasif-Cungu.2.jpg\" alt=\"\" width=\"508\" height=\"379\" \/><\/a>Kreu i Komun\u00ebs s\u00eb Ulqinit shoq\u00ebrohej nga deputet\u00ebt Vasel Sinishtaj e Genci Nimanbegu si dhe kreu i PDSH-s\u00eb n\u00eb Malit t\u00eb Zi, z.Fatmir Gjeka.<\/p>\n<p style=\"text-align: center;\"><strong>Kumtese per opinion<\/strong><\/p>\n<p>Kryetari i Komunes se Ulqinit,z.Nazif Cungu, me nje delegacion me perfaqesues politik shqiptar nga Mali I Zi paten nje vizite pune ne Tirane me kryebashkiakun e Tiranes z. Lulzim Basha.<br \/>\nPervec z.Cungu ne delegacionin nga Mali I Zi te pranishem ishin edhe deputetet Genci Nimanbegu dhe Vasel Sinishtaj si dhe Kryetari I Partise demokratike, z.Fatmir Gjeka, kurse nga ana tjeter ne kabinetin e Bashes ishte i pranishem edhe nenkryetari I bashkise se Tiranes Petrit Vasili.<br \/>\nKy takim kishte per qellim njohjen me nga afer te z. Bashes per zhvillimet me te fundit ne Mal te Zi, me theks te vecant per komunitetin shqiptar si dhe mundesi te ndryshme bashkepunimi ne nivel rajonal e nderkombetar.<br \/>\nz.Cungu se pari e falenderoi z.Bashen per kete takim dhe pastaj e njoftoi me gjendjen aktuale n\u00eb Mal te Zi sidomos ne qytetin e Ulqinit duke i spjeguar atij te arriturat qe I ka pasur kjo komune Brendame pak se nje viti te qeverisjes se ketij pushtet sic jane planet urbanistike, hapja e rruges Sukubine-Muriqan, hapja e deponjes sanitare, pastaj eshte duke u punuar ne planin hapsinore te Ulqinit si dhe masterplani per Plazhin e Madh te cilet per Ulqinin jane shume te rendesishem.<br \/>\nNd\u00ebr problemet m\u00eb t\u00eb r\u00ebnd\u00ebsishme te cilat jane paraqitur gjate takimit ishte legalizimi i objekteve nd\u00ebrtimore dhe gjetja e nje modeli te pershtatshem dhe efikas.<br \/>\nEdhe deputeti Genci Nimanbegu gjate bisedes me z.Bashen shprehu kenaqesine e ketij takimi duke I shpalosur disa nga aktivitetet e tij si deputet ne Parlamentin e Malit te Zi,per veshtiresite te cilat I hasin si politikan shqiptare dhe per mundesite te cilat ju jepen qe me punen e tyre te ndryshojne dicka.<br \/>\nNder problemet kryesore me te cilat jane ballafaquar si deputet ishin edhe ligji zgjedhor me te cilin shqiptaret I kane hup mandatet e garantuara, pastaj ligji mbi ruajtjen e rendit dhe qetesise, ku cenohet perdorimi I flamurit kombetar, etj\u2026<br \/>\nDeputeti nga Malesia, Vasel Sinishtaj poashtu e falenderoi z. Bashen per kete takim dhe ii prezentoi nga afer pune dhe veprimtarine e tij ne kuvendin e Malit te Zi duke e njoftuar me iniciativen e fundit te cilen e kane dorezuar Ai dhe z.Nimanbegu lidhur me statusin e Malesise qe ajo te behet komune e plote.<\/p>\n<p>Kryetari I Partise demokratike z.Fatmir Gjeka gjate bisedes se tij me z.Bashen u fokusua me teper tek prezentimi I partise se tij, planet dhe programin e veprimit qe do ta bejne ne te ardhmen si parti shqiptare.<br \/>\nPoashtu gjate takimit ne mes te bashkebiseduesve u diskutua mbi ceshtjen e bashkepunimit ne mes te dy vendeve te cilat se bashku fituan IPA projektin per biznese te vogla dhe te mesme si dhe mundesine e shkembimit te pervojes se administrimit me qellim qe eksperiencat positive qe ka Tirana te perdoren edhe ne Ulqin duke paralajmeruar se se shpejti nje ekip I specializuar I Bashkise se Tiranes do te qendroje ne Komunen e Ulqinit per te percjellur eksperiencat e tyre ne sistemin e vjeljes se taksave.<br \/>\nZ.Basha per mysafiret nga Ulqini shtroi edhe nje dreke ku te pranishem ishin edhe Ministri I puneve te Brendshme Florin Noka dhe deputeti Gerti Bogdani.<br \/>\nNe perfundim te takimit ne Tirane u be edhe nje takim I shkurt,por vellazeror edhe me kryeministrin dr.Sali Berisha me c rast u rikonfirmua edhe mbeshtetja e tij qe Malesia-Tuzi te kete statusin e komunes se plote.<\/p>\n<p><strong>Sherbimi per informim i Forc\u00ebs<br \/>\n\n\t\t<style type=\"text\/css\">\n\t\t\t#gallery-1 {\n\t\t\t\tmargin: auto;\n\t\t\t}\n\t\t\t#gallery-1 .gallery-item {\n\t\t\t\tfloat: left;\n\t\t\t\tmargin-top: 10px;\n\t\t\t\ttext-align: center;\n\t\t\t\twidth: 33%;\n\t\t\t}\n\t\t\t#gallery-1 img {\n\t\t\t\tborder: 2px solid #cfcfcf;\n\t\t\t}\n\t\t\t#gallery-1 .gallery-caption {\n\t\t\t\tmargin-left: 0;\n\t\t\t}\n\t\t\t\/* see gallery_shortcode() in wp-includes\/media.php *\/\n\t\t<\/style>\n\t\t<div id='gallery-1' class='gallery galleryid-62713 gallery-columns-3 gallery-size-thumbnail'><dl class='gallery-item'>\n\t\t\t<dt class='gallery-icon landscape'>\n\t\t\t\t<a href='https:\/\/www.visit-ulcinj.com\/blog\/wp-content\/uploads\/2012\/08\/Basha-pret-kreun-e-Komun\u00ebs-s\u00eb-Ulqinit-z.Nasif-Cungu.2.jpg'><img width=\"150\" height=\"150\" src=\"https:\/\/www.visit-ulcinj.com\/blog\/wp-content\/uploads\/2012\/08\/Basha-pret-kreun-e-Komun\u00ebs-s\u00eb-Ulqinit-z.Nasif-Cungu.2-150x150.jpg\" class=\"attachment-thumbnail size-thumbnail\" alt=\"\" loading=\"lazy\" \/><\/a>\n\t\t\t<\/dt><\/dl><dl class='gallery-item'>\n\t\t\t<dt class='gallery-icon landscape'>\n\t\t\t\t<a href='https:\/\/www.visit-ulcinj.com\/blog\/wp-content\/uploads\/2012\/08\/Basha-pret-kreun-e-Komun\u00ebs-s\u00eb-Ulqinit-z.Nasif-Cungu.3.jpg'><img width=\"150\" height=\"150\" src=\"https:\/\/www.visit-ulcinj.com\/blog\/wp-content\/uploads\/2012\/08\/Basha-pret-kreun-e-Komun\u00ebs-s\u00eb-Ulqinit-z.Nasif-Cungu.3-150x150.jpg\" class=\"attachment-thumbnail size-thumbnail\" alt=\"\" loading=\"lazy\" \/><\/a>\n\t\t\t<\/dt><\/dl><dl class='gallery-item'>\n\t\t\t<dt class='gallery-icon landscape'>\n\t\t\t\t<a href='https:\/\/www.visit-ulcinj.com\/blog\/wp-content\/uploads\/2012\/08\/Basha-pret-kreun-e-Komun\u00ebs-s\u00eb-Ulqinit-z.Nasif-Cungu.jpg'><img width=\"150\" height=\"150\" src=\"https:\/\/www.visit-ulcinj.com\/blog\/wp-content\/uploads\/2012\/08\/Basha-pret-kreun-e-Komun\u00ebs-s\u00eb-Ulqinit-z.Nasif-Cungu-150x150.jpg\" class=\"attachment-thumbnail size-thumbnail\" alt=\"\" loading=\"lazy\" \/><\/a>\n\t\t\t<\/dt><\/dl><br style=\"clear: both\" \/><dl class='gallery-item'>\n\t\t\t<dt class='gallery-icon landscape'>\n\t\t\t\t<a href='https:\/\/www.visit-ulcinj.com\/blog\/wp-content\/uploads\/2012\/08\/Basha-pret-kreun-e-Komun\u00ebs-s\u00eb-Ulqinit-z.Nasif-Cungun.3.jpg'><img width=\"150\" height=\"150\" src=\"https:\/\/www.visit-ulcinj.com\/blog\/wp-content\/uploads\/2012\/08\/Basha-pret-kreun-e-Komun\u00ebs-s\u00eb-Ulqinit-z.Nasif-Cungun.3-150x150.jpg\" class=\"attachment-thumbnail size-thumbnail\" alt=\"\" loading=\"lazy\" \/><\/a>\n\t\t\t<\/dt><\/dl><dl class='gallery-item'>\n\t\t\t<dt class='gallery-icon landscape'>\n\t\t\t\t<a href='https:\/\/www.visit-ulcinj.com\/blog\/wp-content\/uploads\/2012\/08\/Basha-pret-kreun-e-Komun\u00ebs-s\u00eb-Ulqinit-z.Nasif-Cungun.4.jpg'><img width=\"150\" height=\"150\" src=\"https:\/\/www.visit-ulcinj.com\/blog\/wp-content\/uploads\/2012\/08\/Basha-pret-kreun-e-Komun\u00ebs-s\u00eb-Ulqinit-z.Nasif-Cungun.4-150x150.jpg\" class=\"attachment-thumbnail size-thumbnail\" alt=\"\" loading=\"lazy\" \/><\/a>\n\t\t\t<\/dt><\/dl><dl class='gallery-item'>\n\t\t\t<dt class='gallery-icon landscape'>\n\t\t\t\t<a href='https:\/\/www.visit-ulcinj.com\/blog\/wp-content\/uploads\/2012\/08\/Basha-pret-kreun-e-Komun\u00ebs-s\u00eb-Ulqinit-z.Nasif-Cungun.5.jpg'><img width=\"150\" height=\"150\" src=\"https:\/\/www.visit-ulcinj.com\/blog\/wp-content\/uploads\/2012\/08\/Basha-pret-kreun-e-Komun\u00ebs-s\u00eb-Ulqinit-z.Nasif-Cungun.5-150x150.jpg\" class=\"attachment-thumbnail size-thumbnail\" alt=\"\" loading=\"lazy\" \/><\/a>\n\t\t\t<\/dt><\/dl><br style=\"clear: both\" \/><dl class='gallery-item'>\n\t\t\t<dt class='gallery-icon landscape'>\n\t\t\t\t<a href='https:\/\/www.visit-ulcinj.com\/blog\/wp-content\/uploads\/2012\/08\/Basha-pret-kreun-e-Komun\u00ebs-s\u00eb-Ulqinit-z.Nasif-Cungun.6.jpg'><img width=\"150\" height=\"150\" src=\"https:\/\/www.visit-ulcinj.com\/blog\/wp-content\/uploads\/2012\/08\/Basha-pret-kreun-e-Komun\u00ebs-s\u00eb-Ulqinit-z.Nasif-Cungun.6-150x150.jpg\" class=\"attachment-thumbnail size-thumbnail\" alt=\"\" loading=\"lazy\" \/><\/a>\n\t\t\t<\/dt><\/dl><dl class='gallery-item'>\n\t\t\t<dt class='gallery-icon landscape'>\n\t\t\t\t<a href='https:\/\/www.visit-ulcinj.com\/blog\/wp-content\/uploads\/2012\/08\/Basha-pret-kreun-e-Komun\u00ebs-s\u00eb-Ulqinit-z.Nasif-Cungun.7.jpg'><img width=\"150\" height=\"150\" src=\"https:\/\/www.visit-ulcinj.com\/blog\/wp-content\/uploads\/2012\/08\/Basha-pret-kreun-e-Komun\u00ebs-s\u00eb-Ulqinit-z.Nasif-Cungun.7-150x150.jpg\" class=\"attachment-thumbnail size-thumbnail\" alt=\"\" loading=\"lazy\" \/><\/a>\n\t\t\t<\/dt><\/dl><dl class='gallery-item'>\n\t\t\t<dt class='gallery-icon landscape'>\n\t\t\t\t<a href='https:\/\/www.visit-ulcinj.com\/blog\/wp-content\/uploads\/2012\/08\/Basha-pret-kreun-e-Komun\u00ebs-s\u00eb-Ulqinit-z.Nasif-Cungun.8.jpg'><img width=\"150\" height=\"150\" src=\"https:\/\/www.visit-ulcinj.com\/blog\/wp-content\/uploads\/2012\/08\/Basha-pret-kreun-e-Komun\u00ebs-s\u00eb-Ulqinit-z.Nasif-Cungun.8-150x150.jpg\" class=\"attachment-thumbnail size-thumbnail\" alt=\"\" loading=\"lazy\" \/><\/a>\n\t\t\t<\/dt><\/dl><br style=\"clear: both\" \/><dl class='gallery-item'>\n\t\t\t<dt class='gallery-icon landscape'>\n\t\t\t\t<a href='https:\/\/www.visit-ulcinj.com\/blog\/wp-content\/uploads\/2012\/08\/Basha-pret-kreun-e-Komun\u00ebs-s\u00eb-Ulqinit-z.Nasif-Cungun.9.jpg'><img width=\"150\" height=\"150\" src=\"https:\/\/www.visit-ulcinj.com\/blog\/wp-content\/uploads\/2012\/08\/Basha-pret-kreun-e-Komun\u00ebs-s\u00eb-Ulqinit-z.Nasif-Cungun.9-150x150.jpg\" class=\"attachment-thumbnail size-thumbnail\" alt=\"\" loading=\"lazy\" \/><\/a>\n\t\t\t<\/dt><\/dl><dl class='gallery-item'>\n\t\t\t<dt class='gallery-icon landscape'>\n\t\t\t\t<a href='https:\/\/www.visit-ulcinj.com\/blog\/wp-content\/uploads\/2012\/08\/Basha-pret-kreun-e-Komun\u00ebs-s\u00eb-Ulqinit-z.Nasif-Cungun.10.jpg'><img width=\"150\" height=\"150\" src=\"https:\/\/www.visit-ulcinj.com\/blog\/wp-content\/uploads\/2012\/08\/Basha-pret-kreun-e-Komun\u00ebs-s\u00eb-Ulqinit-z.Nasif-Cungun.10-150x150.jpg\" class=\"attachment-thumbnail size-thumbnail\" alt=\"\" loading=\"lazy\" \/><\/a>\n\t\t\t<\/dt><\/dl><dl class='gallery-item'>\n\t\t\t<dt class='gallery-icon landscape'>\n\t\t\t\t<a href='https:\/\/www.visit-ulcinj.com\/blog\/wp-content\/uploads\/2012\/08\/Basha-pret-kreun-e-Komun\u00ebs-s\u00eb-Ulqinit-z.Nasif-Cungun.11.jpg'><img width=\"150\" height=\"150\" src=\"https:\/\/www.visit-ulcinj.com\/blog\/wp-content\/uploads\/2012\/08\/Basha-pret-kreun-e-Komun\u00ebs-s\u00eb-Ulqinit-z.Nasif-Cungun.11-150x150.jpg\" class=\"attachment-thumbnail size-thumbnail\" alt=\"\" loading=\"lazy\" \/><\/a>\n\t\t\t<\/dt><\/dl><br style=\"clear: both\" \/><dl class='gallery-item'>\n\t\t\t<dt class='gallery-icon landscape'>\n\t\t\t\t<a href='https:\/\/www.visit-ulcinj.com\/blog\/wp-content\/uploads\/2012\/08\/Basha-pret-kreun-e-Komun\u00ebs-s\u00eb-Ulqinit-z.Nasif-Cungun.12.jpg'><img width=\"150\" height=\"150\" src=\"https:\/\/www.visit-ulcinj.com\/blog\/wp-content\/uploads\/2012\/08\/Basha-pret-kreun-e-Komun\u00ebs-s\u00eb-Ulqinit-z.Nasif-Cungun.12-150x150.jpg\" class=\"attachment-thumbnail size-thumbnail\" alt=\"\" loading=\"lazy\" \/><\/a>\n\t\t\t<\/dt><\/dl><dl class='gallery-item'>\n\t\t\t<dt class='gallery-icon landscape'>\n\t\t\t\t<a href='https:\/\/www.visit-ulcinj.com\/blog\/wp-content\/uploads\/2012\/08\/Basha-pret-kreun-e-Komun\u00ebs-s\u00eb-Ulqinit-z.Nasif-Cungun.13.jpg'><img width=\"150\" height=\"150\" src=\"https:\/\/www.visit-ulcinj.com\/blog\/wp-content\/uploads\/2012\/08\/Basha-pret-kreun-e-Komun\u00ebs-s\u00eb-Ulqinit-z.Nasif-Cungun.13-150x150.jpg\" class=\"attachment-thumbnail size-thumbnail\" alt=\"\" loading=\"lazy\" \/><\/a>\n\t\t\t<\/dt><\/dl><dl class='gallery-item'>\n\t\t\t<dt class='gallery-icon landscape'>\n\t\t\t\t<a href='https:\/\/www.visit-ulcinj.com\/blog\/wp-content\/uploads\/2012\/08\/Basha-pret-kreun-e-Komun\u00ebs-s\u00eb-Ulqinit-z.Nasif-Cungun_1.jpg'><img width=\"150\" height=\"150\" src=\"https:\/\/www.visit-ulcinj.com\/blog\/wp-content\/uploads\/2012\/08\/Basha-pret-kreun-e-Komun\u00ebs-s\u00eb-Ulqinit-z.Nasif-Cungun_1-150x150.jpg\" class=\"attachment-thumbnail size-thumbnail\" alt=\"\" loading=\"lazy\" \/><\/a>\n\t\t\t<\/dt><\/dl><br style=\"clear: both\" \/>\n\t\t<\/div>\n<br \/>\n<\/strong><\/p>\n<p>&nbsp;<\/p>\n<div id=\"tv_live\" style=\"border: 1px solid #ccc; padding: 2px; float: left; width: 675px;\"><object id=\"mpl\" style=\"\" width=\"508\" height=\"380\" classid=\"clsid:d27cdb6e-ae6d-11cf-96b8-444553540000\" codebase=\"http:\/\/download.macromedia.com\/pub\/shockwave\/cabs\/flash\/swflash.cab#version=6,0,40,0\"><param name=\"src\" value=\"http:\/\/www.rrokum.tv\/inc\/js\/player.swf\" \/><param name=\"quality\" value=\"high\" \/><param name=\"allowscriptaccess\" value=\"always\" \/><param name=\"allowfullscreen\" value=\"true\" \/><param name=\"flashvars\" value=\"&amp;file=rrokumtv.flv&amp;bufferlength=2&amp;backcolor=666666&amp;streamer=rtmp:\/\/82.114.65.202\/live&amp;controlbar=over&amp;autostart=true\" \/><\/object><\/div>\n","protected":false},"excerpt":{"rendered":"<p>Kreu i Komun\u00ebs s\u00eb Ulqinit shoq\u00ebrohej nga deputet\u00ebt Vasel Sinishtaj e Genci Nimanbegu si dhe kreu i PDSH-s\u00eb n\u00eb Malit t\u00eb Zi, z.Fatmir Gjeka. Kumtese per opinion Kryetari i Komunes se Ulqinit,z.Nazif Cungu, me nje delegacion me perfaqesues politik shqiptar nga Mali I Zi paten nje vizite pune ne Tirane me kryebashkiakun e Tiranes z. [&hellip;]<\/p>\n","protected":false},"author":1,"featured_media":0,"comment_status":"open","ping_status":"closed","sticky":false,"template":"","format":"standard","meta":{"spay_email":"","jetpack_publicize_message":"","jetpack_is_tweetstorm":false,"jetpack_publicize_feature_enabled":true},"categories":[1,6],"tags":[2223,118],"jetpack_publicize_connections":[],"yoast_head":"<!-- This site is optimized with the Yoast SEO plugin v19.1 - https:\/\/yoast.com\/wordpress\/plugins\/seo\/ -->\n<title>Basha pret kreun e Komun\u00ebs s\u00eb Ulqinit z.Nasif Cungun - Foto - Kumtese - Lajme nga Ulqini<\/title>\n<meta name=\"description\" content=\"Kreu i Komun\u00ebs s\u00eb Ulqinit shoq\u00ebrohej nga deputet\u00ebt Vasel Sinishtaj e Genci Nimanbegu si dhe kreu i PDSH-s\u00eb n\u00eb Malit t\u00eb Zi, z.Fatmir Gjeka. Kumtese per\" \/>\n<meta name=\"robots\" content=\"index, follow, max-snippet:-1, max-image-preview:large, max-video-preview:-1\" \/>\n<link rel=\"canonical\" href=\"https:\/\/www.visit-ulcinj.com\/blog\/2012\/08\/07\/basha-pret-kreun-e-komunes-se-ulqinit-z-nasif-cungun\/\" \/>\n<meta property=\"og:locale\" content=\"en_US\" \/>\n<meta property=\"og:type\" content=\"article\" \/>\n<meta property=\"og:title\" content=\"Basha pret kreun e Komun\u00ebs s\u00eb Ulqinit z.Nasif Cungun - Foto - Kumtese - Lajme nga Ulqini\" \/>\n<meta property=\"og:description\" content=\"Kreu i Komun\u00ebs s\u00eb Ulqinit shoq\u00ebrohej nga deputet\u00ebt Vasel Sinishtaj e Genci Nimanbegu si dhe kreu i PDSH-s\u00eb n\u00eb Malit t\u00eb Zi, z.Fatmir Gjeka. Kumtese per\" \/>\n<meta property=\"og:url\" content=\"https:\/\/www.visit-ulcinj.com\/blog\/2012\/08\/07\/basha-pret-kreun-e-komunes-se-ulqinit-z-nasif-cungun\/\" \/>\n<meta property=\"og:site_name\" content=\"Lajme nga Ulqini\" \/>\n<meta property=\"article:published_time\" content=\"2012-08-07T17:07:36+00:00\" \/>\n<meta property=\"article:modified_time\" content=\"2012-08-09T19:26:31+00:00\" \/>\n<meta property=\"og:image\" content=\"https:\/\/www.visit-ulcinj.com\/blog\/wp-content\/uploads\/2012\/08\/Basha-pret-kreun-e-Komun\u00ebs-s\u00eb-Ulqinit-z.Nasif-Cungu.2-150x150.jpg\" \/>\n<meta name=\"twitter:label1\" content=\"Written by\" \/>\n\t<meta name=\"twitter:data1\" content=\"ulqini\" \/>\n\t<meta name=\"twitter:label2\" content=\"Est. reading time\" \/>\n\t<meta name=\"twitter:data2\" content=\"3 minutes\" \/>\n<script type=\"application\/ld+json\" class=\"yoast-schema-graph\">{\"@context\":\"https:\/\/schema.org\",\"@graph\":[{\"@type\":\"WebSite\",\"@id\":\"https:\/\/www.visit-ulcinj.com\/blog\/#website\",\"url\":\"https:\/\/www.visit-ulcinj.com\/blog\/\",\"name\":\"Lajme nga Ulqini\",\"description\":\"Lajme,Vijesti,Ulqini,Ulqin,Crna Gora,Mali i Zi\",\"potentialAction\":[{\"@type\":\"SearchAction\",\"target\":{\"@type\":\"EntryPoint\",\"urlTemplate\":\"https:\/\/www.visit-ulcinj.com\/blog\/?s={search_term_string}\"},\"query-input\":\"required name=search_term_string\"}],\"inLanguage\":\"en-US\"},{\"@type\":\"WebPage\",\"@id\":\"https:\/\/www.visit-ulcinj.com\/blog\/2012\/08\/07\/basha-pret-kreun-e-komunes-se-ulqinit-z-nasif-cungun\/#webpage\",\"url\":\"https:\/\/www.visit-ulcinj.com\/blog\/2012\/08\/07\/basha-pret-kreun-e-komunes-se-ulqinit-z-nasif-cungun\/\",\"name\":\"Basha pret kreun e Komun\u00ebs s\u00eb Ulqinit z.Nasif Cungun - Foto - Kumtese - Lajme nga Ulqini\",\"isPartOf\":{\"@id\":\"https:\/\/www.visit-ulcinj.com\/blog\/#website\"},\"datePublished\":\"2012-08-07T17:07:36+00:00\",\"dateModified\":\"2012-08-09T19:26:31+00:00\",\"author\":{\"@id\":\"https:\/\/www.visit-ulcinj.com\/blog\/#\/schema\/person\/dcab619c614d3038751c63bc2aadc06d\"},\"description\":\"Kreu i Komun\u00ebs s\u00eb Ulqinit shoq\u00ebrohej nga deputet\u00ebt Vasel Sinishtaj e Genci Nimanbegu si dhe kreu i PDSH-s\u00eb n\u00eb Malit t\u00eb Zi, z.Fatmir Gjeka. Kumtese per\",\"breadcrumb\":{\"@id\":\"https:\/\/www.visit-ulcinj.com\/blog\/2012\/08\/07\/basha-pret-kreun-e-komunes-se-ulqinit-z-nasif-cungun\/#breadcrumb\"},\"inLanguage\":\"en-US\",\"potentialAction\":[{\"@type\":\"ReadAction\",\"target\":[\"https:\/\/www.visit-ulcinj.com\/blog\/2012\/08\/07\/basha-pret-kreun-e-komunes-se-ulqinit-z-nasif-cungun\/\"]}]},{\"@type\":\"BreadcrumbList\",\"@id\":\"https:\/\/www.visit-ulcinj.com\/blog\/2012\/08\/07\/basha-pret-kreun-e-komunes-se-ulqinit-z-nasif-cungun\/#breadcrumb\",\"itemListElement\":[{\"@type\":\"ListItem\",\"position\":1,\"name\":\"Basha pret kreun e Komun\u00ebs s\u00eb Ulqinit z.Nasif Cungun &#8211; Foto &#8211; Kumtese\"}]},{\"@type\":\"Person\",\"@id\":\"https:\/\/www.visit-ulcinj.com\/blog\/#\/schema\/person\/dcab619c614d3038751c63bc2aadc06d\",\"name\":\"ulqini\",\"sameAs\":[\"http:\/\/www.visit-ulcinj.com\"],\"url\":\"https:\/\/www.visit-ulcinj.com\/blog\/author\/admin\/\"}]}<\/script>\n<!-- \/ Yoast SEO plugin. -->","yoast_head_json":{"title":"Basha pret kreun e Komun\u00ebs s\u00eb Ulqinit z.Nasif Cungun - Foto - Kumtese - Lajme nga Ulqini","description":"Kreu i Komun\u00ebs s\u00eb Ulqinit shoq\u00ebrohej nga deputet\u00ebt Vasel Sinishtaj e Genci Nimanbegu si dhe kreu i PDSH-s\u00eb n\u00eb Malit t\u00eb Zi, z.Fatmir Gjeka. Kumtese per","robots":{"index":"index","follow":"follow","max-snippet":"max-snippet:-1","max-image-preview":"max-image-preview:large","max-video-preview":"max-video-preview:-1"},"canonical":"https:\/\/www.visit-ulcinj.com\/blog\/2012\/08\/07\/basha-pret-kreun-e-komunes-se-ulqinit-z-nasif-cungun\/","og_locale":"en_US","og_type":"article","og_title":"Basha pret kreun e Komun\u00ebs s\u00eb Ulqinit z.Nasif Cungun - Foto - Kumtese - Lajme nga Ulqini","og_description":"Kreu i Komun\u00ebs s\u00eb Ulqinit shoq\u00ebrohej nga deputet\u00ebt Vasel Sinishtaj e Genci Nimanbegu si dhe kreu i PDSH-s\u00eb n\u00eb Malit t\u00eb Zi, z.Fatmir Gjeka. Kumtese per","og_url":"https:\/\/www.visit-ulcinj.com\/blog\/2012\/08\/07\/basha-pret-kreun-e-komunes-se-ulqinit-z-nasif-cungun\/","og_site_name":"Lajme nga Ulqini","article_published_time":"2012-08-07T17:07:36+00:00","article_modified_time":"2012-08-09T19:26:31+00:00","og_image":[{"url":"https:\/\/www.visit-ulcinj.com\/blog\/wp-content\/uploads\/2012\/08\/Basha-pret-kreun-e-Komun\u00ebs-s\u00eb-Ulqinit-z.Nasif-Cungu.2-150x150.jpg"}],"twitter_misc":{"Written by":"ulqini","Est. reading time":"3 minutes"},"schema":{"@context":"https:\/\/schema.org","@graph":[{"@type":"WebSite","@id":"https:\/\/www.visit-ulcinj.com\/blog\/#website","url":"https:\/\/www.visit-ulcinj.com\/blog\/","name":"Lajme nga Ulqini","description":"Lajme,Vijesti,Ulqini,Ulqin,Crna Gora,Mali i Zi","potentialAction":[{"@type":"SearchAction","target":{"@type":"EntryPoint","urlTemplate":"https:\/\/www.visit-ulcinj.com\/blog\/?s={search_term_string}"},"query-input":"required name=search_term_string"}],"inLanguage":"en-US"},{"@type":"WebPage","@id":"https:\/\/www.visit-ulcinj.com\/blog\/2012\/08\/07\/basha-pret-kreun-e-komunes-se-ulqinit-z-nasif-cungun\/#webpage","url":"https:\/\/www.visit-ulcinj.com\/blog\/2012\/08\/07\/basha-pret-kreun-e-komunes-se-ulqinit-z-nasif-cungun\/","name":"Basha pret kreun e Komun\u00ebs s\u00eb Ulqinit z.Nasif Cungun - Foto - Kumtese - Lajme nga Ulqini","isPartOf":{"@id":"https:\/\/www.visit-ulcinj.com\/blog\/#website"},"datePublished":"2012-08-07T17:07:36+00:00","dateModified":"2012-08-09T19:26:31+00:00","author":{"@id":"https:\/\/www.visit-ulcinj.com\/blog\/#\/schema\/person\/dcab619c614d3038751c63bc2aadc06d"},"description":"Kreu i Komun\u00ebs s\u00eb Ulqinit shoq\u00ebrohej nga deputet\u00ebt Vasel Sinishtaj e Genci Nimanbegu si dhe kreu i PDSH-s\u00eb n\u00eb Malit t\u00eb Zi, z.Fatmir Gjeka. Kumtese per","breadcrumb":{"@id":"https:\/\/www.visit-ulcinj.com\/blog\/2012\/08\/07\/basha-pret-kreun-e-komunes-se-ulqinit-z-nasif-cungun\/#breadcrumb"},"inLanguage":"en-US","potentialAction":[{"@type":"ReadAction","target":["https:\/\/www.visit-ulcinj.com\/blog\/2012\/08\/07\/basha-pret-kreun-e-komunes-se-ulqinit-z-nasif-cungun\/"]}]},{"@type":"BreadcrumbList","@id":"https:\/\/www.visit-ulcinj.com\/blog\/2012\/08\/07\/basha-pret-kreun-e-komunes-se-ulqinit-z-nasif-cungun\/#breadcrumb","itemListElement":[{"@type":"ListItem","position":1,"name":"Basha pret kreun e Komun\u00ebs s\u00eb Ulqinit z.Nasif Cungun &#8211; Foto &#8211; Kumtese"}]},{"@type":"Person","@id":"https:\/\/www.visit-ulcinj.com\/blog\/#\/schema\/person\/dcab619c614d3038751c63bc2aadc06d","name":"ulqini","sameAs":["http:\/\/www.visit-ulcinj.com"],"url":"https:\/\/www.visit-ulcinj.com\/blog\/author\/admin\/"}]}},"jetpack_featured_media_url":"","jetpack_sharing_enabled":true,"jetpack_shortlink":"https:\/\/wp.me\/pe6lTn-gjv","_links":{"self":[{"href":"https:\/\/www.visit-ulcinj.com\/blog\/wp-json\/wp\/v2\/posts\/62713"}],"collection":[{"href":"https:\/\/www.visit-ulcinj.com\/blog\/wp-json\/wp\/v2\/posts"}],"about":[{"href":"https:\/\/www.visit-ulcinj.com\/blog\/wp-json\/wp\/v2\/types\/post"}],"author":[{"embeddable":true,"href":"https:\/\/www.visit-ulcinj.com\/blog\/wp-json\/wp\/v2\/users\/1"}],"replies":[{"embeddable":true,"href":"https:\/\/www.visit-ulcinj.com\/blog\/wp-json\/wp\/v2\/comments?post=62713"}],"version-history":[{"count":8,"href":"https:\/\/www.visit-ulcinj.com\/blog\/wp-json\/wp\/v2\/posts\/62713\/revisions"}],"predecessor-version":[{"id":62792,"href":"https:\/\/www.visit-ulcinj.com\/blog\/wp-json\/wp\/v2\/posts\/62713\/revisions\/62792"}],"wp:attachment":[{"href":"https:\/\/www.visit-ulcinj.com\/blog\/wp-json\/wp\/v2\/media?parent=62713"}],"wp:term":[{"taxonomy":"category","embeddable":true,"href":"https:\/\/www.visit-ulcinj.com\/blog\/wp-json\/wp\/v2\/categories?post=62713"},{"taxonomy":"post_tag","embeddable":true,"href":"https:\/\/www.visit-ulcinj.com\/blog\/wp-json\/wp\/v2\/tags?post=62713"}],"curies":[{"name":"wp","href":"https:\/\/api.w.org\/{rel}","templated":true}]}}