{"id":6272,"date":"2008-11-17T17:38:59","date_gmt":"2008-11-17T22:38:59","guid":{"rendered":"http:\/\/www.visit-ulcinj.com\/blog\/?p=6272"},"modified":"2008-11-17T17:38:59","modified_gmt":"2008-11-17T22:38:59","slug":"arbana-vajzat-ne-kosove-vishen-me-mire-se-ato-ne-shqiperi","status":"publish","type":"post","link":"https:\/\/www.visit-ulcinj.com\/blog\/2008\/11\/17\/arbana-vajzat-ne-kosove-vishen-me-mire-se-ato-ne-shqiperi\/","title":{"rendered":"Arbana: Vajzat n\u00eb Kosov\u00eb vishen m\u00eb mir\u00eb se ato n\u00eb Shqip\u00ebri"},"content":{"rendered":"<p><a href=\"http:\/\/www.visit-ulcinj.com\/blog\/wp-content\/uploads\/2008\/11\/arbanaosmani.jpg\"><img loading=\"lazy\" class=\"alignleft size-medium wp-image-6273\" title=\"arbanaosmani\" src=\"http:\/\/www.visit-ulcinj.com\/blog\/wp-content\/uploads\/2008\/11\/arbanaosmani-298x300.jpg\" alt=\"\" width=\"298\" height=\"300\" \/><\/a>Prezantuesja e njohur shqiptare, Arbana Osmani, mendon se vajzat n\u00eb Kosov\u00eb din\u00eb t\u00eb vishem dhe t\u2019i p\u00ebrshtaten momentit shum\u00eb m\u00eb mir\u00eb se vajzat n\u00eb Shqip\u00ebri.<br \/>\nK\u00ebto fjal\u00eb Arbana i tha derisa ishte mysafire n\u00eb emision e Top Channel, \u201cDeja Vu\u201d, duke komentuar nj\u00eb foto t\u00eb nj\u00eb butiku, ku n\u00eb plan t\u00eb par\u00eb ishin veshjet e brendshme.<br \/>\nArbana tha se vajzat n\u00eb Tiran\u00eb nuk arrijn\u00eb t\u00eb kuptojn\u00eb mir\u00eb se si duhet t\u00eb vishen n\u00eb momente t\u00eb caktuara, duke mos dalluar veshjen n\u00eb shkoll\u00eb, me at\u00eb n\u00eb nj\u00eb intervist\u00eb pun\u00ebsimi dhe me veshjen e nat\u00ebs, pra at\u00eb t\u00eb klubeve.<br \/>\nPrezantuesja mendon se vajzat gabojn\u00eb kur vishen shum\u00eb seksi, \u201cme minifund dhe taka t\u00eb larta\u201d si dhe duke ekspozuar veten kur shkojn\u00eb n\u00eb konkurse pun\u00ebsimi, duke l\u00ebn\u00eb t\u00eb kuptohen nga pun\u00ebdh\u00ebn\u00ebsit si objekt seksi, dhe jo si nj\u00eb pun\u00ebtore.<br \/>\nArbana ka th\u00ebn\u00eb se nj\u00eb gj\u00eb t\u00eb till\u00eb nuk e ka v\u00ebrejtur n\u00eb Kosov\u00eb ku vajzat, sipas saj, din\u00eb t\u00eb zgjedhin veshjen e shkoll\u00ebs, at\u00eb t\u00eb pun\u00ebs dhe veshjen e diskotekave.<br \/>\n<strong>Telegrafi<\/strong><\/p>\n<!--YouTube Error: bad URL entered-->\n","protected":false},"excerpt":{"rendered":"<p>Prezantuesja e njohur shqiptare, Arbana Osmani, mendon se vajzat n\u00eb Kosov\u00eb din\u00eb t\u00eb vishem dhe t\u2019i p\u00ebrshtaten momentit shum\u00eb m\u00eb mir\u00eb se vajzat n\u00eb Shqip\u00ebri. K\u00ebto fjal\u00eb Arbana i tha derisa ishte mysafire n\u00eb emision e Top Channel, \u201cDeja Vu\u201d, duke komentuar nj\u00eb foto t\u00eb nj\u00eb butiku, ku n\u00eb plan t\u00eb par\u00eb ishin veshjet e [&hellip;]<\/p>\n","protected":false},"author":1,"featured_media":0,"comment_status":"open","ping_status":"closed","sticky":false,"template":"","format":"standard","meta":{"spay_email":"","jetpack_publicize_message":"","jetpack_is_tweetstorm":false,"jetpack_publicize_feature_enabled":true},"categories":[1],"tags":[5080,5081],"jetpack_publicize_connections":[],"yoast_head":"<!-- This site is optimized with the Yoast SEO plugin v19.1 - https:\/\/yoast.com\/wordpress\/plugins\/seo\/ -->\n<title>Arbana: Vajzat n\u00eb Kosov\u00eb vishen m\u00eb mir\u00eb se ato n\u00eb Shqip\u00ebri - Lajme nga Ulqini<\/title>\n<meta name=\"description\" content=\"Prezantuesja e njohur shqiptare, Arbana Osmani, mendon se vajzat n\u00eb Kosov\u00eb din\u00eb t\u00eb vishem dhe t\u2019i p\u00ebrshtaten momentit shum\u00eb m\u00eb mir\u00eb se vajzat n\u00eb Shqip\u00ebri.\" \/>\n<meta name=\"robots\" content=\"index, follow, max-snippet:-1, max-image-preview:large, max-video-preview:-1\" \/>\n<link rel=\"canonical\" href=\"https:\/\/www.visit-ulcinj.com\/blog\/2008\/11\/17\/arbana-vajzat-ne-kosove-vishen-me-mire-se-ato-ne-shqiperi\/\" \/>\n<meta property=\"og:locale\" content=\"en_US\" \/>\n<meta property=\"og:type\" content=\"article\" \/>\n<meta property=\"og:title\" content=\"Arbana: Vajzat n\u00eb Kosov\u00eb vishen m\u00eb mir\u00eb se ato n\u00eb Shqip\u00ebri - Lajme nga Ulqini\" \/>\n<meta property=\"og:description\" content=\"Prezantuesja e njohur shqiptare, Arbana Osmani, mendon se vajzat n\u00eb Kosov\u00eb din\u00eb t\u00eb vishem dhe t\u2019i p\u00ebrshtaten momentit shum\u00eb m\u00eb mir\u00eb se vajzat n\u00eb Shqip\u00ebri.\" \/>\n<meta property=\"og:url\" content=\"https:\/\/www.visit-ulcinj.com\/blog\/2008\/11\/17\/arbana-vajzat-ne-kosove-vishen-me-mire-se-ato-ne-shqiperi\/\" \/>\n<meta property=\"og:site_name\" content=\"Lajme nga Ulqini\" \/>\n<meta property=\"article:published_time\" content=\"2008-11-17T22:38:59+00:00\" \/>\n<meta property=\"og:image\" content=\"http:\/\/www.visit-ulcinj.com\/blog\/wp-content\/uploads\/2008\/11\/arbanaosmani-298x300.jpg\" \/>\n<meta name=\"twitter:label1\" content=\"Written by\" \/>\n\t<meta name=\"twitter:data1\" content=\"ulqini\" \/>\n\t<meta name=\"twitter:label2\" content=\"Est. reading time\" \/>\n\t<meta name=\"twitter:data2\" content=\"1 minute\" \/>\n<script type=\"application\/ld+json\" class=\"yoast-schema-graph\">{\"@context\":\"https:\/\/schema.org\",\"@graph\":[{\"@type\":\"WebSite\",\"@id\":\"https:\/\/www.visit-ulcinj.com\/blog\/#website\",\"url\":\"https:\/\/www.visit-ulcinj.com\/blog\/\",\"name\":\"Lajme nga Ulqini\",\"description\":\"Lajme,Vijesti,Ulqini,Ulqin,Crna Gora,Mali i Zi\",\"potentialAction\":[{\"@type\":\"SearchAction\",\"target\":{\"@type\":\"EntryPoint\",\"urlTemplate\":\"https:\/\/www.visit-ulcinj.com\/blog\/?s={search_term_string}\"},\"query-input\":\"required name=search_term_string\"}],\"inLanguage\":\"en-US\"},{\"@type\":\"ImageObject\",\"inLanguage\":\"en-US\",\"@id\":\"https:\/\/www.visit-ulcinj.com\/blog\/2008\/11\/17\/arbana-vajzat-ne-kosove-vishen-me-mire-se-ato-ne-shqiperi\/#primaryimage\",\"url\":\"http:\/\/www.visit-ulcinj.com\/blog\/wp-content\/uploads\/2008\/11\/arbanaosmani-298x300.jpg\",\"contentUrl\":\"http:\/\/www.visit-ulcinj.com\/blog\/wp-content\/uploads\/2008\/11\/arbanaosmani-298x300.jpg\"},{\"@type\":\"WebPage\",\"@id\":\"https:\/\/www.visit-ulcinj.com\/blog\/2008\/11\/17\/arbana-vajzat-ne-kosove-vishen-me-mire-se-ato-ne-shqiperi\/#webpage\",\"url\":\"https:\/\/www.visit-ulcinj.com\/blog\/2008\/11\/17\/arbana-vajzat-ne-kosove-vishen-me-mire-se-ato-ne-shqiperi\/\",\"name\":\"Arbana: Vajzat n\u00eb Kosov\u00eb vishen m\u00eb mir\u00eb se ato n\u00eb Shqip\u00ebri - Lajme nga Ulqini\",\"isPartOf\":{\"@id\":\"https:\/\/www.visit-ulcinj.com\/blog\/#website\"},\"primaryImageOfPage\":{\"@id\":\"https:\/\/www.visit-ulcinj.com\/blog\/2008\/11\/17\/arbana-vajzat-ne-kosove-vishen-me-mire-se-ato-ne-shqiperi\/#primaryimage\"},\"datePublished\":\"2008-11-17T22:38:59+00:00\",\"dateModified\":\"2008-11-17T22:38:59+00:00\",\"author\":{\"@id\":\"https:\/\/www.visit-ulcinj.com\/blog\/#\/schema\/person\/dcab619c614d3038751c63bc2aadc06d\"},\"description\":\"Prezantuesja e njohur shqiptare, Arbana Osmani, mendon se vajzat n\u00eb Kosov\u00eb din\u00eb t\u00eb vishem dhe t\u2019i p\u00ebrshtaten momentit shum\u00eb m\u00eb mir\u00eb se vajzat n\u00eb Shqip\u00ebri.\",\"breadcrumb\":{\"@id\":\"https:\/\/www.visit-ulcinj.com\/blog\/2008\/11\/17\/arbana-vajzat-ne-kosove-vishen-me-mire-se-ato-ne-shqiperi\/#breadcrumb\"},\"inLanguage\":\"en-US\",\"potentialAction\":[{\"@type\":\"ReadAction\",\"target\":[\"https:\/\/www.visit-ulcinj.com\/blog\/2008\/11\/17\/arbana-vajzat-ne-kosove-vishen-me-mire-se-ato-ne-shqiperi\/\"]}]},{\"@type\":\"BreadcrumbList\",\"@id\":\"https:\/\/www.visit-ulcinj.com\/blog\/2008\/11\/17\/arbana-vajzat-ne-kosove-vishen-me-mire-se-ato-ne-shqiperi\/#breadcrumb\",\"itemListElement\":[{\"@type\":\"ListItem\",\"position\":1,\"name\":\"Arbana: Vajzat n\u00eb Kosov\u00eb vishen m\u00eb mir\u00eb se ato n\u00eb Shqip\u00ebri\"}]},{\"@type\":\"Person\",\"@id\":\"https:\/\/www.visit-ulcinj.com\/blog\/#\/schema\/person\/dcab619c614d3038751c63bc2aadc06d\",\"name\":\"ulqini\",\"sameAs\":[\"http:\/\/www.visit-ulcinj.com\"],\"url\":\"https:\/\/www.visit-ulcinj.com\/blog\/author\/admin\/\"}]}<\/script>\n<!-- \/ Yoast SEO plugin. -->","yoast_head_json":{"title":"Arbana: Vajzat n\u00eb Kosov\u00eb vishen m\u00eb mir\u00eb se ato n\u00eb Shqip\u00ebri - Lajme nga Ulqini","description":"Prezantuesja e njohur shqiptare, Arbana Osmani, mendon se vajzat n\u00eb Kosov\u00eb din\u00eb t\u00eb vishem dhe t\u2019i p\u00ebrshtaten momentit shum\u00eb m\u00eb mir\u00eb se vajzat n\u00eb Shqip\u00ebri.","robots":{"index":"index","follow":"follow","max-snippet":"max-snippet:-1","max-image-preview":"max-image-preview:large","max-video-preview":"max-video-preview:-1"},"canonical":"https:\/\/www.visit-ulcinj.com\/blog\/2008\/11\/17\/arbana-vajzat-ne-kosove-vishen-me-mire-se-ato-ne-shqiperi\/","og_locale":"en_US","og_type":"article","og_title":"Arbana: Vajzat n\u00eb Kosov\u00eb vishen m\u00eb mir\u00eb se ato n\u00eb Shqip\u00ebri - Lajme nga Ulqini","og_description":"Prezantuesja e njohur shqiptare, Arbana Osmani, mendon se vajzat n\u00eb Kosov\u00eb din\u00eb t\u00eb vishem dhe t\u2019i p\u00ebrshtaten momentit shum\u00eb m\u00eb mir\u00eb se vajzat n\u00eb Shqip\u00ebri.","og_url":"https:\/\/www.visit-ulcinj.com\/blog\/2008\/11\/17\/arbana-vajzat-ne-kosove-vishen-me-mire-se-ato-ne-shqiperi\/","og_site_name":"Lajme nga Ulqini","article_published_time":"2008-11-17T22:38:59+00:00","og_image":[{"url":"http:\/\/www.visit-ulcinj.com\/blog\/wp-content\/uploads\/2008\/11\/arbanaosmani-298x300.jpg"}],"twitter_misc":{"Written by":"ulqini","Est. reading time":"1 minute"},"schema":{"@context":"https:\/\/schema.org","@graph":[{"@type":"WebSite","@id":"https:\/\/www.visit-ulcinj.com\/blog\/#website","url":"https:\/\/www.visit-ulcinj.com\/blog\/","name":"Lajme nga Ulqini","description":"Lajme,Vijesti,Ulqini,Ulqin,Crna Gora,Mali i Zi","potentialAction":[{"@type":"SearchAction","target":{"@type":"EntryPoint","urlTemplate":"https:\/\/www.visit-ulcinj.com\/blog\/?s={search_term_string}"},"query-input":"required name=search_term_string"}],"inLanguage":"en-US"},{"@type":"ImageObject","inLanguage":"en-US","@id":"https:\/\/www.visit-ulcinj.com\/blog\/2008\/11\/17\/arbana-vajzat-ne-kosove-vishen-me-mire-se-ato-ne-shqiperi\/#primaryimage","url":"http:\/\/www.visit-ulcinj.com\/blog\/wp-content\/uploads\/2008\/11\/arbanaosmani-298x300.jpg","contentUrl":"http:\/\/www.visit-ulcinj.com\/blog\/wp-content\/uploads\/2008\/11\/arbanaosmani-298x300.jpg"},{"@type":"WebPage","@id":"https:\/\/www.visit-ulcinj.com\/blog\/2008\/11\/17\/arbana-vajzat-ne-kosove-vishen-me-mire-se-ato-ne-shqiperi\/#webpage","url":"https:\/\/www.visit-ulcinj.com\/blog\/2008\/11\/17\/arbana-vajzat-ne-kosove-vishen-me-mire-se-ato-ne-shqiperi\/","name":"Arbana: Vajzat n\u00eb Kosov\u00eb vishen m\u00eb mir\u00eb se ato n\u00eb Shqip\u00ebri - Lajme nga Ulqini","isPartOf":{"@id":"https:\/\/www.visit-ulcinj.com\/blog\/#website"},"primaryImageOfPage":{"@id":"https:\/\/www.visit-ulcinj.com\/blog\/2008\/11\/17\/arbana-vajzat-ne-kosove-vishen-me-mire-se-ato-ne-shqiperi\/#primaryimage"},"datePublished":"2008-11-17T22:38:59+00:00","dateModified":"2008-11-17T22:38:59+00:00","author":{"@id":"https:\/\/www.visit-ulcinj.com\/blog\/#\/schema\/person\/dcab619c614d3038751c63bc2aadc06d"},"description":"Prezantuesja e njohur shqiptare, Arbana Osmani, mendon se vajzat n\u00eb Kosov\u00eb din\u00eb t\u00eb vishem dhe t\u2019i p\u00ebrshtaten momentit shum\u00eb m\u00eb mir\u00eb se vajzat n\u00eb Shqip\u00ebri.","breadcrumb":{"@id":"https:\/\/www.visit-ulcinj.com\/blog\/2008\/11\/17\/arbana-vajzat-ne-kosove-vishen-me-mire-se-ato-ne-shqiperi\/#breadcrumb"},"inLanguage":"en-US","potentialAction":[{"@type":"ReadAction","target":["https:\/\/www.visit-ulcinj.com\/blog\/2008\/11\/17\/arbana-vajzat-ne-kosove-vishen-me-mire-se-ato-ne-shqiperi\/"]}]},{"@type":"BreadcrumbList","@id":"https:\/\/www.visit-ulcinj.com\/blog\/2008\/11\/17\/arbana-vajzat-ne-kosove-vishen-me-mire-se-ato-ne-shqiperi\/#breadcrumb","itemListElement":[{"@type":"ListItem","position":1,"name":"Arbana: Vajzat n\u00eb Kosov\u00eb vishen m\u00eb mir\u00eb se ato n\u00eb Shqip\u00ebri"}]},{"@type":"Person","@id":"https:\/\/www.visit-ulcinj.com\/blog\/#\/schema\/person\/dcab619c614d3038751c63bc2aadc06d","name":"ulqini","sameAs":["http:\/\/www.visit-ulcinj.com"],"url":"https:\/\/www.visit-ulcinj.com\/blog\/author\/admin\/"}]}},"jetpack_featured_media_url":"","jetpack_sharing_enabled":true,"jetpack_shortlink":"https:\/\/wp.me\/pe6lTn-1Da","_links":{"self":[{"href":"https:\/\/www.visit-ulcinj.com\/blog\/wp-json\/wp\/v2\/posts\/6272"}],"collection":[{"href":"https:\/\/www.visit-ulcinj.com\/blog\/wp-json\/wp\/v2\/posts"}],"about":[{"href":"https:\/\/www.visit-ulcinj.com\/blog\/wp-json\/wp\/v2\/types\/post"}],"author":[{"embeddable":true,"href":"https:\/\/www.visit-ulcinj.com\/blog\/wp-json\/wp\/v2\/users\/1"}],"replies":[{"embeddable":true,"href":"https:\/\/www.visit-ulcinj.com\/blog\/wp-json\/wp\/v2\/comments?post=6272"}],"version-history":[{"count":0,"href":"https:\/\/www.visit-ulcinj.com\/blog\/wp-json\/wp\/v2\/posts\/6272\/revisions"}],"wp:attachment":[{"href":"https:\/\/www.visit-ulcinj.com\/blog\/wp-json\/wp\/v2\/media?parent=6272"}],"wp:term":[{"taxonomy":"category","embeddable":true,"href":"https:\/\/www.visit-ulcinj.com\/blog\/wp-json\/wp\/v2\/categories?post=6272"},{"taxonomy":"post_tag","embeddable":true,"href":"https:\/\/www.visit-ulcinj.com\/blog\/wp-json\/wp\/v2\/tags?post=6272"}],"curies":[{"name":"wp","href":"https:\/\/api.w.org\/{rel}","templated":true}]}}