{"id":62721,"date":"2012-08-08T16:20:23","date_gmt":"2012-08-08T15:20:23","guid":{"rendered":"http:\/\/www.visit-ulcinj.com\/blog\/?p=62721"},"modified":"2012-08-08T16:20:23","modified_gmt":"2012-08-08T15:20:23","slug":"artana-bytyqi-miss-vera-2012-ne-ulqin","status":"publish","type":"post","link":"https:\/\/www.visit-ulcinj.com\/blog\/2012\/08\/08\/artana-bytyqi-miss-vera-2012-ne-ulqin\/","title":{"rendered":"Artana Bytyqi &#8220;Miss Vera 2012&#8221; ne Ulqin"},"content":{"rendered":"<p><a href=\"http:\/\/www.visit-ulcinj.com\/blog\/wp-content\/uploads\/2012\/08\/Artana-Bytyqi-Miss-Vera-2012-ne-Ulqin.jpg\"><img loading=\"lazy\" class=\"alignleft  wp-image-62722\" title=\"Artana Bytyqi Miss Vera 2012 ne Ulqin\" src=\"http:\/\/www.visit-ulcinj.com\/blog\/wp-content\/uploads\/2012\/08\/Artana-Bytyqi-Miss-Vera-2012-ne-Ulqin.jpg\" alt=\"\" width=\"350\" height=\"600\" \/><\/a>Si duket puna n\u00eb modelim po i ec\u00ebn mjaft mir\u00eb dhe bukuroshja Artana Bytyqi sapo \u00ebsht\u00eb kuror\u00ebzuar edhe me nj\u00eb \u00e7mim. Ajo \u00ebsht\u00eb shpallur \u201cMiss vera 2012\u201d n\u00eb manifestimin e mbajtur para disa dite n\u00eb Ulqin. Artana ndihet e k\u00ebnaqur me k\u00ebt\u00eb pjes\u00ebmarrje, dhe thot\u00eb se ka qen\u00eb e bindur se do ta rr\u00ebmbej\u00eb nj\u00eb \u00e7mim. P\u00ebr m\u00eb shum\u00eb rreth k\u00ebsaj pjes\u00ebmarrje flet ajo p\u00ebr \u201cZ\u00ebri\u201d.<\/p>\n<p><strong>&#8211; K\u00ebt\u00eb vit n\u00eb Ulqin u mbajt spektakli \u201cMiss vera 2012&amp;Miss hollegro 2012\u201d dhe ju fituat nj\u00eb \u00e7mim, si ndjeheni?<\/strong><\/p>\n<p>&#8211; Jam shum\u00eb e lumtur q\u00eb arrita t\u00eb marr nj\u00eb \u00e7mim mjaft t\u00eb r\u00ebnd\u00ebsish\u00ebm p\u00ebr mua. \u201cMiss Vera 2012\u201d \u00ebsht\u00eb nj\u00ebra nga \u00e7mimet q\u00eb m\u00eb ka b\u00ebr\u00eb t\u00eb ndjehem shum\u00eb mir\u00eb. Ky spektak\u00ebl u organizua mir\u00eb nga modeli i njohur kosovar, Vilson Geci.<\/p>\n<p><strong>&#8211; Padyshim se n\u00eb k\u00ebt\u00eb eveniment kan\u00eb marr\u00eb pjes\u00eb vajza t\u00eb bukura, sa i \u00ebsht\u00eb frik\u00ebsuar Artana konkurrenc\u00ebs? <\/strong><\/p>\n<p>&#8211; N\u00eb \u201cMiss vera&amp;Miss Hollegro 2012\u201d jan\u00eb prezantuar gjithsej 15 vajza nga Kosova, Shqip\u00ebria, Mali i zi dhe diaspora. Sa i p\u00ebrket konkurrenc\u00ebs nuk jam frik\u00ebsuar aspak edhe pse t\u00eb gjitha vajzat kan\u00eb qen\u00eb mjaft t\u00eb bukura. Padyshim secila prej tyre \u00ebsht\u00eb prezantuar sa m\u00eb mir\u00eb, mir\u00ebpo un\u00eb kisha fatin t\u00eb jem \u201cMiss Vera 2012\u201d.<\/p>\n<p><strong>&#8211; Mendoni se t\u00eb gjitha \u00e7mimet u dhan\u00eb me merit\u00eb, keni pritur edhe ndonj\u00eb \u00e7mim tjet\u00ebr?<\/strong><\/p>\n<p>&#8211; Organizimi ishte n\u00eb m\u00ebnyr\u00eb perfekte, ku nuk mungoi as juria profesionale e cila sipas mendimit tim t\u00eb gjitha \u00e7mimet i ndau me merit\u00eb. Nd\u00ebrsa sa u p\u00ebrket \u00e7mimeve t\u00eb tjera, n\u00eb fakt nuk kam pritur asnj\u00eb \u00e7mim tjet\u00ebr. \u201cMiss vera 2012\u201d \u00ebsht\u00eb i mjaftuesh\u00ebm p\u00ebr mua dhe p\u00ebr k\u00ebt\u00eb fal\u00ebnderoj jurin\u00eb profesionale. N\u00eb realitet kam pritur nj\u00eb \u00e7mim, prandaj kjo ka qen\u00eb edhe arsyeja p\u00ebrse kam marr\u00eb pjes\u00eb. Sa her\u00eb q\u00eb marr pjes\u00eb n\u00eb ndonj\u00eb eveniment t\u00eb till\u00eb padyshim se pres edhe ndonj\u00eb \u00e7mim dhe ja q\u00eb fatmir\u00ebsisht edhe k\u00ebt\u00eb her\u00eb arrita t\u00eb marr nj\u00eb \u00e7mim t\u00eb vlefsh\u00ebm p\u00ebr mua.<\/p>\n<p><strong>&#8211; \u00c7far\u00eb po b\u00ebn Artana n\u00eb k\u00ebto dit\u00eb t\u00eb nxehta vere?<\/strong><\/p>\n<p>&#8211; Zakonisht po vizitoj pishinat dhe bregdetin e Ulqinit dhe t\u00eb Shqip\u00ebris\u00eb. Koh\u00ebn e lir\u00eb po e kaloj me shoq\u00ebri. Po p\u00ebrgatis edhe provimet n\u00eb fakultet dhe k\u00ebshtu po m\u00eb kalon koha. Nd\u00ebrsa sa i p\u00ebrket modelimit po mundohem t\u00eb punoj edhe n\u00eb k\u00ebt\u00eb drejtim n\u00eb m\u00ebnyr\u00eb q\u00eb suksesi im t\u00eb vazhdoj edhe m\u00eb tutje. Tani do t\u00eb jem e angazhuar edhe me nj\u00eb pjes\u00ebmarrje tjet\u00ebr n\u00eb \u201cSummer Fashion Week Ulqini 2012\u201d q\u00eb do t\u00eb filloj\u00eb brenda nj\u00eb kohe t\u00eb shkurt\u00ebr. Shpresoj q\u00eb t\u00eb prek edhe pistat e njohura bot\u00ebrore dhe ta prezantoj Kosov\u00ebn si shtet.<\/p>\n<p><strong>Kastriote Bajrami<br \/>\nZ\u00ebri<\/p>\n<p><\/strong><\/p>\n","protected":false},"excerpt":{"rendered":"<p>Si duket puna n\u00eb modelim po i ec\u00ebn mjaft mir\u00eb dhe bukuroshja Artana Bytyqi sapo \u00ebsht\u00eb kuror\u00ebzuar edhe me nj\u00eb \u00e7mim. Ajo \u00ebsht\u00eb shpallur \u201cMiss vera 2012\u201d n\u00eb manifestimin e mbajtur para disa dite n\u00eb Ulqin. Artana ndihet e k\u00ebnaqur me k\u00ebt\u00eb pjes\u00ebmarrje, dhe thot\u00eb se ka qen\u00eb e bindur se do ta rr\u00ebmbej\u00eb nj\u00eb [&hellip;]<\/p>\n","protected":false},"author":1,"featured_media":0,"comment_status":"open","ping_status":"closed","sticky":false,"template":"","format":"standard","meta":{"spay_email":"","jetpack_publicize_message":"","jetpack_is_tweetstorm":false,"jetpack_publicize_feature_enabled":true},"categories":[1],"tags":[20863,20864,200,18],"jetpack_publicize_connections":[],"yoast_head":"<!-- This site is optimized with the Yoast SEO plugin v19.1 - https:\/\/yoast.com\/wordpress\/plugins\/seo\/ -->\n<title>Artana Bytyqi &quot;Miss Vera 2012&#039;&#039; ne Ulqin - Lajme nga Ulqini<\/title>\n<meta name=\"description\" content=\"Si duket puna n\u00eb modelim po i ec\u00ebn mjaft mir\u00eb dhe bukuroshja Artana Bytyqi sapo \u00ebsht\u00eb kuror\u00ebzuar edhe me nj\u00eb \u00e7mim. Ajo \u00ebsht\u00eb shpallur \u201cMiss vera 2012\u201d n\u00eb\" \/>\n<meta name=\"robots\" content=\"index, follow, max-snippet:-1, max-image-preview:large, max-video-preview:-1\" \/>\n<link rel=\"canonical\" href=\"https:\/\/www.visit-ulcinj.com\/blog\/2012\/08\/08\/artana-bytyqi-miss-vera-2012-ne-ulqin\/\" \/>\n<meta property=\"og:locale\" content=\"en_US\" \/>\n<meta property=\"og:type\" content=\"article\" \/>\n<meta property=\"og:title\" content=\"Artana Bytyqi &quot;Miss Vera 2012&#039;&#039; ne Ulqin - Lajme nga Ulqini\" \/>\n<meta property=\"og:description\" content=\"Si duket puna n\u00eb modelim po i ec\u00ebn mjaft mir\u00eb dhe bukuroshja Artana Bytyqi sapo \u00ebsht\u00eb kuror\u00ebzuar edhe me nj\u00eb \u00e7mim. Ajo \u00ebsht\u00eb shpallur \u201cMiss vera 2012\u201d n\u00eb\" \/>\n<meta property=\"og:url\" content=\"https:\/\/www.visit-ulcinj.com\/blog\/2012\/08\/08\/artana-bytyqi-miss-vera-2012-ne-ulqin\/\" \/>\n<meta property=\"og:site_name\" content=\"Lajme nga Ulqini\" \/>\n<meta property=\"article:published_time\" content=\"2012-08-08T15:20:23+00:00\" \/>\n<meta property=\"og:image\" content=\"http:\/\/www.visit-ulcinj.com\/blog\/wp-content\/uploads\/2012\/08\/Artana-Bytyqi-Miss-Vera-2012-ne-Ulqin.jpg\" \/>\n<meta name=\"twitter:label1\" content=\"Written by\" \/>\n\t<meta name=\"twitter:data1\" content=\"ulqini\" \/>\n\t<meta name=\"twitter:label2\" content=\"Est. reading time\" \/>\n\t<meta name=\"twitter:data2\" content=\"2 minutes\" \/>\n<script type=\"application\/ld+json\" class=\"yoast-schema-graph\">{\"@context\":\"https:\/\/schema.org\",\"@graph\":[{\"@type\":\"WebSite\",\"@id\":\"https:\/\/www.visit-ulcinj.com\/blog\/#website\",\"url\":\"https:\/\/www.visit-ulcinj.com\/blog\/\",\"name\":\"Lajme nga Ulqini\",\"description\":\"Lajme,Vijesti,Ulqini,Ulqin,Crna Gora,Mali i Zi\",\"potentialAction\":[{\"@type\":\"SearchAction\",\"target\":{\"@type\":\"EntryPoint\",\"urlTemplate\":\"https:\/\/www.visit-ulcinj.com\/blog\/?s={search_term_string}\"},\"query-input\":\"required name=search_term_string\"}],\"inLanguage\":\"en-US\"},{\"@type\":\"ImageObject\",\"inLanguage\":\"en-US\",\"@id\":\"https:\/\/www.visit-ulcinj.com\/blog\/2012\/08\/08\/artana-bytyqi-miss-vera-2012-ne-ulqin\/#primaryimage\",\"url\":\"http:\/\/www.visit-ulcinj.com\/blog\/wp-content\/uploads\/2012\/08\/Artana-Bytyqi-Miss-Vera-2012-ne-Ulqin.jpg\",\"contentUrl\":\"http:\/\/www.visit-ulcinj.com\/blog\/wp-content\/uploads\/2012\/08\/Artana-Bytyqi-Miss-Vera-2012-ne-Ulqin.jpg\"},{\"@type\":\"WebPage\",\"@id\":\"https:\/\/www.visit-ulcinj.com\/blog\/2012\/08\/08\/artana-bytyqi-miss-vera-2012-ne-ulqin\/#webpage\",\"url\":\"https:\/\/www.visit-ulcinj.com\/blog\/2012\/08\/08\/artana-bytyqi-miss-vera-2012-ne-ulqin\/\",\"name\":\"Artana Bytyqi \\\"Miss Vera 2012'' ne Ulqin - Lajme nga Ulqini\",\"isPartOf\":{\"@id\":\"https:\/\/www.visit-ulcinj.com\/blog\/#website\"},\"primaryImageOfPage\":{\"@id\":\"https:\/\/www.visit-ulcinj.com\/blog\/2012\/08\/08\/artana-bytyqi-miss-vera-2012-ne-ulqin\/#primaryimage\"},\"datePublished\":\"2012-08-08T15:20:23+00:00\",\"dateModified\":\"2012-08-08T15:20:23+00:00\",\"author\":{\"@id\":\"https:\/\/www.visit-ulcinj.com\/blog\/#\/schema\/person\/dcab619c614d3038751c63bc2aadc06d\"},\"description\":\"Si duket puna n\u00eb modelim po i ec\u00ebn mjaft mir\u00eb dhe bukuroshja Artana Bytyqi sapo \u00ebsht\u00eb kuror\u00ebzuar edhe me nj\u00eb \u00e7mim. Ajo \u00ebsht\u00eb shpallur \u201cMiss vera 2012\u201d n\u00eb\",\"breadcrumb\":{\"@id\":\"https:\/\/www.visit-ulcinj.com\/blog\/2012\/08\/08\/artana-bytyqi-miss-vera-2012-ne-ulqin\/#breadcrumb\"},\"inLanguage\":\"en-US\",\"potentialAction\":[{\"@type\":\"ReadAction\",\"target\":[\"https:\/\/www.visit-ulcinj.com\/blog\/2012\/08\/08\/artana-bytyqi-miss-vera-2012-ne-ulqin\/\"]}]},{\"@type\":\"BreadcrumbList\",\"@id\":\"https:\/\/www.visit-ulcinj.com\/blog\/2012\/08\/08\/artana-bytyqi-miss-vera-2012-ne-ulqin\/#breadcrumb\",\"itemListElement\":[{\"@type\":\"ListItem\",\"position\":1,\"name\":\"Artana Bytyqi &#8220;Miss Vera 2012&#8221; ne Ulqin\"}]},{\"@type\":\"Person\",\"@id\":\"https:\/\/www.visit-ulcinj.com\/blog\/#\/schema\/person\/dcab619c614d3038751c63bc2aadc06d\",\"name\":\"ulqini\",\"sameAs\":[\"http:\/\/www.visit-ulcinj.com\"],\"url\":\"https:\/\/www.visit-ulcinj.com\/blog\/author\/admin\/\"}]}<\/script>\n<!-- \/ Yoast SEO plugin. -->","yoast_head_json":{"title":"Artana Bytyqi \"Miss Vera 2012'' ne Ulqin - Lajme nga Ulqini","description":"Si duket puna n\u00eb modelim po i ec\u00ebn mjaft mir\u00eb dhe bukuroshja Artana Bytyqi sapo \u00ebsht\u00eb kuror\u00ebzuar edhe me nj\u00eb \u00e7mim. Ajo \u00ebsht\u00eb shpallur \u201cMiss vera 2012\u201d n\u00eb","robots":{"index":"index","follow":"follow","max-snippet":"max-snippet:-1","max-image-preview":"max-image-preview:large","max-video-preview":"max-video-preview:-1"},"canonical":"https:\/\/www.visit-ulcinj.com\/blog\/2012\/08\/08\/artana-bytyqi-miss-vera-2012-ne-ulqin\/","og_locale":"en_US","og_type":"article","og_title":"Artana Bytyqi \"Miss Vera 2012'' ne Ulqin - Lajme nga Ulqini","og_description":"Si duket puna n\u00eb modelim po i ec\u00ebn mjaft mir\u00eb dhe bukuroshja Artana Bytyqi sapo \u00ebsht\u00eb kuror\u00ebzuar edhe me nj\u00eb \u00e7mim. Ajo \u00ebsht\u00eb shpallur \u201cMiss vera 2012\u201d n\u00eb","og_url":"https:\/\/www.visit-ulcinj.com\/blog\/2012\/08\/08\/artana-bytyqi-miss-vera-2012-ne-ulqin\/","og_site_name":"Lajme nga Ulqini","article_published_time":"2012-08-08T15:20:23+00:00","og_image":[{"url":"http:\/\/www.visit-ulcinj.com\/blog\/wp-content\/uploads\/2012\/08\/Artana-Bytyqi-Miss-Vera-2012-ne-Ulqin.jpg"}],"twitter_misc":{"Written by":"ulqini","Est. reading time":"2 minutes"},"schema":{"@context":"https:\/\/schema.org","@graph":[{"@type":"WebSite","@id":"https:\/\/www.visit-ulcinj.com\/blog\/#website","url":"https:\/\/www.visit-ulcinj.com\/blog\/","name":"Lajme nga Ulqini","description":"Lajme,Vijesti,Ulqini,Ulqin,Crna Gora,Mali i Zi","potentialAction":[{"@type":"SearchAction","target":{"@type":"EntryPoint","urlTemplate":"https:\/\/www.visit-ulcinj.com\/blog\/?s={search_term_string}"},"query-input":"required name=search_term_string"}],"inLanguage":"en-US"},{"@type":"ImageObject","inLanguage":"en-US","@id":"https:\/\/www.visit-ulcinj.com\/blog\/2012\/08\/08\/artana-bytyqi-miss-vera-2012-ne-ulqin\/#primaryimage","url":"http:\/\/www.visit-ulcinj.com\/blog\/wp-content\/uploads\/2012\/08\/Artana-Bytyqi-Miss-Vera-2012-ne-Ulqin.jpg","contentUrl":"http:\/\/www.visit-ulcinj.com\/blog\/wp-content\/uploads\/2012\/08\/Artana-Bytyqi-Miss-Vera-2012-ne-Ulqin.jpg"},{"@type":"WebPage","@id":"https:\/\/www.visit-ulcinj.com\/blog\/2012\/08\/08\/artana-bytyqi-miss-vera-2012-ne-ulqin\/#webpage","url":"https:\/\/www.visit-ulcinj.com\/blog\/2012\/08\/08\/artana-bytyqi-miss-vera-2012-ne-ulqin\/","name":"Artana Bytyqi \"Miss Vera 2012'' ne Ulqin - Lajme nga Ulqini","isPartOf":{"@id":"https:\/\/www.visit-ulcinj.com\/blog\/#website"},"primaryImageOfPage":{"@id":"https:\/\/www.visit-ulcinj.com\/blog\/2012\/08\/08\/artana-bytyqi-miss-vera-2012-ne-ulqin\/#primaryimage"},"datePublished":"2012-08-08T15:20:23+00:00","dateModified":"2012-08-08T15:20:23+00:00","author":{"@id":"https:\/\/www.visit-ulcinj.com\/blog\/#\/schema\/person\/dcab619c614d3038751c63bc2aadc06d"},"description":"Si duket puna n\u00eb modelim po i ec\u00ebn mjaft mir\u00eb dhe bukuroshja Artana Bytyqi sapo \u00ebsht\u00eb kuror\u00ebzuar edhe me nj\u00eb \u00e7mim. Ajo \u00ebsht\u00eb shpallur \u201cMiss vera 2012\u201d n\u00eb","breadcrumb":{"@id":"https:\/\/www.visit-ulcinj.com\/blog\/2012\/08\/08\/artana-bytyqi-miss-vera-2012-ne-ulqin\/#breadcrumb"},"inLanguage":"en-US","potentialAction":[{"@type":"ReadAction","target":["https:\/\/www.visit-ulcinj.com\/blog\/2012\/08\/08\/artana-bytyqi-miss-vera-2012-ne-ulqin\/"]}]},{"@type":"BreadcrumbList","@id":"https:\/\/www.visit-ulcinj.com\/blog\/2012\/08\/08\/artana-bytyqi-miss-vera-2012-ne-ulqin\/#breadcrumb","itemListElement":[{"@type":"ListItem","position":1,"name":"Artana Bytyqi &#8220;Miss Vera 2012&#8221; ne Ulqin"}]},{"@type":"Person","@id":"https:\/\/www.visit-ulcinj.com\/blog\/#\/schema\/person\/dcab619c614d3038751c63bc2aadc06d","name":"ulqini","sameAs":["http:\/\/www.visit-ulcinj.com"],"url":"https:\/\/www.visit-ulcinj.com\/blog\/author\/admin\/"}]}},"jetpack_featured_media_url":"","jetpack_sharing_enabled":true,"jetpack_shortlink":"https:\/\/wp.me\/pe6lTn-gjD","_links":{"self":[{"href":"https:\/\/www.visit-ulcinj.com\/blog\/wp-json\/wp\/v2\/posts\/62721"}],"collection":[{"href":"https:\/\/www.visit-ulcinj.com\/blog\/wp-json\/wp\/v2\/posts"}],"about":[{"href":"https:\/\/www.visit-ulcinj.com\/blog\/wp-json\/wp\/v2\/types\/post"}],"author":[{"embeddable":true,"href":"https:\/\/www.visit-ulcinj.com\/blog\/wp-json\/wp\/v2\/users\/1"}],"replies":[{"embeddable":true,"href":"https:\/\/www.visit-ulcinj.com\/blog\/wp-json\/wp\/v2\/comments?post=62721"}],"version-history":[{"count":1,"href":"https:\/\/www.visit-ulcinj.com\/blog\/wp-json\/wp\/v2\/posts\/62721\/revisions"}],"predecessor-version":[{"id":62723,"href":"https:\/\/www.visit-ulcinj.com\/blog\/wp-json\/wp\/v2\/posts\/62721\/revisions\/62723"}],"wp:attachment":[{"href":"https:\/\/www.visit-ulcinj.com\/blog\/wp-json\/wp\/v2\/media?parent=62721"}],"wp:term":[{"taxonomy":"category","embeddable":true,"href":"https:\/\/www.visit-ulcinj.com\/blog\/wp-json\/wp\/v2\/categories?post=62721"},{"taxonomy":"post_tag","embeddable":true,"href":"https:\/\/www.visit-ulcinj.com\/blog\/wp-json\/wp\/v2\/tags?post=62721"}],"curies":[{"name":"wp","href":"https:\/\/api.w.org\/{rel}","templated":true}]}}