{"id":6275,"date":"2008-11-17T17:43:43","date_gmt":"2008-11-17T22:43:43","guid":{"rendered":"http:\/\/www.visit-ulcinj.com\/blog\/?p=6275"},"modified":"2008-11-17T17:43:43","modified_gmt":"2008-11-17T22:43:43","slug":"arta-nuk-e-kam-shijuar-dashurine","status":"publish","type":"post","link":"https:\/\/www.visit-ulcinj.com\/blog\/2008\/11\/17\/arta-nuk-e-kam-shijuar-dashurine\/","title":{"rendered":"Arta: Nuk e kam shijuar dashurin\u00eb"},"content":{"rendered":"<p><a href=\"http:\/\/www.visit-ulcinj.com\/blog\/wp-content\/uploads\/2008\/11\/arta-kamberi.jpg\"><img loading=\"lazy\" class=\"alignleft size-medium wp-image-6276\" title=\"arta-kamberi\" src=\"http:\/\/www.visit-ulcinj.com\/blog\/wp-content\/uploads\/2008\/11\/arta-kamberi-200x300.jpg\" alt=\"\" width=\"245\" height=\"300\" \/><\/a>P\u00ebrcjell\u00ebsja e par\u00eb e \u2018Miss Shqip\u00ebria 2008\u2019 dhe fituesja e \u00e7mimit \u2018Miss Cosmopolitan\u2019 n\u00eb spektaklin \u2018Miss Globe 2008\u2019, Arta Kamberi, gjat\u00eb nj\u00eb interviste p\u00ebr revist\u00ebn \u201cVIP Press\u201d, ka njoftuar se ajo ende nuk e ka shijuar dashurin\u00eb dhe se kjo \u00ebsht\u00eb p\u00ebr arsye se ende nuk e ka takuar personin e duhur.<br \/>\n\u201cJam shum\u00eb e hapur, ndoshta edhe nga fakti, q\u00eb nuk jam e lidhur, sepse kam qen\u00eb shum\u00eb e impenjuar gjat\u00eb gjith\u00eb koh\u00ebs, ndoshta edhe nuk e kam takuar personin e duhur\u201d, \u00ebsht\u00eb shprehur Arta p\u00ebr \u201cVIP Press\u201d, nd\u00ebrsa pyetjes se a beson n\u00eb dashurin\u00eb n\u00eb shikim t\u00eb par\u00eb i \u00ebsht\u00eb p\u00ebrgjigjur: \u201cPo jam me dy mendje, s\u2019e kam shijuar dashurin\u00eb ende\u201d.<br \/>\nCil\u00ebsit\u00eb e mashkullit q\u00eb Arta p\u00eblqen jan\u00eb \u201ci pash\u00ebm, i gjithansh\u00ebm, etj.\u201d, nd\u00ebrsa p\u00ebr t\u00eb pasur sukses n\u00eb nj\u00eb lidhje \u201cduhet t\u00eb kesh fat q\u00eb t\u00eb kesh g\u00ebzim dhe dashuri, sepse k\u00ebto jan\u00eb t\u00eb lidhura me nj\u00ebra-tjetr\u00ebn\u201d.<\/p>\n<p><strong>Telegrafi<\/strong><\/p>\n","protected":false},"excerpt":{"rendered":"<p>P\u00ebrcjell\u00ebsja e par\u00eb e \u2018Miss Shqip\u00ebria 2008\u2019 dhe fituesja e \u00e7mimit \u2018Miss Cosmopolitan\u2019 n\u00eb spektaklin \u2018Miss Globe 2008\u2019, Arta Kamberi, gjat\u00eb nj\u00eb interviste p\u00ebr revist\u00ebn \u201cVIP Press\u201d, ka njoftuar se ajo ende nuk e ka shijuar dashurin\u00eb dhe se kjo \u00ebsht\u00eb p\u00ebr arsye se ende nuk e ka takuar personin e duhur. \u201cJam shum\u00eb e [&hellip;]<\/p>\n","protected":false},"author":1,"featured_media":0,"comment_status":"open","ping_status":"closed","sticky":false,"template":"","format":"standard","meta":{"spay_email":"","jetpack_publicize_message":"","jetpack_is_tweetstorm":false,"jetpack_publicize_feature_enabled":true},"categories":[1],"tags":[5082],"jetpack_publicize_connections":[],"yoast_head":"<!-- This site is optimized with the Yoast SEO plugin v19.1 - https:\/\/yoast.com\/wordpress\/plugins\/seo\/ -->\n<title>Arta: Nuk e kam shijuar dashurin\u00eb - Lajme nga Ulqini<\/title>\n<meta name=\"description\" content=\"P\u00ebrcjell\u00ebsja e par\u00eb e \u2018Miss Shqip\u00ebria 2008\u2019 dhe fituesja e \u00e7mimit \u2018Miss Cosmopolitan\u2019 n\u00eb spektaklin \u2018Miss Globe 2008\u2019, Arta Kamberi, gjat\u00eb nj\u00eb interviste\" \/>\n<meta name=\"robots\" content=\"index, follow, max-snippet:-1, max-image-preview:large, max-video-preview:-1\" \/>\n<link rel=\"canonical\" href=\"https:\/\/www.visit-ulcinj.com\/blog\/2008\/11\/17\/arta-nuk-e-kam-shijuar-dashurine\/\" \/>\n<meta property=\"og:locale\" content=\"en_US\" \/>\n<meta property=\"og:type\" content=\"article\" \/>\n<meta property=\"og:title\" content=\"Arta: Nuk e kam shijuar dashurin\u00eb - Lajme nga Ulqini\" \/>\n<meta property=\"og:description\" content=\"P\u00ebrcjell\u00ebsja e par\u00eb e \u2018Miss Shqip\u00ebria 2008\u2019 dhe fituesja e \u00e7mimit \u2018Miss Cosmopolitan\u2019 n\u00eb spektaklin \u2018Miss Globe 2008\u2019, Arta Kamberi, gjat\u00eb nj\u00eb interviste\" \/>\n<meta property=\"og:url\" content=\"https:\/\/www.visit-ulcinj.com\/blog\/2008\/11\/17\/arta-nuk-e-kam-shijuar-dashurine\/\" \/>\n<meta property=\"og:site_name\" content=\"Lajme nga Ulqini\" \/>\n<meta property=\"article:published_time\" content=\"2008-11-17T22:43:43+00:00\" \/>\n<meta property=\"og:image\" content=\"http:\/\/www.visit-ulcinj.com\/blog\/wp-content\/uploads\/2008\/11\/arta-kamberi-200x300.jpg\" \/>\n<meta name=\"twitter:label1\" content=\"Written by\" \/>\n\t<meta name=\"twitter:data1\" content=\"ulqini\" \/>\n\t<meta name=\"twitter:label2\" content=\"Est. reading time\" \/>\n\t<meta name=\"twitter:data2\" content=\"1 minute\" \/>\n<script type=\"application\/ld+json\" class=\"yoast-schema-graph\">{\"@context\":\"https:\/\/schema.org\",\"@graph\":[{\"@type\":\"WebSite\",\"@id\":\"https:\/\/www.visit-ulcinj.com\/blog\/#website\",\"url\":\"https:\/\/www.visit-ulcinj.com\/blog\/\",\"name\":\"Lajme nga Ulqini\",\"description\":\"Lajme,Vijesti,Ulqini,Ulqin,Crna Gora,Mali i Zi\",\"potentialAction\":[{\"@type\":\"SearchAction\",\"target\":{\"@type\":\"EntryPoint\",\"urlTemplate\":\"https:\/\/www.visit-ulcinj.com\/blog\/?s={search_term_string}\"},\"query-input\":\"required name=search_term_string\"}],\"inLanguage\":\"en-US\"},{\"@type\":\"ImageObject\",\"inLanguage\":\"en-US\",\"@id\":\"https:\/\/www.visit-ulcinj.com\/blog\/2008\/11\/17\/arta-nuk-e-kam-shijuar-dashurine\/#primaryimage\",\"url\":\"http:\/\/www.visit-ulcinj.com\/blog\/wp-content\/uploads\/2008\/11\/arta-kamberi-200x300.jpg\",\"contentUrl\":\"http:\/\/www.visit-ulcinj.com\/blog\/wp-content\/uploads\/2008\/11\/arta-kamberi-200x300.jpg\"},{\"@type\":\"WebPage\",\"@id\":\"https:\/\/www.visit-ulcinj.com\/blog\/2008\/11\/17\/arta-nuk-e-kam-shijuar-dashurine\/#webpage\",\"url\":\"https:\/\/www.visit-ulcinj.com\/blog\/2008\/11\/17\/arta-nuk-e-kam-shijuar-dashurine\/\",\"name\":\"Arta: Nuk e kam shijuar dashurin\u00eb - Lajme nga Ulqini\",\"isPartOf\":{\"@id\":\"https:\/\/www.visit-ulcinj.com\/blog\/#website\"},\"primaryImageOfPage\":{\"@id\":\"https:\/\/www.visit-ulcinj.com\/blog\/2008\/11\/17\/arta-nuk-e-kam-shijuar-dashurine\/#primaryimage\"},\"datePublished\":\"2008-11-17T22:43:43+00:00\",\"dateModified\":\"2008-11-17T22:43:43+00:00\",\"author\":{\"@id\":\"https:\/\/www.visit-ulcinj.com\/blog\/#\/schema\/person\/dcab619c614d3038751c63bc2aadc06d\"},\"description\":\"P\u00ebrcjell\u00ebsja e par\u00eb e \u2018Miss Shqip\u00ebria 2008\u2019 dhe fituesja e \u00e7mimit \u2018Miss Cosmopolitan\u2019 n\u00eb spektaklin \u2018Miss Globe 2008\u2019, Arta Kamberi, gjat\u00eb nj\u00eb interviste\",\"breadcrumb\":{\"@id\":\"https:\/\/www.visit-ulcinj.com\/blog\/2008\/11\/17\/arta-nuk-e-kam-shijuar-dashurine\/#breadcrumb\"},\"inLanguage\":\"en-US\",\"potentialAction\":[{\"@type\":\"ReadAction\",\"target\":[\"https:\/\/www.visit-ulcinj.com\/blog\/2008\/11\/17\/arta-nuk-e-kam-shijuar-dashurine\/\"]}]},{\"@type\":\"BreadcrumbList\",\"@id\":\"https:\/\/www.visit-ulcinj.com\/blog\/2008\/11\/17\/arta-nuk-e-kam-shijuar-dashurine\/#breadcrumb\",\"itemListElement\":[{\"@type\":\"ListItem\",\"position\":1,\"name\":\"Arta: Nuk e kam shijuar dashurin\u00eb\"}]},{\"@type\":\"Person\",\"@id\":\"https:\/\/www.visit-ulcinj.com\/blog\/#\/schema\/person\/dcab619c614d3038751c63bc2aadc06d\",\"name\":\"ulqini\",\"sameAs\":[\"http:\/\/www.visit-ulcinj.com\"],\"url\":\"https:\/\/www.visit-ulcinj.com\/blog\/author\/admin\/\"}]}<\/script>\n<!-- \/ Yoast SEO plugin. -->","yoast_head_json":{"title":"Arta: Nuk e kam shijuar dashurin\u00eb - Lajme nga Ulqini","description":"P\u00ebrcjell\u00ebsja e par\u00eb e \u2018Miss Shqip\u00ebria 2008\u2019 dhe fituesja e \u00e7mimit \u2018Miss Cosmopolitan\u2019 n\u00eb spektaklin \u2018Miss Globe 2008\u2019, Arta Kamberi, gjat\u00eb nj\u00eb interviste","robots":{"index":"index","follow":"follow","max-snippet":"max-snippet:-1","max-image-preview":"max-image-preview:large","max-video-preview":"max-video-preview:-1"},"canonical":"https:\/\/www.visit-ulcinj.com\/blog\/2008\/11\/17\/arta-nuk-e-kam-shijuar-dashurine\/","og_locale":"en_US","og_type":"article","og_title":"Arta: Nuk e kam shijuar dashurin\u00eb - Lajme nga Ulqini","og_description":"P\u00ebrcjell\u00ebsja e par\u00eb e \u2018Miss Shqip\u00ebria 2008\u2019 dhe fituesja e \u00e7mimit \u2018Miss Cosmopolitan\u2019 n\u00eb spektaklin \u2018Miss Globe 2008\u2019, Arta Kamberi, gjat\u00eb nj\u00eb interviste","og_url":"https:\/\/www.visit-ulcinj.com\/blog\/2008\/11\/17\/arta-nuk-e-kam-shijuar-dashurine\/","og_site_name":"Lajme nga Ulqini","article_published_time":"2008-11-17T22:43:43+00:00","og_image":[{"url":"http:\/\/www.visit-ulcinj.com\/blog\/wp-content\/uploads\/2008\/11\/arta-kamberi-200x300.jpg"}],"twitter_misc":{"Written by":"ulqini","Est. reading time":"1 minute"},"schema":{"@context":"https:\/\/schema.org","@graph":[{"@type":"WebSite","@id":"https:\/\/www.visit-ulcinj.com\/blog\/#website","url":"https:\/\/www.visit-ulcinj.com\/blog\/","name":"Lajme nga Ulqini","description":"Lajme,Vijesti,Ulqini,Ulqin,Crna Gora,Mali i Zi","potentialAction":[{"@type":"SearchAction","target":{"@type":"EntryPoint","urlTemplate":"https:\/\/www.visit-ulcinj.com\/blog\/?s={search_term_string}"},"query-input":"required name=search_term_string"}],"inLanguage":"en-US"},{"@type":"ImageObject","inLanguage":"en-US","@id":"https:\/\/www.visit-ulcinj.com\/blog\/2008\/11\/17\/arta-nuk-e-kam-shijuar-dashurine\/#primaryimage","url":"http:\/\/www.visit-ulcinj.com\/blog\/wp-content\/uploads\/2008\/11\/arta-kamberi-200x300.jpg","contentUrl":"http:\/\/www.visit-ulcinj.com\/blog\/wp-content\/uploads\/2008\/11\/arta-kamberi-200x300.jpg"},{"@type":"WebPage","@id":"https:\/\/www.visit-ulcinj.com\/blog\/2008\/11\/17\/arta-nuk-e-kam-shijuar-dashurine\/#webpage","url":"https:\/\/www.visit-ulcinj.com\/blog\/2008\/11\/17\/arta-nuk-e-kam-shijuar-dashurine\/","name":"Arta: Nuk e kam shijuar dashurin\u00eb - Lajme nga Ulqini","isPartOf":{"@id":"https:\/\/www.visit-ulcinj.com\/blog\/#website"},"primaryImageOfPage":{"@id":"https:\/\/www.visit-ulcinj.com\/blog\/2008\/11\/17\/arta-nuk-e-kam-shijuar-dashurine\/#primaryimage"},"datePublished":"2008-11-17T22:43:43+00:00","dateModified":"2008-11-17T22:43:43+00:00","author":{"@id":"https:\/\/www.visit-ulcinj.com\/blog\/#\/schema\/person\/dcab619c614d3038751c63bc2aadc06d"},"description":"P\u00ebrcjell\u00ebsja e par\u00eb e \u2018Miss Shqip\u00ebria 2008\u2019 dhe fituesja e \u00e7mimit \u2018Miss Cosmopolitan\u2019 n\u00eb spektaklin \u2018Miss Globe 2008\u2019, Arta Kamberi, gjat\u00eb nj\u00eb interviste","breadcrumb":{"@id":"https:\/\/www.visit-ulcinj.com\/blog\/2008\/11\/17\/arta-nuk-e-kam-shijuar-dashurine\/#breadcrumb"},"inLanguage":"en-US","potentialAction":[{"@type":"ReadAction","target":["https:\/\/www.visit-ulcinj.com\/blog\/2008\/11\/17\/arta-nuk-e-kam-shijuar-dashurine\/"]}]},{"@type":"BreadcrumbList","@id":"https:\/\/www.visit-ulcinj.com\/blog\/2008\/11\/17\/arta-nuk-e-kam-shijuar-dashurine\/#breadcrumb","itemListElement":[{"@type":"ListItem","position":1,"name":"Arta: Nuk e kam shijuar dashurin\u00eb"}]},{"@type":"Person","@id":"https:\/\/www.visit-ulcinj.com\/blog\/#\/schema\/person\/dcab619c614d3038751c63bc2aadc06d","name":"ulqini","sameAs":["http:\/\/www.visit-ulcinj.com"],"url":"https:\/\/www.visit-ulcinj.com\/blog\/author\/admin\/"}]}},"jetpack_featured_media_url":"","jetpack_sharing_enabled":true,"jetpack_shortlink":"https:\/\/wp.me\/pe6lTn-1Dd","_links":{"self":[{"href":"https:\/\/www.visit-ulcinj.com\/blog\/wp-json\/wp\/v2\/posts\/6275"}],"collection":[{"href":"https:\/\/www.visit-ulcinj.com\/blog\/wp-json\/wp\/v2\/posts"}],"about":[{"href":"https:\/\/www.visit-ulcinj.com\/blog\/wp-json\/wp\/v2\/types\/post"}],"author":[{"embeddable":true,"href":"https:\/\/www.visit-ulcinj.com\/blog\/wp-json\/wp\/v2\/users\/1"}],"replies":[{"embeddable":true,"href":"https:\/\/www.visit-ulcinj.com\/blog\/wp-json\/wp\/v2\/comments?post=6275"}],"version-history":[{"count":0,"href":"https:\/\/www.visit-ulcinj.com\/blog\/wp-json\/wp\/v2\/posts\/6275\/revisions"}],"wp:attachment":[{"href":"https:\/\/www.visit-ulcinj.com\/blog\/wp-json\/wp\/v2\/media?parent=6275"}],"wp:term":[{"taxonomy":"category","embeddable":true,"href":"https:\/\/www.visit-ulcinj.com\/blog\/wp-json\/wp\/v2\/categories?post=6275"},{"taxonomy":"post_tag","embeddable":true,"href":"https:\/\/www.visit-ulcinj.com\/blog\/wp-json\/wp\/v2\/tags?post=6275"}],"curies":[{"name":"wp","href":"https:\/\/api.w.org\/{rel}","templated":true}]}}