{"id":62750,"date":"2012-08-08T17:12:39","date_gmt":"2012-08-08T16:12:39","guid":{"rendered":"http:\/\/www.visit-ulcinj.com\/blog\/?p=62750"},"modified":"2012-08-08T17:12:39","modified_gmt":"2012-08-08T16:12:39","slug":"ulcinjski-sud-za-prekrsaje-oslobodio-clanove-sindikalne-organizacije-hotela-otrant","status":"publish","type":"post","link":"https:\/\/www.visit-ulcinj.com\/blog\/2012\/08\/08\/ulcinjski-sud-za-prekrsaje-oslobodio-clanove-sindikalne-organizacije-hotela-otrant\/","title":{"rendered":"Ulcinjski sud za prekr\u0161aje oslobodio \u010dlanove sindikalne organizacije hotela \u201eOtrant\u201d"},"content":{"rendered":"<p><strong><a href=\"http:\/\/www.visit-ulcinj.com\/hotels-in-ulcinj\/hotel-otrant-ulcinj-ulqini\/\" target=\"_blank\"><img loading=\"lazy\" class=\"alignleft  wp-image-62751\" title=\"Hotel-Otrant-Ulcinj\" src=\"http:\/\/www.visit-ulcinj.com\/blog\/wp-content\/uploads\/2012\/08\/Hotel-Otrant-Ulcinj.jpg\" alt=\"\" width=\"508\" height=\"380\" \/><\/a>Opomenuli organizatore<\/strong><\/p>\n<p>Sudija za prekr\u0161aje Osnovnog suda u Ulcinju Feriz \u0106erani\u0107 oslobodio je odgovornosti \u010delnike sindikalne organizacije hotela \u201eOtrant\u201d koji su prije nekoliko dana privedeni u ispostavu policije zbog blokade ulazne kapije u istoimeni hotelski kompleks. \u0106erani\u0107 je nakon saslu\u0161anja predsjednika sindikata Muzafera Suljovi\u0107a, predsjednika \u0161trajka\u010dkog odbora Amira Resulbegovi\u0107a i \u010dlanova Iva Luki\u0107a, Du\u0161ka Popovi\u0107a i Ahmeta Kurmemovi\u0107a odlu\u010dio da samo opomene prvog \u010dovjeka sindikalne organizacije dok su ostali \u010dlanovi pro\u0161li bez opomena i kazni.<br \/>\nSindikalci tvrde da su ih policiji prijavili zakupci hotela, odnosno vlasnici kompanije \u201eArgos\u201d ali su iz te firme odbacili ju\u010de te navode.<br \/>\n\u2013 Niko iz na\u0161e kompanije nije prijavljivao \u0161trajka\u010de policiji iako oni mjesecima ometaju ulaz turista u kompleks, nanose\u0107i nam tako veliku \u0161tetu jer je sezona u jeku \u2013 kazao je izvr\u0161ni direktor \u201eOtranta\u201d Edmont Paljoka.<br \/>\nU izjavi \u201eDanu\u201d jedan od \u010dlanova \u0161trajka\u010dkog odbora Ivo Luki\u0107 rekao je da radnici nemaju drugog izbora od protestnih okupljanja.<br \/>\n\u2013 Ne okupljamo se mi ve\u0107 mjesecima zato \u0161to nekom \u017eelimo zlo ve\u0107 zbog te\u0161ke situacije u kojoj se nalazimo. Ako neko misli da je lako svakodnevno po vi\u0161e \u010dasova stajati na ulici, po tropskim vru\u0107nima, grdno se vara. Tra\u017eimo samo da se po\u0161tuju na\u0161a prava. Zahtijevamo isplatu 11 zaostalih li\u010dnih dohodaka i rje\u0161avanje statusa. Podsje\u0107amo da smo zbog katastrofalne privatizacije i nebrige dr\u017eave, nakon decenija rada u \u201eOtrantu\u201d ostali na ulici. Ne primamo plate i na\u0161e porodice su na ivici egzistencije. Ako je neko ugro\u017een, onda smo to mi \u2013 kazao je Luki\u0107.<br \/>\nOn je najavio da \u0107e sindikalna organizacija i dalje organizoavti okupljanja pred kapijom hotela.<br \/>\n\u2013 Mirno \u0107emo protestovati sve dok se ne ispune zahtjevi. U op\u0161tem je interesu da se ovo \u0161to prije rije\u0161i ali nijesmo mi na potezu ve\u0107 nadle\u017eni organi i vlasnik hotela \u2013 dodao je Luki\u0107.<br \/>\nVlasnik \u201eOtranta\u201d NLB Interfinans banka ponudila je nedavno 60 hiljada eura jednokratne pomo\u0107i radnicima u zamjenu za povla\u010denje tu\u017ebe koju su u me\u0111uvremenu podnijeli sudskim organima. Sindikat je to odbio tra\u017ee\u0107i isplatu svih zaostalih primanja i rje\u0161avanje radnog statusa. Ministarstvo turizma, rada i socijalnog staranja, vlasnik hotela NLB Interfinans i zakupac, ulcinjska kompanija \u201eArgos\u201d nijesu ispunili dogovor na nedavnom sastanku na kome je dogovoreno hitno rje\u0161avanje problema. Zbog duga kompanije \u201eBarkli Montenegro\u201d, od gotovo 10 miliona eura, hotel je krajem pro\u0161le godine postao vlani\u0161tvo \u0161vajcarske banke, a ona ga je pod zakup izdala ulcinjskoj kompaniji \u201eArgos\u201d. Zakupci su preuzeli mali broj radnika ali je ve\u0107ina ostala na ulici bez posla i plata.<br \/>\n<a href=\"http:\/\/www.dan.co.me\/?nivo=3&amp;rubrika=Ekonomija&amp;clanak=342308&amp;najdatum=2012-08-07&amp;datum=2012-08-08&amp;naslov=Opomenuli%20organizatore\" target=\"_blank\"><strong>M.K.<\/strong><\/a><br \/>\n<a href=\"http:\/\/www.dan.co.me\/?nivo=3&amp;rubrika=Ekonomija&amp;clanak=342308&amp;najdatum=2012-08-07&amp;datum=2012-08-08&amp;naslov=Opomenuli%20organizatore\" target=\"_blank\"><strong> Izvor: DAN<\/strong><\/a><\/p>\n","protected":false},"excerpt":{"rendered":"<p>Opomenuli organizatore Sudija za prekr\u0161aje Osnovnog suda u Ulcinju Feriz \u0106erani\u0107 oslobodio je odgovornosti \u010delnike sindikalne organizacije hotela \u201eOtrant\u201d koji su prije nekoliko dana privedeni u ispostavu policije zbog blokade ulazne kapije u istoimeni hotelski kompleks. \u0106erani\u0107 je nakon saslu\u0161anja predsjednika sindikata Muzafera Suljovi\u0107a, predsjednika \u0161trajka\u010dkog odbora Amira Resulbegovi\u0107a i \u010dlanova Iva Luki\u0107a, Du\u0161ka Popovi\u0107a [&hellip;]<\/p>\n","protected":false},"author":1,"featured_media":0,"comment_status":"open","ping_status":"closed","sticky":false,"template":"","format":"standard","meta":{"spay_email":"","jetpack_publicize_message":"","jetpack_is_tweetstorm":false,"jetpack_publicize_feature_enabled":true},"categories":[8337],"tags":[855,19],"jetpack_publicize_connections":[],"yoast_head":"<!-- This site is optimized with the Yoast SEO plugin v19.1 - https:\/\/yoast.com\/wordpress\/plugins\/seo\/ -->\n<title>Ulcinjski sud za prekr\u0161aje oslobodio \u010dlanove sindikalne organizacije hotela \u201eOtrant\u201d - Lajme nga Ulqini<\/title>\n<meta name=\"description\" content=\"Opomenuli organizatore Sudija za prekr\u0161aje Osnovnog suda u Ulcinju Feriz \u0106erani\u0107 oslobodio je odgovornosti \u010delnike sindikalne organizacije hotela \u201eOtrant\u201d\" \/>\n<meta name=\"robots\" content=\"index, follow, max-snippet:-1, max-image-preview:large, max-video-preview:-1\" \/>\n<link rel=\"canonical\" href=\"https:\/\/www.visit-ulcinj.com\/blog\/2012\/08\/08\/ulcinjski-sud-za-prekrsaje-oslobodio-clanove-sindikalne-organizacije-hotela-otrant\/\" \/>\n<meta property=\"og:locale\" content=\"en_US\" \/>\n<meta property=\"og:type\" content=\"article\" \/>\n<meta property=\"og:title\" content=\"Ulcinjski sud za prekr\u0161aje oslobodio \u010dlanove sindikalne organizacije hotela \u201eOtrant\u201d - Lajme nga Ulqini\" \/>\n<meta property=\"og:description\" content=\"Opomenuli organizatore Sudija za prekr\u0161aje Osnovnog suda u Ulcinju Feriz \u0106erani\u0107 oslobodio je odgovornosti \u010delnike sindikalne organizacije hotela \u201eOtrant\u201d\" \/>\n<meta property=\"og:url\" content=\"https:\/\/www.visit-ulcinj.com\/blog\/2012\/08\/08\/ulcinjski-sud-za-prekrsaje-oslobodio-clanove-sindikalne-organizacije-hotela-otrant\/\" \/>\n<meta property=\"og:site_name\" content=\"Lajme nga Ulqini\" \/>\n<meta property=\"article:published_time\" content=\"2012-08-08T16:12:39+00:00\" \/>\n<meta property=\"og:image\" content=\"http:\/\/www.visit-ulcinj.com\/blog\/wp-content\/uploads\/2012\/08\/Hotel-Otrant-Ulcinj.jpg\" \/>\n<meta name=\"twitter:label1\" content=\"Written by\" \/>\n\t<meta name=\"twitter:data1\" content=\"ulqini\" \/>\n\t<meta name=\"twitter:label2\" content=\"Est. reading time\" \/>\n\t<meta name=\"twitter:data2\" content=\"2 minutes\" \/>\n<script type=\"application\/ld+json\" class=\"yoast-schema-graph\">{\"@context\":\"https:\/\/schema.org\",\"@graph\":[{\"@type\":\"WebSite\",\"@id\":\"https:\/\/www.visit-ulcinj.com\/blog\/#website\",\"url\":\"https:\/\/www.visit-ulcinj.com\/blog\/\",\"name\":\"Lajme nga Ulqini\",\"description\":\"Lajme,Vijesti,Ulqini,Ulqin,Crna Gora,Mali i Zi\",\"potentialAction\":[{\"@type\":\"SearchAction\",\"target\":{\"@type\":\"EntryPoint\",\"urlTemplate\":\"https:\/\/www.visit-ulcinj.com\/blog\/?s={search_term_string}\"},\"query-input\":\"required name=search_term_string\"}],\"inLanguage\":\"en-US\"},{\"@type\":\"ImageObject\",\"inLanguage\":\"en-US\",\"@id\":\"https:\/\/www.visit-ulcinj.com\/blog\/2012\/08\/08\/ulcinjski-sud-za-prekrsaje-oslobodio-clanove-sindikalne-organizacije-hotela-otrant\/#primaryimage\",\"url\":\"https:\/\/www.visit-ulcinj.com\/blog\/wp-content\/uploads\/2012\/08\/Hotel-Otrant-Ulcinj.jpg\",\"contentUrl\":\"https:\/\/www.visit-ulcinj.com\/blog\/wp-content\/uploads\/2012\/08\/Hotel-Otrant-Ulcinj.jpg\",\"width\":\"768\",\"height\":\"387\"},{\"@type\":\"WebPage\",\"@id\":\"https:\/\/www.visit-ulcinj.com\/blog\/2012\/08\/08\/ulcinjski-sud-za-prekrsaje-oslobodio-clanove-sindikalne-organizacije-hotela-otrant\/#webpage\",\"url\":\"https:\/\/www.visit-ulcinj.com\/blog\/2012\/08\/08\/ulcinjski-sud-za-prekrsaje-oslobodio-clanove-sindikalne-organizacije-hotela-otrant\/\",\"name\":\"Ulcinjski sud za prekr\u0161aje oslobodio \u010dlanove sindikalne organizacije hotela \u201eOtrant\u201d - Lajme nga Ulqini\",\"isPartOf\":{\"@id\":\"https:\/\/www.visit-ulcinj.com\/blog\/#website\"},\"primaryImageOfPage\":{\"@id\":\"https:\/\/www.visit-ulcinj.com\/blog\/2012\/08\/08\/ulcinjski-sud-za-prekrsaje-oslobodio-clanove-sindikalne-organizacije-hotela-otrant\/#primaryimage\"},\"datePublished\":\"2012-08-08T16:12:39+00:00\",\"dateModified\":\"2012-08-08T16:12:39+00:00\",\"author\":{\"@id\":\"https:\/\/www.visit-ulcinj.com\/blog\/#\/schema\/person\/dcab619c614d3038751c63bc2aadc06d\"},\"description\":\"Opomenuli organizatore Sudija za prekr\u0161aje Osnovnog suda u Ulcinju Feriz \u0106erani\u0107 oslobodio je odgovornosti \u010delnike sindikalne organizacije hotela \u201eOtrant\u201d\",\"breadcrumb\":{\"@id\":\"https:\/\/www.visit-ulcinj.com\/blog\/2012\/08\/08\/ulcinjski-sud-za-prekrsaje-oslobodio-clanove-sindikalne-organizacije-hotela-otrant\/#breadcrumb\"},\"inLanguage\":\"en-US\",\"potentialAction\":[{\"@type\":\"ReadAction\",\"target\":[\"https:\/\/www.visit-ulcinj.com\/blog\/2012\/08\/08\/ulcinjski-sud-za-prekrsaje-oslobodio-clanove-sindikalne-organizacije-hotela-otrant\/\"]}]},{\"@type\":\"BreadcrumbList\",\"@id\":\"https:\/\/www.visit-ulcinj.com\/blog\/2012\/08\/08\/ulcinjski-sud-za-prekrsaje-oslobodio-clanove-sindikalne-organizacije-hotela-otrant\/#breadcrumb\",\"itemListElement\":[{\"@type\":\"ListItem\",\"position\":1,\"name\":\"Ulcinjski sud za prekr\u0161aje oslobodio \u010dlanove sindikalne organizacije hotela \u201eOtrant\u201d\"}]},{\"@type\":\"Person\",\"@id\":\"https:\/\/www.visit-ulcinj.com\/blog\/#\/schema\/person\/dcab619c614d3038751c63bc2aadc06d\",\"name\":\"ulqini\",\"sameAs\":[\"http:\/\/www.visit-ulcinj.com\"],\"url\":\"https:\/\/www.visit-ulcinj.com\/blog\/author\/admin\/\"}]}<\/script>\n<!-- \/ Yoast SEO plugin. -->","yoast_head_json":{"title":"Ulcinjski sud za prekr\u0161aje oslobodio \u010dlanove sindikalne organizacije hotela \u201eOtrant\u201d - Lajme nga Ulqini","description":"Opomenuli organizatore Sudija za prekr\u0161aje Osnovnog suda u Ulcinju Feriz \u0106erani\u0107 oslobodio je odgovornosti \u010delnike sindikalne organizacije hotela \u201eOtrant\u201d","robots":{"index":"index","follow":"follow","max-snippet":"max-snippet:-1","max-image-preview":"max-image-preview:large","max-video-preview":"max-video-preview:-1"},"canonical":"https:\/\/www.visit-ulcinj.com\/blog\/2012\/08\/08\/ulcinjski-sud-za-prekrsaje-oslobodio-clanove-sindikalne-organizacije-hotela-otrant\/","og_locale":"en_US","og_type":"article","og_title":"Ulcinjski sud za prekr\u0161aje oslobodio \u010dlanove sindikalne organizacije hotela \u201eOtrant\u201d - Lajme nga Ulqini","og_description":"Opomenuli organizatore Sudija za prekr\u0161aje Osnovnog suda u Ulcinju Feriz \u0106erani\u0107 oslobodio je odgovornosti \u010delnike sindikalne organizacije hotela \u201eOtrant\u201d","og_url":"https:\/\/www.visit-ulcinj.com\/blog\/2012\/08\/08\/ulcinjski-sud-za-prekrsaje-oslobodio-clanove-sindikalne-organizacije-hotela-otrant\/","og_site_name":"Lajme nga Ulqini","article_published_time":"2012-08-08T16:12:39+00:00","og_image":[{"url":"http:\/\/www.visit-ulcinj.com\/blog\/wp-content\/uploads\/2012\/08\/Hotel-Otrant-Ulcinj.jpg"}],"twitter_misc":{"Written by":"ulqini","Est. reading time":"2 minutes"},"schema":{"@context":"https:\/\/schema.org","@graph":[{"@type":"WebSite","@id":"https:\/\/www.visit-ulcinj.com\/blog\/#website","url":"https:\/\/www.visit-ulcinj.com\/blog\/","name":"Lajme nga Ulqini","description":"Lajme,Vijesti,Ulqini,Ulqin,Crna Gora,Mali i Zi","potentialAction":[{"@type":"SearchAction","target":{"@type":"EntryPoint","urlTemplate":"https:\/\/www.visit-ulcinj.com\/blog\/?s={search_term_string}"},"query-input":"required name=search_term_string"}],"inLanguage":"en-US"},{"@type":"ImageObject","inLanguage":"en-US","@id":"https:\/\/www.visit-ulcinj.com\/blog\/2012\/08\/08\/ulcinjski-sud-za-prekrsaje-oslobodio-clanove-sindikalne-organizacije-hotela-otrant\/#primaryimage","url":"https:\/\/www.visit-ulcinj.com\/blog\/wp-content\/uploads\/2012\/08\/Hotel-Otrant-Ulcinj.jpg","contentUrl":"https:\/\/www.visit-ulcinj.com\/blog\/wp-content\/uploads\/2012\/08\/Hotel-Otrant-Ulcinj.jpg","width":"768","height":"387"},{"@type":"WebPage","@id":"https:\/\/www.visit-ulcinj.com\/blog\/2012\/08\/08\/ulcinjski-sud-za-prekrsaje-oslobodio-clanove-sindikalne-organizacije-hotela-otrant\/#webpage","url":"https:\/\/www.visit-ulcinj.com\/blog\/2012\/08\/08\/ulcinjski-sud-za-prekrsaje-oslobodio-clanove-sindikalne-organizacije-hotela-otrant\/","name":"Ulcinjski sud za prekr\u0161aje oslobodio \u010dlanove sindikalne organizacije hotela \u201eOtrant\u201d - Lajme nga Ulqini","isPartOf":{"@id":"https:\/\/www.visit-ulcinj.com\/blog\/#website"},"primaryImageOfPage":{"@id":"https:\/\/www.visit-ulcinj.com\/blog\/2012\/08\/08\/ulcinjski-sud-za-prekrsaje-oslobodio-clanove-sindikalne-organizacije-hotela-otrant\/#primaryimage"},"datePublished":"2012-08-08T16:12:39+00:00","dateModified":"2012-08-08T16:12:39+00:00","author":{"@id":"https:\/\/www.visit-ulcinj.com\/blog\/#\/schema\/person\/dcab619c614d3038751c63bc2aadc06d"},"description":"Opomenuli organizatore Sudija za prekr\u0161aje Osnovnog suda u Ulcinju Feriz \u0106erani\u0107 oslobodio je odgovornosti \u010delnike sindikalne organizacije hotela \u201eOtrant\u201d","breadcrumb":{"@id":"https:\/\/www.visit-ulcinj.com\/blog\/2012\/08\/08\/ulcinjski-sud-za-prekrsaje-oslobodio-clanove-sindikalne-organizacije-hotela-otrant\/#breadcrumb"},"inLanguage":"en-US","potentialAction":[{"@type":"ReadAction","target":["https:\/\/www.visit-ulcinj.com\/blog\/2012\/08\/08\/ulcinjski-sud-za-prekrsaje-oslobodio-clanove-sindikalne-organizacije-hotela-otrant\/"]}]},{"@type":"BreadcrumbList","@id":"https:\/\/www.visit-ulcinj.com\/blog\/2012\/08\/08\/ulcinjski-sud-za-prekrsaje-oslobodio-clanove-sindikalne-organizacije-hotela-otrant\/#breadcrumb","itemListElement":[{"@type":"ListItem","position":1,"name":"Ulcinjski sud za prekr\u0161aje oslobodio \u010dlanove sindikalne organizacije hotela \u201eOtrant\u201d"}]},{"@type":"Person","@id":"https:\/\/www.visit-ulcinj.com\/blog\/#\/schema\/person\/dcab619c614d3038751c63bc2aadc06d","name":"ulqini","sameAs":["http:\/\/www.visit-ulcinj.com"],"url":"https:\/\/www.visit-ulcinj.com\/blog\/author\/admin\/"}]}},"jetpack_featured_media_url":"","jetpack_sharing_enabled":true,"jetpack_shortlink":"https:\/\/wp.me\/pe6lTn-gk6","_links":{"self":[{"href":"https:\/\/www.visit-ulcinj.com\/blog\/wp-json\/wp\/v2\/posts\/62750"}],"collection":[{"href":"https:\/\/www.visit-ulcinj.com\/blog\/wp-json\/wp\/v2\/posts"}],"about":[{"href":"https:\/\/www.visit-ulcinj.com\/blog\/wp-json\/wp\/v2\/types\/post"}],"author":[{"embeddable":true,"href":"https:\/\/www.visit-ulcinj.com\/blog\/wp-json\/wp\/v2\/users\/1"}],"replies":[{"embeddable":true,"href":"https:\/\/www.visit-ulcinj.com\/blog\/wp-json\/wp\/v2\/comments?post=62750"}],"version-history":[{"count":1,"href":"https:\/\/www.visit-ulcinj.com\/blog\/wp-json\/wp\/v2\/posts\/62750\/revisions"}],"predecessor-version":[{"id":62752,"href":"https:\/\/www.visit-ulcinj.com\/blog\/wp-json\/wp\/v2\/posts\/62750\/revisions\/62752"}],"wp:attachment":[{"href":"https:\/\/www.visit-ulcinj.com\/blog\/wp-json\/wp\/v2\/media?parent=62750"}],"wp:term":[{"taxonomy":"category","embeddable":true,"href":"https:\/\/www.visit-ulcinj.com\/blog\/wp-json\/wp\/v2\/categories?post=62750"},{"taxonomy":"post_tag","embeddable":true,"href":"https:\/\/www.visit-ulcinj.com\/blog\/wp-json\/wp\/v2\/tags?post=62750"}],"curies":[{"name":"wp","href":"https:\/\/api.w.org\/{rel}","templated":true}]}}