{"id":62756,"date":"2012-08-08T18:14:35","date_gmt":"2012-08-08T17:14:35","guid":{"rendered":"http:\/\/www.visit-ulcinj.com\/blog\/?p=62756"},"modified":"2012-08-08T18:14:50","modified_gmt":"2012-08-08T17:14:50","slug":"mehmet-bardhi-fton-partite-shqiptare-ne-unitet","status":"publish","type":"post","link":"https:\/\/www.visit-ulcinj.com\/blog\/2012\/08\/08\/mehmet-bardhi-fton-partite-shqiptare-ne-unitet\/","title":{"rendered":"Mehmet Bardhi fton partit\u00eb shqiptare n\u00eb Unitet"},"content":{"rendered":"<p><a href=\"http:\/\/www.visit-ulcinj.com\/blog\/wp-content\/uploads\/2012\/08\/Mehmet-Bardhi-thret-ne-Unitet.jpg\"><img loading=\"lazy\" class=\"alignleft  wp-image-62757\" title=\"Mehmet Bardhi thret ne Unitet\" src=\"http:\/\/www.visit-ulcinj.com\/blog\/wp-content\/uploads\/2012\/08\/Mehmet-Bardhi-thret-ne-Unitet.jpg\" alt=\"\" width=\"508\" height=\"302\" \/><\/a>Kryetari i LD n\u00eb MZ, Mehmet Bardhi konsideron se partit\u00eb shqiptare duhet t\u00eb formojn\u00eb lista t\u00eb p\u00ebrbashk\u00ebta n\u00eb m\u00ebnyr\u00eb q\u00eb t\u00eb ken\u00eb sukses n\u00eb zgjedhjet e ardhshme. &#8220;Dit\u00ebve t\u00eb fundit intensivisht jemi duke zhvilluar bisedime me p\u00ebrfaq\u00ebsuesit e partive shqiptare q\u00eb t\u00eb arrijm\u00eb marr\u00ebveshje p\u00ebr daljen n\u00eb zgjedhje t\u00eb cilat na presin n\u00eb vjesht\u00eb&#8221;, thot\u00eb Bardhi.<\/p>\n<p>&#8220;Jemi t\u00eb vet\u00ebdijsh\u00ebm se dalja n\u00eb zgjedhje me lista t\u00eb posa\u00e7me nuk do t\u00eb siguronte pjes\u00ebmarrje n\u00eb Kuvendin e Malit t\u00eb Zi&#8221;, tha Bradhi duke shtuar se ekzistojn\u00eb disa paqart\u00ebsi kur \u00ebsht\u00eb n\u00eb pyetje ndarja e mandateve n\u00eb parlament. &#8220;\u00cbsht\u00eb m\u00eb s\u00eb e nevojshme q\u00eb Komisioni Zgjedhor Shtet\u00ebror m\u00eb qart\u00ebs t\u00eb sqaroj\u00eb nenin e ligjit i cili u mund\u00ebson listave zgjedhore nacionale hyrjen n\u00eb parlament. M\u00eb t\u00eb favorizuarit jan\u00eb kroat\u00ebt t\u00eb cil\u00ebt mund ta fitojn\u00eb mandatit me 1 mij\u00eb e 100 vota, e kjo \u00ebsht\u00eb sikur mandati t\u00eb cilin a ka LD n\u00eb kuvendin komunal t\u00eb Tivarit&#8221;, tha Bradhi.<\/p>\n<p><strong>TVCG<\/strong><\/p>\n","protected":false},"excerpt":{"rendered":"<p>Kryetari i LD n\u00eb MZ, Mehmet Bardhi konsideron se partit\u00eb shqiptare duhet t\u00eb formojn\u00eb lista t\u00eb p\u00ebrbashk\u00ebta n\u00eb m\u00ebnyr\u00eb q\u00eb t\u00eb ken\u00eb sukses n\u00eb zgjedhjet e ardhshme. &#8220;Dit\u00ebve t\u00eb fundit intensivisht jemi duke zhvilluar bisedime me p\u00ebrfaq\u00ebsuesit e partive shqiptare q\u00eb t\u00eb arrijm\u00eb marr\u00ebveshje p\u00ebr daljen n\u00eb zgjedhje t\u00eb cilat na presin n\u00eb vjesht\u00eb&#8221;, thot\u00eb [&hellip;]<\/p>\n","protected":false},"author":1,"featured_media":0,"comment_status":"open","ping_status":"closed","sticky":false,"template":"","format":"standard","meta":{"spay_email":"","jetpack_publicize_message":"","jetpack_is_tweetstorm":false,"jetpack_publicize_feature_enabled":true},"categories":[14249],"tags":[95,2397,200],"jetpack_publicize_connections":[],"yoast_head":"<!-- This site is optimized with the Yoast SEO plugin v19.1 - https:\/\/yoast.com\/wordpress\/plugins\/seo\/ -->\n<title>Mehmet Bardhi fton partit\u00eb shqiptare n\u00eb Unitet - Lajme nga Ulqini<\/title>\n<meta name=\"description\" content=\"Kryetari i LD n\u00eb MZ, Mehmet Bardhi konsideron se partit\u00eb shqiptare duhet t\u00eb formojn\u00eb lista t\u00eb p\u00ebrbashk\u00ebta n\u00eb m\u00ebnyr\u00eb q\u00eb t\u00eb ken\u00eb sukses n\u00eb zgjedhjet e\" \/>\n<meta name=\"robots\" content=\"index, follow, max-snippet:-1, max-image-preview:large, max-video-preview:-1\" \/>\n<link rel=\"canonical\" href=\"https:\/\/www.visit-ulcinj.com\/blog\/2012\/08\/08\/mehmet-bardhi-fton-partite-shqiptare-ne-unitet\/\" \/>\n<meta property=\"og:locale\" content=\"en_US\" \/>\n<meta property=\"og:type\" content=\"article\" \/>\n<meta property=\"og:title\" content=\"Mehmet Bardhi fton partit\u00eb shqiptare n\u00eb Unitet - Lajme nga Ulqini\" \/>\n<meta property=\"og:description\" content=\"Kryetari i LD n\u00eb MZ, Mehmet Bardhi konsideron se partit\u00eb shqiptare duhet t\u00eb formojn\u00eb lista t\u00eb p\u00ebrbashk\u00ebta n\u00eb m\u00ebnyr\u00eb q\u00eb t\u00eb ken\u00eb sukses n\u00eb zgjedhjet e\" \/>\n<meta property=\"og:url\" content=\"https:\/\/www.visit-ulcinj.com\/blog\/2012\/08\/08\/mehmet-bardhi-fton-partite-shqiptare-ne-unitet\/\" \/>\n<meta property=\"og:site_name\" content=\"Lajme nga Ulqini\" \/>\n<meta property=\"article:published_time\" content=\"2012-08-08T17:14:35+00:00\" \/>\n<meta property=\"article:modified_time\" content=\"2012-08-08T17:14:50+00:00\" \/>\n<meta property=\"og:image\" content=\"http:\/\/www.visit-ulcinj.com\/blog\/wp-content\/uploads\/2012\/08\/Mehmet-Bardhi-thret-ne-Unitet.jpg\" \/>\n<meta name=\"twitter:label1\" content=\"Written by\" \/>\n\t<meta name=\"twitter:data1\" content=\"ulqini\" \/>\n\t<meta name=\"twitter:label2\" content=\"Est. reading time\" \/>\n\t<meta name=\"twitter:data2\" content=\"1 minute\" \/>\n<script type=\"application\/ld+json\" class=\"yoast-schema-graph\">{\"@context\":\"https:\/\/schema.org\",\"@graph\":[{\"@type\":\"WebSite\",\"@id\":\"https:\/\/www.visit-ulcinj.com\/blog\/#website\",\"url\":\"https:\/\/www.visit-ulcinj.com\/blog\/\",\"name\":\"Lajme nga Ulqini\",\"description\":\"Lajme,Vijesti,Ulqini,Ulqin,Crna Gora,Mali i Zi\",\"potentialAction\":[{\"@type\":\"SearchAction\",\"target\":{\"@type\":\"EntryPoint\",\"urlTemplate\":\"https:\/\/www.visit-ulcinj.com\/blog\/?s={search_term_string}\"},\"query-input\":\"required name=search_term_string\"}],\"inLanguage\":\"en-US\"},{\"@type\":\"ImageObject\",\"inLanguage\":\"en-US\",\"@id\":\"https:\/\/www.visit-ulcinj.com\/blog\/2012\/08\/08\/mehmet-bardhi-fton-partite-shqiptare-ne-unitet\/#primaryimage\",\"url\":\"https:\/\/www.visit-ulcinj.com\/blog\/wp-content\/uploads\/2012\/08\/Mehmet-Bardhi-thret-ne-Unitet.jpg\",\"contentUrl\":\"https:\/\/www.visit-ulcinj.com\/blog\/wp-content\/uploads\/2012\/08\/Mehmet-Bardhi-thret-ne-Unitet.jpg\",\"width\":\"407\",\"height\":\"302\"},{\"@type\":\"WebPage\",\"@id\":\"https:\/\/www.visit-ulcinj.com\/blog\/2012\/08\/08\/mehmet-bardhi-fton-partite-shqiptare-ne-unitet\/#webpage\",\"url\":\"https:\/\/www.visit-ulcinj.com\/blog\/2012\/08\/08\/mehmet-bardhi-fton-partite-shqiptare-ne-unitet\/\",\"name\":\"Mehmet Bardhi fton partit\u00eb shqiptare n\u00eb Unitet - Lajme nga Ulqini\",\"isPartOf\":{\"@id\":\"https:\/\/www.visit-ulcinj.com\/blog\/#website\"},\"primaryImageOfPage\":{\"@id\":\"https:\/\/www.visit-ulcinj.com\/blog\/2012\/08\/08\/mehmet-bardhi-fton-partite-shqiptare-ne-unitet\/#primaryimage\"},\"datePublished\":\"2012-08-08T17:14:35+00:00\",\"dateModified\":\"2012-08-08T17:14:50+00:00\",\"author\":{\"@id\":\"https:\/\/www.visit-ulcinj.com\/blog\/#\/schema\/person\/dcab619c614d3038751c63bc2aadc06d\"},\"description\":\"Kryetari i LD n\u00eb MZ, Mehmet Bardhi konsideron se partit\u00eb shqiptare duhet t\u00eb formojn\u00eb lista t\u00eb p\u00ebrbashk\u00ebta n\u00eb m\u00ebnyr\u00eb q\u00eb t\u00eb ken\u00eb sukses n\u00eb zgjedhjet e\",\"breadcrumb\":{\"@id\":\"https:\/\/www.visit-ulcinj.com\/blog\/2012\/08\/08\/mehmet-bardhi-fton-partite-shqiptare-ne-unitet\/#breadcrumb\"},\"inLanguage\":\"en-US\",\"potentialAction\":[{\"@type\":\"ReadAction\",\"target\":[\"https:\/\/www.visit-ulcinj.com\/blog\/2012\/08\/08\/mehmet-bardhi-fton-partite-shqiptare-ne-unitet\/\"]}]},{\"@type\":\"BreadcrumbList\",\"@id\":\"https:\/\/www.visit-ulcinj.com\/blog\/2012\/08\/08\/mehmet-bardhi-fton-partite-shqiptare-ne-unitet\/#breadcrumb\",\"itemListElement\":[{\"@type\":\"ListItem\",\"position\":1,\"name\":\"Mehmet Bardhi fton partit\u00eb shqiptare n\u00eb Unitet\"}]},{\"@type\":\"Person\",\"@id\":\"https:\/\/www.visit-ulcinj.com\/blog\/#\/schema\/person\/dcab619c614d3038751c63bc2aadc06d\",\"name\":\"ulqini\",\"sameAs\":[\"http:\/\/www.visit-ulcinj.com\"],\"url\":\"https:\/\/www.visit-ulcinj.com\/blog\/author\/admin\/\"}]}<\/script>\n<!-- \/ Yoast SEO plugin. -->","yoast_head_json":{"title":"Mehmet Bardhi fton partit\u00eb shqiptare n\u00eb Unitet - Lajme nga Ulqini","description":"Kryetari i LD n\u00eb MZ, Mehmet Bardhi konsideron se partit\u00eb shqiptare duhet t\u00eb formojn\u00eb lista t\u00eb p\u00ebrbashk\u00ebta n\u00eb m\u00ebnyr\u00eb q\u00eb t\u00eb ken\u00eb sukses n\u00eb zgjedhjet e","robots":{"index":"index","follow":"follow","max-snippet":"max-snippet:-1","max-image-preview":"max-image-preview:large","max-video-preview":"max-video-preview:-1"},"canonical":"https:\/\/www.visit-ulcinj.com\/blog\/2012\/08\/08\/mehmet-bardhi-fton-partite-shqiptare-ne-unitet\/","og_locale":"en_US","og_type":"article","og_title":"Mehmet Bardhi fton partit\u00eb shqiptare n\u00eb Unitet - Lajme nga Ulqini","og_description":"Kryetari i LD n\u00eb MZ, Mehmet Bardhi konsideron se partit\u00eb shqiptare duhet t\u00eb formojn\u00eb lista t\u00eb p\u00ebrbashk\u00ebta n\u00eb m\u00ebnyr\u00eb q\u00eb t\u00eb ken\u00eb sukses n\u00eb zgjedhjet e","og_url":"https:\/\/www.visit-ulcinj.com\/blog\/2012\/08\/08\/mehmet-bardhi-fton-partite-shqiptare-ne-unitet\/","og_site_name":"Lajme nga Ulqini","article_published_time":"2012-08-08T17:14:35+00:00","article_modified_time":"2012-08-08T17:14:50+00:00","og_image":[{"url":"http:\/\/www.visit-ulcinj.com\/blog\/wp-content\/uploads\/2012\/08\/Mehmet-Bardhi-thret-ne-Unitet.jpg"}],"twitter_misc":{"Written by":"ulqini","Est. reading time":"1 minute"},"schema":{"@context":"https:\/\/schema.org","@graph":[{"@type":"WebSite","@id":"https:\/\/www.visit-ulcinj.com\/blog\/#website","url":"https:\/\/www.visit-ulcinj.com\/blog\/","name":"Lajme nga Ulqini","description":"Lajme,Vijesti,Ulqini,Ulqin,Crna Gora,Mali i Zi","potentialAction":[{"@type":"SearchAction","target":{"@type":"EntryPoint","urlTemplate":"https:\/\/www.visit-ulcinj.com\/blog\/?s={search_term_string}"},"query-input":"required name=search_term_string"}],"inLanguage":"en-US"},{"@type":"ImageObject","inLanguage":"en-US","@id":"https:\/\/www.visit-ulcinj.com\/blog\/2012\/08\/08\/mehmet-bardhi-fton-partite-shqiptare-ne-unitet\/#primaryimage","url":"https:\/\/www.visit-ulcinj.com\/blog\/wp-content\/uploads\/2012\/08\/Mehmet-Bardhi-thret-ne-Unitet.jpg","contentUrl":"https:\/\/www.visit-ulcinj.com\/blog\/wp-content\/uploads\/2012\/08\/Mehmet-Bardhi-thret-ne-Unitet.jpg","width":"407","height":"302"},{"@type":"WebPage","@id":"https:\/\/www.visit-ulcinj.com\/blog\/2012\/08\/08\/mehmet-bardhi-fton-partite-shqiptare-ne-unitet\/#webpage","url":"https:\/\/www.visit-ulcinj.com\/blog\/2012\/08\/08\/mehmet-bardhi-fton-partite-shqiptare-ne-unitet\/","name":"Mehmet Bardhi fton partit\u00eb shqiptare n\u00eb Unitet - Lajme nga Ulqini","isPartOf":{"@id":"https:\/\/www.visit-ulcinj.com\/blog\/#website"},"primaryImageOfPage":{"@id":"https:\/\/www.visit-ulcinj.com\/blog\/2012\/08\/08\/mehmet-bardhi-fton-partite-shqiptare-ne-unitet\/#primaryimage"},"datePublished":"2012-08-08T17:14:35+00:00","dateModified":"2012-08-08T17:14:50+00:00","author":{"@id":"https:\/\/www.visit-ulcinj.com\/blog\/#\/schema\/person\/dcab619c614d3038751c63bc2aadc06d"},"description":"Kryetari i LD n\u00eb MZ, Mehmet Bardhi konsideron se partit\u00eb shqiptare duhet t\u00eb formojn\u00eb lista t\u00eb p\u00ebrbashk\u00ebta n\u00eb m\u00ebnyr\u00eb q\u00eb t\u00eb ken\u00eb sukses n\u00eb zgjedhjet e","breadcrumb":{"@id":"https:\/\/www.visit-ulcinj.com\/blog\/2012\/08\/08\/mehmet-bardhi-fton-partite-shqiptare-ne-unitet\/#breadcrumb"},"inLanguage":"en-US","potentialAction":[{"@type":"ReadAction","target":["https:\/\/www.visit-ulcinj.com\/blog\/2012\/08\/08\/mehmet-bardhi-fton-partite-shqiptare-ne-unitet\/"]}]},{"@type":"BreadcrumbList","@id":"https:\/\/www.visit-ulcinj.com\/blog\/2012\/08\/08\/mehmet-bardhi-fton-partite-shqiptare-ne-unitet\/#breadcrumb","itemListElement":[{"@type":"ListItem","position":1,"name":"Mehmet Bardhi fton partit\u00eb shqiptare n\u00eb Unitet"}]},{"@type":"Person","@id":"https:\/\/www.visit-ulcinj.com\/blog\/#\/schema\/person\/dcab619c614d3038751c63bc2aadc06d","name":"ulqini","sameAs":["http:\/\/www.visit-ulcinj.com"],"url":"https:\/\/www.visit-ulcinj.com\/blog\/author\/admin\/"}]}},"jetpack_featured_media_url":"","jetpack_sharing_enabled":true,"jetpack_shortlink":"https:\/\/wp.me\/pe6lTn-gkc","_links":{"self":[{"href":"https:\/\/www.visit-ulcinj.com\/blog\/wp-json\/wp\/v2\/posts\/62756"}],"collection":[{"href":"https:\/\/www.visit-ulcinj.com\/blog\/wp-json\/wp\/v2\/posts"}],"about":[{"href":"https:\/\/www.visit-ulcinj.com\/blog\/wp-json\/wp\/v2\/types\/post"}],"author":[{"embeddable":true,"href":"https:\/\/www.visit-ulcinj.com\/blog\/wp-json\/wp\/v2\/users\/1"}],"replies":[{"embeddable":true,"href":"https:\/\/www.visit-ulcinj.com\/blog\/wp-json\/wp\/v2\/comments?post=62756"}],"version-history":[{"count":2,"href":"https:\/\/www.visit-ulcinj.com\/blog\/wp-json\/wp\/v2\/posts\/62756\/revisions"}],"predecessor-version":[{"id":62759,"href":"https:\/\/www.visit-ulcinj.com\/blog\/wp-json\/wp\/v2\/posts\/62756\/revisions\/62759"}],"wp:attachment":[{"href":"https:\/\/www.visit-ulcinj.com\/blog\/wp-json\/wp\/v2\/media?parent=62756"}],"wp:term":[{"taxonomy":"category","embeddable":true,"href":"https:\/\/www.visit-ulcinj.com\/blog\/wp-json\/wp\/v2\/categories?post=62756"},{"taxonomy":"post_tag","embeddable":true,"href":"https:\/\/www.visit-ulcinj.com\/blog\/wp-json\/wp\/v2\/tags?post=62756"}],"curies":[{"name":"wp","href":"https:\/\/api.w.org\/{rel}","templated":true}]}}