{"id":62763,"date":"2012-08-09T14:26:30","date_gmt":"2012-08-09T13:26:30","guid":{"rendered":"http:\/\/www.visit-ulcinj.com\/blog\/?p=62763"},"modified":"2012-08-09T14:26:30","modified_gmt":"2012-08-09T13:26:30","slug":"vatrogasci-odbranili-ulcinjska-sela-bojke-mida-i-kosic-video","status":"publish","type":"post","link":"https:\/\/www.visit-ulcinj.com\/blog\/2012\/08\/09\/vatrogasci-odbranili-ulcinjska-sela-bojke-mida-i-kosic-video\/","title":{"rendered":"Vatrogasci odbranili Ulcinjska sela Bojke, Mida i Kosi\u0107 &#8211; Video"},"content":{"rendered":"<p><a href=\"http:\/\/www.visit-ulcinj.com\/blog\/wp-content\/uploads\/2012\/08\/Flamur-Sella.jpg\"><img loading=\"lazy\" class=\"alignleft  wp-image-62764\" title=\"Flamur Sella\" src=\"http:\/\/www.visit-ulcinj.com\/blog\/wp-content\/uploads\/2012\/08\/Flamur-Sella.jpg\" alt=\"\" width=\"508\" height=\"346\" \/><\/a>Ulcinjskim selima ve\u0107 desetak dana prijetila je vatra.Vatrogasci su napokon odbranili sela, ali razlog po\u017eara jo\u0161 uvijek nije poznat. Mje\u0161tani se jedino nadaju da se vatra vi\u0161e nikada ne\u0107e pribli\u017eiti njihovim ku\u0107ama.<\/p>\n<p>Ulcinjskim selima ve\u0107 desetak dana prijetila je vatra.Vatrogasci su napokon odbranili sela, ali razlog po\u017eara jo\u0161 uvijek nije poznat. Mje\u0161tani se jedino nadaju da se vatra vi\u0161e nikada ne\u0107e pribli\u017eiti njihovim ku\u0107ama.<\/p>\n<p>Ulcinjskim selima Bojke, Mida i Kosi\u0107 ve\u0107 \u0161est dana prijeti vatra.<\/p>\n<p>U pomo\u0107 ulcinjskim vatrogascima stigli su i pripadnici sektora za vanredne situaacije, ali zbog nepristupa\u010dnog terena po\u017ear i dalje bukti.<\/p>\n<p>Vatra je blizu guste borove \u0161ume, koja se nalazi iznad sela.<\/p>\n<p>&#8220;Ku\u0107e su od 300 do 500 metara u blizini borove \u0161ume. Locirali smo vatrogasna vozila kod ku\u0107a, kako bi branili stambene objekte&#8221;, rekao je na\u010delnik ulcinjske slu\u017ebe za\u0161tite Fljamur Selovi\u0107.<\/p>\n<p>Situaciju pogor\u0161avaju visoka temperatura i vjetar, a mje\u0161tani ka\u017eu da je stanje alarmantno.<\/p>\n<p>&#8220;Pozivamo vlast da ne\u0161to preduzme, da sjutra ne bude kasno, da se ne bi konstatovalo \u0161ta se moglo, a nije ura\u0111eno. Mislim da jo\u0161 nije kasno&#8221;, rekao je mje\u0161tanin sela Kosi\u0107 Ethem Mehani.<\/p>\n<p>Stanovnici sela misle da pripadnici sektora za vanredne situaacije ne rade kako bi trebalo.<\/p>\n<p>&#8220;Ova tri sela imaju po jedno vatrogasnmo vozilo, u slu\u010daju da se spasu ku\u0107e. Ni\u0161ta se ne preduzima da se po\u017ear ne pribli\u017ei selima\u201d, rekao je Mehani.<\/p>\n<p>1. <a href=\"http:\/\/www.vijesti.me\/vijesti\/veliki-pozar-prijeti-selima-ulcinju-clanak-86568\" target=\"_blank\"><strong>Izvor\u00a0: Vijesti<\/strong><\/a><\/p>\n<p><iframe loading=\"lazy\" width=\"508\" height=\"380\" src=\"http:\/\/www.youtube.com\/embed\/366fWEfaEb4?rel=0\" frameborder=\"0\" allowfullscreen><\/iframe><\/p>\n<p>2.<br \/>\n<iframe loading=\"lazy\" width=\"508\" height=\"380\" src=\"http:\/\/www.youtube.com\/embed\/rOp5-7QJfxY?rel=0\" frameborder=\"0\" allowfullscreen><\/iframe><\/p>\n","protected":false},"excerpt":{"rendered":"<p>Ulcinjskim selima ve\u0107 desetak dana prijetila je vatra.Vatrogasci su napokon odbranili sela, ali razlog po\u017eara jo\u0161 uvijek nije poznat. Mje\u0161tani se jedino nadaju da se vatra vi\u0161e nikada ne\u0107e pribli\u017eiti njihovim ku\u0107ama. Ulcinjskim selima ve\u0107 desetak dana prijetila je vatra.Vatrogasci su napokon odbranili sela, ali razlog po\u017eara jo\u0161 uvijek nije poznat. Mje\u0161tani se jedino nadaju [&hellip;]<\/p>\n","protected":false},"author":1,"featured_media":0,"comment_status":"open","ping_status":"closed","sticky":false,"template":"","format":"standard","meta":{"spay_email":"","jetpack_publicize_message":"","jetpack_is_tweetstorm":false,"jetpack_publicize_feature_enabled":true},"categories":[8337],"tags":[15136,20866,19143,19],"jetpack_publicize_connections":[],"yoast_head":"<!-- This site is optimized with the Yoast SEO plugin v19.1 - https:\/\/yoast.com\/wordpress\/plugins\/seo\/ -->\n<title>Vatrogasci odbranili Ulcinjska sela Bojke, Mida i Kosi\u0107 - Video - Lajme nga Ulqini<\/title>\n<meta name=\"description\" content=\"Ulcinjskim selima ve\u0107 desetak dana prijetila je vatra.Vatrogasci su napokon odbranili sela, ali razlog po\u017eara jo\u0161 uvijek nije poznat. Mje\u0161tani se jedino\" \/>\n<meta name=\"robots\" content=\"index, follow, max-snippet:-1, max-image-preview:large, max-video-preview:-1\" \/>\n<link rel=\"canonical\" href=\"https:\/\/www.visit-ulcinj.com\/blog\/2012\/08\/09\/vatrogasci-odbranili-ulcinjska-sela-bojke-mida-i-kosic-video\/\" \/>\n<meta property=\"og:locale\" content=\"en_US\" \/>\n<meta property=\"og:type\" content=\"article\" \/>\n<meta property=\"og:title\" content=\"Vatrogasci odbranili Ulcinjska sela Bojke, Mida i Kosi\u0107 - Video - Lajme nga Ulqini\" \/>\n<meta property=\"og:description\" content=\"Ulcinjskim selima ve\u0107 desetak dana prijetila je vatra.Vatrogasci su napokon odbranili sela, ali razlog po\u017eara jo\u0161 uvijek nije poznat. Mje\u0161tani se jedino\" \/>\n<meta property=\"og:url\" content=\"https:\/\/www.visit-ulcinj.com\/blog\/2012\/08\/09\/vatrogasci-odbranili-ulcinjska-sela-bojke-mida-i-kosic-video\/\" \/>\n<meta property=\"og:site_name\" content=\"Lajme nga Ulqini\" \/>\n<meta property=\"article:published_time\" content=\"2012-08-09T13:26:30+00:00\" \/>\n<meta property=\"og:image\" content=\"http:\/\/www.visit-ulcinj.com\/blog\/wp-content\/uploads\/2012\/08\/Flamur-Sella.jpg\" \/>\n<meta name=\"twitter:label1\" content=\"Written by\" \/>\n\t<meta name=\"twitter:data1\" content=\"ulqini\" \/>\n\t<meta name=\"twitter:label2\" content=\"Est. reading time\" \/>\n\t<meta name=\"twitter:data2\" content=\"1 minute\" \/>\n<script type=\"application\/ld+json\" class=\"yoast-schema-graph\">{\"@context\":\"https:\/\/schema.org\",\"@graph\":[{\"@type\":\"WebSite\",\"@id\":\"https:\/\/www.visit-ulcinj.com\/blog\/#website\",\"url\":\"https:\/\/www.visit-ulcinj.com\/blog\/\",\"name\":\"Lajme nga Ulqini\",\"description\":\"Lajme,Vijesti,Ulqini,Ulqin,Crna Gora,Mali i Zi\",\"potentialAction\":[{\"@type\":\"SearchAction\",\"target\":{\"@type\":\"EntryPoint\",\"urlTemplate\":\"https:\/\/www.visit-ulcinj.com\/blog\/?s={search_term_string}\"},\"query-input\":\"required name=search_term_string\"}],\"inLanguage\":\"en-US\"},{\"@type\":\"ImageObject\",\"inLanguage\":\"en-US\",\"@id\":\"https:\/\/www.visit-ulcinj.com\/blog\/2012\/08\/09\/vatrogasci-odbranili-ulcinjska-sela-bojke-mida-i-kosic-video\/#primaryimage\",\"url\":\"https:\/\/www.visit-ulcinj.com\/blog\/wp-content\/uploads\/2012\/08\/Flamur-Sella.jpg\",\"contentUrl\":\"https:\/\/www.visit-ulcinj.com\/blog\/wp-content\/uploads\/2012\/08\/Flamur-Sella.jpg\",\"width\":\"571\",\"height\":\"346\"},{\"@type\":\"WebPage\",\"@id\":\"https:\/\/www.visit-ulcinj.com\/blog\/2012\/08\/09\/vatrogasci-odbranili-ulcinjska-sela-bojke-mida-i-kosic-video\/#webpage\",\"url\":\"https:\/\/www.visit-ulcinj.com\/blog\/2012\/08\/09\/vatrogasci-odbranili-ulcinjska-sela-bojke-mida-i-kosic-video\/\",\"name\":\"Vatrogasci odbranili Ulcinjska sela Bojke, Mida i Kosi\u0107 - Video - Lajme nga Ulqini\",\"isPartOf\":{\"@id\":\"https:\/\/www.visit-ulcinj.com\/blog\/#website\"},\"primaryImageOfPage\":{\"@id\":\"https:\/\/www.visit-ulcinj.com\/blog\/2012\/08\/09\/vatrogasci-odbranili-ulcinjska-sela-bojke-mida-i-kosic-video\/#primaryimage\"},\"datePublished\":\"2012-08-09T13:26:30+00:00\",\"dateModified\":\"2012-08-09T13:26:30+00:00\",\"author\":{\"@id\":\"https:\/\/www.visit-ulcinj.com\/blog\/#\/schema\/person\/dcab619c614d3038751c63bc2aadc06d\"},\"description\":\"Ulcinjskim selima ve\u0107 desetak dana prijetila je vatra.Vatrogasci su napokon odbranili sela, ali razlog po\u017eara jo\u0161 uvijek nije poznat. Mje\u0161tani se jedino\",\"breadcrumb\":{\"@id\":\"https:\/\/www.visit-ulcinj.com\/blog\/2012\/08\/09\/vatrogasci-odbranili-ulcinjska-sela-bojke-mida-i-kosic-video\/#breadcrumb\"},\"inLanguage\":\"en-US\",\"potentialAction\":[{\"@type\":\"ReadAction\",\"target\":[\"https:\/\/www.visit-ulcinj.com\/blog\/2012\/08\/09\/vatrogasci-odbranili-ulcinjska-sela-bojke-mida-i-kosic-video\/\"]}]},{\"@type\":\"BreadcrumbList\",\"@id\":\"https:\/\/www.visit-ulcinj.com\/blog\/2012\/08\/09\/vatrogasci-odbranili-ulcinjska-sela-bojke-mida-i-kosic-video\/#breadcrumb\",\"itemListElement\":[{\"@type\":\"ListItem\",\"position\":1,\"name\":\"Vatrogasci odbranili Ulcinjska sela Bojke, Mida i Kosi\u0107 &#8211; Video\"}]},{\"@type\":\"Person\",\"@id\":\"https:\/\/www.visit-ulcinj.com\/blog\/#\/schema\/person\/dcab619c614d3038751c63bc2aadc06d\",\"name\":\"ulqini\",\"sameAs\":[\"http:\/\/www.visit-ulcinj.com\"],\"url\":\"https:\/\/www.visit-ulcinj.com\/blog\/author\/admin\/\"}]}<\/script>\n<!-- \/ Yoast SEO plugin. -->","yoast_head_json":{"title":"Vatrogasci odbranili Ulcinjska sela Bojke, Mida i Kosi\u0107 - Video - Lajme nga Ulqini","description":"Ulcinjskim selima ve\u0107 desetak dana prijetila je vatra.Vatrogasci su napokon odbranili sela, ali razlog po\u017eara jo\u0161 uvijek nije poznat. Mje\u0161tani se jedino","robots":{"index":"index","follow":"follow","max-snippet":"max-snippet:-1","max-image-preview":"max-image-preview:large","max-video-preview":"max-video-preview:-1"},"canonical":"https:\/\/www.visit-ulcinj.com\/blog\/2012\/08\/09\/vatrogasci-odbranili-ulcinjska-sela-bojke-mida-i-kosic-video\/","og_locale":"en_US","og_type":"article","og_title":"Vatrogasci odbranili Ulcinjska sela Bojke, Mida i Kosi\u0107 - Video - Lajme nga Ulqini","og_description":"Ulcinjskim selima ve\u0107 desetak dana prijetila je vatra.Vatrogasci su napokon odbranili sela, ali razlog po\u017eara jo\u0161 uvijek nije poznat. Mje\u0161tani se jedino","og_url":"https:\/\/www.visit-ulcinj.com\/blog\/2012\/08\/09\/vatrogasci-odbranili-ulcinjska-sela-bojke-mida-i-kosic-video\/","og_site_name":"Lajme nga Ulqini","article_published_time":"2012-08-09T13:26:30+00:00","og_image":[{"url":"http:\/\/www.visit-ulcinj.com\/blog\/wp-content\/uploads\/2012\/08\/Flamur-Sella.jpg"}],"twitter_misc":{"Written by":"ulqini","Est. reading time":"1 minute"},"schema":{"@context":"https:\/\/schema.org","@graph":[{"@type":"WebSite","@id":"https:\/\/www.visit-ulcinj.com\/blog\/#website","url":"https:\/\/www.visit-ulcinj.com\/blog\/","name":"Lajme nga Ulqini","description":"Lajme,Vijesti,Ulqini,Ulqin,Crna Gora,Mali i Zi","potentialAction":[{"@type":"SearchAction","target":{"@type":"EntryPoint","urlTemplate":"https:\/\/www.visit-ulcinj.com\/blog\/?s={search_term_string}"},"query-input":"required name=search_term_string"}],"inLanguage":"en-US"},{"@type":"ImageObject","inLanguage":"en-US","@id":"https:\/\/www.visit-ulcinj.com\/blog\/2012\/08\/09\/vatrogasci-odbranili-ulcinjska-sela-bojke-mida-i-kosic-video\/#primaryimage","url":"https:\/\/www.visit-ulcinj.com\/blog\/wp-content\/uploads\/2012\/08\/Flamur-Sella.jpg","contentUrl":"https:\/\/www.visit-ulcinj.com\/blog\/wp-content\/uploads\/2012\/08\/Flamur-Sella.jpg","width":"571","height":"346"},{"@type":"WebPage","@id":"https:\/\/www.visit-ulcinj.com\/blog\/2012\/08\/09\/vatrogasci-odbranili-ulcinjska-sela-bojke-mida-i-kosic-video\/#webpage","url":"https:\/\/www.visit-ulcinj.com\/blog\/2012\/08\/09\/vatrogasci-odbranili-ulcinjska-sela-bojke-mida-i-kosic-video\/","name":"Vatrogasci odbranili Ulcinjska sela Bojke, Mida i Kosi\u0107 - Video - Lajme nga Ulqini","isPartOf":{"@id":"https:\/\/www.visit-ulcinj.com\/blog\/#website"},"primaryImageOfPage":{"@id":"https:\/\/www.visit-ulcinj.com\/blog\/2012\/08\/09\/vatrogasci-odbranili-ulcinjska-sela-bojke-mida-i-kosic-video\/#primaryimage"},"datePublished":"2012-08-09T13:26:30+00:00","dateModified":"2012-08-09T13:26:30+00:00","author":{"@id":"https:\/\/www.visit-ulcinj.com\/blog\/#\/schema\/person\/dcab619c614d3038751c63bc2aadc06d"},"description":"Ulcinjskim selima ve\u0107 desetak dana prijetila je vatra.Vatrogasci su napokon odbranili sela, ali razlog po\u017eara jo\u0161 uvijek nije poznat. Mje\u0161tani se jedino","breadcrumb":{"@id":"https:\/\/www.visit-ulcinj.com\/blog\/2012\/08\/09\/vatrogasci-odbranili-ulcinjska-sela-bojke-mida-i-kosic-video\/#breadcrumb"},"inLanguage":"en-US","potentialAction":[{"@type":"ReadAction","target":["https:\/\/www.visit-ulcinj.com\/blog\/2012\/08\/09\/vatrogasci-odbranili-ulcinjska-sela-bojke-mida-i-kosic-video\/"]}]},{"@type":"BreadcrumbList","@id":"https:\/\/www.visit-ulcinj.com\/blog\/2012\/08\/09\/vatrogasci-odbranili-ulcinjska-sela-bojke-mida-i-kosic-video\/#breadcrumb","itemListElement":[{"@type":"ListItem","position":1,"name":"Vatrogasci odbranili Ulcinjska sela Bojke, Mida i Kosi\u0107 &#8211; Video"}]},{"@type":"Person","@id":"https:\/\/www.visit-ulcinj.com\/blog\/#\/schema\/person\/dcab619c614d3038751c63bc2aadc06d","name":"ulqini","sameAs":["http:\/\/www.visit-ulcinj.com"],"url":"https:\/\/www.visit-ulcinj.com\/blog\/author\/admin\/"}]}},"jetpack_featured_media_url":"","jetpack_sharing_enabled":true,"jetpack_shortlink":"https:\/\/wp.me\/pe6lTn-gkj","_links":{"self":[{"href":"https:\/\/www.visit-ulcinj.com\/blog\/wp-json\/wp\/v2\/posts\/62763"}],"collection":[{"href":"https:\/\/www.visit-ulcinj.com\/blog\/wp-json\/wp\/v2\/posts"}],"about":[{"href":"https:\/\/www.visit-ulcinj.com\/blog\/wp-json\/wp\/v2\/types\/post"}],"author":[{"embeddable":true,"href":"https:\/\/www.visit-ulcinj.com\/blog\/wp-json\/wp\/v2\/users\/1"}],"replies":[{"embeddable":true,"href":"https:\/\/www.visit-ulcinj.com\/blog\/wp-json\/wp\/v2\/comments?post=62763"}],"version-history":[{"count":2,"href":"https:\/\/www.visit-ulcinj.com\/blog\/wp-json\/wp\/v2\/posts\/62763\/revisions"}],"predecessor-version":[{"id":62787,"href":"https:\/\/www.visit-ulcinj.com\/blog\/wp-json\/wp\/v2\/posts\/62763\/revisions\/62787"}],"wp:attachment":[{"href":"https:\/\/www.visit-ulcinj.com\/blog\/wp-json\/wp\/v2\/media?parent=62763"}],"wp:term":[{"taxonomy":"category","embeddable":true,"href":"https:\/\/www.visit-ulcinj.com\/blog\/wp-json\/wp\/v2\/categories?post=62763"},{"taxonomy":"post_tag","embeddable":true,"href":"https:\/\/www.visit-ulcinj.com\/blog\/wp-json\/wp\/v2\/tags?post=62763"}],"curies":[{"name":"wp","href":"https:\/\/api.w.org\/{rel}","templated":true}]}}