{"id":62766,"date":"2012-08-09T14:37:00","date_gmt":"2012-08-09T13:37:00","guid":{"rendered":"http:\/\/www.visit-ulcinj.com\/blog\/?p=62766"},"modified":"2012-08-09T14:37:00","modified_gmt":"2012-08-09T13:37:00","slug":"u-ulcinjskoj-solani-moguca-i-berba","status":"publish","type":"post","link":"https:\/\/www.visit-ulcinj.com\/blog\/2012\/08\/09\/u-ulcinjskoj-solani-moguca-i-berba\/","title":{"rendered":"U ulcinjskoj Solani mogu\u0107a i berba"},"content":{"rendered":"<div id=\"attachment_62767\" style=\"width: 518px\" class=\"wp-caption alignleft\"><a href=\"http:\/\/www.visit-ulcinj.com\/blog\/wp-content\/uploads\/2012\/08\/u-ulcinjskoj-solani-moguca-berba-slika.jpg\"><img aria-describedby=\"caption-attachment-62767\" loading=\"lazy\" class=\" wp-image-62767 \" title=\"u-ulcinjskoj-solani-moguca-berba-slika\" src=\"http:\/\/www.visit-ulcinj.com\/blog\/wp-content\/uploads\/2012\/08\/u-ulcinjskoj-solani-moguca-berba-slika.jpg\" alt=\"\" width=\"508\" height=\"316\" \/><\/a><p id=\"caption-attachment-62767\" class=\"wp-caption-text\">Foto: Vijesti<\/p><\/div>\n<p>&#8220;Ste\u010dajna uprava Solane &#8216;Bajo Sekuli\u0107&#8217; nije prihvatila ostavku Dragi\u0161e Rosandi\u0107a na mjesto izvr\u0161nog direktora, tako da \u0107e on i u narednom periodu obavljati tu funkciju&#8221;, potvrdio je &#8220;Vijestima&#8221; ste\u010dajni upravnik tog preduze\u0107a Milorad Ikovi\u0107.<br \/>\nOn je naglasio da je Rosandi\u0107 ipak prihvatio da opet bude na \u010delu firme u sve izvjesnijoj predstoje\u0107oj berbi.<br \/>\n&#8220;Soli ima, ali ne i puno filozofije. Jednostavno smo se dogovorili da pokupimo tih 15 do 20 hiljada tona koji se nalaze na bazenima&#8221;, kazao je Ikovi\u0107 nakon sastanka u resornom ministarstvu.<br \/>\nNaveo je da je Solana prije dva dana dobila struju nakon \u0161to je platila dug od oko 30.000 eura.<br \/>\n&#8220;Sa te strane sada smo potpuno relaksirani. Postigli smo i dogovor oko remonta postrojenja, tako da \u0107emo bez dileme imati berbu, nadam se dobru&#8221;, kazao je Ikovi\u0107.<br \/>\nRosandi\u0107 je nedavno &#8220;Vijestima&#8221; kazao da je njegova ostavka logi\u010dan \u010din nakon \u0161to nijesu uspjeli da realizuju sve \u0161to je bilo zacrtano u planu.<br \/>\n&#8220;Ispunili smo samo ono \u0161to smo sami mogli da uradimo. Kap u prepunoj \u010da\u0161i je \u0161to nijesmo ispunili ni uslove za ovogodi\u0161nju berbu&#8221;, kazao je tada Rosandi\u0107.<br \/>\nSolana je ve\u0107 odavno u velikim problemima, a odnedavno je i u klasi\u010dnom ste\u010daju. Radnici, njih oko 70, puno se ne bune jer znaju da ih uprava svaki \u010das mo\u017ee poslati na biro.<br \/>\nVe\u0107inski vlasnik Solane Eurofond Veselina Barovi\u0107a do sada nije pokazivao veliku \u017eelju da ula\u017ee u proizvodnju, a posebno ne sada kada se fokusirala da pred Ustavnim sudom sru\u0161i odluku Skup\u0161tine o prenamjeni zemlji\u0161ta iz gra\u0111evinskog u za\u0161ti\u0107eno.<\/p>\n<p><a href=\"http:\/\/www.vijesti.me\/vijesti\/u-ulcinjskoj-solani-moguca-berba-clanak-86470\" target=\"_blank\"><strong>Samir Adrovi\u0107<\/strong><\/a><br \/>\n<a href=\"http:\/\/www.vijesti.me\/vijesti\/u-ulcinjskoj-solani-moguca-berba-clanak-86470\" target=\"_blank\"><strong> Izvor: Vijesti<\/strong><\/a><\/p>\n","protected":false},"excerpt":{"rendered":"<p>&#8220;Ste\u010dajna uprava Solane &#8216;Bajo Sekuli\u0107&#8217; nije prihvatila ostavku Dragi\u0161e Rosandi\u0107a na mjesto izvr\u0161nog direktora, tako da \u0107e on i u narednom periodu obavljati tu funkciju&#8221;, potvrdio je &#8220;Vijestima&#8221; ste\u010dajni upravnik tog preduze\u0107a Milorad Ikovi\u0107. On je naglasio da je Rosandi\u0107 ipak prihvatio da opet bude na \u010delu firme u sve izvjesnijoj predstoje\u0107oj berbi. &#8220;Soli ima, [&hellip;]<\/p>\n","protected":false},"author":1,"featured_media":0,"comment_status":"open","ping_status":"closed","sticky":false,"template":"","format":"standard","meta":{"spay_email":"","jetpack_publicize_message":"","jetpack_is_tweetstorm":false,"jetpack_publicize_feature_enabled":true},"categories":[6950],"tags":[1968],"jetpack_publicize_connections":[],"yoast_head":"<!-- This site is optimized with the Yoast SEO plugin v19.1 - https:\/\/yoast.com\/wordpress\/plugins\/seo\/ -->\n<title>U ulcinjskoj Solani mogu\u0107a i berba - Lajme nga Ulqini<\/title>\n<meta name=\"description\" content=\"&quot;Ste\u010dajna uprava Solane &#039;Bajo Sekuli\u0107&#039; nije prihvatila ostavku Dragi\u0161e Rosandi\u0107a na mjesto izvr\u0161nog direktora, tako da \u0107e on i u narednom periodu\" \/>\n<meta name=\"robots\" content=\"index, follow, max-snippet:-1, max-image-preview:large, max-video-preview:-1\" \/>\n<link rel=\"canonical\" href=\"https:\/\/www.visit-ulcinj.com\/blog\/2012\/08\/09\/u-ulcinjskoj-solani-moguca-i-berba\/\" \/>\n<meta property=\"og:locale\" content=\"en_US\" \/>\n<meta property=\"og:type\" content=\"article\" \/>\n<meta property=\"og:title\" content=\"U ulcinjskoj Solani mogu\u0107a i berba - Lajme nga Ulqini\" \/>\n<meta property=\"og:description\" content=\"&quot;Ste\u010dajna uprava Solane &#039;Bajo Sekuli\u0107&#039; nije prihvatila ostavku Dragi\u0161e Rosandi\u0107a na mjesto izvr\u0161nog direktora, tako da \u0107e on i u narednom periodu\" \/>\n<meta property=\"og:url\" content=\"https:\/\/www.visit-ulcinj.com\/blog\/2012\/08\/09\/u-ulcinjskoj-solani-moguca-i-berba\/\" \/>\n<meta property=\"og:site_name\" content=\"Lajme nga Ulqini\" \/>\n<meta property=\"article:published_time\" content=\"2012-08-09T13:37:00+00:00\" \/>\n<meta property=\"og:image\" content=\"http:\/\/www.visit-ulcinj.com\/blog\/wp-content\/uploads\/2012\/08\/u-ulcinjskoj-solani-moguca-berba-slika.jpg\" \/>\n<meta name=\"twitter:label1\" content=\"Written by\" \/>\n\t<meta name=\"twitter:data1\" content=\"ulqini\" \/>\n\t<meta name=\"twitter:label2\" content=\"Est. reading time\" \/>\n\t<meta name=\"twitter:data2\" content=\"1 minute\" \/>\n<script type=\"application\/ld+json\" class=\"yoast-schema-graph\">{\"@context\":\"https:\/\/schema.org\",\"@graph\":[{\"@type\":\"WebSite\",\"@id\":\"https:\/\/www.visit-ulcinj.com\/blog\/#website\",\"url\":\"https:\/\/www.visit-ulcinj.com\/blog\/\",\"name\":\"Lajme nga Ulqini\",\"description\":\"Lajme,Vijesti,Ulqini,Ulqin,Crna Gora,Mali i Zi\",\"potentialAction\":[{\"@type\":\"SearchAction\",\"target\":{\"@type\":\"EntryPoint\",\"urlTemplate\":\"https:\/\/www.visit-ulcinj.com\/blog\/?s={search_term_string}\"},\"query-input\":\"required name=search_term_string\"}],\"inLanguage\":\"en-US\"},{\"@type\":\"ImageObject\",\"inLanguage\":\"en-US\",\"@id\":\"https:\/\/www.visit-ulcinj.com\/blog\/2012\/08\/09\/u-ulcinjskoj-solani-moguca-i-berba\/#primaryimage\",\"url\":\"https:\/\/www.visit-ulcinj.com\/blog\/wp-content\/uploads\/2012\/08\/u-ulcinjskoj-solani-moguca-berba-slika.jpg\",\"contentUrl\":\"https:\/\/www.visit-ulcinj.com\/blog\/wp-content\/uploads\/2012\/08\/u-ulcinjskoj-solani-moguca-berba-slika.jpg\",\"width\":\"519\",\"height\":\"316\",\"caption\":\"Foto: Vijesti\"},{\"@type\":\"WebPage\",\"@id\":\"https:\/\/www.visit-ulcinj.com\/blog\/2012\/08\/09\/u-ulcinjskoj-solani-moguca-i-berba\/#webpage\",\"url\":\"https:\/\/www.visit-ulcinj.com\/blog\/2012\/08\/09\/u-ulcinjskoj-solani-moguca-i-berba\/\",\"name\":\"U ulcinjskoj Solani mogu\u0107a i berba - Lajme nga Ulqini\",\"isPartOf\":{\"@id\":\"https:\/\/www.visit-ulcinj.com\/blog\/#website\"},\"primaryImageOfPage\":{\"@id\":\"https:\/\/www.visit-ulcinj.com\/blog\/2012\/08\/09\/u-ulcinjskoj-solani-moguca-i-berba\/#primaryimage\"},\"datePublished\":\"2012-08-09T13:37:00+00:00\",\"dateModified\":\"2012-08-09T13:37:00+00:00\",\"author\":{\"@id\":\"https:\/\/www.visit-ulcinj.com\/blog\/#\/schema\/person\/dcab619c614d3038751c63bc2aadc06d\"},\"description\":\"\\\"Ste\u010dajna uprava Solane 'Bajo Sekuli\u0107' nije prihvatila ostavku Dragi\u0161e Rosandi\u0107a na mjesto izvr\u0161nog direktora, tako da \u0107e on i u narednom periodu\",\"breadcrumb\":{\"@id\":\"https:\/\/www.visit-ulcinj.com\/blog\/2012\/08\/09\/u-ulcinjskoj-solani-moguca-i-berba\/#breadcrumb\"},\"inLanguage\":\"en-US\",\"potentialAction\":[{\"@type\":\"ReadAction\",\"target\":[\"https:\/\/www.visit-ulcinj.com\/blog\/2012\/08\/09\/u-ulcinjskoj-solani-moguca-i-berba\/\"]}]},{\"@type\":\"BreadcrumbList\",\"@id\":\"https:\/\/www.visit-ulcinj.com\/blog\/2012\/08\/09\/u-ulcinjskoj-solani-moguca-i-berba\/#breadcrumb\",\"itemListElement\":[{\"@type\":\"ListItem\",\"position\":1,\"name\":\"U ulcinjskoj Solani mogu\u0107a i berba\"}]},{\"@type\":\"Person\",\"@id\":\"https:\/\/www.visit-ulcinj.com\/blog\/#\/schema\/person\/dcab619c614d3038751c63bc2aadc06d\",\"name\":\"ulqini\",\"sameAs\":[\"http:\/\/www.visit-ulcinj.com\"],\"url\":\"https:\/\/www.visit-ulcinj.com\/blog\/author\/admin\/\"}]}<\/script>\n<!-- \/ Yoast SEO plugin. -->","yoast_head_json":{"title":"U ulcinjskoj Solani mogu\u0107a i berba - Lajme nga Ulqini","description":"\"Ste\u010dajna uprava Solane 'Bajo Sekuli\u0107' nije prihvatila ostavku Dragi\u0161e Rosandi\u0107a na mjesto izvr\u0161nog direktora, tako da \u0107e on i u narednom periodu","robots":{"index":"index","follow":"follow","max-snippet":"max-snippet:-1","max-image-preview":"max-image-preview:large","max-video-preview":"max-video-preview:-1"},"canonical":"https:\/\/www.visit-ulcinj.com\/blog\/2012\/08\/09\/u-ulcinjskoj-solani-moguca-i-berba\/","og_locale":"en_US","og_type":"article","og_title":"U ulcinjskoj Solani mogu\u0107a i berba - Lajme nga Ulqini","og_description":"\"Ste\u010dajna uprava Solane 'Bajo Sekuli\u0107' nije prihvatila ostavku Dragi\u0161e Rosandi\u0107a na mjesto izvr\u0161nog direktora, tako da \u0107e on i u narednom periodu","og_url":"https:\/\/www.visit-ulcinj.com\/blog\/2012\/08\/09\/u-ulcinjskoj-solani-moguca-i-berba\/","og_site_name":"Lajme nga Ulqini","article_published_time":"2012-08-09T13:37:00+00:00","og_image":[{"url":"http:\/\/www.visit-ulcinj.com\/blog\/wp-content\/uploads\/2012\/08\/u-ulcinjskoj-solani-moguca-berba-slika.jpg"}],"twitter_misc":{"Written by":"ulqini","Est. reading time":"1 minute"},"schema":{"@context":"https:\/\/schema.org","@graph":[{"@type":"WebSite","@id":"https:\/\/www.visit-ulcinj.com\/blog\/#website","url":"https:\/\/www.visit-ulcinj.com\/blog\/","name":"Lajme nga Ulqini","description":"Lajme,Vijesti,Ulqini,Ulqin,Crna Gora,Mali i Zi","potentialAction":[{"@type":"SearchAction","target":{"@type":"EntryPoint","urlTemplate":"https:\/\/www.visit-ulcinj.com\/blog\/?s={search_term_string}"},"query-input":"required name=search_term_string"}],"inLanguage":"en-US"},{"@type":"ImageObject","inLanguage":"en-US","@id":"https:\/\/www.visit-ulcinj.com\/blog\/2012\/08\/09\/u-ulcinjskoj-solani-moguca-i-berba\/#primaryimage","url":"https:\/\/www.visit-ulcinj.com\/blog\/wp-content\/uploads\/2012\/08\/u-ulcinjskoj-solani-moguca-berba-slika.jpg","contentUrl":"https:\/\/www.visit-ulcinj.com\/blog\/wp-content\/uploads\/2012\/08\/u-ulcinjskoj-solani-moguca-berba-slika.jpg","width":"519","height":"316","caption":"Foto: Vijesti"},{"@type":"WebPage","@id":"https:\/\/www.visit-ulcinj.com\/blog\/2012\/08\/09\/u-ulcinjskoj-solani-moguca-i-berba\/#webpage","url":"https:\/\/www.visit-ulcinj.com\/blog\/2012\/08\/09\/u-ulcinjskoj-solani-moguca-i-berba\/","name":"U ulcinjskoj Solani mogu\u0107a i berba - Lajme nga Ulqini","isPartOf":{"@id":"https:\/\/www.visit-ulcinj.com\/blog\/#website"},"primaryImageOfPage":{"@id":"https:\/\/www.visit-ulcinj.com\/blog\/2012\/08\/09\/u-ulcinjskoj-solani-moguca-i-berba\/#primaryimage"},"datePublished":"2012-08-09T13:37:00+00:00","dateModified":"2012-08-09T13:37:00+00:00","author":{"@id":"https:\/\/www.visit-ulcinj.com\/blog\/#\/schema\/person\/dcab619c614d3038751c63bc2aadc06d"},"description":"\"Ste\u010dajna uprava Solane 'Bajo Sekuli\u0107' nije prihvatila ostavku Dragi\u0161e Rosandi\u0107a na mjesto izvr\u0161nog direktora, tako da \u0107e on i u narednom periodu","breadcrumb":{"@id":"https:\/\/www.visit-ulcinj.com\/blog\/2012\/08\/09\/u-ulcinjskoj-solani-moguca-i-berba\/#breadcrumb"},"inLanguage":"en-US","potentialAction":[{"@type":"ReadAction","target":["https:\/\/www.visit-ulcinj.com\/blog\/2012\/08\/09\/u-ulcinjskoj-solani-moguca-i-berba\/"]}]},{"@type":"BreadcrumbList","@id":"https:\/\/www.visit-ulcinj.com\/blog\/2012\/08\/09\/u-ulcinjskoj-solani-moguca-i-berba\/#breadcrumb","itemListElement":[{"@type":"ListItem","position":1,"name":"U ulcinjskoj Solani mogu\u0107a i berba"}]},{"@type":"Person","@id":"https:\/\/www.visit-ulcinj.com\/blog\/#\/schema\/person\/dcab619c614d3038751c63bc2aadc06d","name":"ulqini","sameAs":["http:\/\/www.visit-ulcinj.com"],"url":"https:\/\/www.visit-ulcinj.com\/blog\/author\/admin\/"}]}},"jetpack_featured_media_url":"","jetpack_sharing_enabled":true,"jetpack_shortlink":"https:\/\/wp.me\/pe6lTn-gkm","_links":{"self":[{"href":"https:\/\/www.visit-ulcinj.com\/blog\/wp-json\/wp\/v2\/posts\/62766"}],"collection":[{"href":"https:\/\/www.visit-ulcinj.com\/blog\/wp-json\/wp\/v2\/posts"}],"about":[{"href":"https:\/\/www.visit-ulcinj.com\/blog\/wp-json\/wp\/v2\/types\/post"}],"author":[{"embeddable":true,"href":"https:\/\/www.visit-ulcinj.com\/blog\/wp-json\/wp\/v2\/users\/1"}],"replies":[{"embeddable":true,"href":"https:\/\/www.visit-ulcinj.com\/blog\/wp-json\/wp\/v2\/comments?post=62766"}],"version-history":[{"count":1,"href":"https:\/\/www.visit-ulcinj.com\/blog\/wp-json\/wp\/v2\/posts\/62766\/revisions"}],"predecessor-version":[{"id":62768,"href":"https:\/\/www.visit-ulcinj.com\/blog\/wp-json\/wp\/v2\/posts\/62766\/revisions\/62768"}],"wp:attachment":[{"href":"https:\/\/www.visit-ulcinj.com\/blog\/wp-json\/wp\/v2\/media?parent=62766"}],"wp:term":[{"taxonomy":"category","embeddable":true,"href":"https:\/\/www.visit-ulcinj.com\/blog\/wp-json\/wp\/v2\/categories?post=62766"},{"taxonomy":"post_tag","embeddable":true,"href":"https:\/\/www.visit-ulcinj.com\/blog\/wp-json\/wp\/v2\/tags?post=62766"}],"curies":[{"name":"wp","href":"https:\/\/api.w.org\/{rel}","templated":true}]}}