{"id":62773,"date":"2012-08-09T17:35:57","date_gmt":"2012-08-09T16:35:57","guid":{"rendered":"http:\/\/www.visit-ulcinj.com\/blog\/?p=62773"},"modified":"2012-08-09T17:35:57","modified_gmt":"2012-08-09T16:35:57","slug":"nekima-preci-mandati-od-interesa-albanaca","status":"publish","type":"post","link":"https:\/\/www.visit-ulcinj.com\/blog\/2012\/08\/09\/nekima-preci-mandati-od-interesa-albanaca\/","title":{"rendered":"Nekima pre\u010di mandati od interesa Albanaca"},"content":{"rendered":"<p><strong><a href=\"http:\/\/www.visit-ulcinj.com\/blog\/wp-content\/uploads\/2012\/08\/Mehmet-Zenka_-Demokratska-unija-Albanaca.jpg\"><img loading=\"lazy\" class=\"alignleft  wp-image-62774\" title=\"Mehmet-Zenka_ Demokratska unija Albanaca\" src=\"http:\/\/www.visit-ulcinj.com\/blog\/wp-content\/uploads\/2012\/08\/Mehmet-Zenka_-Demokratska-unija-Albanaca.jpg\" alt=\"\" width=\"508\" height=\"360\" \/><\/a>Visoki funkcioner Demokratske unije Albanaca DUA Mehmet Zenka rekao je da je glavni problem u pregovorima albanskih partija o zajedni\u010dkom nastupu na predstoje\u0107im izborima, to \u0161to ostale partije vi\u0161e interesuju mandati nego interesi albanskog naroda.\u00a0<\/strong><\/p>\n<p>On je u izjavi za Dnevne novine podvukao da je stav DUA da albanske partije treba da idu u najvi\u0161e dvije kolone, napomenuv\u0161i da ipak preferiraju opciju zajedni\u010dkog nastupa jer se time pove\u0107avaju \u0161anse da Albanci pre\u0111u cenzus od tri odsto i time u\u010destvuju u raspodjeli mandata.<\/p>\n<p>Zenka je kazao da interes njegove partije nije raspodjela poslani\u010dkih fotelja, dodav\u0161i da bi ta raspodjela trebalo da se izvr\u0161i po principu ugleda koji u\u017eiva u albanskom narodu.<\/p>\n<p>&#8220;DUA je u poziciji gdje ima 90 odsto osiguran mandat, a ipak ne postavljamo nikakav uslov. Nijednu partiju ne uslovljavamo, jednostavno pozivamo sve partije da se udru\u017ee, jer na kraju krajeva to je zahtjev na\u0161ega naroda i na\u0161ega glasa\u010dkoga tijela. Takvi su zahtjevi, takvo je raspolo\u017eenje, takva je volja danas u Crnoj Gori&#8221;, ocijenio je on.<\/p>\n<p>Problem, prema njegovim rije\u010dima, predstavlja to \u0161to su njegove kolege po\u010dele akciju o zajedni\u010dkoim nastupu, a da me\u0111usobno vode tajne pregovore, te da se u javnosti prezentuje stav kako &#8220;jesmo za zajedni\u010dki nastup, a radimo sve u smjeru razjedinjavanja toga nastupa&#8221;.<\/p>\n<p>&#8220;DUA je otvorena za razgovore na jasnim pozicijama i na jasnim platformama. Bez ikakvih tajnih pregovora, nego otvoriti pregovore i upoznati javnost sa detaljima tih pregovora&#8221;, poru\u010dio je Zenka.<\/p>\n<p>On je podvukao da njegovu stranku ne mora niko da \u010deka &#8220;jer su najja\u010da albanska partija&#8221;, ali je dodao da je sa DUA lako posti\u0107i dogovor o zajedni\u010dkom nastupu: &#8220;Samo je potrebna iskrenost&#8221;.<\/p>\n<p><a href=\"http:\/\/www.cdm.me\/politika\/nekima-preci-mandati-od-interesa-albanaca\" target=\"_blank\"><strong>Izvor\u00a0: CDM<\/strong><\/a><\/p>\n","protected":false},"excerpt":{"rendered":"<p>Visoki funkcioner Demokratske unije Albanaca DUA Mehmet Zenka rekao je da je glavni problem u pregovorima albanskih partija o zajedni\u010dkom nastupu na predstoje\u0107im izborima, to \u0161to ostale partije vi\u0161e interesuju mandati nego interesi albanskog naroda.\u00a0 On je u izjavi za Dnevne novine podvukao da je stav DUA da albanske partije treba da idu u najvi\u0161e [&hellip;]<\/p>\n","protected":false},"author":1,"featured_media":0,"comment_status":"open","ping_status":"closed","sticky":false,"template":"","format":"standard","meta":{"spay_email":"","jetpack_publicize_message":"","jetpack_is_tweetstorm":false,"jetpack_publicize_feature_enabled":true},"categories":[8337],"tags":[20867],"jetpack_publicize_connections":[],"yoast_head":"<!-- This site is optimized with the Yoast SEO plugin v19.1 - https:\/\/yoast.com\/wordpress\/plugins\/seo\/ -->\n<title>Nekima pre\u010di mandati od interesa Albanaca - Lajme nga Ulqini<\/title>\n<meta name=\"description\" content=\"Visoki funkcioner Demokratske unije Albanaca DUA Mehmet Zenka rekao je da je glavni problem u pregovorima albanskih partija o zajedni\u010dkom nastupu na\" \/>\n<meta name=\"robots\" content=\"index, follow, max-snippet:-1, max-image-preview:large, max-video-preview:-1\" \/>\n<link rel=\"canonical\" href=\"https:\/\/www.visit-ulcinj.com\/blog\/2012\/08\/09\/nekima-preci-mandati-od-interesa-albanaca\/\" \/>\n<meta property=\"og:locale\" content=\"en_US\" \/>\n<meta property=\"og:type\" content=\"article\" \/>\n<meta property=\"og:title\" content=\"Nekima pre\u010di mandati od interesa Albanaca - Lajme nga Ulqini\" \/>\n<meta property=\"og:description\" content=\"Visoki funkcioner Demokratske unije Albanaca DUA Mehmet Zenka rekao je da je glavni problem u pregovorima albanskih partija o zajedni\u010dkom nastupu na\" \/>\n<meta property=\"og:url\" content=\"https:\/\/www.visit-ulcinj.com\/blog\/2012\/08\/09\/nekima-preci-mandati-od-interesa-albanaca\/\" \/>\n<meta property=\"og:site_name\" content=\"Lajme nga Ulqini\" \/>\n<meta property=\"article:published_time\" content=\"2012-08-09T16:35:57+00:00\" \/>\n<meta property=\"og:image\" content=\"http:\/\/www.visit-ulcinj.com\/blog\/wp-content\/uploads\/2012\/08\/Mehmet-Zenka_-Demokratska-unija-Albanaca.jpg\" \/>\n<meta name=\"twitter:label1\" content=\"Written by\" \/>\n\t<meta name=\"twitter:data1\" content=\"ulqini\" \/>\n\t<meta name=\"twitter:label2\" content=\"Est. reading time\" \/>\n\t<meta name=\"twitter:data2\" content=\"1 minute\" \/>\n<script type=\"application\/ld+json\" class=\"yoast-schema-graph\">{\"@context\":\"https:\/\/schema.org\",\"@graph\":[{\"@type\":\"WebSite\",\"@id\":\"https:\/\/www.visit-ulcinj.com\/blog\/#website\",\"url\":\"https:\/\/www.visit-ulcinj.com\/blog\/\",\"name\":\"Lajme nga Ulqini\",\"description\":\"Lajme,Vijesti,Ulqini,Ulqin,Crna Gora,Mali i Zi\",\"potentialAction\":[{\"@type\":\"SearchAction\",\"target\":{\"@type\":\"EntryPoint\",\"urlTemplate\":\"https:\/\/www.visit-ulcinj.com\/blog\/?s={search_term_string}\"},\"query-input\":\"required name=search_term_string\"}],\"inLanguage\":\"en-US\"},{\"@type\":\"ImageObject\",\"inLanguage\":\"en-US\",\"@id\":\"https:\/\/www.visit-ulcinj.com\/blog\/2012\/08\/09\/nekima-preci-mandati-od-interesa-albanaca\/#primaryimage\",\"url\":\"https:\/\/www.visit-ulcinj.com\/blog\/wp-content\/uploads\/2012\/08\/Mehmet-Zenka_-Demokratska-unija-Albanaca.jpg\",\"contentUrl\":\"https:\/\/www.visit-ulcinj.com\/blog\/wp-content\/uploads\/2012\/08\/Mehmet-Zenka_-Demokratska-unija-Albanaca.jpg\",\"width\":\"490\",\"height\":\"474\"},{\"@type\":\"WebPage\",\"@id\":\"https:\/\/www.visit-ulcinj.com\/blog\/2012\/08\/09\/nekima-preci-mandati-od-interesa-albanaca\/#webpage\",\"url\":\"https:\/\/www.visit-ulcinj.com\/blog\/2012\/08\/09\/nekima-preci-mandati-od-interesa-albanaca\/\",\"name\":\"Nekima pre\u010di mandati od interesa Albanaca - Lajme nga Ulqini\",\"isPartOf\":{\"@id\":\"https:\/\/www.visit-ulcinj.com\/blog\/#website\"},\"primaryImageOfPage\":{\"@id\":\"https:\/\/www.visit-ulcinj.com\/blog\/2012\/08\/09\/nekima-preci-mandati-od-interesa-albanaca\/#primaryimage\"},\"datePublished\":\"2012-08-09T16:35:57+00:00\",\"dateModified\":\"2012-08-09T16:35:57+00:00\",\"author\":{\"@id\":\"https:\/\/www.visit-ulcinj.com\/blog\/#\/schema\/person\/dcab619c614d3038751c63bc2aadc06d\"},\"description\":\"Visoki funkcioner Demokratske unije Albanaca DUA Mehmet Zenka rekao je da je glavni problem u pregovorima albanskih partija o zajedni\u010dkom nastupu na\",\"breadcrumb\":{\"@id\":\"https:\/\/www.visit-ulcinj.com\/blog\/2012\/08\/09\/nekima-preci-mandati-od-interesa-albanaca\/#breadcrumb\"},\"inLanguage\":\"en-US\",\"potentialAction\":[{\"@type\":\"ReadAction\",\"target\":[\"https:\/\/www.visit-ulcinj.com\/blog\/2012\/08\/09\/nekima-preci-mandati-od-interesa-albanaca\/\"]}]},{\"@type\":\"BreadcrumbList\",\"@id\":\"https:\/\/www.visit-ulcinj.com\/blog\/2012\/08\/09\/nekima-preci-mandati-od-interesa-albanaca\/#breadcrumb\",\"itemListElement\":[{\"@type\":\"ListItem\",\"position\":1,\"name\":\"Nekima pre\u010di mandati od interesa Albanaca\"}]},{\"@type\":\"Person\",\"@id\":\"https:\/\/www.visit-ulcinj.com\/blog\/#\/schema\/person\/dcab619c614d3038751c63bc2aadc06d\",\"name\":\"ulqini\",\"sameAs\":[\"http:\/\/www.visit-ulcinj.com\"],\"url\":\"https:\/\/www.visit-ulcinj.com\/blog\/author\/admin\/\"}]}<\/script>\n<!-- \/ Yoast SEO plugin. -->","yoast_head_json":{"title":"Nekima pre\u010di mandati od interesa Albanaca - Lajme nga Ulqini","description":"Visoki funkcioner Demokratske unije Albanaca DUA Mehmet Zenka rekao je da je glavni problem u pregovorima albanskih partija o zajedni\u010dkom nastupu na","robots":{"index":"index","follow":"follow","max-snippet":"max-snippet:-1","max-image-preview":"max-image-preview:large","max-video-preview":"max-video-preview:-1"},"canonical":"https:\/\/www.visit-ulcinj.com\/blog\/2012\/08\/09\/nekima-preci-mandati-od-interesa-albanaca\/","og_locale":"en_US","og_type":"article","og_title":"Nekima pre\u010di mandati od interesa Albanaca - Lajme nga Ulqini","og_description":"Visoki funkcioner Demokratske unije Albanaca DUA Mehmet Zenka rekao je da je glavni problem u pregovorima albanskih partija o zajedni\u010dkom nastupu na","og_url":"https:\/\/www.visit-ulcinj.com\/blog\/2012\/08\/09\/nekima-preci-mandati-od-interesa-albanaca\/","og_site_name":"Lajme nga Ulqini","article_published_time":"2012-08-09T16:35:57+00:00","og_image":[{"url":"http:\/\/www.visit-ulcinj.com\/blog\/wp-content\/uploads\/2012\/08\/Mehmet-Zenka_-Demokratska-unija-Albanaca.jpg"}],"twitter_misc":{"Written by":"ulqini","Est. reading time":"1 minute"},"schema":{"@context":"https:\/\/schema.org","@graph":[{"@type":"WebSite","@id":"https:\/\/www.visit-ulcinj.com\/blog\/#website","url":"https:\/\/www.visit-ulcinj.com\/blog\/","name":"Lajme nga Ulqini","description":"Lajme,Vijesti,Ulqini,Ulqin,Crna Gora,Mali i Zi","potentialAction":[{"@type":"SearchAction","target":{"@type":"EntryPoint","urlTemplate":"https:\/\/www.visit-ulcinj.com\/blog\/?s={search_term_string}"},"query-input":"required name=search_term_string"}],"inLanguage":"en-US"},{"@type":"ImageObject","inLanguage":"en-US","@id":"https:\/\/www.visit-ulcinj.com\/blog\/2012\/08\/09\/nekima-preci-mandati-od-interesa-albanaca\/#primaryimage","url":"https:\/\/www.visit-ulcinj.com\/blog\/wp-content\/uploads\/2012\/08\/Mehmet-Zenka_-Demokratska-unija-Albanaca.jpg","contentUrl":"https:\/\/www.visit-ulcinj.com\/blog\/wp-content\/uploads\/2012\/08\/Mehmet-Zenka_-Demokratska-unija-Albanaca.jpg","width":"490","height":"474"},{"@type":"WebPage","@id":"https:\/\/www.visit-ulcinj.com\/blog\/2012\/08\/09\/nekima-preci-mandati-od-interesa-albanaca\/#webpage","url":"https:\/\/www.visit-ulcinj.com\/blog\/2012\/08\/09\/nekima-preci-mandati-od-interesa-albanaca\/","name":"Nekima pre\u010di mandati od interesa Albanaca - Lajme nga Ulqini","isPartOf":{"@id":"https:\/\/www.visit-ulcinj.com\/blog\/#website"},"primaryImageOfPage":{"@id":"https:\/\/www.visit-ulcinj.com\/blog\/2012\/08\/09\/nekima-preci-mandati-od-interesa-albanaca\/#primaryimage"},"datePublished":"2012-08-09T16:35:57+00:00","dateModified":"2012-08-09T16:35:57+00:00","author":{"@id":"https:\/\/www.visit-ulcinj.com\/blog\/#\/schema\/person\/dcab619c614d3038751c63bc2aadc06d"},"description":"Visoki funkcioner Demokratske unije Albanaca DUA Mehmet Zenka rekao je da je glavni problem u pregovorima albanskih partija o zajedni\u010dkom nastupu na","breadcrumb":{"@id":"https:\/\/www.visit-ulcinj.com\/blog\/2012\/08\/09\/nekima-preci-mandati-od-interesa-albanaca\/#breadcrumb"},"inLanguage":"en-US","potentialAction":[{"@type":"ReadAction","target":["https:\/\/www.visit-ulcinj.com\/blog\/2012\/08\/09\/nekima-preci-mandati-od-interesa-albanaca\/"]}]},{"@type":"BreadcrumbList","@id":"https:\/\/www.visit-ulcinj.com\/blog\/2012\/08\/09\/nekima-preci-mandati-od-interesa-albanaca\/#breadcrumb","itemListElement":[{"@type":"ListItem","position":1,"name":"Nekima pre\u010di mandati od interesa Albanaca"}]},{"@type":"Person","@id":"https:\/\/www.visit-ulcinj.com\/blog\/#\/schema\/person\/dcab619c614d3038751c63bc2aadc06d","name":"ulqini","sameAs":["http:\/\/www.visit-ulcinj.com"],"url":"https:\/\/www.visit-ulcinj.com\/blog\/author\/admin\/"}]}},"jetpack_featured_media_url":"","jetpack_sharing_enabled":true,"jetpack_shortlink":"https:\/\/wp.me\/pe6lTn-gkt","_links":{"self":[{"href":"https:\/\/www.visit-ulcinj.com\/blog\/wp-json\/wp\/v2\/posts\/62773"}],"collection":[{"href":"https:\/\/www.visit-ulcinj.com\/blog\/wp-json\/wp\/v2\/posts"}],"about":[{"href":"https:\/\/www.visit-ulcinj.com\/blog\/wp-json\/wp\/v2\/types\/post"}],"author":[{"embeddable":true,"href":"https:\/\/www.visit-ulcinj.com\/blog\/wp-json\/wp\/v2\/users\/1"}],"replies":[{"embeddable":true,"href":"https:\/\/www.visit-ulcinj.com\/blog\/wp-json\/wp\/v2\/comments?post=62773"}],"version-history":[{"count":1,"href":"https:\/\/www.visit-ulcinj.com\/blog\/wp-json\/wp\/v2\/posts\/62773\/revisions"}],"predecessor-version":[{"id":62775,"href":"https:\/\/www.visit-ulcinj.com\/blog\/wp-json\/wp\/v2\/posts\/62773\/revisions\/62775"}],"wp:attachment":[{"href":"https:\/\/www.visit-ulcinj.com\/blog\/wp-json\/wp\/v2\/media?parent=62773"}],"wp:term":[{"taxonomy":"category","embeddable":true,"href":"https:\/\/www.visit-ulcinj.com\/blog\/wp-json\/wp\/v2\/categories?post=62773"},{"taxonomy":"post_tag","embeddable":true,"href":"https:\/\/www.visit-ulcinj.com\/blog\/wp-json\/wp\/v2\/tags?post=62773"}],"curies":[{"name":"wp","href":"https:\/\/api.w.org\/{rel}","templated":true}]}}