{"id":62784,"date":"2012-08-09T19:35:48","date_gmt":"2012-08-09T18:35:48","guid":{"rendered":"http:\/\/www.visit-ulcinj.com\/blog\/?p=62784"},"modified":"2012-08-09T19:35:48","modified_gmt":"2012-08-09T18:35:48","slug":"situata-dicka-me-e-qete-se-gjate-nates","status":"publish","type":"post","link":"https:\/\/www.visit-ulcinj.com\/blog\/2012\/08\/09\/situata-dicka-me-e-qete-se-gjate-nates\/","title":{"rendered":"Situata di\u00e7ka m\u00eb e qet\u00eb se gjat\u00eb nat\u00ebs"},"content":{"rendered":"<p><a href=\"http:\/\/www.visit-ulcinj.com\/blog\/wp-content\/uploads\/2012\/08\/Flamur-Sella1.jpg\"><img loading=\"lazy\" class=\"alignleft  wp-image-62785\" title=\"Flamur-Sella\" src=\"http:\/\/www.visit-ulcinj.com\/blog\/wp-content\/uploads\/2012\/08\/Flamur-Sella1.jpg\" alt=\"\" width=\"508\" height=\"346\" \/><\/a>Fshatrat Bojk, Mill\u00eb dhe Kosiq kaluan nj\u00eb nat\u00eb shum\u00eb t\u00eb v\u00ebshtir\u00eb ku zjarri n\u00eb disa momente rrezikoi edhe sht\u00ebpit\u00eb.<\/p>\n<p>Nj\u00ebra nga sht\u00ebpit\u00eb ishte e rrezikuar seriozisht, por fal\u00eb intervenimit t\u00eb banoreve t\u00eb cil\u00ebt kujdestaruan t\u00ebr\u00eb nat\u00ebn, shp\u00ebtoi mrekullisht. Sipas informatave q\u00eb kemi marr\u00eb nga banoret q\u00eb t\u00ebr\u00eb nat\u00ebn kaluan duke ruajtur sht\u00ebpit\u00eb dhe rrethin\u00ebn m\u00ebsohet se pishnaja tani m\u00eb nuk ekziston, sepse \u00ebsht\u00eb djegur t\u00ebr\u00ebsisht.<\/p>\n<p>Nd\u00ebrsa sipas fjal\u00ebve t\u00eb shefit t\u00eb sh\u00ebrbimit t\u00eb mbrojtjes, Flamur Seloviq, situata sot \u00ebsht\u00eb di\u00e7ka m\u00eb stabile se sa nat\u00ebn e kaluar dhe se jan\u00eb n\u00eb pritje t\u00eb helikopter\u00ebve t\u00eb Ministris\u00eb s\u00eb Brendshme t\u00eb cil\u00ebt do tju ndihmojn\u00eb pasi q\u00eb b\u00ebhet fjal\u00eb p\u00ebr terren shum\u00eb jo t\u00eb volitsh\u00ebm.<\/p>\n<p>TVCG<\/p>\n<p>1.<br \/>\n<iframe loading=\"lazy\" src=\"http:\/\/www.youtube.com\/embed\/366fWEfaEb4?rel=0\" frameborder=\"0\" width=\"508\" height=\"380\"><\/iframe><\/p>\n<p>2.<br \/>\n<iframe loading=\"lazy\" src=\"http:\/\/www.youtube.com\/embed\/rOp5-7QJfxY?rel=0\" frameborder=\"0\" width=\"508\" height=\"380\"><\/iframe><\/p>\n","protected":false},"excerpt":{"rendered":"<p>Fshatrat Bojk, Mill\u00eb dhe Kosiq kaluan nj\u00eb nat\u00eb shum\u00eb t\u00eb v\u00ebshtir\u00eb ku zjarri n\u00eb disa momente rrezikoi edhe sht\u00ebpit\u00eb. Nj\u00ebra nga sht\u00ebpit\u00eb ishte e rrezikuar seriozisht, por fal\u00eb intervenimit t\u00eb banoreve t\u00eb cil\u00ebt kujdestaruan t\u00ebr\u00eb nat\u00ebn, shp\u00ebtoi mrekullisht. Sipas informatave q\u00eb kemi marr\u00eb nga banoret q\u00eb t\u00ebr\u00eb nat\u00ebn kaluan duke ruajtur sht\u00ebpit\u00eb dhe rrethin\u00ebn m\u00ebsohet [&hellip;]<\/p>\n","protected":false},"author":1,"featured_media":0,"comment_status":"open","ping_status":"closed","sticky":false,"template":"","format":"standard","meta":{"spay_email":"","jetpack_publicize_message":"","jetpack_is_tweetstorm":false,"jetpack_publicize_feature_enabled":true},"categories":[12],"tags":[15136,13201,3507,20871,200],"jetpack_publicize_connections":[],"yoast_head":"<!-- This site is optimized with the Yoast SEO plugin v19.1 - https:\/\/yoast.com\/wordpress\/plugins\/seo\/ -->\n<title>Situata di\u00e7ka m\u00eb e qet\u00eb se gjat\u00eb nat\u00ebs - Lajme nga Ulqini<\/title>\n<meta name=\"description\" content=\"Fshatrat Bojk, Mill\u00eb dhe Kosiq kaluan nj\u00eb nat\u00eb shum\u00eb t\u00eb v\u00ebshtir\u00eb ku zjarri n\u00eb disa momente rrezikoi edhe sht\u00ebpit\u00eb. Nj\u00ebra nga sht\u00ebpit\u00eb ishte e rrezikuar\" \/>\n<meta name=\"robots\" content=\"index, follow, max-snippet:-1, max-image-preview:large, max-video-preview:-1\" \/>\n<link rel=\"canonical\" href=\"https:\/\/www.visit-ulcinj.com\/blog\/2012\/08\/09\/situata-dicka-me-e-qete-se-gjate-nates\/\" \/>\n<meta property=\"og:locale\" content=\"en_US\" \/>\n<meta property=\"og:type\" content=\"article\" \/>\n<meta property=\"og:title\" content=\"Situata di\u00e7ka m\u00eb e qet\u00eb se gjat\u00eb nat\u00ebs - Lajme nga Ulqini\" \/>\n<meta property=\"og:description\" content=\"Fshatrat Bojk, Mill\u00eb dhe Kosiq kaluan nj\u00eb nat\u00eb shum\u00eb t\u00eb v\u00ebshtir\u00eb ku zjarri n\u00eb disa momente rrezikoi edhe sht\u00ebpit\u00eb. Nj\u00ebra nga sht\u00ebpit\u00eb ishte e rrezikuar\" \/>\n<meta property=\"og:url\" content=\"https:\/\/www.visit-ulcinj.com\/blog\/2012\/08\/09\/situata-dicka-me-e-qete-se-gjate-nates\/\" \/>\n<meta property=\"og:site_name\" content=\"Lajme nga Ulqini\" \/>\n<meta property=\"article:published_time\" content=\"2012-08-09T18:35:48+00:00\" \/>\n<meta property=\"og:image\" content=\"http:\/\/www.visit-ulcinj.com\/blog\/wp-content\/uploads\/2012\/08\/Flamur-Sella1.jpg\" \/>\n<meta name=\"twitter:label1\" content=\"Written by\" \/>\n\t<meta name=\"twitter:data1\" content=\"ulqini\" \/>\n\t<meta name=\"twitter:label2\" content=\"Est. reading time\" \/>\n\t<meta name=\"twitter:data2\" content=\"1 minute\" \/>\n<script type=\"application\/ld+json\" class=\"yoast-schema-graph\">{\"@context\":\"https:\/\/schema.org\",\"@graph\":[{\"@type\":\"WebSite\",\"@id\":\"https:\/\/www.visit-ulcinj.com\/blog\/#website\",\"url\":\"https:\/\/www.visit-ulcinj.com\/blog\/\",\"name\":\"Lajme nga Ulqini\",\"description\":\"Lajme,Vijesti,Ulqini,Ulqin,Crna Gora,Mali i Zi\",\"potentialAction\":[{\"@type\":\"SearchAction\",\"target\":{\"@type\":\"EntryPoint\",\"urlTemplate\":\"https:\/\/www.visit-ulcinj.com\/blog\/?s={search_term_string}\"},\"query-input\":\"required name=search_term_string\"}],\"inLanguage\":\"en-US\"},{\"@type\":\"ImageObject\",\"inLanguage\":\"en-US\",\"@id\":\"https:\/\/www.visit-ulcinj.com\/blog\/2012\/08\/09\/situata-dicka-me-e-qete-se-gjate-nates\/#primaryimage\",\"url\":\"https:\/\/www.visit-ulcinj.com\/blog\/wp-content\/uploads\/2012\/08\/Flamur-Sella1.jpg\",\"contentUrl\":\"https:\/\/www.visit-ulcinj.com\/blog\/wp-content\/uploads\/2012\/08\/Flamur-Sella1.jpg\",\"width\":\"571\",\"height\":\"346\"},{\"@type\":\"WebPage\",\"@id\":\"https:\/\/www.visit-ulcinj.com\/blog\/2012\/08\/09\/situata-dicka-me-e-qete-se-gjate-nates\/#webpage\",\"url\":\"https:\/\/www.visit-ulcinj.com\/blog\/2012\/08\/09\/situata-dicka-me-e-qete-se-gjate-nates\/\",\"name\":\"Situata di\u00e7ka m\u00eb e qet\u00eb se gjat\u00eb nat\u00ebs - Lajme nga Ulqini\",\"isPartOf\":{\"@id\":\"https:\/\/www.visit-ulcinj.com\/blog\/#website\"},\"primaryImageOfPage\":{\"@id\":\"https:\/\/www.visit-ulcinj.com\/blog\/2012\/08\/09\/situata-dicka-me-e-qete-se-gjate-nates\/#primaryimage\"},\"datePublished\":\"2012-08-09T18:35:48+00:00\",\"dateModified\":\"2012-08-09T18:35:48+00:00\",\"author\":{\"@id\":\"https:\/\/www.visit-ulcinj.com\/blog\/#\/schema\/person\/dcab619c614d3038751c63bc2aadc06d\"},\"description\":\"Fshatrat Bojk, Mill\u00eb dhe Kosiq kaluan nj\u00eb nat\u00eb shum\u00eb t\u00eb v\u00ebshtir\u00eb ku zjarri n\u00eb disa momente rrezikoi edhe sht\u00ebpit\u00eb. Nj\u00ebra nga sht\u00ebpit\u00eb ishte e rrezikuar\",\"breadcrumb\":{\"@id\":\"https:\/\/www.visit-ulcinj.com\/blog\/2012\/08\/09\/situata-dicka-me-e-qete-se-gjate-nates\/#breadcrumb\"},\"inLanguage\":\"en-US\",\"potentialAction\":[{\"@type\":\"ReadAction\",\"target\":[\"https:\/\/www.visit-ulcinj.com\/blog\/2012\/08\/09\/situata-dicka-me-e-qete-se-gjate-nates\/\"]}]},{\"@type\":\"BreadcrumbList\",\"@id\":\"https:\/\/www.visit-ulcinj.com\/blog\/2012\/08\/09\/situata-dicka-me-e-qete-se-gjate-nates\/#breadcrumb\",\"itemListElement\":[{\"@type\":\"ListItem\",\"position\":1,\"name\":\"Situata di\u00e7ka m\u00eb e qet\u00eb se gjat\u00eb nat\u00ebs\"}]},{\"@type\":\"Person\",\"@id\":\"https:\/\/www.visit-ulcinj.com\/blog\/#\/schema\/person\/dcab619c614d3038751c63bc2aadc06d\",\"name\":\"ulqini\",\"sameAs\":[\"http:\/\/www.visit-ulcinj.com\"],\"url\":\"https:\/\/www.visit-ulcinj.com\/blog\/author\/admin\/\"}]}<\/script>\n<!-- \/ Yoast SEO plugin. -->","yoast_head_json":{"title":"Situata di\u00e7ka m\u00eb e qet\u00eb se gjat\u00eb nat\u00ebs - Lajme nga Ulqini","description":"Fshatrat Bojk, Mill\u00eb dhe Kosiq kaluan nj\u00eb nat\u00eb shum\u00eb t\u00eb v\u00ebshtir\u00eb ku zjarri n\u00eb disa momente rrezikoi edhe sht\u00ebpit\u00eb. Nj\u00ebra nga sht\u00ebpit\u00eb ishte e rrezikuar","robots":{"index":"index","follow":"follow","max-snippet":"max-snippet:-1","max-image-preview":"max-image-preview:large","max-video-preview":"max-video-preview:-1"},"canonical":"https:\/\/www.visit-ulcinj.com\/blog\/2012\/08\/09\/situata-dicka-me-e-qete-se-gjate-nates\/","og_locale":"en_US","og_type":"article","og_title":"Situata di\u00e7ka m\u00eb e qet\u00eb se gjat\u00eb nat\u00ebs - Lajme nga Ulqini","og_description":"Fshatrat Bojk, Mill\u00eb dhe Kosiq kaluan nj\u00eb nat\u00eb shum\u00eb t\u00eb v\u00ebshtir\u00eb ku zjarri n\u00eb disa momente rrezikoi edhe sht\u00ebpit\u00eb. Nj\u00ebra nga sht\u00ebpit\u00eb ishte e rrezikuar","og_url":"https:\/\/www.visit-ulcinj.com\/blog\/2012\/08\/09\/situata-dicka-me-e-qete-se-gjate-nates\/","og_site_name":"Lajme nga Ulqini","article_published_time":"2012-08-09T18:35:48+00:00","og_image":[{"url":"http:\/\/www.visit-ulcinj.com\/blog\/wp-content\/uploads\/2012\/08\/Flamur-Sella1.jpg"}],"twitter_misc":{"Written by":"ulqini","Est. reading time":"1 minute"},"schema":{"@context":"https:\/\/schema.org","@graph":[{"@type":"WebSite","@id":"https:\/\/www.visit-ulcinj.com\/blog\/#website","url":"https:\/\/www.visit-ulcinj.com\/blog\/","name":"Lajme nga Ulqini","description":"Lajme,Vijesti,Ulqini,Ulqin,Crna Gora,Mali i Zi","potentialAction":[{"@type":"SearchAction","target":{"@type":"EntryPoint","urlTemplate":"https:\/\/www.visit-ulcinj.com\/blog\/?s={search_term_string}"},"query-input":"required name=search_term_string"}],"inLanguage":"en-US"},{"@type":"ImageObject","inLanguage":"en-US","@id":"https:\/\/www.visit-ulcinj.com\/blog\/2012\/08\/09\/situata-dicka-me-e-qete-se-gjate-nates\/#primaryimage","url":"https:\/\/www.visit-ulcinj.com\/blog\/wp-content\/uploads\/2012\/08\/Flamur-Sella1.jpg","contentUrl":"https:\/\/www.visit-ulcinj.com\/blog\/wp-content\/uploads\/2012\/08\/Flamur-Sella1.jpg","width":"571","height":"346"},{"@type":"WebPage","@id":"https:\/\/www.visit-ulcinj.com\/blog\/2012\/08\/09\/situata-dicka-me-e-qete-se-gjate-nates\/#webpage","url":"https:\/\/www.visit-ulcinj.com\/blog\/2012\/08\/09\/situata-dicka-me-e-qete-se-gjate-nates\/","name":"Situata di\u00e7ka m\u00eb e qet\u00eb se gjat\u00eb nat\u00ebs - Lajme nga Ulqini","isPartOf":{"@id":"https:\/\/www.visit-ulcinj.com\/blog\/#website"},"primaryImageOfPage":{"@id":"https:\/\/www.visit-ulcinj.com\/blog\/2012\/08\/09\/situata-dicka-me-e-qete-se-gjate-nates\/#primaryimage"},"datePublished":"2012-08-09T18:35:48+00:00","dateModified":"2012-08-09T18:35:48+00:00","author":{"@id":"https:\/\/www.visit-ulcinj.com\/blog\/#\/schema\/person\/dcab619c614d3038751c63bc2aadc06d"},"description":"Fshatrat Bojk, Mill\u00eb dhe Kosiq kaluan nj\u00eb nat\u00eb shum\u00eb t\u00eb v\u00ebshtir\u00eb ku zjarri n\u00eb disa momente rrezikoi edhe sht\u00ebpit\u00eb. Nj\u00ebra nga sht\u00ebpit\u00eb ishte e rrezikuar","breadcrumb":{"@id":"https:\/\/www.visit-ulcinj.com\/blog\/2012\/08\/09\/situata-dicka-me-e-qete-se-gjate-nates\/#breadcrumb"},"inLanguage":"en-US","potentialAction":[{"@type":"ReadAction","target":["https:\/\/www.visit-ulcinj.com\/blog\/2012\/08\/09\/situata-dicka-me-e-qete-se-gjate-nates\/"]}]},{"@type":"BreadcrumbList","@id":"https:\/\/www.visit-ulcinj.com\/blog\/2012\/08\/09\/situata-dicka-me-e-qete-se-gjate-nates\/#breadcrumb","itemListElement":[{"@type":"ListItem","position":1,"name":"Situata di\u00e7ka m\u00eb e qet\u00eb se gjat\u00eb nat\u00ebs"}]},{"@type":"Person","@id":"https:\/\/www.visit-ulcinj.com\/blog\/#\/schema\/person\/dcab619c614d3038751c63bc2aadc06d","name":"ulqini","sameAs":["http:\/\/www.visit-ulcinj.com"],"url":"https:\/\/www.visit-ulcinj.com\/blog\/author\/admin\/"}]}},"jetpack_featured_media_url":"","jetpack_sharing_enabled":true,"jetpack_shortlink":"https:\/\/wp.me\/pe6lTn-gkE","_links":{"self":[{"href":"https:\/\/www.visit-ulcinj.com\/blog\/wp-json\/wp\/v2\/posts\/62784"}],"collection":[{"href":"https:\/\/www.visit-ulcinj.com\/blog\/wp-json\/wp\/v2\/posts"}],"about":[{"href":"https:\/\/www.visit-ulcinj.com\/blog\/wp-json\/wp\/v2\/types\/post"}],"author":[{"embeddable":true,"href":"https:\/\/www.visit-ulcinj.com\/blog\/wp-json\/wp\/v2\/users\/1"}],"replies":[{"embeddable":true,"href":"https:\/\/www.visit-ulcinj.com\/blog\/wp-json\/wp\/v2\/comments?post=62784"}],"version-history":[{"count":1,"href":"https:\/\/www.visit-ulcinj.com\/blog\/wp-json\/wp\/v2\/posts\/62784\/revisions"}],"predecessor-version":[{"id":62786,"href":"https:\/\/www.visit-ulcinj.com\/blog\/wp-json\/wp\/v2\/posts\/62784\/revisions\/62786"}],"wp:attachment":[{"href":"https:\/\/www.visit-ulcinj.com\/blog\/wp-json\/wp\/v2\/media?parent=62784"}],"wp:term":[{"taxonomy":"category","embeddable":true,"href":"https:\/\/www.visit-ulcinj.com\/blog\/wp-json\/wp\/v2\/categories?post=62784"},{"taxonomy":"post_tag","embeddable":true,"href":"https:\/\/www.visit-ulcinj.com\/blog\/wp-json\/wp\/v2\/tags?post=62784"}],"curies":[{"name":"wp","href":"https:\/\/api.w.org\/{rel}","templated":true}]}}