{"id":62793,"date":"2012-08-09T22:20:50","date_gmt":"2012-08-09T21:20:50","guid":{"rendered":"http:\/\/www.visit-ulcinj.com\/blog\/?p=62793"},"modified":"2012-08-09T22:20:50","modified_gmt":"2012-08-09T21:20:50","slug":"afrona-dika-do-te-pozonte-nudo","status":"publish","type":"post","link":"https:\/\/www.visit-ulcinj.com\/blog\/2012\/08\/09\/afrona-dika-do-te-pozonte-nudo\/","title":{"rendered":"Afrona Dika do t\u00eb pozonte nudo"},"content":{"rendered":"<p><a href=\"http:\/\/www.visit-ulcinj.com\/blog\/wp-content\/uploads\/2012\/08\/Afrona-Dika-do-t\u00eb-pozonte-nudo.jpg\"><img loading=\"lazy\" class=\"alignleft  wp-image-62794\" title=\"Afrona Dika do t\u00eb pozonte nudo\" src=\"http:\/\/www.visit-ulcinj.com\/blog\/wp-content\/uploads\/2012\/08\/Afrona-Dika-do-t\u00eb-pozonte-nudo.jpg\" alt=\"\" width=\"508\" height=\"360\" \/><\/a>Ka pak shqiptare n\u00eb bot\u00ebn e mod\u00ebs q\u00eb do t\u00eb pozonin nudo. Nj\u00eb modele e re, q\u00eb nuk e ka problem k\u00ebt\u00eb gj\u00eb \u00ebsht\u00eb Afrona Dika, shqiptare nga Maqedonia, q\u00eb jeton n\u00eb Zvic\u00ebr. N\u00eb nj\u00eb intervist\u00eb p\u00ebr Reporteri.net, pik\u00ebrisht n\u00eb dit\u00eblindjen e saj t\u00eb 20-t\u00eb, Afrona flet p\u00ebr angazhimet e saja deri tash dhe p\u00ebr planet q\u00eb ka p\u00ebr t\u00eb ardhmen. Afrona nuk i ka problem rrudhat!<\/p>\n<p>Afrona ka disa vite q\u00eb merrem me modelizem. \u201cProfesion i cili me ka hapur shum\u00eb dyer. Pasion kam aktrimin dhe d\u00ebshir\u00eb p\u00ebr t\u00eb shfaq talentin tim edhe n\u00eb boten e Hollywood-it\u201d, thot\u00eb ajo.<\/p>\n<p>Afrona jeton n\u00eb Zvic\u00ebr, sepse mendon se \u00ebsht\u00eb nj\u00eb vend i p\u00ebrshtatsh\u00ebm dhe plot potencial n\u00eb k\u00ebt\u00eb sfer\u00eb\u2026<br \/>\n<a href=\"http:\/\/www.visit-ulcinj.com\/blog\/wp-content\/uploads\/2012\/08\/Afrona-Dika.1.jpg\"><img loading=\"lazy\" class=\"alignleft  wp-image-62795\" title=\"Afrona Dika.1\" src=\"http:\/\/www.visit-ulcinj.com\/blog\/wp-content\/uploads\/2012\/08\/Afrona-Dika.1.jpg\" alt=\"\" width=\"508\" height=\"600\" \/><\/a><\/p>\n<p>\u201cHapi im primar ka qen\u00eb d\u00ebshira ime e madhe q\u00eb kam pasur si f\u00ebmij\u00eb p\u00ebr fotoshooting dhe modelizem, kurse mb\u00ebshtetje me t\u00eb madhe kam gjetur gjithmon\u00eb n\u00eb familjen time e ne\u00a0 ve\u00e7anti mamaja ime. Kam pozuar p\u00ebr Magazin\u00ebn \u201cSelect\u201d, kam pasur edhe nj\u00eb fotoshuting t\u00eb fotografi i njohur kosovar Avni Selmani, e n\u00eb Zvic\u00ebr me gjeni n\u00eb Agjensionin Fotogen, e n\u00eb hap\u00ebsira tjera\u201d.<\/p>\n<p>Derisa flet p\u00ebr \u00ebndrra qe i ka, Afrona thot\u00eb se karriera e saj sapo ka filluar dhe p\u00ebr momentin gjith\u00e7ka duket se ec\u00ebn mbar\u00eb. \u201cBesoj se do t\u00eb vazhdoj\u00eb me aktivitete m\u00eb t\u00eb m\u00ebdha n\u00eb fush\u00ebn e mod\u00ebs, nd\u00ebrsa \u00ebndrra ime \u00ebsht\u00eb Holly\u00eboodi, e p\u00ebr t\u00eb arritur deri aty me duhet shum\u00eb pun\u00eb\u201d.<\/p>\n<p>Kur flet p\u00ebr politikan\u00ebt seksi, Afroni e ka nj\u00eb n\u00eb mendje, edhe pse ai m\u00eb shum\u00eb \u00ebsht\u00eb k\u00ebng\u00ebtar sesa politikan. \u201cTe Genc Prelvukaj gjej nj\u00eb p\u00ebrmbushje t\u00eb plot\u00eb t\u00eb kritereve q\u00eb b\u00ebjn\u00eb njeriun t\u00eb duket t\u00ebrheq\u00ebs\u201d.<\/p>\n<p>Sa i p\u00ebrket pozimit nudo, ajo se ka problem k\u00ebt\u00eb gj\u00eb! \u201c Nuk me paraqet ndonj\u00eb penges\u00eb n\u00ebse fotografit\u00eb b\u00ebhen t\u00eb bukura dhe n\u00eb menyr\u00eb artistike, kuptohet nga nj\u00eb fotograf i mir\u00eb, me t\u00eb cilin un\u00eb ndjehem komode\u201d. (ORAinfo)<\/p>\n","protected":false},"excerpt":{"rendered":"<p>Ka pak shqiptare n\u00eb bot\u00ebn e mod\u00ebs q\u00eb do t\u00eb pozonin nudo. Nj\u00eb modele e re, q\u00eb nuk e ka problem k\u00ebt\u00eb gj\u00eb \u00ebsht\u00eb Afrona Dika, shqiptare nga Maqedonia, q\u00eb jeton n\u00eb Zvic\u00ebr. N\u00eb nj\u00eb intervist\u00eb p\u00ebr Reporteri.net, pik\u00ebrisht n\u00eb dit\u00eblindjen e saj t\u00eb 20-t\u00eb, Afrona flet p\u00ebr angazhimet e saja deri tash dhe p\u00ebr [&hellip;]<\/p>\n","protected":false},"author":1,"featured_media":0,"comment_status":"open","ping_status":"closed","sticky":false,"template":"","format":"standard","meta":{"spay_email":"","jetpack_publicize_message":"","jetpack_is_tweetstorm":false,"jetpack_publicize_feature_enabled":true},"categories":[1],"tags":[20872],"jetpack_publicize_connections":[],"yoast_head":"<!-- This site is optimized with the Yoast SEO plugin v19.1 - https:\/\/yoast.com\/wordpress\/plugins\/seo\/ -->\n<title>Afrona Dika do t\u00eb pozonte nudo - Lajme nga Ulqini<\/title>\n<meta name=\"description\" content=\"Ka pak shqiptare n\u00eb bot\u00ebn e mod\u00ebs q\u00eb do t\u00eb pozonin nudo. Nj\u00eb modele e re, q\u00eb nuk e ka problem k\u00ebt\u00eb gj\u00eb \u00ebsht\u00eb Afrona Dika, shqiptare nga Maqedonia, q\u00eb\" \/>\n<meta name=\"robots\" content=\"index, follow, max-snippet:-1, max-image-preview:large, max-video-preview:-1\" \/>\n<link rel=\"canonical\" href=\"https:\/\/www.visit-ulcinj.com\/blog\/2012\/08\/09\/afrona-dika-do-te-pozonte-nudo\/\" \/>\n<meta property=\"og:locale\" content=\"en_US\" \/>\n<meta property=\"og:type\" content=\"article\" \/>\n<meta property=\"og:title\" content=\"Afrona Dika do t\u00eb pozonte nudo - Lajme nga Ulqini\" \/>\n<meta property=\"og:description\" content=\"Ka pak shqiptare n\u00eb bot\u00ebn e mod\u00ebs q\u00eb do t\u00eb pozonin nudo. Nj\u00eb modele e re, q\u00eb nuk e ka problem k\u00ebt\u00eb gj\u00eb \u00ebsht\u00eb Afrona Dika, shqiptare nga Maqedonia, q\u00eb\" \/>\n<meta property=\"og:url\" content=\"https:\/\/www.visit-ulcinj.com\/blog\/2012\/08\/09\/afrona-dika-do-te-pozonte-nudo\/\" \/>\n<meta property=\"og:site_name\" content=\"Lajme nga Ulqini\" \/>\n<meta property=\"article:published_time\" content=\"2012-08-09T21:20:50+00:00\" \/>\n<meta property=\"og:image\" content=\"http:\/\/www.visit-ulcinj.com\/blog\/wp-content\/uploads\/2012\/08\/Afrona-Dika.1.jpg\" \/>\n<meta name=\"twitter:label1\" content=\"Written by\" \/>\n\t<meta name=\"twitter:data1\" content=\"ulqini\" \/>\n\t<meta name=\"twitter:label2\" content=\"Est. reading time\" \/>\n\t<meta name=\"twitter:data2\" content=\"2 minutes\" \/>\n<script type=\"application\/ld+json\" class=\"yoast-schema-graph\">{\"@context\":\"https:\/\/schema.org\",\"@graph\":[{\"@type\":\"WebSite\",\"@id\":\"https:\/\/www.visit-ulcinj.com\/blog\/#website\",\"url\":\"https:\/\/www.visit-ulcinj.com\/blog\/\",\"name\":\"Lajme nga Ulqini\",\"description\":\"Lajme,Vijesti,Ulqini,Ulqin,Crna Gora,Mali i Zi\",\"potentialAction\":[{\"@type\":\"SearchAction\",\"target\":{\"@type\":\"EntryPoint\",\"urlTemplate\":\"https:\/\/www.visit-ulcinj.com\/blog\/?s={search_term_string}\"},\"query-input\":\"required name=search_term_string\"}],\"inLanguage\":\"en-US\"},{\"@type\":\"ImageObject\",\"inLanguage\":\"en-US\",\"@id\":\"https:\/\/www.visit-ulcinj.com\/blog\/2012\/08\/09\/afrona-dika-do-te-pozonte-nudo\/#primaryimage\",\"url\":\"http:\/\/www.visit-ulcinj.com\/blog\/wp-content\/uploads\/2012\/08\/Afrona-Dika.1.jpg\",\"contentUrl\":\"http:\/\/www.visit-ulcinj.com\/blog\/wp-content\/uploads\/2012\/08\/Afrona-Dika.1.jpg\"},{\"@type\":\"WebPage\",\"@id\":\"https:\/\/www.visit-ulcinj.com\/blog\/2012\/08\/09\/afrona-dika-do-te-pozonte-nudo\/#webpage\",\"url\":\"https:\/\/www.visit-ulcinj.com\/blog\/2012\/08\/09\/afrona-dika-do-te-pozonte-nudo\/\",\"name\":\"Afrona Dika do t\u00eb pozonte nudo - Lajme nga Ulqini\",\"isPartOf\":{\"@id\":\"https:\/\/www.visit-ulcinj.com\/blog\/#website\"},\"primaryImageOfPage\":{\"@id\":\"https:\/\/www.visit-ulcinj.com\/blog\/2012\/08\/09\/afrona-dika-do-te-pozonte-nudo\/#primaryimage\"},\"datePublished\":\"2012-08-09T21:20:50+00:00\",\"dateModified\":\"2012-08-09T21:20:50+00:00\",\"author\":{\"@id\":\"https:\/\/www.visit-ulcinj.com\/blog\/#\/schema\/person\/dcab619c614d3038751c63bc2aadc06d\"},\"description\":\"Ka pak shqiptare n\u00eb bot\u00ebn e mod\u00ebs q\u00eb do t\u00eb pozonin nudo. Nj\u00eb modele e re, q\u00eb nuk e ka problem k\u00ebt\u00eb gj\u00eb \u00ebsht\u00eb Afrona Dika, shqiptare nga Maqedonia, q\u00eb\",\"breadcrumb\":{\"@id\":\"https:\/\/www.visit-ulcinj.com\/blog\/2012\/08\/09\/afrona-dika-do-te-pozonte-nudo\/#breadcrumb\"},\"inLanguage\":\"en-US\",\"potentialAction\":[{\"@type\":\"ReadAction\",\"target\":[\"https:\/\/www.visit-ulcinj.com\/blog\/2012\/08\/09\/afrona-dika-do-te-pozonte-nudo\/\"]}]},{\"@type\":\"BreadcrumbList\",\"@id\":\"https:\/\/www.visit-ulcinj.com\/blog\/2012\/08\/09\/afrona-dika-do-te-pozonte-nudo\/#breadcrumb\",\"itemListElement\":[{\"@type\":\"ListItem\",\"position\":1,\"name\":\"Afrona Dika do t\u00eb pozonte nudo\"}]},{\"@type\":\"Person\",\"@id\":\"https:\/\/www.visit-ulcinj.com\/blog\/#\/schema\/person\/dcab619c614d3038751c63bc2aadc06d\",\"name\":\"ulqini\",\"sameAs\":[\"http:\/\/www.visit-ulcinj.com\"],\"url\":\"https:\/\/www.visit-ulcinj.com\/blog\/author\/admin\/\"}]}<\/script>\n<!-- \/ Yoast SEO plugin. -->","yoast_head_json":{"title":"Afrona Dika do t\u00eb pozonte nudo - Lajme nga Ulqini","description":"Ka pak shqiptare n\u00eb bot\u00ebn e mod\u00ebs q\u00eb do t\u00eb pozonin nudo. Nj\u00eb modele e re, q\u00eb nuk e ka problem k\u00ebt\u00eb gj\u00eb \u00ebsht\u00eb Afrona Dika, shqiptare nga Maqedonia, q\u00eb","robots":{"index":"index","follow":"follow","max-snippet":"max-snippet:-1","max-image-preview":"max-image-preview:large","max-video-preview":"max-video-preview:-1"},"canonical":"https:\/\/www.visit-ulcinj.com\/blog\/2012\/08\/09\/afrona-dika-do-te-pozonte-nudo\/","og_locale":"en_US","og_type":"article","og_title":"Afrona Dika do t\u00eb pozonte nudo - Lajme nga Ulqini","og_description":"Ka pak shqiptare n\u00eb bot\u00ebn e mod\u00ebs q\u00eb do t\u00eb pozonin nudo. Nj\u00eb modele e re, q\u00eb nuk e ka problem k\u00ebt\u00eb gj\u00eb \u00ebsht\u00eb Afrona Dika, shqiptare nga Maqedonia, q\u00eb","og_url":"https:\/\/www.visit-ulcinj.com\/blog\/2012\/08\/09\/afrona-dika-do-te-pozonte-nudo\/","og_site_name":"Lajme nga Ulqini","article_published_time":"2012-08-09T21:20:50+00:00","og_image":[{"url":"http:\/\/www.visit-ulcinj.com\/blog\/wp-content\/uploads\/2012\/08\/Afrona-Dika.1.jpg"}],"twitter_misc":{"Written by":"ulqini","Est. reading time":"2 minutes"},"schema":{"@context":"https:\/\/schema.org","@graph":[{"@type":"WebSite","@id":"https:\/\/www.visit-ulcinj.com\/blog\/#website","url":"https:\/\/www.visit-ulcinj.com\/blog\/","name":"Lajme nga Ulqini","description":"Lajme,Vijesti,Ulqini,Ulqin,Crna Gora,Mali i Zi","potentialAction":[{"@type":"SearchAction","target":{"@type":"EntryPoint","urlTemplate":"https:\/\/www.visit-ulcinj.com\/blog\/?s={search_term_string}"},"query-input":"required name=search_term_string"}],"inLanguage":"en-US"},{"@type":"ImageObject","inLanguage":"en-US","@id":"https:\/\/www.visit-ulcinj.com\/blog\/2012\/08\/09\/afrona-dika-do-te-pozonte-nudo\/#primaryimage","url":"http:\/\/www.visit-ulcinj.com\/blog\/wp-content\/uploads\/2012\/08\/Afrona-Dika.1.jpg","contentUrl":"http:\/\/www.visit-ulcinj.com\/blog\/wp-content\/uploads\/2012\/08\/Afrona-Dika.1.jpg"},{"@type":"WebPage","@id":"https:\/\/www.visit-ulcinj.com\/blog\/2012\/08\/09\/afrona-dika-do-te-pozonte-nudo\/#webpage","url":"https:\/\/www.visit-ulcinj.com\/blog\/2012\/08\/09\/afrona-dika-do-te-pozonte-nudo\/","name":"Afrona Dika do t\u00eb pozonte nudo - Lajme nga Ulqini","isPartOf":{"@id":"https:\/\/www.visit-ulcinj.com\/blog\/#website"},"primaryImageOfPage":{"@id":"https:\/\/www.visit-ulcinj.com\/blog\/2012\/08\/09\/afrona-dika-do-te-pozonte-nudo\/#primaryimage"},"datePublished":"2012-08-09T21:20:50+00:00","dateModified":"2012-08-09T21:20:50+00:00","author":{"@id":"https:\/\/www.visit-ulcinj.com\/blog\/#\/schema\/person\/dcab619c614d3038751c63bc2aadc06d"},"description":"Ka pak shqiptare n\u00eb bot\u00ebn e mod\u00ebs q\u00eb do t\u00eb pozonin nudo. Nj\u00eb modele e re, q\u00eb nuk e ka problem k\u00ebt\u00eb gj\u00eb \u00ebsht\u00eb Afrona Dika, shqiptare nga Maqedonia, q\u00eb","breadcrumb":{"@id":"https:\/\/www.visit-ulcinj.com\/blog\/2012\/08\/09\/afrona-dika-do-te-pozonte-nudo\/#breadcrumb"},"inLanguage":"en-US","potentialAction":[{"@type":"ReadAction","target":["https:\/\/www.visit-ulcinj.com\/blog\/2012\/08\/09\/afrona-dika-do-te-pozonte-nudo\/"]}]},{"@type":"BreadcrumbList","@id":"https:\/\/www.visit-ulcinj.com\/blog\/2012\/08\/09\/afrona-dika-do-te-pozonte-nudo\/#breadcrumb","itemListElement":[{"@type":"ListItem","position":1,"name":"Afrona Dika do t\u00eb pozonte nudo"}]},{"@type":"Person","@id":"https:\/\/www.visit-ulcinj.com\/blog\/#\/schema\/person\/dcab619c614d3038751c63bc2aadc06d","name":"ulqini","sameAs":["http:\/\/www.visit-ulcinj.com"],"url":"https:\/\/www.visit-ulcinj.com\/blog\/author\/admin\/"}]}},"jetpack_featured_media_url":"","jetpack_sharing_enabled":true,"jetpack_shortlink":"https:\/\/wp.me\/pe6lTn-gkN","_links":{"self":[{"href":"https:\/\/www.visit-ulcinj.com\/blog\/wp-json\/wp\/v2\/posts\/62793"}],"collection":[{"href":"https:\/\/www.visit-ulcinj.com\/blog\/wp-json\/wp\/v2\/posts"}],"about":[{"href":"https:\/\/www.visit-ulcinj.com\/blog\/wp-json\/wp\/v2\/types\/post"}],"author":[{"embeddable":true,"href":"https:\/\/www.visit-ulcinj.com\/blog\/wp-json\/wp\/v2\/users\/1"}],"replies":[{"embeddable":true,"href":"https:\/\/www.visit-ulcinj.com\/blog\/wp-json\/wp\/v2\/comments?post=62793"}],"version-history":[{"count":1,"href":"https:\/\/www.visit-ulcinj.com\/blog\/wp-json\/wp\/v2\/posts\/62793\/revisions"}],"predecessor-version":[{"id":62796,"href":"https:\/\/www.visit-ulcinj.com\/blog\/wp-json\/wp\/v2\/posts\/62793\/revisions\/62796"}],"wp:attachment":[{"href":"https:\/\/www.visit-ulcinj.com\/blog\/wp-json\/wp\/v2\/media?parent=62793"}],"wp:term":[{"taxonomy":"category","embeddable":true,"href":"https:\/\/www.visit-ulcinj.com\/blog\/wp-json\/wp\/v2\/categories?post=62793"},{"taxonomy":"post_tag","embeddable":true,"href":"https:\/\/www.visit-ulcinj.com\/blog\/wp-json\/wp\/v2\/tags?post=62793"}],"curies":[{"name":"wp","href":"https:\/\/api.w.org\/{rel}","templated":true}]}}