{"id":628,"date":"2008-02-23T14:52:31","date_gmt":"2008-02-23T19:52:31","guid":{"rendered":"http:\/\/www.visit-ulcinj.com\/blog\/2008\/02\/23\/sastanak-force-i-bosnjacke-stranke-u-ulcinj\/"},"modified":"2008-02-27T01:11:03","modified_gmt":"2008-02-27T06:11:03","slug":"sastanak-force-i-bosnjacke-stranke-u-ulcinj","status":"publish","type":"post","link":"https:\/\/www.visit-ulcinj.com\/blog\/2008\/02\/23\/sastanak-force-i-bosnjacke-stranke-u-ulcinj\/","title":{"rendered":"Sastanak Force i Bosnjacke Stranke u  Ulcinj"},"content":{"rendered":"<p><a rel=\"lightbox[pics628]\" href=\"http:\/\/www.visit-ulcinj.com\/blog\/wp-content\/uploads\/2008\/02\/forca-bs.jpg\" title=\"Sastanak Force i Bosnjacke Stranke\"><\/a><a rel=\"attachment wp-att-629\" href=\"http:\/\/www.visit-ulcinj.com\/blog\/2008\/02\/23\/sastanak-force-i-bosnjacke-stranke-u-ulcinj\/sastanak-force-i-bosnjacke-stranke\/\" title=\"Sastanak Force i Bosnjacke Stranke\"><\/a><img loading=\"lazy\" border=\"0\" align=\"left\" width=\"277\" src=\"http:\/\/www.visit-ulcinj.com\/blog\/wp-content\/uploads\/2008\/02\/forca-bs.jpg\" alt=\"Sastanak Force i Bosnjacke Stranke\" height=\"194\" \/><strong>Takimi Forca me Partin\u00eb Boshnjake<\/strong><\/p>\n<p>N\u00eb takimin e udh\u00ebheq\u00ebsve t\u00eb Forc\u00ebs dhe Partis\u00eb Boshnjake, ne Ulqin \u00ebsht\u00eb biseduar p\u00ebr bashk\u00ebpunimin e k\u00ebtyre dy partive n\u00eb lidhje me t\u00eb gjitha problemet ku ekzistojn\u00eb interesa t\u00eb p\u00ebrbashk\u00ebta.<\/p>\n<p>Posa\u00e7\u00ebrisht jan\u00eb potencuar pyetjet mbi p\u00ebrmir\u00ebsimin e statusit e popujve pakic\u00eb dhe pjes\u00ebmarrjen e tyre n\u00eb t\u00eb gjitha nivelet e qeveris\u00ebse.<\/p>\n<p>\u00cbsht\u00eb treguar nevoja e p\u00ebrforcimit t\u00eb ingerencave t\u00eb vet\u00ebqeverisjes lokale dhe pjes\u00ebmarrjen e tyre m\u00eb e madhe n\u00eb menaxhimin e resurseve ekonomike e sidomos n\u00eb rrethinat ku jetojn\u00eb p\u00ebrfaq\u00ebsuesit e popujve pakic\u00eb, t\u00eb cil\u00ebt deri tash, p\u00ebr shkak t\u00eb mos investimeve dhe centralizimit, ishin t\u00eb njohura si vende ekonomikisht t\u00eb pazhvilluara.<br \/>\n\u00cbsht\u00eb biseduar p\u00ebr modalitetet e bashk\u00ebpunimit t\u00eb mundsh\u00ebm n\u00eb t\u00eb gjitha aspektet t\u00eb cilat kan\u00eb t\u00eb b\u00ebjn\u00eb me mbrojtjen e drejtave t\u00eb popujve pakic\u00eb, p\u00ebrfshirjen e pakicave, projektet m\u00eb r\u00ebnd\u00ebsi politike, ekonomike dhe kulturore p\u00ebr popujt pakic\u00eb.<br \/>\nTem\u00eb e posa\u00e7me e bisedime ishte pjes\u00ebmarrja e tyre dy partive n\u00eb fushat\u00ebn e zgjedhjeve presidenciale ne Mal t\u00eb Zi, ku gjithashtu \u00ebsht\u00eb akordua nj\u00eb bashk\u00ebpunim i mundsh\u00ebm n\u00eb p\u00ebrkrahjen e nj\u00eb kandidatit i cili n\u00eb programin e tij do t\u00eb ket\u00eb arritjen e q\u00ebllimeve vitale, statusit dhe gjendjes s\u00eb pakicave ne Mal t\u00eb Zi.<br \/>\nN\u00eb takim kan\u00eb marr\u00eb pjes\u00eb n\u00eb em\u00ebr t\u00eb &#8220;Forc\u00ebs&#8221; kryetari Nazif Cungu, n\u00ebnkryetari Genc Nimanbegu dhe an\u00ebtari i k\u00ebshillit qendror\u00eb dr Nail Draga e n\u00eb an\u00ebn tjet\u00ebr n\u00eb em\u00ebr t\u00eb Partis\u00eb Boshnjake kryetari Rafet Husoviq, z\u00ebdh\u00ebn\u00ebsi Suljo Mustafiq dhe an\u00ebtar\u00eb i kryesis\u00eb Munib Li?ina<br \/>\n<strong>Sh\u00ebrbimi informativ i Forc\u00ebs<br \/>\nSherbimi informativ i partise Boshnjake<\/strong><\/p>\n<p><a rel=\"attachment wp-att-629\" target=\"_blank\" href=\"http:\/\/www.visit-ulcinj.com\/blog\/2008\/02\/23\/sastanak-force-i-bosnjacke-stranke-u-ulcinj\/sastanak-force-i-bosnjacke-stranke\/\" title=\"Sastanak Force i Bosnjacke Stranke\"><img loading=\"lazy\" align=\"left\" width=\"277\" src=\"http:\/\/www.visit-ulcinj.com\/blog\/wp-content\/uploads\/2008\/02\/forca-bs.jpg\" alt=\"Sastanak Force i Bosnjacke Stranke\" height=\"194\" \/><\/a>Ulcinj:22.02.2008<\/p>\n<p>Na sastanku rukovodilaca Force i Bo\u0161nja?ke stranke, u Ulcinju, razgovarano je saradnji dvije partije u vezi sa svim pitanjima oko kojih postoje zajedni?ki inteesi.<br \/>\nPosebno su potencirana pitanja pobolj\u0161anja statusa i polo\u017eaja manjinskih naroda i njihovog djelotvornijeg u?e\u0161?a na svim nivoima vlasti.<\/p>\n<p>Iskazana je i potreba ja?anja ingerencija lokalne samouprave i ve?em u?e\u0161?u lokalne zajednice u gazdovanju privrednim resursima, pogotovo u sredinama gdje u ve?em broju \u017eive pripadnici manjinskih naroda, a koje su do sada, zbog neulaganja i centralizacije, bile prepoznatljive po ekonomskoj nerazvijenosti<br \/>\nRazgovarano je o modaletitima mogu?e saradnje na svim aspektima koji se ti?u za\u0161tite manjinskih prava, zastupljenosti manjina, te projekata od politi?kog, obrazovnog, ekonomskog i i kulturnog zna?aja za pripadnike manjinskih naroda.<br \/>\nPosebna tema razgovora bilo je u?e\u0161?e dviju partija u predstoje?oj kampanji za predsjedni?ke izbore, gdje je ,tako?e, dogovorena mogu?a saradnja i podr\u0161ka politi?kom programu i kandidatu u ?ijem se djelovanju prepozna ostvarenje vitalnih interesa, statusa i polo\u017eaja manjinskih naroda u Crnoj Gori.<br \/>\nSastanku su, u ime \u00bbForce\u00ab prisustovali predsjednik Nazif Cungu, potpredsjednik Genc Nimanbegu, ?lan predsjedni\u0161tva dr Nail Draga,a<br \/>\nu ime Bo\u0161nja?ke stranke predsjednik Rafet Husovi?, portparol Suljo Mustafi? i ?lan pedsjedni\u0161tva Munib Li?ina,<\/p>\n<p>Informativna slu\u017eba Forca \u2013Ulcinj<br \/>\nInformativna sluzba BS<\/p>\n<p><span class=\"small\">Autor Iliriana Sula <\/span><\/p>\n","protected":false},"excerpt":{"rendered":"<p><img loading=\"lazy\" border=\"0\" align=\"left\" width=\"140\" src=\"http:\/\/www.visit-ulcinj.com\/blog\/wp-content\/uploads\/2008\/02\/forca-bs.jpg\" alt=\"Sastanak Force i Bosnjacke Stranke\" height=\"140\" \/><\/p>\n","protected":false},"author":1,"featured_media":0,"comment_status":"open","ping_status":"closed","sticky":false,"template":"","format":"standard","meta":{"spay_email":"","jetpack_publicize_message":"","jetpack_is_tweetstorm":false,"jetpack_publicize_feature_enabled":true},"categories":[1],"tags":[1525,117,1075,1876,1515,1799,1875,19],"jetpack_publicize_connections":[],"yoast_head":"<!-- This site is optimized with the Yoast SEO plugin v19.1 - https:\/\/yoast.com\/wordpress\/plugins\/seo\/ -->\n<title>Sastanak Force i Bosnjacke Stranke u Ulcinj - Lajme nga Ulqini<\/title>\n<meta name=\"robots\" content=\"index, follow, max-snippet:-1, max-image-preview:large, max-video-preview:-1\" \/>\n<link rel=\"canonical\" href=\"https:\/\/www.visit-ulcinj.com\/blog\/2008\/02\/23\/sastanak-force-i-bosnjacke-stranke-u-ulcinj\/\" \/>\n<meta property=\"og:locale\" content=\"en_US\" \/>\n<meta property=\"og:type\" content=\"article\" \/>\n<meta property=\"og:title\" content=\"Sastanak Force i Bosnjacke Stranke u Ulcinj - Lajme nga Ulqini\" \/>\n<meta property=\"og:url\" content=\"https:\/\/www.visit-ulcinj.com\/blog\/2008\/02\/23\/sastanak-force-i-bosnjacke-stranke-u-ulcinj\/\" \/>\n<meta property=\"og:site_name\" content=\"Lajme nga Ulqini\" \/>\n<meta property=\"article:published_time\" content=\"2008-02-23T19:52:31+00:00\" \/>\n<meta property=\"article:modified_time\" content=\"2008-02-27T06:11:03+00:00\" \/>\n<meta property=\"og:image\" content=\"http:\/\/www.visit-ulcinj.com\/blog\/wp-content\/uploads\/2008\/02\/forca-bs.jpg\" \/>\n<meta name=\"twitter:label1\" content=\"Written by\" \/>\n\t<meta name=\"twitter:data1\" content=\"ulqini\" \/>\n\t<meta name=\"twitter:label2\" content=\"Est. reading time\" \/>\n\t<meta name=\"twitter:data2\" content=\"3 minutes\" \/>\n<script type=\"application\/ld+json\" class=\"yoast-schema-graph\">{\"@context\":\"https:\/\/schema.org\",\"@graph\":[{\"@type\":\"WebSite\",\"@id\":\"https:\/\/www.visit-ulcinj.com\/blog\/#website\",\"url\":\"https:\/\/www.visit-ulcinj.com\/blog\/\",\"name\":\"Lajme nga Ulqini\",\"description\":\"Lajme,Vijesti,Ulqini,Ulqin,Crna Gora,Mali i Zi\",\"potentialAction\":[{\"@type\":\"SearchAction\",\"target\":{\"@type\":\"EntryPoint\",\"urlTemplate\":\"https:\/\/www.visit-ulcinj.com\/blog\/?s={search_term_string}\"},\"query-input\":\"required name=search_term_string\"}],\"inLanguage\":\"en-US\"},{\"@type\":\"ImageObject\",\"inLanguage\":\"en-US\",\"@id\":\"https:\/\/www.visit-ulcinj.com\/blog\/2008\/02\/23\/sastanak-force-i-bosnjacke-stranke-u-ulcinj\/#primaryimage\",\"url\":\"http:\/\/www.visit-ulcinj.com\/blog\/wp-content\/uploads\/2008\/02\/forca-bs.jpg\",\"contentUrl\":\"http:\/\/www.visit-ulcinj.com\/blog\/wp-content\/uploads\/2008\/02\/forca-bs.jpg\"},{\"@type\":\"WebPage\",\"@id\":\"https:\/\/www.visit-ulcinj.com\/blog\/2008\/02\/23\/sastanak-force-i-bosnjacke-stranke-u-ulcinj\/#webpage\",\"url\":\"https:\/\/www.visit-ulcinj.com\/blog\/2008\/02\/23\/sastanak-force-i-bosnjacke-stranke-u-ulcinj\/\",\"name\":\"Sastanak Force i Bosnjacke Stranke u Ulcinj - Lajme nga Ulqini\",\"isPartOf\":{\"@id\":\"https:\/\/www.visit-ulcinj.com\/blog\/#website\"},\"primaryImageOfPage\":{\"@id\":\"https:\/\/www.visit-ulcinj.com\/blog\/2008\/02\/23\/sastanak-force-i-bosnjacke-stranke-u-ulcinj\/#primaryimage\"},\"datePublished\":\"2008-02-23T19:52:31+00:00\",\"dateModified\":\"2008-02-27T06:11:03+00:00\",\"author\":{\"@id\":\"https:\/\/www.visit-ulcinj.com\/blog\/#\/schema\/person\/dcab619c614d3038751c63bc2aadc06d\"},\"breadcrumb\":{\"@id\":\"https:\/\/www.visit-ulcinj.com\/blog\/2008\/02\/23\/sastanak-force-i-bosnjacke-stranke-u-ulcinj\/#breadcrumb\"},\"inLanguage\":\"en-US\",\"potentialAction\":[{\"@type\":\"ReadAction\",\"target\":[\"https:\/\/www.visit-ulcinj.com\/blog\/2008\/02\/23\/sastanak-force-i-bosnjacke-stranke-u-ulcinj\/\"]}]},{\"@type\":\"BreadcrumbList\",\"@id\":\"https:\/\/www.visit-ulcinj.com\/blog\/2008\/02\/23\/sastanak-force-i-bosnjacke-stranke-u-ulcinj\/#breadcrumb\",\"itemListElement\":[{\"@type\":\"ListItem\",\"position\":1,\"name\":\"Sastanak Force i Bosnjacke Stranke u Ulcinj\"}]},{\"@type\":\"Person\",\"@id\":\"https:\/\/www.visit-ulcinj.com\/blog\/#\/schema\/person\/dcab619c614d3038751c63bc2aadc06d\",\"name\":\"ulqini\",\"sameAs\":[\"http:\/\/www.visit-ulcinj.com\"],\"url\":\"https:\/\/www.visit-ulcinj.com\/blog\/author\/admin\/\"}]}<\/script>\n<!-- \/ Yoast SEO plugin. -->","yoast_head_json":{"title":"Sastanak Force i Bosnjacke Stranke u Ulcinj - Lajme nga Ulqini","robots":{"index":"index","follow":"follow","max-snippet":"max-snippet:-1","max-image-preview":"max-image-preview:large","max-video-preview":"max-video-preview:-1"},"canonical":"https:\/\/www.visit-ulcinj.com\/blog\/2008\/02\/23\/sastanak-force-i-bosnjacke-stranke-u-ulcinj\/","og_locale":"en_US","og_type":"article","og_title":"Sastanak Force i Bosnjacke Stranke u Ulcinj - Lajme nga Ulqini","og_url":"https:\/\/www.visit-ulcinj.com\/blog\/2008\/02\/23\/sastanak-force-i-bosnjacke-stranke-u-ulcinj\/","og_site_name":"Lajme nga Ulqini","article_published_time":"2008-02-23T19:52:31+00:00","article_modified_time":"2008-02-27T06:11:03+00:00","og_image":[{"url":"http:\/\/www.visit-ulcinj.com\/blog\/wp-content\/uploads\/2008\/02\/forca-bs.jpg"}],"twitter_misc":{"Written by":"ulqini","Est. reading time":"3 minutes"},"schema":{"@context":"https:\/\/schema.org","@graph":[{"@type":"WebSite","@id":"https:\/\/www.visit-ulcinj.com\/blog\/#website","url":"https:\/\/www.visit-ulcinj.com\/blog\/","name":"Lajme nga Ulqini","description":"Lajme,Vijesti,Ulqini,Ulqin,Crna Gora,Mali i Zi","potentialAction":[{"@type":"SearchAction","target":{"@type":"EntryPoint","urlTemplate":"https:\/\/www.visit-ulcinj.com\/blog\/?s={search_term_string}"},"query-input":"required name=search_term_string"}],"inLanguage":"en-US"},{"@type":"ImageObject","inLanguage":"en-US","@id":"https:\/\/www.visit-ulcinj.com\/blog\/2008\/02\/23\/sastanak-force-i-bosnjacke-stranke-u-ulcinj\/#primaryimage","url":"http:\/\/www.visit-ulcinj.com\/blog\/wp-content\/uploads\/2008\/02\/forca-bs.jpg","contentUrl":"http:\/\/www.visit-ulcinj.com\/blog\/wp-content\/uploads\/2008\/02\/forca-bs.jpg"},{"@type":"WebPage","@id":"https:\/\/www.visit-ulcinj.com\/blog\/2008\/02\/23\/sastanak-force-i-bosnjacke-stranke-u-ulcinj\/#webpage","url":"https:\/\/www.visit-ulcinj.com\/blog\/2008\/02\/23\/sastanak-force-i-bosnjacke-stranke-u-ulcinj\/","name":"Sastanak Force i Bosnjacke Stranke u Ulcinj - Lajme nga Ulqini","isPartOf":{"@id":"https:\/\/www.visit-ulcinj.com\/blog\/#website"},"primaryImageOfPage":{"@id":"https:\/\/www.visit-ulcinj.com\/blog\/2008\/02\/23\/sastanak-force-i-bosnjacke-stranke-u-ulcinj\/#primaryimage"},"datePublished":"2008-02-23T19:52:31+00:00","dateModified":"2008-02-27T06:11:03+00:00","author":{"@id":"https:\/\/www.visit-ulcinj.com\/blog\/#\/schema\/person\/dcab619c614d3038751c63bc2aadc06d"},"breadcrumb":{"@id":"https:\/\/www.visit-ulcinj.com\/blog\/2008\/02\/23\/sastanak-force-i-bosnjacke-stranke-u-ulcinj\/#breadcrumb"},"inLanguage":"en-US","potentialAction":[{"@type":"ReadAction","target":["https:\/\/www.visit-ulcinj.com\/blog\/2008\/02\/23\/sastanak-force-i-bosnjacke-stranke-u-ulcinj\/"]}]},{"@type":"BreadcrumbList","@id":"https:\/\/www.visit-ulcinj.com\/blog\/2008\/02\/23\/sastanak-force-i-bosnjacke-stranke-u-ulcinj\/#breadcrumb","itemListElement":[{"@type":"ListItem","position":1,"name":"Sastanak Force i Bosnjacke Stranke u Ulcinj"}]},{"@type":"Person","@id":"https:\/\/www.visit-ulcinj.com\/blog\/#\/schema\/person\/dcab619c614d3038751c63bc2aadc06d","name":"ulqini","sameAs":["http:\/\/www.visit-ulcinj.com"],"url":"https:\/\/www.visit-ulcinj.com\/blog\/author\/admin\/"}]}},"jetpack_featured_media_url":"","jetpack_sharing_enabled":true,"jetpack_shortlink":"https:\/\/wp.me\/pe6lTn-a8","_links":{"self":[{"href":"https:\/\/www.visit-ulcinj.com\/blog\/wp-json\/wp\/v2\/posts\/628"}],"collection":[{"href":"https:\/\/www.visit-ulcinj.com\/blog\/wp-json\/wp\/v2\/posts"}],"about":[{"href":"https:\/\/www.visit-ulcinj.com\/blog\/wp-json\/wp\/v2\/types\/post"}],"author":[{"embeddable":true,"href":"https:\/\/www.visit-ulcinj.com\/blog\/wp-json\/wp\/v2\/users\/1"}],"replies":[{"embeddable":true,"href":"https:\/\/www.visit-ulcinj.com\/blog\/wp-json\/wp\/v2\/comments?post=628"}],"version-history":[{"count":0,"href":"https:\/\/www.visit-ulcinj.com\/blog\/wp-json\/wp\/v2\/posts\/628\/revisions"}],"wp:attachment":[{"href":"https:\/\/www.visit-ulcinj.com\/blog\/wp-json\/wp\/v2\/media?parent=628"}],"wp:term":[{"taxonomy":"category","embeddable":true,"href":"https:\/\/www.visit-ulcinj.com\/blog\/wp-json\/wp\/v2\/categories?post=628"},{"taxonomy":"post_tag","embeddable":true,"href":"https:\/\/www.visit-ulcinj.com\/blog\/wp-json\/wp\/v2\/tags?post=628"}],"curies":[{"name":"wp","href":"https:\/\/api.w.org\/{rel}","templated":true}]}}