{"id":62805,"date":"2012-08-10T04:04:08","date_gmt":"2012-08-10T03:04:08","guid":{"rendered":"http:\/\/www.visit-ulcinj.com\/blog\/?p=62805"},"modified":"2012-08-10T04:04:08","modified_gmt":"2012-08-10T03:04:08","slug":"ko-zeli-izazvati-medunacionalne-tenzije-u-baru","status":"publish","type":"post","link":"https:\/\/www.visit-ulcinj.com\/blog\/2012\/08\/10\/ko-zeli-izazvati-medunacionalne-tenzije-u-baru\/","title":{"rendered":"Ko \u017eeli izazvati me\u0111unacionalne tenzije u Baru"},"content":{"rendered":"<p><a href=\"http:\/\/www.visit-ulcinj.com\/blog\/wp-content\/uploads\/2012\/08\/Grafiti-Crkve-na-Rumiju-Bar.jpg\"><img loading=\"lazy\" class=\"alignleft  wp-image-62806\" title=\"Grafiti  Crkve na Rumiju-Bar\" src=\"http:\/\/www.visit-ulcinj.com\/blog\/wp-content\/uploads\/2012\/08\/Grafiti-Crkve-na-Rumiju-Bar.jpg\" alt=\"\" width=\"508\" height=\"360\" \/><\/a>Sporni vjerski objekat Srpske pravoslavne crkve koji je 2005 godine dopremljen vojnim helikopterom na vrh planine Rumija, \u010dime je izazvano naru\u0161avanje me\u0111uvjerskog sklada\u00a0 &#8211; ponovo je u centru pa\u017enje crnogorske javnosti. Metalna crkva je nedavno obijena i spoljni zidovi su ispisani grafitima na nepravilnom albanskom jeziku, \u0161to otvara mogu\u0107nost da neko tre\u0107i \u017eeli da izazove nacionalne tenzije u Baru i okolini.<\/p>\n<p>Policija je obavila uvi\u0111aj i traga se za nepoznatim po\u010diniocima koji su obili objekat Srpske pravoslavne crkve na vrhu planine Rumija u barskoj op\u0161tini i jakom crvenom farbom ispisali grafite na albanskom jeziku: \u201eEtni\u010dka Albanija\u201c i skra\u0107enicu \u201eAKSH\u201c \u0161to bi trebalo da ozna\u010dava Albansku nacionalnu armiju.<\/p>\n<p>Me\u0111utim, na\u010din na koji su ispisane te poruke, na nepravilnom albanskom jeziku, navodi na jaku sumnju da su natpisi podmetnuti kako bi bili okrivljeni pripadnici albanskog naroda.<\/p>\n<p>Publicista i novinar iz Ulcinja <strong>Mustafa Canka <\/strong>ocjenjuje da se u svakom slu\u010daju radi o manipulaciji i provokaciji koji su po\u010dinili oni koji imaju opasne namjere, a da je matrica ve\u0107 vi\u0111ena.<\/p>\n<p>\u201eSigurno je da se ne radi o Albancima jer oni ne bi tako ne\u0161to napravili jer se radi o vjerskom objektu jedne druge konfesije, vjerske zajednice. I zato \u0161to oni ne pi\u0161u na taj na\u010din. Prije nekih dvadesetak dana jedna grupa Albanaca iz Krajine, iz Ulcinja i Bara se popela na svetu planinu Rumija, koja je sveta za sve tri vjerske konfesije i ni\u0161ta se tamo nije dogodilo. Ako znate da je ista manipulacija napravljena i 2005 godine, kada je postavljen taj limeni objekat uz podr\u0161ku onda\u0161nje vojske Jugoslavije, a da je tada bila velika pri\u010da o Kombinatu aluminijuma. Tom pri\u010dom je maskirana ta prodaja najve\u0107eg preduze\u0107a u Crnoj Gori. Onda vi vidite da se radi o sli\u010dnoj matrici, o sli\u010dnom rukopisu i ljudima koji imaju opasne namjere. U svakom slu\u010daju to \u0107e se brzo vidjeti. Mislim da je jako va\u017eno da ljudi reaguju na jedan lijep i primjeren na\u010din, jednostavno da to iskuliraju\u201c, navodi Canka.<\/p>\n<p>I ranije je crkva na Rumiji bila obijana, ali je ovoga puta najrigidnije oskrnavljena, ka\u017ee barski paroh SPC <strong>Jovan Plamenac,<\/strong> koji o\u010dekuje da policija otkrije po\u010dinioce. Iz prethodnog iskustva Plamenac ka\u017ee da uvjek kada vlast ima nekih problema otvara se pitanje crkve na Rumiji.<\/p>\n<p>I on ne spori mogu\u0107nost da je to u\u010dinio neko kome su potrebne nacionalne tenzije i nagla\u0161ava da \u0107e crkva u\u010diniti sve da se ne pro\u0161iri potencijalni sukob:<\/p>\n<p>\u201eZaista to je sasvim mogu\u0107e, tim prije \u0161to ljudi koji znaju albanski jezik ka\u017eu da se na taj na\u010din, to \u0161to su napisali, ne pi\u0161e. Zna\u010di vrlo je mogu\u0107e da je neko htio i ovoga puta da unese mr\u017enju me\u0111u ovaj narod, da isprovocira, da potencijalnim u\u010dini sukobe izme\u0111u pravoslavnog \u017eivlja ovdje i muhamedanaca prije svega Albanaca. Vrlo je mogu\u0107e da to nisu uradili Albanci, da je to neko isprovocirao ali tim prije to je ve\u0107a obaveza za policiju i za dr\u017eavne organe da utvrde ko je to uradio.\u201c<\/p>\n<p>Mitropolija crnogorsko-primorska Srpske pravoslavne crkve postavila je 2005. godine limenu crkvu na Rumiji iznad Bara uz pomo\u0107 helikoptera tada\u0161nje vojske dr\u017eavne zajednice i to na mjesto se po tradiciji okupljaju predstavnici sve tri vjerske zajednice.<\/p>\n<p>To je do\u017eivljeno kao naru\u0161avanje me\u0111uvjerskog sklada koji je vladao u tom dijelu Crne Gore.<\/p>\n<p>Stranke manjinskih naroda, posebno albanske i gra\u0111ani tog podru\u010dja su pisali peticije i insistirali da se objekat ukloni. Iako su Vlada i njene institucije konstatovale da je crkva na Rumiji nelegalan objekat, ona nikada nije uklonjena, a na potencijalno uklanjanje je stavljen moratorijum.<\/p>\n<p>Tenzije su naro\u010dito porasle pro\u0161le godine kada je <strong>mitropolit Amfilohije<\/strong> prokleo sve odgovorne za mogu\u0107e uklanjanje metalnog objekta na Rumiji i njihove potomke i kada je nagovjestio mogu\u0107nost ru\u0161enja d\u017eamije, ako bude sru\u0161ena crkva na Rumiji. Zbog toga je protiv Amfilohija pokrenut prekr\u0161ajni postupak zbog govora mr\u017enje, koji je prekinut i nikada nije nastavljen.<\/p>\n<p>Posljednji incident je ponovo uzbudio duhove u barskoj i ulcinjskoj op\u0161tini, a predsjednik Demokratskog saveza <strong>Mehmed Bardhi <\/strong>ka\u017ee da vlasti moraju da uklone nelegalni objekat, jer neko zloupotrebljava tu situaciju.<\/p>\n<p>&#8220;Bez obzira da li je to neko napravio radi privikacije, da podigne tenzije, veoma je jasno da imamo jedan objekat koji je postavljen aminovanjem i ove vlasti Crne Gore. To je objekat razdora, objekat kojem tu nije mjesto. Dakle u kontinuitetu \u0107emo imati nekog ko \u0107e zloupotrijebiti ili zloupotrijebiti takvu situaciju\u201c, zaklju\u010duje Mehmed Bardhi.<\/p>\n<p><strong><a href=\"http:\/\/www.slobodnaevropa.org\/content\/ko-zeli-izazvati-medjunacionalne-tenzije-u-baru\/24670687.html\" target=\"_blank\">Sr\u0111an Jankovi\u0107<\/a><\/strong><br \/>\n<strong><a href=\"http:\/\/www.slobodnaevropa.org\/content\/ko-zeli-izazvati-medjunacionalne-tenzije-u-baru\/24670687.html\" target=\"_blank\"> RFE\/RL<\/a><\/strong><\/p>\n","protected":false},"excerpt":{"rendered":"<p>Sporni vjerski objekat Srpske pravoslavne crkve koji je 2005 godine dopremljen vojnim helikopterom na vrh planine Rumija, \u010dime je izazvano naru\u0161avanje me\u0111uvjerskog sklada\u00a0 &#8211; ponovo je u centru pa\u017enje crnogorske javnosti. Metalna crkva je nedavno obijena i spoljni zidovi su ispisani grafitima na nepravilnom albanskom jeziku, \u0161to otvara mogu\u0107nost da neko tre\u0107i \u017eeli da izazove [&hellip;]<\/p>\n","protected":false},"author":1,"featured_media":0,"comment_status":"open","ping_status":"closed","sticky":false,"template":"","format":"standard","meta":{"spay_email":"","jetpack_publicize_message":"","jetpack_is_tweetstorm":false,"jetpack_publicize_feature_enabled":true},"categories":[6950],"tags":[13640],"jetpack_publicize_connections":[],"yoast_head":"<!-- This site is optimized with the Yoast SEO plugin v19.1 - https:\/\/yoast.com\/wordpress\/plugins\/seo\/ -->\n<title>Ko \u017eeli izazvati me\u0111unacionalne tenzije u Baru - Lajme nga Ulqini<\/title>\n<meta name=\"description\" content=\"Sporni vjerski objekat Srpske pravoslavne crkve koji je 2005 godine dopremljen vojnim helikopterom na vrh planine Rumija, \u010dime je izazvano naru\u0161avanje\" \/>\n<meta name=\"robots\" content=\"index, follow, max-snippet:-1, max-image-preview:large, max-video-preview:-1\" \/>\n<link rel=\"canonical\" href=\"https:\/\/www.visit-ulcinj.com\/blog\/2012\/08\/10\/ko-zeli-izazvati-medunacionalne-tenzije-u-baru\/\" \/>\n<meta property=\"og:locale\" content=\"en_US\" \/>\n<meta property=\"og:type\" content=\"article\" \/>\n<meta property=\"og:title\" content=\"Ko \u017eeli izazvati me\u0111unacionalne tenzije u Baru - Lajme nga Ulqini\" \/>\n<meta property=\"og:description\" content=\"Sporni vjerski objekat Srpske pravoslavne crkve koji je 2005 godine dopremljen vojnim helikopterom na vrh planine Rumija, \u010dime je izazvano naru\u0161avanje\" \/>\n<meta property=\"og:url\" content=\"https:\/\/www.visit-ulcinj.com\/blog\/2012\/08\/10\/ko-zeli-izazvati-medunacionalne-tenzije-u-baru\/\" \/>\n<meta property=\"og:site_name\" content=\"Lajme nga Ulqini\" \/>\n<meta property=\"article:published_time\" content=\"2012-08-10T03:04:08+00:00\" \/>\n<meta property=\"og:image\" content=\"http:\/\/www.visit-ulcinj.com\/blog\/wp-content\/uploads\/2012\/08\/Grafiti-Crkve-na-Rumiju-Bar.jpg\" \/>\n<meta name=\"twitter:label1\" content=\"Written by\" \/>\n\t<meta name=\"twitter:data1\" content=\"ulqini\" \/>\n\t<meta name=\"twitter:label2\" content=\"Est. reading time\" \/>\n\t<meta name=\"twitter:data2\" content=\"4 minutes\" \/>\n<script type=\"application\/ld+json\" class=\"yoast-schema-graph\">{\"@context\":\"https:\/\/schema.org\",\"@graph\":[{\"@type\":\"WebSite\",\"@id\":\"https:\/\/www.visit-ulcinj.com\/blog\/#website\",\"url\":\"https:\/\/www.visit-ulcinj.com\/blog\/\",\"name\":\"Lajme nga Ulqini\",\"description\":\"Lajme,Vijesti,Ulqini,Ulqin,Crna Gora,Mali i Zi\",\"potentialAction\":[{\"@type\":\"SearchAction\",\"target\":{\"@type\":\"EntryPoint\",\"urlTemplate\":\"https:\/\/www.visit-ulcinj.com\/blog\/?s={search_term_string}\"},\"query-input\":\"required name=search_term_string\"}],\"inLanguage\":\"en-US\"},{\"@type\":\"ImageObject\",\"inLanguage\":\"en-US\",\"@id\":\"https:\/\/www.visit-ulcinj.com\/blog\/2012\/08\/10\/ko-zeli-izazvati-medunacionalne-tenzije-u-baru\/#primaryimage\",\"url\":\"https:\/\/www.visit-ulcinj.com\/blog\/wp-content\/uploads\/2012\/08\/Grafiti-Crkve-na-Rumiju-Bar.jpg\",\"contentUrl\":\"https:\/\/www.visit-ulcinj.com\/blog\/wp-content\/uploads\/2012\/08\/Grafiti-Crkve-na-Rumiju-Bar.jpg\",\"width\":\"640\",\"height\":\"360\"},{\"@type\":\"WebPage\",\"@id\":\"https:\/\/www.visit-ulcinj.com\/blog\/2012\/08\/10\/ko-zeli-izazvati-medunacionalne-tenzije-u-baru\/#webpage\",\"url\":\"https:\/\/www.visit-ulcinj.com\/blog\/2012\/08\/10\/ko-zeli-izazvati-medunacionalne-tenzije-u-baru\/\",\"name\":\"Ko \u017eeli izazvati me\u0111unacionalne tenzije u Baru - Lajme nga Ulqini\",\"isPartOf\":{\"@id\":\"https:\/\/www.visit-ulcinj.com\/blog\/#website\"},\"primaryImageOfPage\":{\"@id\":\"https:\/\/www.visit-ulcinj.com\/blog\/2012\/08\/10\/ko-zeli-izazvati-medunacionalne-tenzije-u-baru\/#primaryimage\"},\"datePublished\":\"2012-08-10T03:04:08+00:00\",\"dateModified\":\"2012-08-10T03:04:08+00:00\",\"author\":{\"@id\":\"https:\/\/www.visit-ulcinj.com\/blog\/#\/schema\/person\/dcab619c614d3038751c63bc2aadc06d\"},\"description\":\"Sporni vjerski objekat Srpske pravoslavne crkve koji je 2005 godine dopremljen vojnim helikopterom na vrh planine Rumija, \u010dime je izazvano naru\u0161avanje\",\"breadcrumb\":{\"@id\":\"https:\/\/www.visit-ulcinj.com\/blog\/2012\/08\/10\/ko-zeli-izazvati-medunacionalne-tenzije-u-baru\/#breadcrumb\"},\"inLanguage\":\"en-US\",\"potentialAction\":[{\"@type\":\"ReadAction\",\"target\":[\"https:\/\/www.visit-ulcinj.com\/blog\/2012\/08\/10\/ko-zeli-izazvati-medunacionalne-tenzije-u-baru\/\"]}]},{\"@type\":\"BreadcrumbList\",\"@id\":\"https:\/\/www.visit-ulcinj.com\/blog\/2012\/08\/10\/ko-zeli-izazvati-medunacionalne-tenzije-u-baru\/#breadcrumb\",\"itemListElement\":[{\"@type\":\"ListItem\",\"position\":1,\"name\":\"Ko \u017eeli izazvati me\u0111unacionalne tenzije u Baru\"}]},{\"@type\":\"Person\",\"@id\":\"https:\/\/www.visit-ulcinj.com\/blog\/#\/schema\/person\/dcab619c614d3038751c63bc2aadc06d\",\"name\":\"ulqini\",\"sameAs\":[\"http:\/\/www.visit-ulcinj.com\"],\"url\":\"https:\/\/www.visit-ulcinj.com\/blog\/author\/admin\/\"}]}<\/script>\n<!-- \/ Yoast SEO plugin. -->","yoast_head_json":{"title":"Ko \u017eeli izazvati me\u0111unacionalne tenzije u Baru - Lajme nga Ulqini","description":"Sporni vjerski objekat Srpske pravoslavne crkve koji je 2005 godine dopremljen vojnim helikopterom na vrh planine Rumija, \u010dime je izazvano naru\u0161avanje","robots":{"index":"index","follow":"follow","max-snippet":"max-snippet:-1","max-image-preview":"max-image-preview:large","max-video-preview":"max-video-preview:-1"},"canonical":"https:\/\/www.visit-ulcinj.com\/blog\/2012\/08\/10\/ko-zeli-izazvati-medunacionalne-tenzije-u-baru\/","og_locale":"en_US","og_type":"article","og_title":"Ko \u017eeli izazvati me\u0111unacionalne tenzije u Baru - Lajme nga Ulqini","og_description":"Sporni vjerski objekat Srpske pravoslavne crkve koji je 2005 godine dopremljen vojnim helikopterom na vrh planine Rumija, \u010dime je izazvano naru\u0161avanje","og_url":"https:\/\/www.visit-ulcinj.com\/blog\/2012\/08\/10\/ko-zeli-izazvati-medunacionalne-tenzije-u-baru\/","og_site_name":"Lajme nga Ulqini","article_published_time":"2012-08-10T03:04:08+00:00","og_image":[{"url":"http:\/\/www.visit-ulcinj.com\/blog\/wp-content\/uploads\/2012\/08\/Grafiti-Crkve-na-Rumiju-Bar.jpg"}],"twitter_misc":{"Written by":"ulqini","Est. reading time":"4 minutes"},"schema":{"@context":"https:\/\/schema.org","@graph":[{"@type":"WebSite","@id":"https:\/\/www.visit-ulcinj.com\/blog\/#website","url":"https:\/\/www.visit-ulcinj.com\/blog\/","name":"Lajme nga Ulqini","description":"Lajme,Vijesti,Ulqini,Ulqin,Crna Gora,Mali i Zi","potentialAction":[{"@type":"SearchAction","target":{"@type":"EntryPoint","urlTemplate":"https:\/\/www.visit-ulcinj.com\/blog\/?s={search_term_string}"},"query-input":"required name=search_term_string"}],"inLanguage":"en-US"},{"@type":"ImageObject","inLanguage":"en-US","@id":"https:\/\/www.visit-ulcinj.com\/blog\/2012\/08\/10\/ko-zeli-izazvati-medunacionalne-tenzije-u-baru\/#primaryimage","url":"https:\/\/www.visit-ulcinj.com\/blog\/wp-content\/uploads\/2012\/08\/Grafiti-Crkve-na-Rumiju-Bar.jpg","contentUrl":"https:\/\/www.visit-ulcinj.com\/blog\/wp-content\/uploads\/2012\/08\/Grafiti-Crkve-na-Rumiju-Bar.jpg","width":"640","height":"360"},{"@type":"WebPage","@id":"https:\/\/www.visit-ulcinj.com\/blog\/2012\/08\/10\/ko-zeli-izazvati-medunacionalne-tenzije-u-baru\/#webpage","url":"https:\/\/www.visit-ulcinj.com\/blog\/2012\/08\/10\/ko-zeli-izazvati-medunacionalne-tenzije-u-baru\/","name":"Ko \u017eeli izazvati me\u0111unacionalne tenzije u Baru - Lajme nga Ulqini","isPartOf":{"@id":"https:\/\/www.visit-ulcinj.com\/blog\/#website"},"primaryImageOfPage":{"@id":"https:\/\/www.visit-ulcinj.com\/blog\/2012\/08\/10\/ko-zeli-izazvati-medunacionalne-tenzije-u-baru\/#primaryimage"},"datePublished":"2012-08-10T03:04:08+00:00","dateModified":"2012-08-10T03:04:08+00:00","author":{"@id":"https:\/\/www.visit-ulcinj.com\/blog\/#\/schema\/person\/dcab619c614d3038751c63bc2aadc06d"},"description":"Sporni vjerski objekat Srpske pravoslavne crkve koji je 2005 godine dopremljen vojnim helikopterom na vrh planine Rumija, \u010dime je izazvano naru\u0161avanje","breadcrumb":{"@id":"https:\/\/www.visit-ulcinj.com\/blog\/2012\/08\/10\/ko-zeli-izazvati-medunacionalne-tenzije-u-baru\/#breadcrumb"},"inLanguage":"en-US","potentialAction":[{"@type":"ReadAction","target":["https:\/\/www.visit-ulcinj.com\/blog\/2012\/08\/10\/ko-zeli-izazvati-medunacionalne-tenzije-u-baru\/"]}]},{"@type":"BreadcrumbList","@id":"https:\/\/www.visit-ulcinj.com\/blog\/2012\/08\/10\/ko-zeli-izazvati-medunacionalne-tenzije-u-baru\/#breadcrumb","itemListElement":[{"@type":"ListItem","position":1,"name":"Ko \u017eeli izazvati me\u0111unacionalne tenzije u Baru"}]},{"@type":"Person","@id":"https:\/\/www.visit-ulcinj.com\/blog\/#\/schema\/person\/dcab619c614d3038751c63bc2aadc06d","name":"ulqini","sameAs":["http:\/\/www.visit-ulcinj.com"],"url":"https:\/\/www.visit-ulcinj.com\/blog\/author\/admin\/"}]}},"jetpack_featured_media_url":"","jetpack_sharing_enabled":true,"jetpack_shortlink":"https:\/\/wp.me\/pe6lTn-gkZ","_links":{"self":[{"href":"https:\/\/www.visit-ulcinj.com\/blog\/wp-json\/wp\/v2\/posts\/62805"}],"collection":[{"href":"https:\/\/www.visit-ulcinj.com\/blog\/wp-json\/wp\/v2\/posts"}],"about":[{"href":"https:\/\/www.visit-ulcinj.com\/blog\/wp-json\/wp\/v2\/types\/post"}],"author":[{"embeddable":true,"href":"https:\/\/www.visit-ulcinj.com\/blog\/wp-json\/wp\/v2\/users\/1"}],"replies":[{"embeddable":true,"href":"https:\/\/www.visit-ulcinj.com\/blog\/wp-json\/wp\/v2\/comments?post=62805"}],"version-history":[{"count":1,"href":"https:\/\/www.visit-ulcinj.com\/blog\/wp-json\/wp\/v2\/posts\/62805\/revisions"}],"predecessor-version":[{"id":62807,"href":"https:\/\/www.visit-ulcinj.com\/blog\/wp-json\/wp\/v2\/posts\/62805\/revisions\/62807"}],"wp:attachment":[{"href":"https:\/\/www.visit-ulcinj.com\/blog\/wp-json\/wp\/v2\/media?parent=62805"}],"wp:term":[{"taxonomy":"category","embeddable":true,"href":"https:\/\/www.visit-ulcinj.com\/blog\/wp-json\/wp\/v2\/categories?post=62805"},{"taxonomy":"post_tag","embeddable":true,"href":"https:\/\/www.visit-ulcinj.com\/blog\/wp-json\/wp\/v2\/tags?post=62805"}],"curies":[{"name":"wp","href":"https:\/\/api.w.org\/{rel}","templated":true}]}}