{"id":62830,"date":"2012-08-10T13:30:22","date_gmt":"2012-08-10T12:30:22","guid":{"rendered":"http:\/\/www.visit-ulcinj.com\/blog\/?p=62830"},"modified":"2013-02-09T00:39:30","modified_gmt":"2013-02-08T23:39:30","slug":"shes-shtepine-ne-qender-te-ulqinit-prodajem-kucu-u-centru-ulcinja","status":"publish","type":"post","link":"https:\/\/www.visit-ulcinj.com\/blog\/2012\/08\/10\/shes-shtepine-ne-qender-te-ulqinit-prodajem-kucu-u-centru-ulcinja\/","title":{"rendered":"Shes sht\u00ebpin\u00eb n\u00eb qender t\u00eb Ulqinit &#8211; Prodajem kucu u centru Ulcinja"},"content":{"rendered":"<p><strong><a href=\"http:\/\/www.visit-ulcinj.com\/blog\/wp-content\/uploads\/2012\/08\/Shes-shtepin-ne-qender-te-Ulqin_pogled-sa-donje-terase.1.jpg\"><img loading=\"lazy\" class=\"alignleft  wp-image-62831\" title=\"Shes shtepin ne qender te Ulqin_pogled sa donje terase.1\" alt=\"\" src=\"http:\/\/www.visit-ulcinj.com\/blog\/wp-content\/uploads\/2012\/08\/Shes-shtepin-ne-qender-te-Ulqin_pogled-sa-donje-terase.1.jpg\" width=\"508\" height=\"360\" \/><\/a>Shes sht\u00ebpin\u00eb 240 m\u00b2, garazh\u00ebn 20\u00a0m\u00b2 dhe trualli 230 m\u00b2<\/strong><br \/>\nSht\u00ebpia gjendet n\u00eb qend\u00ebr t\u00eb qytetit t\u00eb Ulqinit dhe ka hyrje nga dy rrug\u00eb. Garazha gjendet buz\u00eb rrug\u00ebs V. Matanoviq. Ka mund\u00ebsi t\u00eb nd\u00ebrtohet edhe nj\u00eb kat sht\u00ebpie si dhe parking i madh. Ka mund\u00ebsi adaptimi p\u00ebr veprimtari turistike, ose n\u00eb k\u00ebt\u00eb vend t\u00eb nd\u00ebrtohet objekt banimi.<\/p>\n<p><strong>Cmimi 250.000 euro<\/strong><\/p>\n<p><strong>Kontakt: <a href=\"mailto: yjo@t-com.me\" target=\"_blank\">yjo@t-com.me<\/a><\/strong><\/p>\n<p>&nbsp;<\/p>\n<p><strong><a href=\"http:\/\/www.visit-ulcinj.com\/blog\/wp-content\/uploads\/2012\/08\/Shes-shtepin-n\u00eb-qender-te-Ulqinit_pogled-sa-ploce-na-dzamiju.jpg\"><img loading=\"lazy\" class=\"alignleft  wp-image-62832\" title=\"Shes shtepin n\u00eb qender te Ulqinit_pogled sa ploce na dzamiju\" alt=\"\" src=\"http:\/\/www.visit-ulcinj.com\/blog\/wp-content\/uploads\/2012\/08\/Shes-shtepin-n\u00eb-qender-te-Ulqinit_pogled-sa-ploce-na-dzamiju-1024x768.jpg\" width=\"508\" height=\"300\" \/><\/a>Prodajem ku\u0107u povr\u0161ine 240\u00a0m\u00b2 + gara\u017ea 20 m\u00b2. Povr\u0161ina preostalog placa je 230\u00a0m\u00b2<\/strong><\/p>\n<p>Ku\u0107a se nalazi u\u00a0 strogom centru Ulcinja i jedina je u tom dijelu grada koja ima ulaz i sa\u00a0 glavne ulice i iz ulice V.Matanovi\u0107a koja vodi prema naselju Meterizi. Gara\u017ea koja pripada ku\u0107i se nalazi u ulici V.Matanovi\u0107a.\u00a0 Mogu\u0107a je dogradnja i tre\u0107eg sprata, odnosno izgranja velikog parkinga. Takodje, mogu\u0107a je adaptacija za turisti\u010dku namjenu ili izgradnja stambene zgrade na toj lokaciji.<\/p>\n<p>&nbsp;<\/p>\n<p><strong>Cijena &#8211; 250.000 eura.<\/strong><\/p>\n<p><strong>Kontakt:\u00a0\u00a0\u00a0 <a href=\"mailto:yjo@t-com.me\">yjo@t-com.me<\/a>\u00a0<\/strong><\/p>\n\n\t\t<style type=\"text\/css\">\n\t\t\t#gallery-1 {\n\t\t\t\tmargin: auto;\n\t\t\t}\n\t\t\t#gallery-1 .gallery-item {\n\t\t\t\tfloat: left;\n\t\t\t\tmargin-top: 10px;\n\t\t\t\ttext-align: center;\n\t\t\t\twidth: 33%;\n\t\t\t}\n\t\t\t#gallery-1 img {\n\t\t\t\tborder: 2px solid #cfcfcf;\n\t\t\t}\n\t\t\t#gallery-1 .gallery-caption {\n\t\t\t\tmargin-left: 0;\n\t\t\t}\n\t\t\t\/* see gallery_shortcode() in wp-includes\/media.php *\/\n\t\t<\/style>\n\t\t<div id='gallery-1' class='gallery galleryid-62830 gallery-columns-3 gallery-size-thumbnail'><dl class='gallery-item'>\n\t\t\t<dt class='gallery-icon landscape'>\n\t\t\t\t<a href='https:\/\/www.visit-ulcinj.com\/blog\/wp-content\/uploads\/2012\/08\/Shes-shtepin-ne-qender-te-Ulqin_pogled-sa-donje-terase.1.jpg'><img width=\"150\" height=\"150\" src=\"https:\/\/www.visit-ulcinj.com\/blog\/wp-content\/uploads\/2012\/08\/Shes-shtepin-ne-qender-te-Ulqin_pogled-sa-donje-terase.1-150x150.jpg\" class=\"attachment-thumbnail size-thumbnail\" alt=\"\" loading=\"lazy\" \/><\/a>\n\t\t\t<\/dt><\/dl><dl class='gallery-item'>\n\t\t\t<dt class='gallery-icon landscape'>\n\t\t\t\t<a href='https:\/\/www.visit-ulcinj.com\/blog\/wp-content\/uploads\/2012\/08\/Shes-shtepin-n\u00eb-qender-te-Ulqinit_pogled-sa-ploce-na-dzamiju.jpg'><img width=\"150\" height=\"150\" src=\"https:\/\/www.visit-ulcinj.com\/blog\/wp-content\/uploads\/2012\/08\/Shes-shtepin-n\u00eb-qender-te-Ulqinit_pogled-sa-ploce-na-dzamiju-150x150.jpg\" class=\"attachment-thumbnail size-thumbnail\" alt=\"\" loading=\"lazy\" \/><\/a>\n\t\t\t<\/dt><\/dl><dl class='gallery-item'>\n\t\t\t<dt class='gallery-icon landscape'>\n\t\t\t\t<a href='https:\/\/www.visit-ulcinj.com\/blog\/wp-content\/uploads\/2012\/08\/Pozicija-kuce-u-Ulcinj_uza-lokacija.jpg'><img width=\"150\" height=\"150\" src=\"https:\/\/www.visit-ulcinj.com\/blog\/wp-content\/uploads\/2012\/08\/Pozicija-kuce-u-Ulcinj_uza-lokacija-150x150.jpg\" class=\"attachment-thumbnail size-thumbnail\" alt=\"\" loading=\"lazy\" \/><\/a>\n\t\t\t<\/dt><\/dl><br style=\"clear: both\" \/><dl class='gallery-item'>\n\t\t\t<dt class='gallery-icon landscape'>\n\t\t\t\t<a href='https:\/\/www.visit-ulcinj.com\/blog\/wp-content\/uploads\/2012\/08\/Prodajem-kucu-u-centar-Ulcinja_pogled-sa-ploce-na-more.jpg'><img width=\"150\" height=\"150\" src=\"https:\/\/www.visit-ulcinj.com\/blog\/wp-content\/uploads\/2012\/08\/Prodajem-kucu-u-centar-Ulcinja_pogled-sa-ploce-na-more-150x150.jpg\" class=\"attachment-thumbnail size-thumbnail\" alt=\"\" loading=\"lazy\" \/><\/a>\n\t\t\t<\/dt><\/dl><dl class='gallery-item'>\n\t\t\t<dt class='gallery-icon landscape'>\n\t\t\t\t<a href='https:\/\/www.visit-ulcinj.com\/blog\/wp-content\/uploads\/2012\/08\/Prodajem-kucu-u-sred-Ulcinja_pogled-na-kucu-sa-novog-puta.jpg'><img width=\"150\" height=\"150\" src=\"https:\/\/www.visit-ulcinj.com\/blog\/wp-content\/uploads\/2012\/08\/Prodajem-kucu-u-sred-Ulcinja_pogled-na-kucu-sa-novog-puta-150x150.jpg\" class=\"attachment-thumbnail size-thumbnail\" alt=\"\" loading=\"lazy\" \/><\/a>\n\t\t\t<\/dt><\/dl><dl class='gallery-item'>\n\t\t\t<dt class='gallery-icon landscape'>\n\t\t\t\t<a href='https:\/\/www.visit-ulcinj.com\/blog\/wp-content\/uploads\/2012\/08\/Prodajem-kucu-u-Ulcinj_donja-terasa-1.jpg'><img width=\"150\" height=\"150\" src=\"https:\/\/www.visit-ulcinj.com\/blog\/wp-content\/uploads\/2012\/08\/Prodajem-kucu-u-Ulcinj_donja-terasa-1-150x150.jpg\" class=\"attachment-thumbnail size-thumbnail\" alt=\"\" loading=\"lazy\" \/><\/a>\n\t\t\t<\/dt><\/dl><br style=\"clear: both\" \/><dl class='gallery-item'>\n\t\t\t<dt class='gallery-icon portrait'>\n\t\t\t\t<a href='https:\/\/www.visit-ulcinj.com\/blog\/wp-content\/uploads\/2012\/08\/Prodajem-Kucu-u-Ulcinj_donji-ulaz.jpg'><img width=\"150\" height=\"150\" src=\"https:\/\/www.visit-ulcinj.com\/blog\/wp-content\/uploads\/2012\/08\/Prodajem-Kucu-u-Ulcinj_donji-ulaz-150x150.jpg\" class=\"attachment-thumbnail size-thumbnail\" alt=\"\" loading=\"lazy\" \/><\/a>\n\t\t\t<\/dt><\/dl><dl class='gallery-item'>\n\t\t\t<dt class='gallery-icon portrait'>\n\t\t\t\t<a href='https:\/\/www.visit-ulcinj.com\/blog\/wp-content\/uploads\/2012\/08\/Prodajem-kucu-u-Ulcinj_terasa-od-dnevne-sobe-gornji-sprat.jpg'><img width=\"150\" height=\"150\" src=\"https:\/\/www.visit-ulcinj.com\/blog\/wp-content\/uploads\/2012\/08\/Prodajem-kucu-u-Ulcinj_terasa-od-dnevne-sobe-gornji-sprat-150x150.jpg\" class=\"attachment-thumbnail size-thumbnail\" alt=\"\" loading=\"lazy\" \/><\/a>\n\t\t\t<\/dt><\/dl><dl class='gallery-item'>\n\t\t\t<dt class='gallery-icon landscape'>\n\t\t\t\t<a href='https:\/\/www.visit-ulcinj.com\/blog\/wp-content\/uploads\/2012\/08\/Prodajem-kucu-u-Ulcinj_terase-od-soba-gornji-sprat.jpg'><img width=\"150\" height=\"150\" src=\"https:\/\/www.visit-ulcinj.com\/blog\/wp-content\/uploads\/2012\/08\/Prodajem-kucu-u-Ulcinj_terase-od-soba-gornji-sprat-150x150.jpg\" class=\"attachment-thumbnail size-thumbnail\" alt=\"\" loading=\"lazy\" \/><\/a>\n\t\t\t<\/dt><\/dl><br style=\"clear: both\" \/><dl class='gallery-item'>\n\t\t\t<dt class='gallery-icon landscape'>\n\t\t\t\t<a href='https:\/\/www.visit-ulcinj.com\/blog\/wp-content\/uploads\/2012\/08\/Prodajem-kucu-u-Ulcinj_vrata-od-suterena-donji-sprat.jpg'><img width=\"150\" height=\"150\" src=\"https:\/\/www.visit-ulcinj.com\/blog\/wp-content\/uploads\/2012\/08\/Prodajem-kucu-u-Ulcinj_vrata-od-suterena-donji-sprat-150x150.jpg\" class=\"attachment-thumbnail size-thumbnail\" alt=\"\" loading=\"lazy\" \/><\/a>\n\t\t\t<\/dt><\/dl><dl class='gallery-item'>\n\t\t\t<dt class='gallery-icon landscape'>\n\t\t\t\t<a href='https:\/\/www.visit-ulcinj.com\/blog\/wp-content\/uploads\/2012\/08\/Prodajem-kucu-Ulcinj_pogled-na-kucu-donji-ulaz.jpg'><img width=\"150\" height=\"150\" src=\"https:\/\/www.visit-ulcinj.com\/blog\/wp-content\/uploads\/2012\/08\/Prodajem-kucu-Ulcinj_pogled-na-kucu-donji-ulaz-150x150.jpg\" class=\"attachment-thumbnail size-thumbnail\" alt=\"\" loading=\"lazy\" \/><\/a>\n\t\t\t<\/dt><\/dl><dl class='gallery-item'>\n\t\t\t<dt class='gallery-icon landscape'>\n\t\t\t\t<a href='https:\/\/www.visit-ulcinj.com\/blog\/wp-content\/uploads\/2012\/08\/Shes-shtepin-ne-qender-te-Ulqin_pogled-sa-donje-terase.jpg'><img width=\"150\" height=\"150\" src=\"https:\/\/www.visit-ulcinj.com\/blog\/wp-content\/uploads\/2012\/08\/Shes-shtepin-ne-qender-te-Ulqin_pogled-sa-donje-terase-150x150.jpg\" class=\"attachment-thumbnail size-thumbnail\" alt=\"\" loading=\"lazy\" \/><\/a>\n\t\t\t<\/dt><\/dl><br style=\"clear: both\" \/>\n\t\t<\/div>\n\n","protected":false},"excerpt":{"rendered":"<p>Shes sht\u00ebpin\u00eb 240 m\u00b2, garazh\u00ebn 20\u00a0m\u00b2 dhe trualli 230 m\u00b2 Sht\u00ebpia gjendet n\u00eb qend\u00ebr t\u00eb qytetit t\u00eb Ulqinit dhe ka hyrje nga dy rrug\u00eb. Garazha gjendet buz\u00eb rrug\u00ebs V. Matanoviq. Ka mund\u00ebsi t\u00eb nd\u00ebrtohet edhe nj\u00eb kat sht\u00ebpie si dhe parking i madh. Ka mund\u00ebsi adaptimi p\u00ebr veprimtari turistike, ose n\u00eb k\u00ebt\u00eb vend t\u00eb nd\u00ebrtohet [&hellip;]<\/p>\n","protected":false},"author":1,"featured_media":0,"comment_status":"open","ping_status":"closed","sticky":false,"template":"","format":"standard","meta":{"spay_email":"","jetpack_publicize_message":"","jetpack_is_tweetstorm":false,"jetpack_publicize_feature_enabled":true},"categories":[8],"tags":[138,15122,11140,15123,14215,15124,15125,3403,3408,16106,3409,14224,14218,3398,14219,20071,20072,4631,3386,3389,3387,12510,4442,3401,95,79,14617,4628,3396,20407,6270,4441,14214,4438,16105,16333,20876,3399,3385,22015,14221,14216,14222,14220,3405,16334,16336,16335,14217,20877,3397,3404,4439,3400,3402,19,14223,11531,3407,3406,16337,200,3394,18,4624,1843,4440],"jetpack_publicize_connections":[],"yoast_head":"<!-- This site is optimized with the Yoast SEO plugin v19.1 - https:\/\/yoast.com\/wordpress\/plugins\/seo\/ -->\n<title>Shes sht\u00ebpin\u00eb n\u00eb qender t\u00eb Ulqinit - Prodajem kucu u centru Ulcinja - Lajme nga Ulqini<\/title>\n<meta name=\"description\" content=\"Shes sht\u00ebpin\u00eb 240 m\u00b2, garazh\u00ebn 20\u00a0m\u00b2 dhe trualli 230 m\u00b2 Sht\u00ebpia gjendet n\u00eb qend\u00ebr t\u00eb qytetit t\u00eb Ulqinit dhe ka hyrje nga dy rrug\u00eb. Garazha gjendet buz\u00eb\" \/>\n<meta name=\"robots\" content=\"index, follow, max-snippet:-1, max-image-preview:large, max-video-preview:-1\" \/>\n<link rel=\"canonical\" href=\"https:\/\/www.visit-ulcinj.com\/blog\/2012\/08\/10\/shes-shtepine-ne-qender-te-ulqinit-prodajem-kucu-u-centru-ulcinja\/\" \/>\n<meta property=\"og:locale\" content=\"en_US\" \/>\n<meta property=\"og:type\" content=\"article\" \/>\n<meta property=\"og:title\" content=\"Shes sht\u00ebpin\u00eb n\u00eb qender t\u00eb Ulqinit - Prodajem kucu u centru Ulcinja - Lajme nga Ulqini\" \/>\n<meta property=\"og:description\" content=\"Shes sht\u00ebpin\u00eb 240 m\u00b2, garazh\u00ebn 20\u00a0m\u00b2 dhe trualli 230 m\u00b2 Sht\u00ebpia gjendet n\u00eb qend\u00ebr t\u00eb qytetit t\u00eb Ulqinit dhe ka hyrje nga dy rrug\u00eb. Garazha gjendet buz\u00eb\" \/>\n<meta property=\"og:url\" content=\"https:\/\/www.visit-ulcinj.com\/blog\/2012\/08\/10\/shes-shtepine-ne-qender-te-ulqinit-prodajem-kucu-u-centru-ulcinja\/\" \/>\n<meta property=\"og:site_name\" content=\"Lajme nga Ulqini\" \/>\n<meta property=\"article:published_time\" content=\"2012-08-10T12:30:22+00:00\" \/>\n<meta property=\"article:modified_time\" content=\"2013-02-08T23:39:30+00:00\" \/>\n<meta property=\"og:image\" content=\"https:\/\/www.visit-ulcinj.com\/blog\/wp-content\/uploads\/2012\/08\/Shes-shtepin-ne-qender-te-Ulqin_pogled-sa-donje-terase.1-150x150.jpg\" \/>\n<meta name=\"twitter:label1\" content=\"Written by\" \/>\n\t<meta name=\"twitter:data1\" content=\"ulqini\" \/>\n\t<meta name=\"twitter:label2\" content=\"Est. reading time\" \/>\n\t<meta name=\"twitter:data2\" content=\"1 minute\" \/>\n<script type=\"application\/ld+json\" class=\"yoast-schema-graph\">{\"@context\":\"https:\/\/schema.org\",\"@graph\":[{\"@type\":\"WebSite\",\"@id\":\"https:\/\/www.visit-ulcinj.com\/blog\/#website\",\"url\":\"https:\/\/www.visit-ulcinj.com\/blog\/\",\"name\":\"Lajme nga Ulqini\",\"description\":\"Lajme,Vijesti,Ulqini,Ulqin,Crna Gora,Mali i Zi\",\"potentialAction\":[{\"@type\":\"SearchAction\",\"target\":{\"@type\":\"EntryPoint\",\"urlTemplate\":\"https:\/\/www.visit-ulcinj.com\/blog\/?s={search_term_string}\"},\"query-input\":\"required name=search_term_string\"}],\"inLanguage\":\"en-US\"},{\"@type\":\"ImageObject\",\"inLanguage\":\"en-US\",\"@id\":\"https:\/\/www.visit-ulcinj.com\/blog\/2012\/08\/10\/shes-shtepine-ne-qender-te-ulqinit-prodajem-kucu-u-centru-ulcinja\/#primaryimage\",\"url\":\"https:\/\/www.visit-ulcinj.com\/blog\/wp-content\/uploads\/2012\/08\/Shes-shtepin-ne-qender-te-Ulqin_pogled-sa-donje-terase.1.jpg\",\"contentUrl\":\"https:\/\/www.visit-ulcinj.com\/blog\/wp-content\/uploads\/2012\/08\/Shes-shtepin-ne-qender-te-Ulqin_pogled-sa-donje-terase.1.jpg\",\"width\":\"1320\",\"height\":\"990\"},{\"@type\":\"WebPage\",\"@id\":\"https:\/\/www.visit-ulcinj.com\/blog\/2012\/08\/10\/shes-shtepine-ne-qender-te-ulqinit-prodajem-kucu-u-centru-ulcinja\/#webpage\",\"url\":\"https:\/\/www.visit-ulcinj.com\/blog\/2012\/08\/10\/shes-shtepine-ne-qender-te-ulqinit-prodajem-kucu-u-centru-ulcinja\/\",\"name\":\"Shes sht\u00ebpin\u00eb n\u00eb qender t\u00eb Ulqinit - Prodajem kucu u centru Ulcinja - Lajme nga Ulqini\",\"isPartOf\":{\"@id\":\"https:\/\/www.visit-ulcinj.com\/blog\/#website\"},\"primaryImageOfPage\":{\"@id\":\"https:\/\/www.visit-ulcinj.com\/blog\/2012\/08\/10\/shes-shtepine-ne-qender-te-ulqinit-prodajem-kucu-u-centru-ulcinja\/#primaryimage\"},\"datePublished\":\"2012-08-10T12:30:22+00:00\",\"dateModified\":\"2013-02-08T23:39:30+00:00\",\"author\":{\"@id\":\"https:\/\/www.visit-ulcinj.com\/blog\/#\/schema\/person\/dcab619c614d3038751c63bc2aadc06d\"},\"description\":\"Shes sht\u00ebpin\u00eb 240 m\u00b2, garazh\u00ebn 20\u00a0m\u00b2 dhe trualli 230 m\u00b2 Sht\u00ebpia gjendet n\u00eb qend\u00ebr t\u00eb qytetit t\u00eb Ulqinit dhe ka hyrje nga dy rrug\u00eb. Garazha gjendet buz\u00eb\",\"breadcrumb\":{\"@id\":\"https:\/\/www.visit-ulcinj.com\/blog\/2012\/08\/10\/shes-shtepine-ne-qender-te-ulqinit-prodajem-kucu-u-centru-ulcinja\/#breadcrumb\"},\"inLanguage\":\"en-US\",\"potentialAction\":[{\"@type\":\"ReadAction\",\"target\":[\"https:\/\/www.visit-ulcinj.com\/blog\/2012\/08\/10\/shes-shtepine-ne-qender-te-ulqinit-prodajem-kucu-u-centru-ulcinja\/\"]}]},{\"@type\":\"BreadcrumbList\",\"@id\":\"https:\/\/www.visit-ulcinj.com\/blog\/2012\/08\/10\/shes-shtepine-ne-qender-te-ulqinit-prodajem-kucu-u-centru-ulcinja\/#breadcrumb\",\"itemListElement\":[{\"@type\":\"ListItem\",\"position\":1,\"name\":\"Shes sht\u00ebpin\u00eb n\u00eb qender t\u00eb Ulqinit &#8211; Prodajem kucu u centru Ulcinja\"}]},{\"@type\":\"Person\",\"@id\":\"https:\/\/www.visit-ulcinj.com\/blog\/#\/schema\/person\/dcab619c614d3038751c63bc2aadc06d\",\"name\":\"ulqini\",\"sameAs\":[\"http:\/\/www.visit-ulcinj.com\"],\"url\":\"https:\/\/www.visit-ulcinj.com\/blog\/author\/admin\/\"}]}<\/script>\n<!-- \/ Yoast SEO plugin. -->","yoast_head_json":{"title":"Shes sht\u00ebpin\u00eb n\u00eb qender t\u00eb Ulqinit - Prodajem kucu u centru Ulcinja - Lajme nga Ulqini","description":"Shes sht\u00ebpin\u00eb 240 m\u00b2, garazh\u00ebn 20\u00a0m\u00b2 dhe trualli 230 m\u00b2 Sht\u00ebpia gjendet n\u00eb qend\u00ebr t\u00eb qytetit t\u00eb Ulqinit dhe ka hyrje nga dy rrug\u00eb. Garazha gjendet buz\u00eb","robots":{"index":"index","follow":"follow","max-snippet":"max-snippet:-1","max-image-preview":"max-image-preview:large","max-video-preview":"max-video-preview:-1"},"canonical":"https:\/\/www.visit-ulcinj.com\/blog\/2012\/08\/10\/shes-shtepine-ne-qender-te-ulqinit-prodajem-kucu-u-centru-ulcinja\/","og_locale":"en_US","og_type":"article","og_title":"Shes sht\u00ebpin\u00eb n\u00eb qender t\u00eb Ulqinit - Prodajem kucu u centru Ulcinja - Lajme nga Ulqini","og_description":"Shes sht\u00ebpin\u00eb 240 m\u00b2, garazh\u00ebn 20\u00a0m\u00b2 dhe trualli 230 m\u00b2 Sht\u00ebpia gjendet n\u00eb qend\u00ebr t\u00eb qytetit t\u00eb Ulqinit dhe ka hyrje nga dy rrug\u00eb. Garazha gjendet buz\u00eb","og_url":"https:\/\/www.visit-ulcinj.com\/blog\/2012\/08\/10\/shes-shtepine-ne-qender-te-ulqinit-prodajem-kucu-u-centru-ulcinja\/","og_site_name":"Lajme nga Ulqini","article_published_time":"2012-08-10T12:30:22+00:00","article_modified_time":"2013-02-08T23:39:30+00:00","og_image":[{"url":"https:\/\/www.visit-ulcinj.com\/blog\/wp-content\/uploads\/2012\/08\/Shes-shtepin-ne-qender-te-Ulqin_pogled-sa-donje-terase.1-150x150.jpg"}],"twitter_misc":{"Written by":"ulqini","Est. reading time":"1 minute"},"schema":{"@context":"https:\/\/schema.org","@graph":[{"@type":"WebSite","@id":"https:\/\/www.visit-ulcinj.com\/blog\/#website","url":"https:\/\/www.visit-ulcinj.com\/blog\/","name":"Lajme nga Ulqini","description":"Lajme,Vijesti,Ulqini,Ulqin,Crna Gora,Mali i Zi","potentialAction":[{"@type":"SearchAction","target":{"@type":"EntryPoint","urlTemplate":"https:\/\/www.visit-ulcinj.com\/blog\/?s={search_term_string}"},"query-input":"required name=search_term_string"}],"inLanguage":"en-US"},{"@type":"ImageObject","inLanguage":"en-US","@id":"https:\/\/www.visit-ulcinj.com\/blog\/2012\/08\/10\/shes-shtepine-ne-qender-te-ulqinit-prodajem-kucu-u-centru-ulcinja\/#primaryimage","url":"https:\/\/www.visit-ulcinj.com\/blog\/wp-content\/uploads\/2012\/08\/Shes-shtepin-ne-qender-te-Ulqin_pogled-sa-donje-terase.1.jpg","contentUrl":"https:\/\/www.visit-ulcinj.com\/blog\/wp-content\/uploads\/2012\/08\/Shes-shtepin-ne-qender-te-Ulqin_pogled-sa-donje-terase.1.jpg","width":"1320","height":"990"},{"@type":"WebPage","@id":"https:\/\/www.visit-ulcinj.com\/blog\/2012\/08\/10\/shes-shtepine-ne-qender-te-ulqinit-prodajem-kucu-u-centru-ulcinja\/#webpage","url":"https:\/\/www.visit-ulcinj.com\/blog\/2012\/08\/10\/shes-shtepine-ne-qender-te-ulqinit-prodajem-kucu-u-centru-ulcinja\/","name":"Shes sht\u00ebpin\u00eb n\u00eb qender t\u00eb Ulqinit - Prodajem kucu u centru Ulcinja - Lajme nga Ulqini","isPartOf":{"@id":"https:\/\/www.visit-ulcinj.com\/blog\/#website"},"primaryImageOfPage":{"@id":"https:\/\/www.visit-ulcinj.com\/blog\/2012\/08\/10\/shes-shtepine-ne-qender-te-ulqinit-prodajem-kucu-u-centru-ulcinja\/#primaryimage"},"datePublished":"2012-08-10T12:30:22+00:00","dateModified":"2013-02-08T23:39:30+00:00","author":{"@id":"https:\/\/www.visit-ulcinj.com\/blog\/#\/schema\/person\/dcab619c614d3038751c63bc2aadc06d"},"description":"Shes sht\u00ebpin\u00eb 240 m\u00b2, garazh\u00ebn 20\u00a0m\u00b2 dhe trualli 230 m\u00b2 Sht\u00ebpia gjendet n\u00eb qend\u00ebr t\u00eb qytetit t\u00eb Ulqinit dhe ka hyrje nga dy rrug\u00eb. Garazha gjendet buz\u00eb","breadcrumb":{"@id":"https:\/\/www.visit-ulcinj.com\/blog\/2012\/08\/10\/shes-shtepine-ne-qender-te-ulqinit-prodajem-kucu-u-centru-ulcinja\/#breadcrumb"},"inLanguage":"en-US","potentialAction":[{"@type":"ReadAction","target":["https:\/\/www.visit-ulcinj.com\/blog\/2012\/08\/10\/shes-shtepine-ne-qender-te-ulqinit-prodajem-kucu-u-centru-ulcinja\/"]}]},{"@type":"BreadcrumbList","@id":"https:\/\/www.visit-ulcinj.com\/blog\/2012\/08\/10\/shes-shtepine-ne-qender-te-ulqinit-prodajem-kucu-u-centru-ulcinja\/#breadcrumb","itemListElement":[{"@type":"ListItem","position":1,"name":"Shes sht\u00ebpin\u00eb n\u00eb qender t\u00eb Ulqinit &#8211; Prodajem kucu u centru Ulcinja"}]},{"@type":"Person","@id":"https:\/\/www.visit-ulcinj.com\/blog\/#\/schema\/person\/dcab619c614d3038751c63bc2aadc06d","name":"ulqini","sameAs":["http:\/\/www.visit-ulcinj.com"],"url":"https:\/\/www.visit-ulcinj.com\/blog\/author\/admin\/"}]}},"jetpack_featured_media_url":"","jetpack_sharing_enabled":true,"jetpack_shortlink":"https:\/\/wp.me\/pe6lTn-glo","_links":{"self":[{"href":"https:\/\/www.visit-ulcinj.com\/blog\/wp-json\/wp\/v2\/posts\/62830"}],"collection":[{"href":"https:\/\/www.visit-ulcinj.com\/blog\/wp-json\/wp\/v2\/posts"}],"about":[{"href":"https:\/\/www.visit-ulcinj.com\/blog\/wp-json\/wp\/v2\/types\/post"}],"author":[{"embeddable":true,"href":"https:\/\/www.visit-ulcinj.com\/blog\/wp-json\/wp\/v2\/users\/1"}],"replies":[{"embeddable":true,"href":"https:\/\/www.visit-ulcinj.com\/blog\/wp-json\/wp\/v2\/comments?post=62830"}],"version-history":[{"count":2,"href":"https:\/\/www.visit-ulcinj.com\/blog\/wp-json\/wp\/v2\/posts\/62830\/revisions"}],"predecessor-version":[{"id":68487,"href":"https:\/\/www.visit-ulcinj.com\/blog\/wp-json\/wp\/v2\/posts\/62830\/revisions\/68487"}],"wp:attachment":[{"href":"https:\/\/www.visit-ulcinj.com\/blog\/wp-json\/wp\/v2\/media?parent=62830"}],"wp:term":[{"taxonomy":"category","embeddable":true,"href":"https:\/\/www.visit-ulcinj.com\/blog\/wp-json\/wp\/v2\/categories?post=62830"},{"taxonomy":"post_tag","embeddable":true,"href":"https:\/\/www.visit-ulcinj.com\/blog\/wp-json\/wp\/v2\/tags?post=62830"}],"curies":[{"name":"wp","href":"https:\/\/api.w.org\/{rel}","templated":true}]}}