{"id":62877,"date":"2012-08-13T18:29:28","date_gmt":"2012-08-13T17:29:28","guid":{"rendered":"http:\/\/www.visit-ulcinj.com\/blog\/?p=62877"},"modified":"2012-08-13T18:30:01","modified_gmt":"2012-08-13T17:30:01","slug":"sinistaj-u-koaliciji-ima-mjesta-za-dua","status":"publish","type":"post","link":"https:\/\/www.visit-ulcinj.com\/blog\/2012\/08\/13\/sinistaj-u-koaliciji-ima-mjesta-za-dua\/","title":{"rendered":"Sini\u0161taj: U koaliciji ima mjesta za DUA"},"content":{"rendered":"<p><a href=\"http:\/\/www.visit-ulcinj.com\/blog\/wp-content\/uploads\/2012\/08\/Mehmet-Zenka_Vasel-Sinistaj.jpg\"><img loading=\"lazy\" class=\"alignleft  wp-image-62878\" title=\"Mehmet-Zenka_Vasel-Sinistaj\" src=\"http:\/\/www.visit-ulcinj.com\/blog\/wp-content\/uploads\/2012\/08\/Mehmet-Zenka_Vasel-Sinistaj.jpg\" alt=\"\" width=\"500\" height=\"323\" \/><\/a>Spremni smo da razgovaramo sa predsjednikom Demokrtaske unije Albanaca Mehmetom Zenkom, ali ako se dijametralno razlikujemo u osnovnim stvarima onda ne treba gubiti vrijeme ve\u0107 da svako uzme na sebe odgovornost za ono \u0161to radi, poru\u010dio je \u0161ef kluba albanskih partija Vaselj Sini\u0161taj.<br \/>\nPrethodno je Zenka optu\u017eio predstavnike opozicionih albanskih partija da ne razmi\u0161ljaju o interesima Albanaca, ve\u0107 o tome kako \u0107e na predstoje\u0107im izborima do\u0107i do mandata.<br \/>\nSini\u0161taj navodi da je Zenka bio pozvan na konsultacije na kojima se nije pojavio ve\u0107 je je poslao predsjednika ogranka iz Ulcinja. On je kazao da nije ta\u010dno da opozicione albanske partije \u017eele da istisnu DUA iz koalicionog dogovora.<br \/>\n\u2013 Njemu je neko konstantno kriv i on smatra da mi ne\u0161to radimo protiv njegove stranke. Ko radi za interese albanskog naroda, a ko za vi\u0161e ciljeve pokazalo se unazad 11 godina, otkad u\u010destvuju u vlasti. Vjerujem da \u0107e bira\u010di na predstoje\u0107im izborima iskazati stav prema onome kako je ko radio \u2013 kazao je Sini\u0161taj.<br \/>\nDodaje da je neophodno napraviti \u0161to \u0161iri front jedinstva albanskih partija kako bi se dostigao nivo koji zakonom omogu\u0107ava do tri mandata u parlamentu.<br \/>\n\u2013 Pri\u017eeljukujemo da Zenka bude s nama jer vjerujem da ostali gledaju druga\u010dije na stvari unutar unije. Bilo bi vrlo korisno da DUA bude s nama i u dijelu onoga \u0161to su postigli kroz sporazum sa predsjednikom najja\u010de partije, jer \u0107e ubrzo biti konsultativni referendum na teritoriji gradske op\u0161tine Tuzi. Ukoliko imaju dobru namjeru po ovom pitanju i ako ne misle da neko drugi treba da im radi taj posao onda bi bilo korisno da budu uz nas \u2013 zaklju\u010dio je Sini\u0161taj.<\/p>\n<p>&nbsp;<\/p>\n<p><a href=\"http:\/\/www.dan.co.me\/?nivo=3&amp;rubrika=Politika&amp;clanak=343299&amp;datum=2012-08-13&amp;naslov=U%20koaliciji%20ima%20mjesta%20za%20DUA\" target=\"_blank\"><strong>Mi.N.<\/strong><\/a><br \/>\n<a href=\"http:\/\/www.dan.co.me\/?nivo=3&amp;rubrika=Politika&amp;clanak=343299&amp;datum=2012-08-13&amp;naslov=U%20koaliciji%20ima%20mjesta%20za%20DUA\" target=\"_blank\"><strong> Izvor: DAN<\/strong><\/a><\/p>\n","protected":false},"excerpt":{"rendered":"<p>Spremni smo da razgovaramo sa predsjednikom Demokrtaske unije Albanaca Mehmetom Zenkom, ali ako se dijametralno razlikujemo u osnovnim stvarima onda ne treba gubiti vrijeme ve\u0107 da svako uzme na sebe odgovornost za ono \u0161to radi, poru\u010dio je \u0161ef kluba albanskih partija Vaselj Sini\u0161taj. Prethodno je Zenka optu\u017eio predstavnike opozicionih albanskih partija da ne razmi\u0161ljaju o [&hellip;]<\/p>\n","protected":false},"author":1,"featured_media":0,"comment_status":"open","ping_status":"closed","sticky":false,"template":"","format":"standard","meta":{"spay_email":"","jetpack_publicize_message":"","jetpack_is_tweetstorm":false,"jetpack_publicize_feature_enabled":true},"categories":[8337],"tags":[4512,19104],"jetpack_publicize_connections":[],"yoast_head":"<!-- This site is optimized with the Yoast SEO plugin v19.1 - https:\/\/yoast.com\/wordpress\/plugins\/seo\/ -->\n<title>Sini\u0161taj: U koaliciji ima mjesta za DUA - Lajme nga Ulqini<\/title>\n<meta name=\"description\" content=\"Spremni smo da razgovaramo sa predsjednikom Demokrtaske unije Albanaca Mehmetom Zenkom, ali ako se dijametralno razlikujemo u osnovnim stvarima onda ne\" \/>\n<meta name=\"robots\" content=\"index, follow, max-snippet:-1, max-image-preview:large, max-video-preview:-1\" \/>\n<link rel=\"canonical\" href=\"https:\/\/www.visit-ulcinj.com\/blog\/2012\/08\/13\/sinistaj-u-koaliciji-ima-mjesta-za-dua\/\" \/>\n<meta property=\"og:locale\" content=\"en_US\" \/>\n<meta property=\"og:type\" content=\"article\" \/>\n<meta property=\"og:title\" content=\"Sini\u0161taj: U koaliciji ima mjesta za DUA - Lajme nga Ulqini\" \/>\n<meta property=\"og:description\" content=\"Spremni smo da razgovaramo sa predsjednikom Demokrtaske unije Albanaca Mehmetom Zenkom, ali ako se dijametralno razlikujemo u osnovnim stvarima onda ne\" \/>\n<meta property=\"og:url\" content=\"https:\/\/www.visit-ulcinj.com\/blog\/2012\/08\/13\/sinistaj-u-koaliciji-ima-mjesta-za-dua\/\" \/>\n<meta property=\"og:site_name\" content=\"Lajme nga Ulqini\" \/>\n<meta property=\"article:published_time\" content=\"2012-08-13T17:29:28+00:00\" \/>\n<meta property=\"article:modified_time\" content=\"2012-08-13T17:30:01+00:00\" \/>\n<meta property=\"og:image\" content=\"http:\/\/www.visit-ulcinj.com\/blog\/wp-content\/uploads\/2012\/08\/Mehmet-Zenka_Vasel-Sinistaj.jpg\" \/>\n<meta name=\"twitter:label1\" content=\"Written by\" \/>\n\t<meta name=\"twitter:data1\" content=\"ulqini\" \/>\n\t<meta name=\"twitter:label2\" content=\"Est. reading time\" \/>\n\t<meta name=\"twitter:data2\" content=\"1 minute\" \/>\n<script type=\"application\/ld+json\" class=\"yoast-schema-graph\">{\"@context\":\"https:\/\/schema.org\",\"@graph\":[{\"@type\":\"WebSite\",\"@id\":\"https:\/\/www.visit-ulcinj.com\/blog\/#website\",\"url\":\"https:\/\/www.visit-ulcinj.com\/blog\/\",\"name\":\"Lajme nga Ulqini\",\"description\":\"Lajme,Vijesti,Ulqini,Ulqin,Crna Gora,Mali i Zi\",\"potentialAction\":[{\"@type\":\"SearchAction\",\"target\":{\"@type\":\"EntryPoint\",\"urlTemplate\":\"https:\/\/www.visit-ulcinj.com\/blog\/?s={search_term_string}\"},\"query-input\":\"required name=search_term_string\"}],\"inLanguage\":\"en-US\"},{\"@type\":\"ImageObject\",\"inLanguage\":\"en-US\",\"@id\":\"https:\/\/www.visit-ulcinj.com\/blog\/2012\/08\/13\/sinistaj-u-koaliciji-ima-mjesta-za-dua\/#primaryimage\",\"url\":\"https:\/\/www.visit-ulcinj.com\/blog\/wp-content\/uploads\/2012\/08\/Mehmet-Zenka_Vasel-Sinistaj.jpg\",\"contentUrl\":\"https:\/\/www.visit-ulcinj.com\/blog\/wp-content\/uploads\/2012\/08\/Mehmet-Zenka_Vasel-Sinistaj.jpg\",\"width\":\"468\",\"height\":\"323\"},{\"@type\":\"WebPage\",\"@id\":\"https:\/\/www.visit-ulcinj.com\/blog\/2012\/08\/13\/sinistaj-u-koaliciji-ima-mjesta-za-dua\/#webpage\",\"url\":\"https:\/\/www.visit-ulcinj.com\/blog\/2012\/08\/13\/sinistaj-u-koaliciji-ima-mjesta-za-dua\/\",\"name\":\"Sini\u0161taj: U koaliciji ima mjesta za DUA - Lajme nga Ulqini\",\"isPartOf\":{\"@id\":\"https:\/\/www.visit-ulcinj.com\/blog\/#website\"},\"primaryImageOfPage\":{\"@id\":\"https:\/\/www.visit-ulcinj.com\/blog\/2012\/08\/13\/sinistaj-u-koaliciji-ima-mjesta-za-dua\/#primaryimage\"},\"datePublished\":\"2012-08-13T17:29:28+00:00\",\"dateModified\":\"2012-08-13T17:30:01+00:00\",\"author\":{\"@id\":\"https:\/\/www.visit-ulcinj.com\/blog\/#\/schema\/person\/dcab619c614d3038751c63bc2aadc06d\"},\"description\":\"Spremni smo da razgovaramo sa predsjednikom Demokrtaske unije Albanaca Mehmetom Zenkom, ali ako se dijametralno razlikujemo u osnovnim stvarima onda ne\",\"breadcrumb\":{\"@id\":\"https:\/\/www.visit-ulcinj.com\/blog\/2012\/08\/13\/sinistaj-u-koaliciji-ima-mjesta-za-dua\/#breadcrumb\"},\"inLanguage\":\"en-US\",\"potentialAction\":[{\"@type\":\"ReadAction\",\"target\":[\"https:\/\/www.visit-ulcinj.com\/blog\/2012\/08\/13\/sinistaj-u-koaliciji-ima-mjesta-za-dua\/\"]}]},{\"@type\":\"BreadcrumbList\",\"@id\":\"https:\/\/www.visit-ulcinj.com\/blog\/2012\/08\/13\/sinistaj-u-koaliciji-ima-mjesta-za-dua\/#breadcrumb\",\"itemListElement\":[{\"@type\":\"ListItem\",\"position\":1,\"name\":\"Sini\u0161taj: U koaliciji ima mjesta za DUA\"}]},{\"@type\":\"Person\",\"@id\":\"https:\/\/www.visit-ulcinj.com\/blog\/#\/schema\/person\/dcab619c614d3038751c63bc2aadc06d\",\"name\":\"ulqini\",\"sameAs\":[\"http:\/\/www.visit-ulcinj.com\"],\"url\":\"https:\/\/www.visit-ulcinj.com\/blog\/author\/admin\/\"}]}<\/script>\n<!-- \/ Yoast SEO plugin. -->","yoast_head_json":{"title":"Sini\u0161taj: U koaliciji ima mjesta za DUA - Lajme nga Ulqini","description":"Spremni smo da razgovaramo sa predsjednikom Demokrtaske unije Albanaca Mehmetom Zenkom, ali ako se dijametralno razlikujemo u osnovnim stvarima onda ne","robots":{"index":"index","follow":"follow","max-snippet":"max-snippet:-1","max-image-preview":"max-image-preview:large","max-video-preview":"max-video-preview:-1"},"canonical":"https:\/\/www.visit-ulcinj.com\/blog\/2012\/08\/13\/sinistaj-u-koaliciji-ima-mjesta-za-dua\/","og_locale":"en_US","og_type":"article","og_title":"Sini\u0161taj: U koaliciji ima mjesta za DUA - Lajme nga Ulqini","og_description":"Spremni smo da razgovaramo sa predsjednikom Demokrtaske unije Albanaca Mehmetom Zenkom, ali ako se dijametralno razlikujemo u osnovnim stvarima onda ne","og_url":"https:\/\/www.visit-ulcinj.com\/blog\/2012\/08\/13\/sinistaj-u-koaliciji-ima-mjesta-za-dua\/","og_site_name":"Lajme nga Ulqini","article_published_time":"2012-08-13T17:29:28+00:00","article_modified_time":"2012-08-13T17:30:01+00:00","og_image":[{"url":"http:\/\/www.visit-ulcinj.com\/blog\/wp-content\/uploads\/2012\/08\/Mehmet-Zenka_Vasel-Sinistaj.jpg"}],"twitter_misc":{"Written by":"ulqini","Est. reading time":"1 minute"},"schema":{"@context":"https:\/\/schema.org","@graph":[{"@type":"WebSite","@id":"https:\/\/www.visit-ulcinj.com\/blog\/#website","url":"https:\/\/www.visit-ulcinj.com\/blog\/","name":"Lajme nga Ulqini","description":"Lajme,Vijesti,Ulqini,Ulqin,Crna Gora,Mali i Zi","potentialAction":[{"@type":"SearchAction","target":{"@type":"EntryPoint","urlTemplate":"https:\/\/www.visit-ulcinj.com\/blog\/?s={search_term_string}"},"query-input":"required name=search_term_string"}],"inLanguage":"en-US"},{"@type":"ImageObject","inLanguage":"en-US","@id":"https:\/\/www.visit-ulcinj.com\/blog\/2012\/08\/13\/sinistaj-u-koaliciji-ima-mjesta-za-dua\/#primaryimage","url":"https:\/\/www.visit-ulcinj.com\/blog\/wp-content\/uploads\/2012\/08\/Mehmet-Zenka_Vasel-Sinistaj.jpg","contentUrl":"https:\/\/www.visit-ulcinj.com\/blog\/wp-content\/uploads\/2012\/08\/Mehmet-Zenka_Vasel-Sinistaj.jpg","width":"468","height":"323"},{"@type":"WebPage","@id":"https:\/\/www.visit-ulcinj.com\/blog\/2012\/08\/13\/sinistaj-u-koaliciji-ima-mjesta-za-dua\/#webpage","url":"https:\/\/www.visit-ulcinj.com\/blog\/2012\/08\/13\/sinistaj-u-koaliciji-ima-mjesta-za-dua\/","name":"Sini\u0161taj: U koaliciji ima mjesta za DUA - Lajme nga Ulqini","isPartOf":{"@id":"https:\/\/www.visit-ulcinj.com\/blog\/#website"},"primaryImageOfPage":{"@id":"https:\/\/www.visit-ulcinj.com\/blog\/2012\/08\/13\/sinistaj-u-koaliciji-ima-mjesta-za-dua\/#primaryimage"},"datePublished":"2012-08-13T17:29:28+00:00","dateModified":"2012-08-13T17:30:01+00:00","author":{"@id":"https:\/\/www.visit-ulcinj.com\/blog\/#\/schema\/person\/dcab619c614d3038751c63bc2aadc06d"},"description":"Spremni smo da razgovaramo sa predsjednikom Demokrtaske unije Albanaca Mehmetom Zenkom, ali ako se dijametralno razlikujemo u osnovnim stvarima onda ne","breadcrumb":{"@id":"https:\/\/www.visit-ulcinj.com\/blog\/2012\/08\/13\/sinistaj-u-koaliciji-ima-mjesta-za-dua\/#breadcrumb"},"inLanguage":"en-US","potentialAction":[{"@type":"ReadAction","target":["https:\/\/www.visit-ulcinj.com\/blog\/2012\/08\/13\/sinistaj-u-koaliciji-ima-mjesta-za-dua\/"]}]},{"@type":"BreadcrumbList","@id":"https:\/\/www.visit-ulcinj.com\/blog\/2012\/08\/13\/sinistaj-u-koaliciji-ima-mjesta-za-dua\/#breadcrumb","itemListElement":[{"@type":"ListItem","position":1,"name":"Sini\u0161taj: U koaliciji ima mjesta za DUA"}]},{"@type":"Person","@id":"https:\/\/www.visit-ulcinj.com\/blog\/#\/schema\/person\/dcab619c614d3038751c63bc2aadc06d","name":"ulqini","sameAs":["http:\/\/www.visit-ulcinj.com"],"url":"https:\/\/www.visit-ulcinj.com\/blog\/author\/admin\/"}]}},"jetpack_featured_media_url":"","jetpack_sharing_enabled":true,"jetpack_shortlink":"https:\/\/wp.me\/pe6lTn-gm9","_links":{"self":[{"href":"https:\/\/www.visit-ulcinj.com\/blog\/wp-json\/wp\/v2\/posts\/62877"}],"collection":[{"href":"https:\/\/www.visit-ulcinj.com\/blog\/wp-json\/wp\/v2\/posts"}],"about":[{"href":"https:\/\/www.visit-ulcinj.com\/blog\/wp-json\/wp\/v2\/types\/post"}],"author":[{"embeddable":true,"href":"https:\/\/www.visit-ulcinj.com\/blog\/wp-json\/wp\/v2\/users\/1"}],"replies":[{"embeddable":true,"href":"https:\/\/www.visit-ulcinj.com\/blog\/wp-json\/wp\/v2\/comments?post=62877"}],"version-history":[{"count":2,"href":"https:\/\/www.visit-ulcinj.com\/blog\/wp-json\/wp\/v2\/posts\/62877\/revisions"}],"predecessor-version":[{"id":62880,"href":"https:\/\/www.visit-ulcinj.com\/blog\/wp-json\/wp\/v2\/posts\/62877\/revisions\/62880"}],"wp:attachment":[{"href":"https:\/\/www.visit-ulcinj.com\/blog\/wp-json\/wp\/v2\/media?parent=62877"}],"wp:term":[{"taxonomy":"category","embeddable":true,"href":"https:\/\/www.visit-ulcinj.com\/blog\/wp-json\/wp\/v2\/categories?post=62877"},{"taxonomy":"post_tag","embeddable":true,"href":"https:\/\/www.visit-ulcinj.com\/blog\/wp-json\/wp\/v2\/tags?post=62877"}],"curies":[{"name":"wp","href":"https:\/\/api.w.org\/{rel}","templated":true}]}}