{"id":62885,"date":"2012-08-14T17:46:28","date_gmt":"2012-08-14T16:46:28","guid":{"rendered":"http:\/\/www.visit-ulcinj.com\/blog\/?p=62885"},"modified":"2012-08-14T18:00:19","modified_gmt":"2012-08-14T17:00:19","slug":"reis-fejzic-prisustvovao-iftaru-sa-imamima-odbora-iz-e-ulcinj","status":"publish","type":"post","link":"https:\/\/www.visit-ulcinj.com\/blog\/2012\/08\/14\/reis-fejzic-prisustvovao-iftaru-sa-imamima-odbora-iz-e-ulcinj\/","title":{"rendered":"Reis Fejzi\u0107  prisustvovao iftaru sa imamima odbora IZ e Ulcinj"},"content":{"rendered":"<p><strong><a href=\"http:\/\/www.visit-ulcinj.com\/blog\/wp-content\/uploads\/2012\/08\/Reis-Fejzic-prisustvovao-iftaru-sa-imamima-odbora-IZ-e-Ulcinj.jpg\"><img loading=\"lazy\" class=\"alignleft  wp-image-62886\" title=\"Reis Fejzic  prisustvovao iftaru sa imamima odbora IZ e Ulcinj\" src=\"http:\/\/www.visit-ulcinj.com\/blog\/wp-content\/uploads\/2012\/08\/Reis-Fejzic-prisustvovao-iftaru-sa-imamima-odbora-IZ-e-Ulcinj.jpg\" alt=\"\" width=\"506\" height=\"360\" \/><\/a>Ulcinj<\/strong> \u2013 Na poziv predsjednika Odbora Islamske zajednice Ulcinj <strong>Gazmenda Dolakua<\/strong>, 12.08.2012.godine,\u00a0 reis Islamske zajednice u Crnoj Gori <strong>Rifat ef. Fejzi\u0107<\/strong> sa direktorom medrese <strong>Rahmanom ef. Ka\u010darom<\/strong>, <strong>Behlulom Kana\u0107ijem<\/strong> i <strong>Sadmirom Had\u017eiji\u0107em<\/strong> prisustvovao iftaru sa imamima odbora IZ e Ulcinj. Iftaru su prisustvovali njegova exselencija ambasador Republike Turske u Crnoj Gori <strong>Mehmet Niyazi Tanilir<\/strong>, direktir TIKE <strong>Birol Cetin<\/strong> i predsjednik opstine Ulcin gospodin<strong> Nazif Cungu.<\/strong><\/p>\n<p>Glavni imam<strong> Ali ef. Bardhi<\/strong> se zahvalio prisutnim na odzivu i nesebi\u010dnoj podr\u0161ci u radu Odbora IZ-e \u00a0Ulcinj.<\/p>\n<p>Reis rifat Fejzi\u0107\u00a0\u00a0je gostvovao\u00a0u \u00a0jednosatnoj emisiji lokalne<em> TV Teuta<\/em>,\u00a0 u kojoj je bilo rije\u010di o ramazanskim aktuelnostima i vrijednostima ovog mubarek mjeseca, kao i o aktuelnim pitanjima\u00a0vezanim za Islamsku zajednicu u Crnoj Gori.<\/p>\n<p><strong>Monteislam<\/strong><\/p>\n<!--YouTube Error: bad URL entered-->\n","protected":false},"excerpt":{"rendered":"<p>Ulcinj \u2013 Na poziv predsjednika Odbora Islamske zajednice Ulcinj Gazmenda Dolakua, 12.08.2012.godine,\u00a0 reis Islamske zajednice u Crnoj Gori Rifat ef. Fejzi\u0107 sa direktorom medrese Rahmanom ef. Ka\u010darom, Behlulom Kana\u0107ijem i Sadmirom Had\u017eiji\u0107em prisustvovao iftaru sa imamima odbora IZ e Ulcinj. Iftaru su prisustvovali njegova exselencija ambasador Republike Turske u Crnoj Gori Mehmet Niyazi Tanilir, direktir [&hellip;]<\/p>\n","protected":false},"author":1,"featured_media":0,"comment_status":"open","ping_status":"closed","sticky":false,"template":"","format":"standard","meta":{"spay_email":"","jetpack_publicize_message":"","jetpack_is_tweetstorm":false,"jetpack_publicize_feature_enabled":true},"categories":[8337],"tags":[19],"jetpack_publicize_connections":[],"yoast_head":"<!-- This site is optimized with the Yoast SEO plugin v19.1 - https:\/\/yoast.com\/wordpress\/plugins\/seo\/ -->\n<title>Reis Fejzi\u0107 prisustvovao iftaru sa imamima odbora IZ e Ulcinj - Lajme nga Ulqini<\/title>\n<meta name=\"description\" content=\"Ulcinj \u2013 Na poziv predsjednika Odbora Islamske zajednice Ulcinj Gazmenda Dolakua, 12.08.2012.godine,\u00a0 reis Islamske zajednice u Crnoj Gori Rifat ef.\" \/>\n<meta name=\"robots\" content=\"index, follow, max-snippet:-1, max-image-preview:large, max-video-preview:-1\" \/>\n<link rel=\"canonical\" href=\"https:\/\/www.visit-ulcinj.com\/blog\/2012\/08\/14\/reis-fejzic-prisustvovao-iftaru-sa-imamima-odbora-iz-e-ulcinj\/\" \/>\n<meta property=\"og:locale\" content=\"en_US\" \/>\n<meta property=\"og:type\" content=\"article\" \/>\n<meta property=\"og:title\" content=\"Reis Fejzi\u0107 prisustvovao iftaru sa imamima odbora IZ e Ulcinj - Lajme nga Ulqini\" \/>\n<meta property=\"og:description\" content=\"Ulcinj \u2013 Na poziv predsjednika Odbora Islamske zajednice Ulcinj Gazmenda Dolakua, 12.08.2012.godine,\u00a0 reis Islamske zajednice u Crnoj Gori Rifat ef.\" \/>\n<meta property=\"og:url\" content=\"https:\/\/www.visit-ulcinj.com\/blog\/2012\/08\/14\/reis-fejzic-prisustvovao-iftaru-sa-imamima-odbora-iz-e-ulcinj\/\" \/>\n<meta property=\"og:site_name\" content=\"Lajme nga Ulqini\" \/>\n<meta property=\"article:published_time\" content=\"2012-08-14T16:46:28+00:00\" \/>\n<meta property=\"article:modified_time\" content=\"2012-08-14T17:00:19+00:00\" \/>\n<meta property=\"og:image\" content=\"http:\/\/www.visit-ulcinj.com\/blog\/wp-content\/uploads\/2012\/08\/Reis-Fejzic-prisustvovao-iftaru-sa-imamima-odbora-IZ-e-Ulcinj.jpg\" \/>\n<meta name=\"twitter:label1\" content=\"Written by\" \/>\n\t<meta name=\"twitter:data1\" content=\"ulqini\" \/>\n\t<meta name=\"twitter:label2\" content=\"Est. reading time\" \/>\n\t<meta name=\"twitter:data2\" content=\"1 minute\" \/>\n<script type=\"application\/ld+json\" class=\"yoast-schema-graph\">{\"@context\":\"https:\/\/schema.org\",\"@graph\":[{\"@type\":\"WebSite\",\"@id\":\"https:\/\/www.visit-ulcinj.com\/blog\/#website\",\"url\":\"https:\/\/www.visit-ulcinj.com\/blog\/\",\"name\":\"Lajme nga Ulqini\",\"description\":\"Lajme,Vijesti,Ulqini,Ulqin,Crna Gora,Mali i Zi\",\"potentialAction\":[{\"@type\":\"SearchAction\",\"target\":{\"@type\":\"EntryPoint\",\"urlTemplate\":\"https:\/\/www.visit-ulcinj.com\/blog\/?s={search_term_string}\"},\"query-input\":\"required name=search_term_string\"}],\"inLanguage\":\"en-US\"},{\"@type\":\"ImageObject\",\"inLanguage\":\"en-US\",\"@id\":\"https:\/\/www.visit-ulcinj.com\/blog\/2012\/08\/14\/reis-fejzic-prisustvovao-iftaru-sa-imamima-odbora-iz-e-ulcinj\/#primaryimage\",\"url\":\"https:\/\/www.visit-ulcinj.com\/blog\/wp-content\/uploads\/2012\/08\/Reis-Fejzic-prisustvovao-iftaru-sa-imamima-odbora-IZ-e-Ulcinj.jpg\",\"contentUrl\":\"https:\/\/www.visit-ulcinj.com\/blog\/wp-content\/uploads\/2012\/08\/Reis-Fejzic-prisustvovao-iftaru-sa-imamima-odbora-IZ-e-Ulcinj.jpg\",\"width\":\"640\",\"height\":\"478\"},{\"@type\":\"WebPage\",\"@id\":\"https:\/\/www.visit-ulcinj.com\/blog\/2012\/08\/14\/reis-fejzic-prisustvovao-iftaru-sa-imamima-odbora-iz-e-ulcinj\/#webpage\",\"url\":\"https:\/\/www.visit-ulcinj.com\/blog\/2012\/08\/14\/reis-fejzic-prisustvovao-iftaru-sa-imamima-odbora-iz-e-ulcinj\/\",\"name\":\"Reis Fejzi\u0107 prisustvovao iftaru sa imamima odbora IZ e Ulcinj - Lajme nga Ulqini\",\"isPartOf\":{\"@id\":\"https:\/\/www.visit-ulcinj.com\/blog\/#website\"},\"primaryImageOfPage\":{\"@id\":\"https:\/\/www.visit-ulcinj.com\/blog\/2012\/08\/14\/reis-fejzic-prisustvovao-iftaru-sa-imamima-odbora-iz-e-ulcinj\/#primaryimage\"},\"datePublished\":\"2012-08-14T16:46:28+00:00\",\"dateModified\":\"2012-08-14T17:00:19+00:00\",\"author\":{\"@id\":\"https:\/\/www.visit-ulcinj.com\/blog\/#\/schema\/person\/dcab619c614d3038751c63bc2aadc06d\"},\"description\":\"Ulcinj \u2013 Na poziv predsjednika Odbora Islamske zajednice Ulcinj Gazmenda Dolakua, 12.08.2012.godine,\u00a0 reis Islamske zajednice u Crnoj Gori Rifat ef.\",\"breadcrumb\":{\"@id\":\"https:\/\/www.visit-ulcinj.com\/blog\/2012\/08\/14\/reis-fejzic-prisustvovao-iftaru-sa-imamima-odbora-iz-e-ulcinj\/#breadcrumb\"},\"inLanguage\":\"en-US\",\"potentialAction\":[{\"@type\":\"ReadAction\",\"target\":[\"https:\/\/www.visit-ulcinj.com\/blog\/2012\/08\/14\/reis-fejzic-prisustvovao-iftaru-sa-imamima-odbora-iz-e-ulcinj\/\"]}]},{\"@type\":\"BreadcrumbList\",\"@id\":\"https:\/\/www.visit-ulcinj.com\/blog\/2012\/08\/14\/reis-fejzic-prisustvovao-iftaru-sa-imamima-odbora-iz-e-ulcinj\/#breadcrumb\",\"itemListElement\":[{\"@type\":\"ListItem\",\"position\":1,\"name\":\"Reis Fejzi\u0107 prisustvovao iftaru sa imamima odbora IZ e Ulcinj\"}]},{\"@type\":\"Person\",\"@id\":\"https:\/\/www.visit-ulcinj.com\/blog\/#\/schema\/person\/dcab619c614d3038751c63bc2aadc06d\",\"name\":\"ulqini\",\"sameAs\":[\"http:\/\/www.visit-ulcinj.com\"],\"url\":\"https:\/\/www.visit-ulcinj.com\/blog\/author\/admin\/\"}]}<\/script>\n<!-- \/ Yoast SEO plugin. -->","yoast_head_json":{"title":"Reis Fejzi\u0107 prisustvovao iftaru sa imamima odbora IZ e Ulcinj - Lajme nga Ulqini","description":"Ulcinj \u2013 Na poziv predsjednika Odbora Islamske zajednice Ulcinj Gazmenda Dolakua, 12.08.2012.godine,\u00a0 reis Islamske zajednice u Crnoj Gori Rifat ef.","robots":{"index":"index","follow":"follow","max-snippet":"max-snippet:-1","max-image-preview":"max-image-preview:large","max-video-preview":"max-video-preview:-1"},"canonical":"https:\/\/www.visit-ulcinj.com\/blog\/2012\/08\/14\/reis-fejzic-prisustvovao-iftaru-sa-imamima-odbora-iz-e-ulcinj\/","og_locale":"en_US","og_type":"article","og_title":"Reis Fejzi\u0107 prisustvovao iftaru sa imamima odbora IZ e Ulcinj - Lajme nga Ulqini","og_description":"Ulcinj \u2013 Na poziv predsjednika Odbora Islamske zajednice Ulcinj Gazmenda Dolakua, 12.08.2012.godine,\u00a0 reis Islamske zajednice u Crnoj Gori Rifat ef.","og_url":"https:\/\/www.visit-ulcinj.com\/blog\/2012\/08\/14\/reis-fejzic-prisustvovao-iftaru-sa-imamima-odbora-iz-e-ulcinj\/","og_site_name":"Lajme nga Ulqini","article_published_time":"2012-08-14T16:46:28+00:00","article_modified_time":"2012-08-14T17:00:19+00:00","og_image":[{"url":"http:\/\/www.visit-ulcinj.com\/blog\/wp-content\/uploads\/2012\/08\/Reis-Fejzic-prisustvovao-iftaru-sa-imamima-odbora-IZ-e-Ulcinj.jpg"}],"twitter_misc":{"Written by":"ulqini","Est. reading time":"1 minute"},"schema":{"@context":"https:\/\/schema.org","@graph":[{"@type":"WebSite","@id":"https:\/\/www.visit-ulcinj.com\/blog\/#website","url":"https:\/\/www.visit-ulcinj.com\/blog\/","name":"Lajme nga Ulqini","description":"Lajme,Vijesti,Ulqini,Ulqin,Crna Gora,Mali i Zi","potentialAction":[{"@type":"SearchAction","target":{"@type":"EntryPoint","urlTemplate":"https:\/\/www.visit-ulcinj.com\/blog\/?s={search_term_string}"},"query-input":"required name=search_term_string"}],"inLanguage":"en-US"},{"@type":"ImageObject","inLanguage":"en-US","@id":"https:\/\/www.visit-ulcinj.com\/blog\/2012\/08\/14\/reis-fejzic-prisustvovao-iftaru-sa-imamima-odbora-iz-e-ulcinj\/#primaryimage","url":"https:\/\/www.visit-ulcinj.com\/blog\/wp-content\/uploads\/2012\/08\/Reis-Fejzic-prisustvovao-iftaru-sa-imamima-odbora-IZ-e-Ulcinj.jpg","contentUrl":"https:\/\/www.visit-ulcinj.com\/blog\/wp-content\/uploads\/2012\/08\/Reis-Fejzic-prisustvovao-iftaru-sa-imamima-odbora-IZ-e-Ulcinj.jpg","width":"640","height":"478"},{"@type":"WebPage","@id":"https:\/\/www.visit-ulcinj.com\/blog\/2012\/08\/14\/reis-fejzic-prisustvovao-iftaru-sa-imamima-odbora-iz-e-ulcinj\/#webpage","url":"https:\/\/www.visit-ulcinj.com\/blog\/2012\/08\/14\/reis-fejzic-prisustvovao-iftaru-sa-imamima-odbora-iz-e-ulcinj\/","name":"Reis Fejzi\u0107 prisustvovao iftaru sa imamima odbora IZ e Ulcinj - Lajme nga Ulqini","isPartOf":{"@id":"https:\/\/www.visit-ulcinj.com\/blog\/#website"},"primaryImageOfPage":{"@id":"https:\/\/www.visit-ulcinj.com\/blog\/2012\/08\/14\/reis-fejzic-prisustvovao-iftaru-sa-imamima-odbora-iz-e-ulcinj\/#primaryimage"},"datePublished":"2012-08-14T16:46:28+00:00","dateModified":"2012-08-14T17:00:19+00:00","author":{"@id":"https:\/\/www.visit-ulcinj.com\/blog\/#\/schema\/person\/dcab619c614d3038751c63bc2aadc06d"},"description":"Ulcinj \u2013 Na poziv predsjednika Odbora Islamske zajednice Ulcinj Gazmenda Dolakua, 12.08.2012.godine,\u00a0 reis Islamske zajednice u Crnoj Gori Rifat ef.","breadcrumb":{"@id":"https:\/\/www.visit-ulcinj.com\/blog\/2012\/08\/14\/reis-fejzic-prisustvovao-iftaru-sa-imamima-odbora-iz-e-ulcinj\/#breadcrumb"},"inLanguage":"en-US","potentialAction":[{"@type":"ReadAction","target":["https:\/\/www.visit-ulcinj.com\/blog\/2012\/08\/14\/reis-fejzic-prisustvovao-iftaru-sa-imamima-odbora-iz-e-ulcinj\/"]}]},{"@type":"BreadcrumbList","@id":"https:\/\/www.visit-ulcinj.com\/blog\/2012\/08\/14\/reis-fejzic-prisustvovao-iftaru-sa-imamima-odbora-iz-e-ulcinj\/#breadcrumb","itemListElement":[{"@type":"ListItem","position":1,"name":"Reis Fejzi\u0107 prisustvovao iftaru sa imamima odbora IZ e Ulcinj"}]},{"@type":"Person","@id":"https:\/\/www.visit-ulcinj.com\/blog\/#\/schema\/person\/dcab619c614d3038751c63bc2aadc06d","name":"ulqini","sameAs":["http:\/\/www.visit-ulcinj.com"],"url":"https:\/\/www.visit-ulcinj.com\/blog\/author\/admin\/"}]}},"jetpack_featured_media_url":"","jetpack_sharing_enabled":true,"jetpack_shortlink":"https:\/\/wp.me\/pe6lTn-gmh","_links":{"self":[{"href":"https:\/\/www.visit-ulcinj.com\/blog\/wp-json\/wp\/v2\/posts\/62885"}],"collection":[{"href":"https:\/\/www.visit-ulcinj.com\/blog\/wp-json\/wp\/v2\/posts"}],"about":[{"href":"https:\/\/www.visit-ulcinj.com\/blog\/wp-json\/wp\/v2\/types\/post"}],"author":[{"embeddable":true,"href":"https:\/\/www.visit-ulcinj.com\/blog\/wp-json\/wp\/v2\/users\/1"}],"replies":[{"embeddable":true,"href":"https:\/\/www.visit-ulcinj.com\/blog\/wp-json\/wp\/v2\/comments?post=62885"}],"version-history":[{"count":5,"href":"https:\/\/www.visit-ulcinj.com\/blog\/wp-json\/wp\/v2\/posts\/62885\/revisions"}],"predecessor-version":[{"id":62894,"href":"https:\/\/www.visit-ulcinj.com\/blog\/wp-json\/wp\/v2\/posts\/62885\/revisions\/62894"}],"wp:attachment":[{"href":"https:\/\/www.visit-ulcinj.com\/blog\/wp-json\/wp\/v2\/media?parent=62885"}],"wp:term":[{"taxonomy":"category","embeddable":true,"href":"https:\/\/www.visit-ulcinj.com\/blog\/wp-json\/wp\/v2\/categories?post=62885"},{"taxonomy":"post_tag","embeddable":true,"href":"https:\/\/www.visit-ulcinj.com\/blog\/wp-json\/wp\/v2\/tags?post=62885"}],"curies":[{"name":"wp","href":"https:\/\/api.w.org\/{rel}","templated":true}]}}