{"id":62900,"date":"2012-08-15T15:22:47","date_gmt":"2012-08-15T14:22:47","guid":{"rendered":"http:\/\/www.visit-ulcinj.com\/blog\/?p=62900"},"modified":"2012-08-16T18:55:01","modified_gmt":"2012-08-16T17:55:01","slug":"john-cooney-ulqini-destinacion-per-investime-per-investitore-amerikane","status":"publish","type":"post","link":"https:\/\/www.visit-ulcinj.com\/blog\/2012\/08\/15\/john-cooney-ulqini-destinacion-per-investime-per-investitore-amerikane\/","title":{"rendered":"John Cooney: Ulqini destinacion p\u00ebr investime p\u00ebr investitor\u00eb amerikan\u00eb"},"content":{"rendered":"<p><strong><a href=\"http:\/\/www.visit-ulcinj.com\/blog\/wp-content\/uploads\/2012\/08\/Nazif-Cungu-priti-n\u00eb-takim-z.-John-Cooney.1.jpg\"><img loading=\"lazy\" class=\"alignleft  wp-image-62901\" title=\"Nazif Cungu priti n\u00eb takim z. John Cooney.1\" src=\"http:\/\/www.visit-ulcinj.com\/blog\/wp-content\/uploads\/2012\/08\/Nazif-Cungu-priti-n\u00eb-takim-z.-John-Cooney.1.jpg\" alt=\"\" width=\"508\" height=\"360\" \/><\/a>Kryetari i Komun\u00ebs s\u00eb Ulqinit z. Nazif Cungu priti n\u00eb takim z. John Cooney<\/strong><\/p>\n<p>Kryetari i Komun\u00ebs s\u00eb Ulqinit z. Nazif Cungu me bashkpuntor\u00ebt e tij, priti sot n\u00eb takim z. John Cooney, kryetarin e k\u00ebshillit politik dhe ekonomik n\u00eb ambasad\u00ebn e Shteteve t\u00eb Bashkuara t\u00eb Amerik\u00ebs n\u00eb Podgoric\u00eb si dhe bashkpuntor\u00ebt e tij.<\/p>\n<p>Kryetari Cungu, njoftoi z.Cooney me t\u00eb arrituarat e deritashme t\u00eb pushtetit lokal t\u00eb Ulqinit, me planet p\u00ebr t\u00eb ardhmen, dhe me mund\u00ebsit\u00eb e investimeve n\u00eb Ulqin, posa\u00e7arisht n\u00eb fush\u00ebn e turizmit dhe bujq\u00ebsis\u00eb. Nj\u00ebkoh\u00ebsisht ftoi q\u00eb kompanit\u00eb amerikane t\u00eb jen\u00eb aktive, dhe t\u00eb marrin pjes\u00eb n\u00eb investimet q\u00eb n\u00eb t\u00eb ardhmen e shpejt\u00eb do t\u00eb realizohen n\u00eb Ulqin, n\u00eb fusha t\u00eb ndryshme t\u00eb ekonomis\u00eb. Poashtu njoftoi p\u00ebr vendimin p\u00ebr shpalljen e biznis zon\u00ebs n\u00eb Kryth\u00eb, dhe me leht\u00ebsimet q\u00eb do ti mund\u00ebsohen investitor\u00ebve t\u00eb interesuar p\u00ebr at\u00eb pjes\u00eb.<br \/>\nZot\u00ebri Cooney njoftoi t\u00eb pranishmit q\u00eb disa investitor\u00eb amerikan\u00eb jan\u00eb t\u00eb interesuar p\u00ebr investime n\u00eb Mal t\u00eb Zi dhe atyre do ti sygjerohet ta konsiderojn\u00eb edhe Ulqinin si destinacion t\u00eb tyre p\u00ebr investime, duke pas\u00eb parasysh mund\u00ebsit\u00eb natyrore t\u00eb cilat egzistojn\u00eb, e t\u00eb cilat jan\u00eb shum\u00eb t\u00eb rralla dhe t\u00eb favorshme.<br \/>\nN\u00eb k\u00ebt\u00eb drejtim u dakordua q\u00eb n\u00eb jav\u00ebt e ardhshme Ulqinin do ta vizitoj\u00eb edhe p\u00ebrfaqsuesi rajonal i kompanis\u00eb &#8220;NCH Capital&#8221;, e cila u rendit e dyta n\u00eb tenderin p\u00ebr valorizimit turistik t\u00eb lokacionit t\u00eb Kumborit n\u00eb Tivat, dhe t\u00eb cil\u00ebs do ti prezantohen m\u00eb detajisht mund\u00ebsit\u00eb e investimeve n\u00eb Ulqin.<br \/>\nPoashtu, zot\u00ebri Cooney theksoi q\u00eb kompanit\u00eb amerikane jan\u00eb t\u00eb interesuara t\u00eb ky\u00e7en n\u00eb realizimin e projektit t\u00eb ujsjell\u00ebsit dhe kanalizimit, i cili do t\u00eb realizohet n\u00eb periudh\u00ebn e ardhshme n\u00eb Ulqin me kredin\u00eb e KFW bank\u00ebs.<\/p>\n<p><strong>Komuna Ulqinit<br \/>\n\n\t\t<style type=\"text\/css\">\n\t\t\t#gallery-1 {\n\t\t\t\tmargin: auto;\n\t\t\t}\n\t\t\t#gallery-1 .gallery-item {\n\t\t\t\tfloat: left;\n\t\t\t\tmargin-top: 10px;\n\t\t\t\ttext-align: center;\n\t\t\t\twidth: 33%;\n\t\t\t}\n\t\t\t#gallery-1 img {\n\t\t\t\tborder: 2px solid #cfcfcf;\n\t\t\t}\n\t\t\t#gallery-1 .gallery-caption {\n\t\t\t\tmargin-left: 0;\n\t\t\t}\n\t\t\t\/* see gallery_shortcode() in wp-includes\/media.php *\/\n\t\t<\/style>\n\t\t<div id='gallery-1' class='gallery galleryid-62900 gallery-columns-3 gallery-size-thumbnail'><dl class='gallery-item'>\n\t\t\t<dt class='gallery-icon landscape'>\n\t\t\t\t<a href='https:\/\/www.visit-ulcinj.com\/blog\/wp-content\/uploads\/2012\/08\/Nazif-Cungu-priti-n\u00eb-takim-z.-John-Cooney.1.jpg'><img width=\"150\" height=\"150\" src=\"https:\/\/www.visit-ulcinj.com\/blog\/wp-content\/uploads\/2012\/08\/Nazif-Cungu-priti-n\u00eb-takim-z.-John-Cooney.1-150x150.jpg\" class=\"attachment-thumbnail size-thumbnail\" alt=\"\" loading=\"lazy\" \/><\/a>\n\t\t\t<\/dt><\/dl><dl class='gallery-item'>\n\t\t\t<dt class='gallery-icon landscape'>\n\t\t\t\t<a href='https:\/\/www.visit-ulcinj.com\/blog\/wp-content\/uploads\/2012\/08\/Nazif-Cungu-priti-n\u00eb-takim-z.-John-Cooney.jpg'><img width=\"150\" height=\"150\" src=\"https:\/\/www.visit-ulcinj.com\/blog\/wp-content\/uploads\/2012\/08\/Nazif-Cungu-priti-n\u00eb-takim-z.-John-Cooney-150x150.jpg\" class=\"attachment-thumbnail size-thumbnail\" alt=\"\" loading=\"lazy\" \/><\/a>\n\t\t\t<\/dt><\/dl><dl class='gallery-item'>\n\t\t\t<dt class='gallery-icon landscape'>\n\t\t\t\t<a href='https:\/\/www.visit-ulcinj.com\/blog\/wp-content\/uploads\/2012\/08\/Nazif-Cungu-priti-n\u00eb-takim-z.-John-Cooney.2.jpg'><img width=\"150\" height=\"150\" src=\"https:\/\/www.visit-ulcinj.com\/blog\/wp-content\/uploads\/2012\/08\/Nazif-Cungu-priti-n\u00eb-takim-z.-John-Cooney.2-150x150.jpg\" class=\"attachment-thumbnail size-thumbnail\" alt=\"\" loading=\"lazy\" \/><\/a>\n\t\t\t<\/dt><\/dl><br style=\"clear: both\" \/>\n\t\t<\/div>\n<br \/>\n<!--YouTube Error: bad URL entered--><br \/>\n<\/strong><\/p>\n","protected":false},"excerpt":{"rendered":"<p>Kryetari i Komun\u00ebs s\u00eb Ulqinit z. Nazif Cungu priti n\u00eb takim z. John Cooney Kryetari i Komun\u00ebs s\u00eb Ulqinit z. Nazif Cungu me bashkpuntor\u00ebt e tij, priti sot n\u00eb takim z. John Cooney, kryetarin e k\u00ebshillit politik dhe ekonomik n\u00eb ambasad\u00ebn e Shteteve t\u00eb Bashkuara t\u00eb Amerik\u00ebs n\u00eb Podgoric\u00eb si dhe bashkpuntor\u00ebt e tij. Kryetari [&hellip;]<\/p>\n","protected":false},"author":1,"featured_media":0,"comment_status":"open","ping_status":"closed","sticky":false,"template":"","format":"standard","meta":{"spay_email":"","jetpack_publicize_message":"","jetpack_is_tweetstorm":false,"jetpack_publicize_feature_enabled":true},"categories":[1,6],"tags":[20885,200,18],"jetpack_publicize_connections":[],"yoast_head":"<!-- This site is optimized with the Yoast SEO plugin v19.1 - https:\/\/yoast.com\/wordpress\/plugins\/seo\/ -->\n<title>John Cooney: Ulqini destinacion p\u00ebr investime p\u00ebr investitor\u00eb amerikan\u00eb - Lajme nga Ulqini<\/title>\n<meta name=\"description\" content=\"Kryetari i Komun\u00ebs s\u00eb Ulqinit z. Nazif Cungu priti n\u00eb takim z. John Cooney Kryetari i Komun\u00ebs s\u00eb Ulqinit z. Nazif Cungu me bashkpuntor\u00ebt e tij, priti sot\" \/>\n<meta name=\"robots\" content=\"index, follow, max-snippet:-1, max-image-preview:large, max-video-preview:-1\" \/>\n<link rel=\"canonical\" href=\"https:\/\/www.visit-ulcinj.com\/blog\/2012\/08\/15\/john-cooney-ulqini-destinacion-per-investime-per-investitore-amerikane\/\" \/>\n<meta property=\"og:locale\" content=\"en_US\" \/>\n<meta property=\"og:type\" content=\"article\" \/>\n<meta property=\"og:title\" content=\"John Cooney: Ulqini destinacion p\u00ebr investime p\u00ebr investitor\u00eb amerikan\u00eb - Lajme nga Ulqini\" \/>\n<meta property=\"og:description\" content=\"Kryetari i Komun\u00ebs s\u00eb Ulqinit z. Nazif Cungu priti n\u00eb takim z. John Cooney Kryetari i Komun\u00ebs s\u00eb Ulqinit z. Nazif Cungu me bashkpuntor\u00ebt e tij, priti sot\" \/>\n<meta property=\"og:url\" content=\"https:\/\/www.visit-ulcinj.com\/blog\/2012\/08\/15\/john-cooney-ulqini-destinacion-per-investime-per-investitore-amerikane\/\" \/>\n<meta property=\"og:site_name\" content=\"Lajme nga Ulqini\" \/>\n<meta property=\"article:published_time\" content=\"2012-08-15T14:22:47+00:00\" \/>\n<meta property=\"article:modified_time\" content=\"2012-08-16T17:55:01+00:00\" \/>\n<meta property=\"og:image\" content=\"https:\/\/www.visit-ulcinj.com\/blog\/wp-content\/uploads\/2012\/08\/Nazif-Cungu-priti-n\u00eb-takim-z.-John-Cooney.1-150x150.jpg\" \/>\n<meta name=\"twitter:label1\" content=\"Written by\" \/>\n\t<meta name=\"twitter:data1\" content=\"ulqini\" \/>\n\t<meta name=\"twitter:label2\" content=\"Est. reading time\" \/>\n\t<meta name=\"twitter:data2\" content=\"2 minutes\" \/>\n<script type=\"application\/ld+json\" class=\"yoast-schema-graph\">{\"@context\":\"https:\/\/schema.org\",\"@graph\":[{\"@type\":\"WebSite\",\"@id\":\"https:\/\/www.visit-ulcinj.com\/blog\/#website\",\"url\":\"https:\/\/www.visit-ulcinj.com\/blog\/\",\"name\":\"Lajme nga Ulqini\",\"description\":\"Lajme,Vijesti,Ulqini,Ulqin,Crna Gora,Mali i Zi\",\"potentialAction\":[{\"@type\":\"SearchAction\",\"target\":{\"@type\":\"EntryPoint\",\"urlTemplate\":\"https:\/\/www.visit-ulcinj.com\/blog\/?s={search_term_string}\"},\"query-input\":\"required name=search_term_string\"}],\"inLanguage\":\"en-US\"},{\"@type\":\"WebPage\",\"@id\":\"https:\/\/www.visit-ulcinj.com\/blog\/2012\/08\/15\/john-cooney-ulqini-destinacion-per-investime-per-investitore-amerikane\/#webpage\",\"url\":\"https:\/\/www.visit-ulcinj.com\/blog\/2012\/08\/15\/john-cooney-ulqini-destinacion-per-investime-per-investitore-amerikane\/\",\"name\":\"John Cooney: Ulqini destinacion p\u00ebr investime p\u00ebr investitor\u00eb amerikan\u00eb - Lajme nga Ulqini\",\"isPartOf\":{\"@id\":\"https:\/\/www.visit-ulcinj.com\/blog\/#website\"},\"datePublished\":\"2012-08-15T14:22:47+00:00\",\"dateModified\":\"2012-08-16T17:55:01+00:00\",\"author\":{\"@id\":\"https:\/\/www.visit-ulcinj.com\/blog\/#\/schema\/person\/dcab619c614d3038751c63bc2aadc06d\"},\"description\":\"Kryetari i Komun\u00ebs s\u00eb Ulqinit z. Nazif Cungu priti n\u00eb takim z. John Cooney Kryetari i Komun\u00ebs s\u00eb Ulqinit z. Nazif Cungu me bashkpuntor\u00ebt e tij, priti sot\",\"breadcrumb\":{\"@id\":\"https:\/\/www.visit-ulcinj.com\/blog\/2012\/08\/15\/john-cooney-ulqini-destinacion-per-investime-per-investitore-amerikane\/#breadcrumb\"},\"inLanguage\":\"en-US\",\"potentialAction\":[{\"@type\":\"ReadAction\",\"target\":[\"https:\/\/www.visit-ulcinj.com\/blog\/2012\/08\/15\/john-cooney-ulqini-destinacion-per-investime-per-investitore-amerikane\/\"]}]},{\"@type\":\"BreadcrumbList\",\"@id\":\"https:\/\/www.visit-ulcinj.com\/blog\/2012\/08\/15\/john-cooney-ulqini-destinacion-per-investime-per-investitore-amerikane\/#breadcrumb\",\"itemListElement\":[{\"@type\":\"ListItem\",\"position\":1,\"name\":\"John Cooney: Ulqini destinacion p\u00ebr investime p\u00ebr investitor\u00eb amerikan\u00eb\"}]},{\"@type\":\"Person\",\"@id\":\"https:\/\/www.visit-ulcinj.com\/blog\/#\/schema\/person\/dcab619c614d3038751c63bc2aadc06d\",\"name\":\"ulqini\",\"sameAs\":[\"http:\/\/www.visit-ulcinj.com\"],\"url\":\"https:\/\/www.visit-ulcinj.com\/blog\/author\/admin\/\"}]}<\/script>\n<!-- \/ Yoast SEO plugin. -->","yoast_head_json":{"title":"John Cooney: Ulqini destinacion p\u00ebr investime p\u00ebr investitor\u00eb amerikan\u00eb - Lajme nga Ulqini","description":"Kryetari i Komun\u00ebs s\u00eb Ulqinit z. Nazif Cungu priti n\u00eb takim z. John Cooney Kryetari i Komun\u00ebs s\u00eb Ulqinit z. Nazif Cungu me bashkpuntor\u00ebt e tij, priti sot","robots":{"index":"index","follow":"follow","max-snippet":"max-snippet:-1","max-image-preview":"max-image-preview:large","max-video-preview":"max-video-preview:-1"},"canonical":"https:\/\/www.visit-ulcinj.com\/blog\/2012\/08\/15\/john-cooney-ulqini-destinacion-per-investime-per-investitore-amerikane\/","og_locale":"en_US","og_type":"article","og_title":"John Cooney: Ulqini destinacion p\u00ebr investime p\u00ebr investitor\u00eb amerikan\u00eb - Lajme nga Ulqini","og_description":"Kryetari i Komun\u00ebs s\u00eb Ulqinit z. Nazif Cungu priti n\u00eb takim z. John Cooney Kryetari i Komun\u00ebs s\u00eb Ulqinit z. Nazif Cungu me bashkpuntor\u00ebt e tij, priti sot","og_url":"https:\/\/www.visit-ulcinj.com\/blog\/2012\/08\/15\/john-cooney-ulqini-destinacion-per-investime-per-investitore-amerikane\/","og_site_name":"Lajme nga Ulqini","article_published_time":"2012-08-15T14:22:47+00:00","article_modified_time":"2012-08-16T17:55:01+00:00","og_image":[{"url":"https:\/\/www.visit-ulcinj.com\/blog\/wp-content\/uploads\/2012\/08\/Nazif-Cungu-priti-n\u00eb-takim-z.-John-Cooney.1-150x150.jpg"}],"twitter_misc":{"Written by":"ulqini","Est. reading time":"2 minutes"},"schema":{"@context":"https:\/\/schema.org","@graph":[{"@type":"WebSite","@id":"https:\/\/www.visit-ulcinj.com\/blog\/#website","url":"https:\/\/www.visit-ulcinj.com\/blog\/","name":"Lajme nga Ulqini","description":"Lajme,Vijesti,Ulqini,Ulqin,Crna Gora,Mali i Zi","potentialAction":[{"@type":"SearchAction","target":{"@type":"EntryPoint","urlTemplate":"https:\/\/www.visit-ulcinj.com\/blog\/?s={search_term_string}"},"query-input":"required name=search_term_string"}],"inLanguage":"en-US"},{"@type":"WebPage","@id":"https:\/\/www.visit-ulcinj.com\/blog\/2012\/08\/15\/john-cooney-ulqini-destinacion-per-investime-per-investitore-amerikane\/#webpage","url":"https:\/\/www.visit-ulcinj.com\/blog\/2012\/08\/15\/john-cooney-ulqini-destinacion-per-investime-per-investitore-amerikane\/","name":"John Cooney: Ulqini destinacion p\u00ebr investime p\u00ebr investitor\u00eb amerikan\u00eb - Lajme nga Ulqini","isPartOf":{"@id":"https:\/\/www.visit-ulcinj.com\/blog\/#website"},"datePublished":"2012-08-15T14:22:47+00:00","dateModified":"2012-08-16T17:55:01+00:00","author":{"@id":"https:\/\/www.visit-ulcinj.com\/blog\/#\/schema\/person\/dcab619c614d3038751c63bc2aadc06d"},"description":"Kryetari i Komun\u00ebs s\u00eb Ulqinit z. Nazif Cungu priti n\u00eb takim z. John Cooney Kryetari i Komun\u00ebs s\u00eb Ulqinit z. Nazif Cungu me bashkpuntor\u00ebt e tij, priti sot","breadcrumb":{"@id":"https:\/\/www.visit-ulcinj.com\/blog\/2012\/08\/15\/john-cooney-ulqini-destinacion-per-investime-per-investitore-amerikane\/#breadcrumb"},"inLanguage":"en-US","potentialAction":[{"@type":"ReadAction","target":["https:\/\/www.visit-ulcinj.com\/blog\/2012\/08\/15\/john-cooney-ulqini-destinacion-per-investime-per-investitore-amerikane\/"]}]},{"@type":"BreadcrumbList","@id":"https:\/\/www.visit-ulcinj.com\/blog\/2012\/08\/15\/john-cooney-ulqini-destinacion-per-investime-per-investitore-amerikane\/#breadcrumb","itemListElement":[{"@type":"ListItem","position":1,"name":"John Cooney: Ulqini destinacion p\u00ebr investime p\u00ebr investitor\u00eb amerikan\u00eb"}]},{"@type":"Person","@id":"https:\/\/www.visit-ulcinj.com\/blog\/#\/schema\/person\/dcab619c614d3038751c63bc2aadc06d","name":"ulqini","sameAs":["http:\/\/www.visit-ulcinj.com"],"url":"https:\/\/www.visit-ulcinj.com\/blog\/author\/admin\/"}]}},"jetpack_featured_media_url":"","jetpack_sharing_enabled":true,"jetpack_shortlink":"https:\/\/wp.me\/pe6lTn-gmw","_links":{"self":[{"href":"https:\/\/www.visit-ulcinj.com\/blog\/wp-json\/wp\/v2\/posts\/62900"}],"collection":[{"href":"https:\/\/www.visit-ulcinj.com\/blog\/wp-json\/wp\/v2\/posts"}],"about":[{"href":"https:\/\/www.visit-ulcinj.com\/blog\/wp-json\/wp\/v2\/types\/post"}],"author":[{"embeddable":true,"href":"https:\/\/www.visit-ulcinj.com\/blog\/wp-json\/wp\/v2\/users\/1"}],"replies":[{"embeddable":true,"href":"https:\/\/www.visit-ulcinj.com\/blog\/wp-json\/wp\/v2\/comments?post=62900"}],"version-history":[{"count":3,"href":"https:\/\/www.visit-ulcinj.com\/blog\/wp-json\/wp\/v2\/posts\/62900\/revisions"}],"predecessor-version":[{"id":62905,"href":"https:\/\/www.visit-ulcinj.com\/blog\/wp-json\/wp\/v2\/posts\/62900\/revisions\/62905"}],"wp:attachment":[{"href":"https:\/\/www.visit-ulcinj.com\/blog\/wp-json\/wp\/v2\/media?parent=62900"}],"wp:term":[{"taxonomy":"category","embeddable":true,"href":"https:\/\/www.visit-ulcinj.com\/blog\/wp-json\/wp\/v2\/categories?post=62900"},{"taxonomy":"post_tag","embeddable":true,"href":"https:\/\/www.visit-ulcinj.com\/blog\/wp-json\/wp\/v2\/tags?post=62900"}],"curies":[{"name":"wp","href":"https:\/\/api.w.org\/{rel}","templated":true}]}}