{"id":62908,"date":"2012-08-15T15:29:12","date_gmt":"2012-08-15T14:29:12","guid":{"rendered":"http:\/\/www.visit-ulcinj.com\/blog\/?p=62908"},"modified":"2012-08-15T15:29:54","modified_gmt":"2012-08-15T14:29:54","slug":"nazif-cungu-docekao-je-g-john-cooneya","status":"publish","type":"post","link":"https:\/\/www.visit-ulcinj.com\/blog\/2012\/08\/15\/nazif-cungu-docekao-je-g-john-cooneya\/","title":{"rendered":"Nazif Cungu do\u010dekao je g. John Cooneya"},"content":{"rendered":"<p><a href=\"http:\/\/www.visit-ulcinj.com\/blog\/wp-content\/uploads\/2012\/08\/Nazif-Cungu-priti-n\u00eb-takim-z.-John-Cooney1.jpg\"><img loading=\"lazy\" class=\"alignleft  wp-image-62909\" title=\"Nazif Cungu priti n\u00eb takim z. John Cooney\" src=\"http:\/\/www.visit-ulcinj.com\/blog\/wp-content\/uploads\/2012\/08\/Nazif-Cungu-priti-n\u00eb-takim-z.-John-Cooney1.jpg\" alt=\"\" width=\"508\" height=\"360\" \/><\/a>Predsjednik Op\u0161tine Ulcinj g. Nazif Cungu sa svojim saradnicima, do\u010dekao je u svome kabinetu g. John Cooneya, predsjednika politi\u0107kog i ekonomskog savjeta u Ambasadi Sjedinjenih Ameri\u010dkih Dr\u017eava u Podgorici i njegove saradnike.<\/p>\n<p>Predsjednik Cungu je upoznao g. Cooney sa dosada\u0161njim dostignu\u0107ima lokalne vlasti Ulcinja, sa budu\u0107im planovima i sa mogu\u0107nostima investiranja u Ulcinju, posebno u oblastima turizma i poljoprivrede. Tako\u0111e je pozvao ameri\u010dke kompanije da budu aktivne i da u\u010destvuju u investicijama koje \u0107e se ubudu\u0107e realizovati u Ulcinj u razne oblasti privrede. Upoznao ih je i sa Odlukom o progla\u0161enju biznis zone u Krutama i sa olak\u0161icama koja o\u010dekuju investitore zainteresovanim da investiraju u toj zoni. Gospodin Cooney je rekao prisutnima da su ameri\u010dki investitori zainteresirani za investicije u Crnoj Gori i \u0107e se sugerisati da i Ulcinj smatraju kao destinaciju za svoje investicije imaju\u0107i u vidu prirodne mogu\u0107nosti koja postoje, a koja su veoma rijetka i povoljne. U ovom pravcu su se saglasili da u narednim sedmicama Ulcinj posjeti i regionalni predstavnik kompanije \u201cNCH Capital\u201d koja je bila druga na tenderu za turisti\u010dku valorizaciju lokacije Kumbor u Tivtu, i kojoj \u0107e se detaljnije prezentovati mogu\u0107nosti investiranja u Ulcinju. Gospodin Cooney je tako\u0111e naglasio da su ameri\u010dke kompanije zainteresirane da se priklju\u010de u realizaciju projekta za vodovod i kanalizaciju, koji \u0107e se ubudu\u0107e realizovati u Ulcinju sredstvima KFW Banke.<\/p>\n<p><strong>Opstina Ulcinj<br \/>\n<strong><!--YouTube Error: bad URL entered--><\/strong><br \/>\n<\/strong><\/p>\n","protected":false},"excerpt":{"rendered":"<p>Predsjednik Op\u0161tine Ulcinj g. Nazif Cungu sa svojim saradnicima, do\u010dekao je u svome kabinetu g. John Cooneya, predsjednika politi\u0107kog i ekonomskog savjeta u Ambasadi Sjedinjenih Ameri\u010dkih Dr\u017eava u Podgorici i njegove saradnike. Predsjednik Cungu je upoznao g. Cooney sa dosada\u0161njim dostignu\u0107ima lokalne vlasti Ulcinja, sa budu\u0107im planovima i sa mogu\u0107nostima investiranja u Ulcinju, posebno u [&hellip;]<\/p>\n","protected":false},"author":1,"featured_media":0,"comment_status":"open","ping_status":"closed","sticky":false,"template":"","format":"standard","meta":{"spay_email":"","jetpack_publicize_message":"","jetpack_is_tweetstorm":false,"jetpack_publicize_feature_enabled":true},"categories":[8337],"tags":[20886],"jetpack_publicize_connections":[],"yoast_head":"<!-- This site is optimized with the Yoast SEO plugin v19.1 - https:\/\/yoast.com\/wordpress\/plugins\/seo\/ -->\n<title>Nazif Cungu do\u010dekao je g. John Cooneya - Lajme nga Ulqini<\/title>\n<meta name=\"description\" content=\"Predsjednik Op\u0161tine Ulcinj g. Nazif Cungu sa svojim saradnicima, do\u010dekao je u svome kabinetu g. John Cooneya, predsjednika politi\u0107kog i ekonomskog savjeta\" \/>\n<meta name=\"robots\" content=\"index, follow, max-snippet:-1, max-image-preview:large, max-video-preview:-1\" \/>\n<link rel=\"canonical\" href=\"https:\/\/www.visit-ulcinj.com\/blog\/2012\/08\/15\/nazif-cungu-docekao-je-g-john-cooneya\/\" \/>\n<meta property=\"og:locale\" content=\"en_US\" \/>\n<meta property=\"og:type\" content=\"article\" \/>\n<meta property=\"og:title\" content=\"Nazif Cungu do\u010dekao je g. John Cooneya - Lajme nga Ulqini\" \/>\n<meta property=\"og:description\" content=\"Predsjednik Op\u0161tine Ulcinj g. Nazif Cungu sa svojim saradnicima, do\u010dekao je u svome kabinetu g. John Cooneya, predsjednika politi\u0107kog i ekonomskog savjeta\" \/>\n<meta property=\"og:url\" content=\"https:\/\/www.visit-ulcinj.com\/blog\/2012\/08\/15\/nazif-cungu-docekao-je-g-john-cooneya\/\" \/>\n<meta property=\"og:site_name\" content=\"Lajme nga Ulqini\" \/>\n<meta property=\"article:published_time\" content=\"2012-08-15T14:29:12+00:00\" \/>\n<meta property=\"article:modified_time\" content=\"2012-08-15T14:29:54+00:00\" \/>\n<meta name=\"twitter:label1\" content=\"Written by\" \/>\n\t<meta name=\"twitter:data1\" content=\"ulqini\" \/>\n\t<meta name=\"twitter:label2\" content=\"Est. reading time\" \/>\n\t<meta name=\"twitter:data2\" content=\"1 minute\" \/>\n<script type=\"application\/ld+json\" class=\"yoast-schema-graph\">{\"@context\":\"https:\/\/schema.org\",\"@graph\":[{\"@type\":\"WebSite\",\"@id\":\"https:\/\/www.visit-ulcinj.com\/blog\/#website\",\"url\":\"https:\/\/www.visit-ulcinj.com\/blog\/\",\"name\":\"Lajme nga Ulqini\",\"description\":\"Lajme,Vijesti,Ulqini,Ulqin,Crna Gora,Mali i Zi\",\"potentialAction\":[{\"@type\":\"SearchAction\",\"target\":{\"@type\":\"EntryPoint\",\"urlTemplate\":\"https:\/\/www.visit-ulcinj.com\/blog\/?s={search_term_string}\"},\"query-input\":\"required name=search_term_string\"}],\"inLanguage\":\"en-US\"},{\"@type\":\"WebPage\",\"@id\":\"https:\/\/www.visit-ulcinj.com\/blog\/2012\/08\/15\/nazif-cungu-docekao-je-g-john-cooneya\/#webpage\",\"url\":\"https:\/\/www.visit-ulcinj.com\/blog\/2012\/08\/15\/nazif-cungu-docekao-je-g-john-cooneya\/\",\"name\":\"Nazif Cungu do\u010dekao je g. John Cooneya - Lajme nga Ulqini\",\"isPartOf\":{\"@id\":\"https:\/\/www.visit-ulcinj.com\/blog\/#website\"},\"datePublished\":\"2012-08-15T14:29:12+00:00\",\"dateModified\":\"2012-08-15T14:29:54+00:00\",\"author\":{\"@id\":\"https:\/\/www.visit-ulcinj.com\/blog\/#\/schema\/person\/dcab619c614d3038751c63bc2aadc06d\"},\"description\":\"Predsjednik Op\u0161tine Ulcinj g. Nazif Cungu sa svojim saradnicima, do\u010dekao je u svome kabinetu g. John Cooneya, predsjednika politi\u0107kog i ekonomskog savjeta\",\"breadcrumb\":{\"@id\":\"https:\/\/www.visit-ulcinj.com\/blog\/2012\/08\/15\/nazif-cungu-docekao-je-g-john-cooneya\/#breadcrumb\"},\"inLanguage\":\"en-US\",\"potentialAction\":[{\"@type\":\"ReadAction\",\"target\":[\"https:\/\/www.visit-ulcinj.com\/blog\/2012\/08\/15\/nazif-cungu-docekao-je-g-john-cooneya\/\"]}]},{\"@type\":\"BreadcrumbList\",\"@id\":\"https:\/\/www.visit-ulcinj.com\/blog\/2012\/08\/15\/nazif-cungu-docekao-je-g-john-cooneya\/#breadcrumb\",\"itemListElement\":[{\"@type\":\"ListItem\",\"position\":1,\"name\":\"Nazif Cungu do\u010dekao je g. John Cooneya\"}]},{\"@type\":\"Person\",\"@id\":\"https:\/\/www.visit-ulcinj.com\/blog\/#\/schema\/person\/dcab619c614d3038751c63bc2aadc06d\",\"name\":\"ulqini\",\"sameAs\":[\"http:\/\/www.visit-ulcinj.com\"],\"url\":\"https:\/\/www.visit-ulcinj.com\/blog\/author\/admin\/\"}]}<\/script>\n<!-- \/ Yoast SEO plugin. -->","yoast_head_json":{"title":"Nazif Cungu do\u010dekao je g. John Cooneya - Lajme nga Ulqini","description":"Predsjednik Op\u0161tine Ulcinj g. Nazif Cungu sa svojim saradnicima, do\u010dekao je u svome kabinetu g. John Cooneya, predsjednika politi\u0107kog i ekonomskog savjeta","robots":{"index":"index","follow":"follow","max-snippet":"max-snippet:-1","max-image-preview":"max-image-preview:large","max-video-preview":"max-video-preview:-1"},"canonical":"https:\/\/www.visit-ulcinj.com\/blog\/2012\/08\/15\/nazif-cungu-docekao-je-g-john-cooneya\/","og_locale":"en_US","og_type":"article","og_title":"Nazif Cungu do\u010dekao je g. John Cooneya - Lajme nga Ulqini","og_description":"Predsjednik Op\u0161tine Ulcinj g. Nazif Cungu sa svojim saradnicima, do\u010dekao je u svome kabinetu g. John Cooneya, predsjednika politi\u0107kog i ekonomskog savjeta","og_url":"https:\/\/www.visit-ulcinj.com\/blog\/2012\/08\/15\/nazif-cungu-docekao-je-g-john-cooneya\/","og_site_name":"Lajme nga Ulqini","article_published_time":"2012-08-15T14:29:12+00:00","article_modified_time":"2012-08-15T14:29:54+00:00","twitter_misc":{"Written by":"ulqini","Est. reading time":"1 minute"},"schema":{"@context":"https:\/\/schema.org","@graph":[{"@type":"WebSite","@id":"https:\/\/www.visit-ulcinj.com\/blog\/#website","url":"https:\/\/www.visit-ulcinj.com\/blog\/","name":"Lajme nga Ulqini","description":"Lajme,Vijesti,Ulqini,Ulqin,Crna Gora,Mali i Zi","potentialAction":[{"@type":"SearchAction","target":{"@type":"EntryPoint","urlTemplate":"https:\/\/www.visit-ulcinj.com\/blog\/?s={search_term_string}"},"query-input":"required name=search_term_string"}],"inLanguage":"en-US"},{"@type":"WebPage","@id":"https:\/\/www.visit-ulcinj.com\/blog\/2012\/08\/15\/nazif-cungu-docekao-je-g-john-cooneya\/#webpage","url":"https:\/\/www.visit-ulcinj.com\/blog\/2012\/08\/15\/nazif-cungu-docekao-je-g-john-cooneya\/","name":"Nazif Cungu do\u010dekao je g. John Cooneya - Lajme nga Ulqini","isPartOf":{"@id":"https:\/\/www.visit-ulcinj.com\/blog\/#website"},"datePublished":"2012-08-15T14:29:12+00:00","dateModified":"2012-08-15T14:29:54+00:00","author":{"@id":"https:\/\/www.visit-ulcinj.com\/blog\/#\/schema\/person\/dcab619c614d3038751c63bc2aadc06d"},"description":"Predsjednik Op\u0161tine Ulcinj g. Nazif Cungu sa svojim saradnicima, do\u010dekao je u svome kabinetu g. John Cooneya, predsjednika politi\u0107kog i ekonomskog savjeta","breadcrumb":{"@id":"https:\/\/www.visit-ulcinj.com\/blog\/2012\/08\/15\/nazif-cungu-docekao-je-g-john-cooneya\/#breadcrumb"},"inLanguage":"en-US","potentialAction":[{"@type":"ReadAction","target":["https:\/\/www.visit-ulcinj.com\/blog\/2012\/08\/15\/nazif-cungu-docekao-je-g-john-cooneya\/"]}]},{"@type":"BreadcrumbList","@id":"https:\/\/www.visit-ulcinj.com\/blog\/2012\/08\/15\/nazif-cungu-docekao-je-g-john-cooneya\/#breadcrumb","itemListElement":[{"@type":"ListItem","position":1,"name":"Nazif Cungu do\u010dekao je g. John Cooneya"}]},{"@type":"Person","@id":"https:\/\/www.visit-ulcinj.com\/blog\/#\/schema\/person\/dcab619c614d3038751c63bc2aadc06d","name":"ulqini","sameAs":["http:\/\/www.visit-ulcinj.com"],"url":"https:\/\/www.visit-ulcinj.com\/blog\/author\/admin\/"}]}},"jetpack_featured_media_url":"","jetpack_sharing_enabled":true,"jetpack_shortlink":"https:\/\/wp.me\/pe6lTn-gmE","_links":{"self":[{"href":"https:\/\/www.visit-ulcinj.com\/blog\/wp-json\/wp\/v2\/posts\/62908"}],"collection":[{"href":"https:\/\/www.visit-ulcinj.com\/blog\/wp-json\/wp\/v2\/posts"}],"about":[{"href":"https:\/\/www.visit-ulcinj.com\/blog\/wp-json\/wp\/v2\/types\/post"}],"author":[{"embeddable":true,"href":"https:\/\/www.visit-ulcinj.com\/blog\/wp-json\/wp\/v2\/users\/1"}],"replies":[{"embeddable":true,"href":"https:\/\/www.visit-ulcinj.com\/blog\/wp-json\/wp\/v2\/comments?post=62908"}],"version-history":[{"count":2,"href":"https:\/\/www.visit-ulcinj.com\/blog\/wp-json\/wp\/v2\/posts\/62908\/revisions"}],"predecessor-version":[{"id":62911,"href":"https:\/\/www.visit-ulcinj.com\/blog\/wp-json\/wp\/v2\/posts\/62908\/revisions\/62911"}],"wp:attachment":[{"href":"https:\/\/www.visit-ulcinj.com\/blog\/wp-json\/wp\/v2\/media?parent=62908"}],"wp:term":[{"taxonomy":"category","embeddable":true,"href":"https:\/\/www.visit-ulcinj.com\/blog\/wp-json\/wp\/v2\/categories?post=62908"},{"taxonomy":"post_tag","embeddable":true,"href":"https:\/\/www.visit-ulcinj.com\/blog\/wp-json\/wp\/v2\/tags?post=62908"}],"curies":[{"name":"wp","href":"https:\/\/api.w.org\/{rel}","templated":true}]}}