{"id":62912,"date":"2012-08-15T16:59:03","date_gmt":"2012-08-15T15:59:03","guid":{"rendered":"http:\/\/www.visit-ulcinj.com\/blog\/?p=62912"},"modified":"2012-08-15T16:59:03","modified_gmt":"2012-08-15T15:59:03","slug":"vdiq-arben-xhaferi","status":"publish","type":"post","link":"https:\/\/www.visit-ulcinj.com\/blog\/2012\/08\/15\/vdiq-arben-xhaferi\/","title":{"rendered":"Vdiq Arb\u00ebn Xhaferi"},"content":{"rendered":"<p><a href=\"http:\/\/www.visit-ulcinj.com\/blog\/wp-content\/uploads\/2012\/08\/Vdiq-Arb\u00ebn-Xhaferi.jpg\"><img loading=\"lazy\" class=\"alignleft  wp-image-62913\" title=\"Vdiq Arb\u00ebn Xhaferi\" src=\"http:\/\/www.visit-ulcinj.com\/blog\/wp-content\/uploads\/2012\/08\/Vdiq-Arb\u00ebn-Xhaferi.jpg\" alt=\"\" width=\"508\" height=\"357\" \/><\/a>Kryetari i nderit t\u00eb Partis\u00eb Demokratike Shqiptare (PDSH) vdiq sot pasdite si pasoj\u00eb e hemorragjis\u00eb cerebrale, njofton Zhurnal.<\/p>\n<p>Mjeku Sllobodan Damjanoski ka konfirmuar lajmin.<\/p>\n<p>\u201cI nd\u00ebrmor\u00ebm t\u00eb gjitha masat e nevojshme p\u00ebr sh\u00ebrim, por p\u00ebr fat t\u00eb keq ndodhi m\u00eb e keqja\u201d, ka th\u00ebn\u00eb Damjanoski.<\/p>\n<p><strong>Xhaferi vuante prej shum\u00eb vitesh nga s\u00ebmundja e Parkinsonit<\/strong><\/p>\n<p>64-vje\u00e7ari vuante prej Parkinsonit q\u00eb prej vitit 2007, vit ky kur ai u detyrua t\u00eb t\u00ebrhiqet nga politika duke iu p\u00ebrkushtuar publicistik\u00ebs. Mbr\u00ebmjen e t\u00eb m\u00ebrkur\u00ebs s\u00eb kaluar ai u gjet n\u00eb banes\u00ebn e tij n\u00eb Tetov\u00eb ku jetonte i vet\u00ebm.<\/p>\n<p><strong>Kush \u00ebsht\u00eb Arb\u00ebn Xhaferi<\/strong><\/p>\n<p>Arb\u00ebn Xhaferi ka lindur m\u00eb 24 janar 1948 n\u00eb Tetov\u00eb. Shkoll\u00ebn fillore dhe gjimnazin e ka kryer n\u00eb vendlindje. Ka vazhduar studimet n\u00eb deg\u00ebn e Filozofis\u00eb n\u00eb Beograd ku ka mbaruar me sukses.<\/p>\n<p>Nga viti 1975 deri n\u00eb vitin 1990 punon n\u00eb Televizionin e Prishtin\u00ebs si redaktor p\u00ebrgjegj\u00ebs dhe komentator i programit t\u00eb kultur\u00ebs. Nga mesi i viteve 1990 \u00ebsht\u00eb nd\u00ebr t\u00eb par\u00ebt q\u00eb p\u00ebrjashtohet nga Televizioni nga regjimi i Miloshevi\u00e7it. Pas k\u00ebsaj periudhe punon si analist n\u00eb t\u00eb p\u00ebrjavshmen &#8220;Koha&#8221; me editor Veton Surroin, n\u00eb &#8220;Forum&#8221; q\u00eb drejtohej nga Adem Dema\u00e7i dhe n\u00eb disa media t\u00eb tjera shqiptare p\u00ebrfshir\u00eb dhe shum\u00eb gazeta prestigjioze n\u00eb bot\u00eb.<\/p>\n<p>Do t\u00eb vij\u00eb viti 1993 kur Arb\u00ebn Xhaferi do t\u00eb kthehet n\u00eb vendlindje, tashm\u00eb jo si analist, por si politikan. N\u00eb vitin 1994 zgjidhet kryetar partie.<\/p>\n<p>PDSH e udh\u00ebhequr nga Xhaferi arriti t\u00eb fitojn\u00eb zgjedhjet parlamentare t\u00eb vitit 1998. Erdhi n\u00eb pushtet me nj\u00eb strategji krejt\u00ebsisht te re. Xhaferi njihet si nd\u00ebrtuesi i platform\u00ebs p\u00ebr demokraci konsensuale, si nj\u00eb parakusht p\u00ebr parandalimin e tendencave margjinalizuese t\u00eb aplikuara n\u00eb at\u00eb koh\u00eb kundrejt shqiptar\u00ebve, por dhe si mjet q\u00eb mund t\u00eb ishte efikas kund\u00ebr ndarjeve territoriale q\u00eb sot e k\u00ebsaj dite i kanosen Maqedonis\u00eb.<\/p>\n<p>Gjat\u00eb konfliktit t\u00eb armatosur t\u00eb vitit 2001, Xhaferi investohet tek faktori nd\u00ebrkomb\u00ebtar q\u00eb motivet e luft\u00ebs t\u00eb mos k\u00ebrkohen atje ku nuk ekzistonin, pra n\u00eb Kosov\u00eb apo te animet gjenetike t\u00eb shqiptar\u00ebve p\u00ebr rebelim, ashtu si\u00e7 pretendonin faktor\u00ebt maqedonas, por te koncepti i shtetit i cili nuk p\u00ebrputhej me realitetin.<\/p>\n<p>Qasja e Xhaferit n\u00eb at\u00eb koh\u00eb turbullirash u p\u00ebrkrah m\u00eb n\u00eb fund nga faktori nd\u00ebrkomb\u00ebtar, duke b\u00ebr\u00eb t\u00eb mundur legjitimimin e luft\u00ebs s\u00eb shqiptar\u00ebve, duke nisur k\u00ebshtu maratona e Ohrit, q\u00eb p\u00ebrfundoi me nj\u00eb marr\u00ebveshje p\u00ebr nd\u00ebrrimin e konceptit etnocentrik t\u00eb shtetit.<\/p>\n<p>N\u00eb zgjedhjet e 15 shtatorit t\u00eb vitit 2002 Xhaferi kalon n\u00eb opozit\u00eb. Ai mbajti postin e kryetarit t\u00eb partis\u00eb deri n\u00eb vitin 2007, kur u z\u00ebvend\u00ebsua nga Menduh Tha\u00e7i.<\/p>\n<p><strong>Gazeta Express<\/strong><\/p>\n","protected":false},"excerpt":{"rendered":"<p>Kryetari i nderit t\u00eb Partis\u00eb Demokratike Shqiptare (PDSH) vdiq sot pasdite si pasoj\u00eb e hemorragjis\u00eb cerebrale, njofton Zhurnal. Mjeku Sllobodan Damjanoski ka konfirmuar lajmin. \u201cI nd\u00ebrmor\u00ebm t\u00eb gjitha masat e nevojshme p\u00ebr sh\u00ebrim, por p\u00ebr fat t\u00eb keq ndodhi m\u00eb e keqja\u201d, ka th\u00ebn\u00eb Damjanoski. Xhaferi vuante prej shum\u00eb vitesh nga s\u00ebmundja e Parkinsonit 64-vje\u00e7ari [&hellip;]<\/p>\n","protected":false},"author":1,"featured_media":0,"comment_status":"open","ping_status":"closed","sticky":false,"template":"","format":"standard","meta":{"spay_email":"","jetpack_publicize_message":"","jetpack_is_tweetstorm":false,"jetpack_publicize_feature_enabled":true},"categories":[14],"tags":[20887,14639],"jetpack_publicize_connections":[],"yoast_head":"<!-- This site is optimized with the Yoast SEO plugin v19.1 - https:\/\/yoast.com\/wordpress\/plugins\/seo\/ -->\n<title>Vdiq Arb\u00ebn Xhaferi - Lajme nga Ulqini<\/title>\n<meta name=\"description\" content=\"Kryetari i nderit t\u00eb Partis\u00eb Demokratike Shqiptare (PDSH) vdiq sot pasdite si pasoj\u00eb e hemorragjis\u00eb cerebrale, njofton Zhurnal. Mjeku Sllobodan Damjanoski\" \/>\n<meta name=\"robots\" content=\"index, follow, max-snippet:-1, max-image-preview:large, max-video-preview:-1\" \/>\n<link rel=\"canonical\" href=\"https:\/\/www.visit-ulcinj.com\/blog\/2012\/08\/15\/vdiq-arben-xhaferi\/\" \/>\n<meta property=\"og:locale\" content=\"en_US\" \/>\n<meta property=\"og:type\" content=\"article\" \/>\n<meta property=\"og:title\" content=\"Vdiq Arb\u00ebn Xhaferi - Lajme nga Ulqini\" \/>\n<meta property=\"og:description\" content=\"Kryetari i nderit t\u00eb Partis\u00eb Demokratike Shqiptare (PDSH) vdiq sot pasdite si pasoj\u00eb e hemorragjis\u00eb cerebrale, njofton Zhurnal. Mjeku Sllobodan Damjanoski\" \/>\n<meta property=\"og:url\" content=\"https:\/\/www.visit-ulcinj.com\/blog\/2012\/08\/15\/vdiq-arben-xhaferi\/\" \/>\n<meta property=\"og:site_name\" content=\"Lajme nga Ulqini\" \/>\n<meta property=\"article:published_time\" content=\"2012-08-15T15:59:03+00:00\" \/>\n<meta name=\"twitter:label1\" content=\"Written by\" \/>\n\t<meta name=\"twitter:data1\" content=\"ulqini\" \/>\n\t<meta name=\"twitter:label2\" content=\"Est. reading time\" \/>\n\t<meta name=\"twitter:data2\" content=\"2 minutes\" \/>\n<script type=\"application\/ld+json\" class=\"yoast-schema-graph\">{\"@context\":\"https:\/\/schema.org\",\"@graph\":[{\"@type\":\"WebSite\",\"@id\":\"https:\/\/www.visit-ulcinj.com\/blog\/#website\",\"url\":\"https:\/\/www.visit-ulcinj.com\/blog\/\",\"name\":\"Lajme nga Ulqini\",\"description\":\"Lajme,Vijesti,Ulqini,Ulqin,Crna Gora,Mali i Zi\",\"potentialAction\":[{\"@type\":\"SearchAction\",\"target\":{\"@type\":\"EntryPoint\",\"urlTemplate\":\"https:\/\/www.visit-ulcinj.com\/blog\/?s={search_term_string}\"},\"query-input\":\"required name=search_term_string\"}],\"inLanguage\":\"en-US\"},{\"@type\":\"WebPage\",\"@id\":\"https:\/\/www.visit-ulcinj.com\/blog\/2012\/08\/15\/vdiq-arben-xhaferi\/#webpage\",\"url\":\"https:\/\/www.visit-ulcinj.com\/blog\/2012\/08\/15\/vdiq-arben-xhaferi\/\",\"name\":\"Vdiq Arb\u00ebn Xhaferi - Lajme nga Ulqini\",\"isPartOf\":{\"@id\":\"https:\/\/www.visit-ulcinj.com\/blog\/#website\"},\"datePublished\":\"2012-08-15T15:59:03+00:00\",\"dateModified\":\"2012-08-15T15:59:03+00:00\",\"author\":{\"@id\":\"https:\/\/www.visit-ulcinj.com\/blog\/#\/schema\/person\/dcab619c614d3038751c63bc2aadc06d\"},\"description\":\"Kryetari i nderit t\u00eb Partis\u00eb Demokratike Shqiptare (PDSH) vdiq sot pasdite si pasoj\u00eb e hemorragjis\u00eb cerebrale, njofton Zhurnal. Mjeku Sllobodan Damjanoski\",\"breadcrumb\":{\"@id\":\"https:\/\/www.visit-ulcinj.com\/blog\/2012\/08\/15\/vdiq-arben-xhaferi\/#breadcrumb\"},\"inLanguage\":\"en-US\",\"potentialAction\":[{\"@type\":\"ReadAction\",\"target\":[\"https:\/\/www.visit-ulcinj.com\/blog\/2012\/08\/15\/vdiq-arben-xhaferi\/\"]}]},{\"@type\":\"BreadcrumbList\",\"@id\":\"https:\/\/www.visit-ulcinj.com\/blog\/2012\/08\/15\/vdiq-arben-xhaferi\/#breadcrumb\",\"itemListElement\":[{\"@type\":\"ListItem\",\"position\":1,\"name\":\"Vdiq Arb\u00ebn Xhaferi\"}]},{\"@type\":\"Person\",\"@id\":\"https:\/\/www.visit-ulcinj.com\/blog\/#\/schema\/person\/dcab619c614d3038751c63bc2aadc06d\",\"name\":\"ulqini\",\"sameAs\":[\"http:\/\/www.visit-ulcinj.com\"],\"url\":\"https:\/\/www.visit-ulcinj.com\/blog\/author\/admin\/\"}]}<\/script>\n<!-- \/ Yoast SEO plugin. -->","yoast_head_json":{"title":"Vdiq Arb\u00ebn Xhaferi - Lajme nga Ulqini","description":"Kryetari i nderit t\u00eb Partis\u00eb Demokratike Shqiptare (PDSH) vdiq sot pasdite si pasoj\u00eb e hemorragjis\u00eb cerebrale, njofton Zhurnal. Mjeku Sllobodan Damjanoski","robots":{"index":"index","follow":"follow","max-snippet":"max-snippet:-1","max-image-preview":"max-image-preview:large","max-video-preview":"max-video-preview:-1"},"canonical":"https:\/\/www.visit-ulcinj.com\/blog\/2012\/08\/15\/vdiq-arben-xhaferi\/","og_locale":"en_US","og_type":"article","og_title":"Vdiq Arb\u00ebn Xhaferi - Lajme nga Ulqini","og_description":"Kryetari i nderit t\u00eb Partis\u00eb Demokratike Shqiptare (PDSH) vdiq sot pasdite si pasoj\u00eb e hemorragjis\u00eb cerebrale, njofton Zhurnal. Mjeku Sllobodan Damjanoski","og_url":"https:\/\/www.visit-ulcinj.com\/blog\/2012\/08\/15\/vdiq-arben-xhaferi\/","og_site_name":"Lajme nga Ulqini","article_published_time":"2012-08-15T15:59:03+00:00","twitter_misc":{"Written by":"ulqini","Est. reading time":"2 minutes"},"schema":{"@context":"https:\/\/schema.org","@graph":[{"@type":"WebSite","@id":"https:\/\/www.visit-ulcinj.com\/blog\/#website","url":"https:\/\/www.visit-ulcinj.com\/blog\/","name":"Lajme nga Ulqini","description":"Lajme,Vijesti,Ulqini,Ulqin,Crna Gora,Mali i Zi","potentialAction":[{"@type":"SearchAction","target":{"@type":"EntryPoint","urlTemplate":"https:\/\/www.visit-ulcinj.com\/blog\/?s={search_term_string}"},"query-input":"required name=search_term_string"}],"inLanguage":"en-US"},{"@type":"WebPage","@id":"https:\/\/www.visit-ulcinj.com\/blog\/2012\/08\/15\/vdiq-arben-xhaferi\/#webpage","url":"https:\/\/www.visit-ulcinj.com\/blog\/2012\/08\/15\/vdiq-arben-xhaferi\/","name":"Vdiq Arb\u00ebn Xhaferi - Lajme nga Ulqini","isPartOf":{"@id":"https:\/\/www.visit-ulcinj.com\/blog\/#website"},"datePublished":"2012-08-15T15:59:03+00:00","dateModified":"2012-08-15T15:59:03+00:00","author":{"@id":"https:\/\/www.visit-ulcinj.com\/blog\/#\/schema\/person\/dcab619c614d3038751c63bc2aadc06d"},"description":"Kryetari i nderit t\u00eb Partis\u00eb Demokratike Shqiptare (PDSH) vdiq sot pasdite si pasoj\u00eb e hemorragjis\u00eb cerebrale, njofton Zhurnal. Mjeku Sllobodan Damjanoski","breadcrumb":{"@id":"https:\/\/www.visit-ulcinj.com\/blog\/2012\/08\/15\/vdiq-arben-xhaferi\/#breadcrumb"},"inLanguage":"en-US","potentialAction":[{"@type":"ReadAction","target":["https:\/\/www.visit-ulcinj.com\/blog\/2012\/08\/15\/vdiq-arben-xhaferi\/"]}]},{"@type":"BreadcrumbList","@id":"https:\/\/www.visit-ulcinj.com\/blog\/2012\/08\/15\/vdiq-arben-xhaferi\/#breadcrumb","itemListElement":[{"@type":"ListItem","position":1,"name":"Vdiq Arb\u00ebn Xhaferi"}]},{"@type":"Person","@id":"https:\/\/www.visit-ulcinj.com\/blog\/#\/schema\/person\/dcab619c614d3038751c63bc2aadc06d","name":"ulqini","sameAs":["http:\/\/www.visit-ulcinj.com"],"url":"https:\/\/www.visit-ulcinj.com\/blog\/author\/admin\/"}]}},"jetpack_featured_media_url":"","jetpack_sharing_enabled":true,"jetpack_shortlink":"https:\/\/wp.me\/pe6lTn-gmI","_links":{"self":[{"href":"https:\/\/www.visit-ulcinj.com\/blog\/wp-json\/wp\/v2\/posts\/62912"}],"collection":[{"href":"https:\/\/www.visit-ulcinj.com\/blog\/wp-json\/wp\/v2\/posts"}],"about":[{"href":"https:\/\/www.visit-ulcinj.com\/blog\/wp-json\/wp\/v2\/types\/post"}],"author":[{"embeddable":true,"href":"https:\/\/www.visit-ulcinj.com\/blog\/wp-json\/wp\/v2\/users\/1"}],"replies":[{"embeddable":true,"href":"https:\/\/www.visit-ulcinj.com\/blog\/wp-json\/wp\/v2\/comments?post=62912"}],"version-history":[{"count":2,"href":"https:\/\/www.visit-ulcinj.com\/blog\/wp-json\/wp\/v2\/posts\/62912\/revisions"}],"predecessor-version":[{"id":62915,"href":"https:\/\/www.visit-ulcinj.com\/blog\/wp-json\/wp\/v2\/posts\/62912\/revisions\/62915"}],"wp:attachment":[{"href":"https:\/\/www.visit-ulcinj.com\/blog\/wp-json\/wp\/v2\/media?parent=62912"}],"wp:term":[{"taxonomy":"category","embeddable":true,"href":"https:\/\/www.visit-ulcinj.com\/blog\/wp-json\/wp\/v2\/categories?post=62912"},{"taxonomy":"post_tag","embeddable":true,"href":"https:\/\/www.visit-ulcinj.com\/blog\/wp-json\/wp\/v2\/tags?post=62912"}],"curies":[{"name":"wp","href":"https:\/\/api.w.org\/{rel}","templated":true}]}}