{"id":62916,"date":"2012-08-15T17:19:47","date_gmt":"2012-08-15T16:19:47","guid":{"rendered":"http:\/\/www.visit-ulcinj.com\/blog\/?p=62916"},"modified":"2012-08-15T17:20:39","modified_gmt":"2012-08-15T16:20:39","slug":"mehmet-zenka-odgovorio-predstavnicima-opozicionih-albanskih-partija","status":"publish","type":"post","link":"https:\/\/www.visit-ulcinj.com\/blog\/2012\/08\/15\/mehmet-zenka-odgovorio-predstavnicima-opozicionih-albanskih-partija\/","title":{"rendered":"Mehmet Zenka odgovorio predstavnicima opozicionih albanskih partija"},"content":{"rendered":"<p><a href=\"http:\/\/www.visit-ulcinj.com\/blog\/wp-content\/uploads\/2012\/08\/ZENKA.jpg\"><img loading=\"lazy\" class=\"alignleft size-full wp-image-62917\" title=\"ZENKA\" src=\"http:\/\/www.visit-ulcinj.com\/blog\/wp-content\/uploads\/2012\/08\/ZENKA.jpg\" alt=\"\" width=\"253\" height=\"255\" srcset=\"https:\/\/www.visit-ulcinj.com\/blog\/wp-content\/uploads\/2012\/08\/ZENKA.jpg 253w, https:\/\/www.visit-ulcinj.com\/blog\/wp-content\/uploads\/2012\/08\/ZENKA-150x150.jpg 150w\" sizes=\"(max-width: 253px) 100vw, 253px\" \/><\/a>Svima koji brinu kakve politi\u010dke pravce ima Demokratska unija Albanaca (DUA) poru\u010dujem da od osnivanja pa do danas imamo isto opredjeljenje i da nikada nijesmo lutali po politi\u010dkoj sceni Crne Gore, kazao je predsjednik Demokratske unije Albanaca Mehmet Zenka.<br \/>\nOn je, u izjavi za \u201eDan\u201d, istakao da je Demokratska unija Albanaca u klju\u010dnim trenucima znala da odgovori korektnom i pravilnom politikom, koja je prije svega bila u interesu Albanaca.<br \/>\n\u2013 Ostaloj gospodi, koja poslednjih 20 godina luta iz jedne u drugu stranku, ostavljam da se pozabave svojim politi\u010dkim opredjeljenjima. DUA ima glasa\u010dko tijelo koje je tri puta vi\u0161e od onoga \u0161to oni pri\u010daju, a njima savjetujem da se pona\u0161aju u skladu sa svojim politi\u010dkim kapacitetima \u2013 naglasio je Zenka.<br \/>\nIsti\u010de da o politi\u010dkom kredibilitetu albanskih opozicionih partija govori to \u0161to je potrebno da se nekoliko njih ujedini kako bi osvojile jedan poslani\u010dki mandat.<br \/>\n\u2013 Pokazuje se da je potpuno opravdan moj strah od prljavih politi\u010dkih udaraca. Oni nijesu osobina Demokratske unije Albanaca a ne \u017eelim ni da budu karakteristika ostalih albanskih partija \u2013 naveo je Zenka.<br \/>\nKomentari\u0161u\u0107i navode \u0161efa kluba albanskih partija Vaselja Sini\u0161taja da se nije pojavio na konsultacijama oko nastupa na predstoje\u0107im izborima, Zenka je rekao da je bio na slu\u017ebenom putu.<br \/>\n\u2013 Sastanku je prisustvovao moj zamjenik, a to je bio jedini put da smo pozvani na zajedni\u010dke pregovore \u2013 zaklju\u010dio je Zenka.<\/p>\n<p>&nbsp;<\/p>\n<p><a href=\"http:\/\/www.dan.co.me\/?nivo=3&amp;rubrika=Politika&amp;clanak=343444&amp;najdatum=2012-08-14&amp;datum=2012-08-15&amp;naslov=DUA%20ne%20luta%20po%20politi%E8koj%20sceni\" target=\"_blank\"><strong>Bo. M.<\/strong><\/a><br \/>\n<a href=\"http:\/\/www.dan.co.me\/?nivo=3&amp;rubrika=Politika&amp;clanak=343444&amp;najdatum=2012-08-14&amp;datum=2012-08-15&amp;naslov=DUA%20ne%20luta%20po%20politi%E8koj%20sceni\" target=\"_blank\"><strong> Izvor: DAN<\/strong><\/a><\/p>\n","protected":false},"excerpt":{"rendered":"<p>Svima koji brinu kakve politi\u010dke pravce ima Demokratska unija Albanaca (DUA) poru\u010dujem da od osnivanja pa do danas imamo isto opredjeljenje i da nikada nijesmo lutali po politi\u010dkoj sceni Crne Gore, kazao je predsjednik Demokratske unije Albanaca Mehmet Zenka. On je, u izjavi za \u201eDan\u201d, istakao da je Demokratska unija Albanaca u klju\u010dnim trenucima znala [&hellip;]<\/p>\n","protected":false},"author":1,"featured_media":0,"comment_status":"open","ping_status":"closed","sticky":false,"template":"","format":"standard","meta":{"spay_email":"","jetpack_publicize_message":"","jetpack_is_tweetstorm":false,"jetpack_publicize_feature_enabled":true},"categories":[8337],"tags":[3371],"jetpack_publicize_connections":[],"yoast_head":"<!-- This site is optimized with the Yoast SEO plugin v19.1 - https:\/\/yoast.com\/wordpress\/plugins\/seo\/ -->\n<title>Mehmet Zenka odgovorio predstavnicima opozicionih albanskih partija - Lajme nga Ulqini<\/title>\n<meta name=\"description\" content=\"Svima koji brinu kakve politi\u010dke pravce ima Demokratska unija Albanaca (DUA) poru\u010dujem da od osnivanja pa do danas imamo isto opredjeljenje i da nikada\" \/>\n<meta name=\"robots\" content=\"index, follow, max-snippet:-1, max-image-preview:large, max-video-preview:-1\" \/>\n<link rel=\"canonical\" href=\"https:\/\/www.visit-ulcinj.com\/blog\/2012\/08\/15\/mehmet-zenka-odgovorio-predstavnicima-opozicionih-albanskih-partija\/\" \/>\n<meta property=\"og:locale\" content=\"en_US\" \/>\n<meta property=\"og:type\" content=\"article\" \/>\n<meta property=\"og:title\" content=\"Mehmet Zenka odgovorio predstavnicima opozicionih albanskih partija - Lajme nga Ulqini\" \/>\n<meta property=\"og:description\" content=\"Svima koji brinu kakve politi\u010dke pravce ima Demokratska unija Albanaca (DUA) poru\u010dujem da od osnivanja pa do danas imamo isto opredjeljenje i da nikada\" \/>\n<meta property=\"og:url\" content=\"https:\/\/www.visit-ulcinj.com\/blog\/2012\/08\/15\/mehmet-zenka-odgovorio-predstavnicima-opozicionih-albanskih-partija\/\" \/>\n<meta property=\"og:site_name\" content=\"Lajme nga Ulqini\" \/>\n<meta property=\"article:published_time\" content=\"2012-08-15T16:19:47+00:00\" \/>\n<meta property=\"article:modified_time\" content=\"2012-08-15T16:20:39+00:00\" \/>\n<meta property=\"og:image\" content=\"http:\/\/www.visit-ulcinj.com\/blog\/wp-content\/uploads\/2012\/08\/ZENKA.jpg\" \/>\n<meta name=\"twitter:label1\" content=\"Written by\" \/>\n\t<meta name=\"twitter:data1\" content=\"ulqini\" \/>\n\t<meta name=\"twitter:label2\" content=\"Est. reading time\" \/>\n\t<meta name=\"twitter:data2\" content=\"1 minute\" \/>\n<script type=\"application\/ld+json\" class=\"yoast-schema-graph\">{\"@context\":\"https:\/\/schema.org\",\"@graph\":[{\"@type\":\"WebSite\",\"@id\":\"https:\/\/www.visit-ulcinj.com\/blog\/#website\",\"url\":\"https:\/\/www.visit-ulcinj.com\/blog\/\",\"name\":\"Lajme nga Ulqini\",\"description\":\"Lajme,Vijesti,Ulqini,Ulqin,Crna Gora,Mali i Zi\",\"potentialAction\":[{\"@type\":\"SearchAction\",\"target\":{\"@type\":\"EntryPoint\",\"urlTemplate\":\"https:\/\/www.visit-ulcinj.com\/blog\/?s={search_term_string}\"},\"query-input\":\"required name=search_term_string\"}],\"inLanguage\":\"en-US\"},{\"@type\":\"ImageObject\",\"inLanguage\":\"en-US\",\"@id\":\"https:\/\/www.visit-ulcinj.com\/blog\/2012\/08\/15\/mehmet-zenka-odgovorio-predstavnicima-opozicionih-albanskih-partija\/#primaryimage\",\"url\":\"https:\/\/www.visit-ulcinj.com\/blog\/wp-content\/uploads\/2012\/08\/ZENKA.jpg\",\"contentUrl\":\"https:\/\/www.visit-ulcinj.com\/blog\/wp-content\/uploads\/2012\/08\/ZENKA.jpg\",\"width\":\"253\",\"height\":\"255\"},{\"@type\":\"WebPage\",\"@id\":\"https:\/\/www.visit-ulcinj.com\/blog\/2012\/08\/15\/mehmet-zenka-odgovorio-predstavnicima-opozicionih-albanskih-partija\/#webpage\",\"url\":\"https:\/\/www.visit-ulcinj.com\/blog\/2012\/08\/15\/mehmet-zenka-odgovorio-predstavnicima-opozicionih-albanskih-partija\/\",\"name\":\"Mehmet Zenka odgovorio predstavnicima opozicionih albanskih partija - Lajme nga Ulqini\",\"isPartOf\":{\"@id\":\"https:\/\/www.visit-ulcinj.com\/blog\/#website\"},\"primaryImageOfPage\":{\"@id\":\"https:\/\/www.visit-ulcinj.com\/blog\/2012\/08\/15\/mehmet-zenka-odgovorio-predstavnicima-opozicionih-albanskih-partija\/#primaryimage\"},\"datePublished\":\"2012-08-15T16:19:47+00:00\",\"dateModified\":\"2012-08-15T16:20:39+00:00\",\"author\":{\"@id\":\"https:\/\/www.visit-ulcinj.com\/blog\/#\/schema\/person\/dcab619c614d3038751c63bc2aadc06d\"},\"description\":\"Svima koji brinu kakve politi\u010dke pravce ima Demokratska unija Albanaca (DUA) poru\u010dujem da od osnivanja pa do danas imamo isto opredjeljenje i da nikada\",\"breadcrumb\":{\"@id\":\"https:\/\/www.visit-ulcinj.com\/blog\/2012\/08\/15\/mehmet-zenka-odgovorio-predstavnicima-opozicionih-albanskih-partija\/#breadcrumb\"},\"inLanguage\":\"en-US\",\"potentialAction\":[{\"@type\":\"ReadAction\",\"target\":[\"https:\/\/www.visit-ulcinj.com\/blog\/2012\/08\/15\/mehmet-zenka-odgovorio-predstavnicima-opozicionih-albanskih-partija\/\"]}]},{\"@type\":\"BreadcrumbList\",\"@id\":\"https:\/\/www.visit-ulcinj.com\/blog\/2012\/08\/15\/mehmet-zenka-odgovorio-predstavnicima-opozicionih-albanskih-partija\/#breadcrumb\",\"itemListElement\":[{\"@type\":\"ListItem\",\"position\":1,\"name\":\"Mehmet Zenka odgovorio predstavnicima opozicionih albanskih partija\"}]},{\"@type\":\"Person\",\"@id\":\"https:\/\/www.visit-ulcinj.com\/blog\/#\/schema\/person\/dcab619c614d3038751c63bc2aadc06d\",\"name\":\"ulqini\",\"sameAs\":[\"http:\/\/www.visit-ulcinj.com\"],\"url\":\"https:\/\/www.visit-ulcinj.com\/blog\/author\/admin\/\"}]}<\/script>\n<!-- \/ Yoast SEO plugin. -->","yoast_head_json":{"title":"Mehmet Zenka odgovorio predstavnicima opozicionih albanskih partija - Lajme nga Ulqini","description":"Svima koji brinu kakve politi\u010dke pravce ima Demokratska unija Albanaca (DUA) poru\u010dujem da od osnivanja pa do danas imamo isto opredjeljenje i da nikada","robots":{"index":"index","follow":"follow","max-snippet":"max-snippet:-1","max-image-preview":"max-image-preview:large","max-video-preview":"max-video-preview:-1"},"canonical":"https:\/\/www.visit-ulcinj.com\/blog\/2012\/08\/15\/mehmet-zenka-odgovorio-predstavnicima-opozicionih-albanskih-partija\/","og_locale":"en_US","og_type":"article","og_title":"Mehmet Zenka odgovorio predstavnicima opozicionih albanskih partija - Lajme nga Ulqini","og_description":"Svima koji brinu kakve politi\u010dke pravce ima Demokratska unija Albanaca (DUA) poru\u010dujem da od osnivanja pa do danas imamo isto opredjeljenje i da nikada","og_url":"https:\/\/www.visit-ulcinj.com\/blog\/2012\/08\/15\/mehmet-zenka-odgovorio-predstavnicima-opozicionih-albanskih-partija\/","og_site_name":"Lajme nga Ulqini","article_published_time":"2012-08-15T16:19:47+00:00","article_modified_time":"2012-08-15T16:20:39+00:00","og_image":[{"url":"http:\/\/www.visit-ulcinj.com\/blog\/wp-content\/uploads\/2012\/08\/ZENKA.jpg"}],"twitter_misc":{"Written by":"ulqini","Est. reading time":"1 minute"},"schema":{"@context":"https:\/\/schema.org","@graph":[{"@type":"WebSite","@id":"https:\/\/www.visit-ulcinj.com\/blog\/#website","url":"https:\/\/www.visit-ulcinj.com\/blog\/","name":"Lajme nga Ulqini","description":"Lajme,Vijesti,Ulqini,Ulqin,Crna Gora,Mali i Zi","potentialAction":[{"@type":"SearchAction","target":{"@type":"EntryPoint","urlTemplate":"https:\/\/www.visit-ulcinj.com\/blog\/?s={search_term_string}"},"query-input":"required name=search_term_string"}],"inLanguage":"en-US"},{"@type":"ImageObject","inLanguage":"en-US","@id":"https:\/\/www.visit-ulcinj.com\/blog\/2012\/08\/15\/mehmet-zenka-odgovorio-predstavnicima-opozicionih-albanskih-partija\/#primaryimage","url":"https:\/\/www.visit-ulcinj.com\/blog\/wp-content\/uploads\/2012\/08\/ZENKA.jpg","contentUrl":"https:\/\/www.visit-ulcinj.com\/blog\/wp-content\/uploads\/2012\/08\/ZENKA.jpg","width":"253","height":"255"},{"@type":"WebPage","@id":"https:\/\/www.visit-ulcinj.com\/blog\/2012\/08\/15\/mehmet-zenka-odgovorio-predstavnicima-opozicionih-albanskih-partija\/#webpage","url":"https:\/\/www.visit-ulcinj.com\/blog\/2012\/08\/15\/mehmet-zenka-odgovorio-predstavnicima-opozicionih-albanskih-partija\/","name":"Mehmet Zenka odgovorio predstavnicima opozicionih albanskih partija - Lajme nga Ulqini","isPartOf":{"@id":"https:\/\/www.visit-ulcinj.com\/blog\/#website"},"primaryImageOfPage":{"@id":"https:\/\/www.visit-ulcinj.com\/blog\/2012\/08\/15\/mehmet-zenka-odgovorio-predstavnicima-opozicionih-albanskih-partija\/#primaryimage"},"datePublished":"2012-08-15T16:19:47+00:00","dateModified":"2012-08-15T16:20:39+00:00","author":{"@id":"https:\/\/www.visit-ulcinj.com\/blog\/#\/schema\/person\/dcab619c614d3038751c63bc2aadc06d"},"description":"Svima koji brinu kakve politi\u010dke pravce ima Demokratska unija Albanaca (DUA) poru\u010dujem da od osnivanja pa do danas imamo isto opredjeljenje i da nikada","breadcrumb":{"@id":"https:\/\/www.visit-ulcinj.com\/blog\/2012\/08\/15\/mehmet-zenka-odgovorio-predstavnicima-opozicionih-albanskih-partija\/#breadcrumb"},"inLanguage":"en-US","potentialAction":[{"@type":"ReadAction","target":["https:\/\/www.visit-ulcinj.com\/blog\/2012\/08\/15\/mehmet-zenka-odgovorio-predstavnicima-opozicionih-albanskih-partija\/"]}]},{"@type":"BreadcrumbList","@id":"https:\/\/www.visit-ulcinj.com\/blog\/2012\/08\/15\/mehmet-zenka-odgovorio-predstavnicima-opozicionih-albanskih-partija\/#breadcrumb","itemListElement":[{"@type":"ListItem","position":1,"name":"Mehmet Zenka odgovorio predstavnicima opozicionih albanskih partija"}]},{"@type":"Person","@id":"https:\/\/www.visit-ulcinj.com\/blog\/#\/schema\/person\/dcab619c614d3038751c63bc2aadc06d","name":"ulqini","sameAs":["http:\/\/www.visit-ulcinj.com"],"url":"https:\/\/www.visit-ulcinj.com\/blog\/author\/admin\/"}]}},"jetpack_featured_media_url":"","jetpack_sharing_enabled":true,"jetpack_shortlink":"https:\/\/wp.me\/pe6lTn-gmM","_links":{"self":[{"href":"https:\/\/www.visit-ulcinj.com\/blog\/wp-json\/wp\/v2\/posts\/62916"}],"collection":[{"href":"https:\/\/www.visit-ulcinj.com\/blog\/wp-json\/wp\/v2\/posts"}],"about":[{"href":"https:\/\/www.visit-ulcinj.com\/blog\/wp-json\/wp\/v2\/types\/post"}],"author":[{"embeddable":true,"href":"https:\/\/www.visit-ulcinj.com\/blog\/wp-json\/wp\/v2\/users\/1"}],"replies":[{"embeddable":true,"href":"https:\/\/www.visit-ulcinj.com\/blog\/wp-json\/wp\/v2\/comments?post=62916"}],"version-history":[{"count":2,"href":"https:\/\/www.visit-ulcinj.com\/blog\/wp-json\/wp\/v2\/posts\/62916\/revisions"}],"predecessor-version":[{"id":62919,"href":"https:\/\/www.visit-ulcinj.com\/blog\/wp-json\/wp\/v2\/posts\/62916\/revisions\/62919"}],"wp:attachment":[{"href":"https:\/\/www.visit-ulcinj.com\/blog\/wp-json\/wp\/v2\/media?parent=62916"}],"wp:term":[{"taxonomy":"category","embeddable":true,"href":"https:\/\/www.visit-ulcinj.com\/blog\/wp-json\/wp\/v2\/categories?post=62916"},{"taxonomy":"post_tag","embeddable":true,"href":"https:\/\/www.visit-ulcinj.com\/blog\/wp-json\/wp\/v2\/tags?post=62916"}],"curies":[{"name":"wp","href":"https:\/\/api.w.org\/{rel}","templated":true}]}}