{"id":6292,"date":"2008-11-18T06:31:03","date_gmt":"2008-11-18T11:31:03","guid":{"rendered":"http:\/\/www.visit-ulcinj.com\/blog\/?p=6292"},"modified":"2008-11-18T06:34:09","modified_gmt":"2008-11-18T11:34:09","slug":"kujovic-imali-bi-vecinu-i-na-referendumu","status":"publish","type":"post","link":"https:\/\/www.visit-ulcinj.com\/blog\/2008\/11\/18\/kujovic-imali-bi-vecinu-i-na-referendumu\/","title":{"rendered":"Kujovi?: Imali bi ve?inu i na referendumu"},"content":{"rendered":"<p><a href=\"http:\/\/www.visit-ulcinj.com\/blog\/wp-content\/uploads\/2008\/11\/alijansa-crna-gora_nato.png\"><img loading=\"lazy\" class=\"alignleft size-medium wp-image-6293\" title=\"alijansa-crna-gora_nato\" src=\"http:\/\/www.visit-ulcinj.com\/blog\/wp-content\/uploads\/2008\/11\/alijansa-crna-gora_nato-300x71.png\" alt=\"\" width=\"331\" height=\"135\" \/><\/a><strong>Dragan Kujovi? ka\u017ee da ni jedan dokument pa ni Ustav ne obavezuje Vladu da raspi\u0161e plebiscit o ?lanstvu u NATO <\/strong><br \/>\nODGORICA &#8211; Predsjednik Skup\u0161tinskog odbora za odbranu i bezbjednost Dragan Kujovi? ocijenio je ju?e da bi na eventualnom referendumu za ?lanstvo u NATO opcija za priklju?enje toj vojno &#8211; politi?koj organizaciji dobila podr\u0161ku vi\u0161e od 50 odsto crnogorskih bira?a.<br \/>\n&#8211; Ako bi parlament donio odluku o raspisivanju refrenduma, onda ni\u0161ta nebi smetalo da se odluka o ?lanstvu donese na referendumu. Tvrdim da bi takvom eventalnom referendumu imali podr\u0161ku ve?u od 50 odsto. Samo treba objasniti gra?anima koji je na\u0161 nacionalni interes za ?lanstvo Crne Gore u toj organizaciji \u2013 kazao je Kujovi? za Republiku. On je reagujuju?i na sve ?e\u0161?e pozive opozicije da je referendum jedini na?in odlu?ivanja o pristupanju Alijansi kazao da je racionalnije takvu odluku donijeti u parlamentu.<br \/>\nKujovi? je kazao da ni jedan dokument pa ni Ustav ne obavezuje Vladu da se mora na referendumu donijeti odluka o pristupanju Alijansi.<br \/>\nOn je ocijenio da u skup\u0161tini ve? postoji dvotre?inska ve?ina za podr\u0161ku za ?lanstva u toj vojno-politi?koj organizaciji.<br \/>\n&#8211; PZP se ve? javno deklarisao da ?e podr\u017eati ulazak u NATO i sa njima imamo ve? dvotre?insku podr\u0161ku u parlamentu zajedno sa koalicijom na vlasti i nekim manjim nacionalnim strankama. Meni se ?ini da na crnogorskoj politi?koj sceni postoji jo\u0161 stranaka koji ?e to podr\u017eati &#8211; kazao je Kujovi?, dodaju?i da ipak ne treba apriori odbaciti ni one tvrdnje i stanovi\u0161ta da bi o ?lanstvu u NATO trebalo da se izjasne gra?ani na referendumu.<br \/>\n&#8211; Pleebiscit zaista jeste najdemokratskije izja\u0161njavanje, ali mo\u017eda bi bilo bolje toj problematici racionalnije pristupiti odnosno prepustiti parlamentu da donese takvu odluku\u2013napomenuo je Kujovi?.<br \/>\nOn je ocijenio da je Crna Gora donijelu gotovu svu legislativu za potrebnu za ubrzani proces priklju?enja evroatlantskim integracijama.<\/p>\n<div style=\"width: 279px\" class=\"wp-caption alignright\"><a href=\"http:\/\/www.vlada.cg.yu\/img\/1179151262.jpg\"><img loading=\"lazy\" title=\"Dragan Kujovi?\" src=\"http:\/\/www.vlada.cg.yu\/img\/1179151262.jpg\" alt=\"Dragan Kujovi?\" width=\"269\" height=\"202\" \/><\/a><p class=\"wp-caption-text\">Dragan Kujovi?<\/p><\/div>\n<p>&#8211; Sa dono\u0161enjem strategija odbrane i nacionalne bezbjednosti koje bi uskoro trebalo da bude usvojene u parlamentu, kao i sa ve? usvojenim zakonom o mirovnim misijama bi manje ili vi\u0161e gotovo bila potpuno zaokru\u017eena pravna regulativa koja defini\u0161e status odbrane u Crnoj Gori\u2013naveo je Kujovi?. On je kazao da je neophodno jo\u0161 Vlada odnosno ministarstvo odbrane predlo\u017ei usagla\u0161avanje zakona o odbrani i vojsci sa Ustavnim odredbama.<br \/>\n&#8211; To ?emo vrlo brzo u?initi kroz izmjene i dopune. To je osnovna regulativa koja je potrebna da imamo ispunjene pravne standarde za priklju?enje NATO &#8211; rekao je Kujovi?.<br \/>\n<strong>N.Ze?evi?<\/strong><br \/>\n<strong><br \/>\nOpozicija da ka\u017ee popu da je pop, a bobu da je bob<\/strong><br \/>\nKujovi? je pohvalio ministarstvo odbrane i njene ?elnike na do sada ura?enom poslu. &#8211; Bez obzira na pojedine disonantne izjave iz opozicije smatram da MO radi dobar posao. Opozicija je tu da se sa ni?im ne sla\u017ee ali ja bih radije ?uo da pohvale ono \u0161to je dobro &#8211; naveo je Kujovi?. On je kazao da bi bilo dobro da opozicija ka\u017ee &#8221;popu da je pop a bobu da je bob&#8221;. &#8211; Nije sve za kritiku jer ima ne?eg dobro. Ono \u0161to radi Boro Vu?ini? je temeljno, dobro i odmjereno u sklladu sa onim \u0161to je savremeni model odbrane \u2013 kazao je Kujovi?.<br \/>\n<strong>Izvor \/Republika<\/strong><\/p>\n<!--YouTube Error: bad URL entered-->\n","protected":false},"excerpt":{"rendered":"<p>Dragan Kujovi? ka\u017ee da ni jedan dokument pa ni Ustav ne obavezuje Vladu da raspi\u0161e plebiscit o ?lanstvu u NATO ODGORICA &#8211; Predsjednik Skup\u0161tinskog odbora za odbranu i bezbjednost Dragan Kujovi? ocijenio je ju?e da bi na eventualnom referendumu za ?lanstvo u NATO opcija za priklju?enje toj vojno &#8211; politi?koj organizaciji dobila podr\u0161ku vi\u0161e od [&hellip;]<\/p>\n","protected":false},"author":1,"featured_media":0,"comment_status":"open","ping_status":"closed","sticky":false,"template":"","format":"standard","meta":{"spay_email":"","jetpack_publicize_message":"","jetpack_is_tweetstorm":false,"jetpack_publicize_feature_enabled":true},"categories":[6],"tags":[20,5083],"jetpack_publicize_connections":[],"yoast_head":"<!-- This site is optimized with the Yoast SEO plugin v19.1 - https:\/\/yoast.com\/wordpress\/plugins\/seo\/ -->\n<title>Kujovi?: Imali bi ve?inu i na referendumu - Lajme nga Ulqini<\/title>\n<meta name=\"description\" content=\"Dragan Kujovi? ka\u017ee da ni jedan dokument pa ni Ustav ne obavezuje Vladu da raspi\u0161e plebiscit o ?lanstvu u NATO ODGORICA - Predsjednik Skup\u0161tinskog odbora\" \/>\n<meta name=\"robots\" content=\"index, follow, max-snippet:-1, max-image-preview:large, max-video-preview:-1\" \/>\n<link rel=\"canonical\" href=\"https:\/\/www.visit-ulcinj.com\/blog\/2008\/11\/18\/kujovic-imali-bi-vecinu-i-na-referendumu\/\" \/>\n<meta property=\"og:locale\" content=\"en_US\" \/>\n<meta property=\"og:type\" content=\"article\" \/>\n<meta property=\"og:title\" content=\"Kujovi?: Imali bi ve?inu i na referendumu - Lajme nga Ulqini\" \/>\n<meta property=\"og:description\" content=\"Dragan Kujovi? ka\u017ee da ni jedan dokument pa ni Ustav ne obavezuje Vladu da raspi\u0161e plebiscit o ?lanstvu u NATO ODGORICA - Predsjednik Skup\u0161tinskog odbora\" \/>\n<meta property=\"og:url\" content=\"https:\/\/www.visit-ulcinj.com\/blog\/2008\/11\/18\/kujovic-imali-bi-vecinu-i-na-referendumu\/\" \/>\n<meta property=\"og:site_name\" content=\"Lajme nga Ulqini\" \/>\n<meta property=\"article:published_time\" content=\"2008-11-18T11:31:03+00:00\" \/>\n<meta property=\"article:modified_time\" content=\"2008-11-18T11:34:09+00:00\" \/>\n<meta property=\"og:image\" content=\"http:\/\/www.visit-ulcinj.com\/blog\/wp-content\/uploads\/2008\/11\/alijansa-crna-gora_nato-300x71.png\" \/>\n<meta name=\"twitter:label1\" content=\"Written by\" \/>\n\t<meta name=\"twitter:data1\" content=\"ulqini\" \/>\n\t<meta name=\"twitter:label2\" content=\"Est. reading time\" \/>\n\t<meta name=\"twitter:data2\" content=\"3 minutes\" \/>\n<script type=\"application\/ld+json\" class=\"yoast-schema-graph\">{\"@context\":\"https:\/\/schema.org\",\"@graph\":[{\"@type\":\"WebSite\",\"@id\":\"https:\/\/www.visit-ulcinj.com\/blog\/#website\",\"url\":\"https:\/\/www.visit-ulcinj.com\/blog\/\",\"name\":\"Lajme nga Ulqini\",\"description\":\"Lajme,Vijesti,Ulqini,Ulqin,Crna Gora,Mali i Zi\",\"potentialAction\":[{\"@type\":\"SearchAction\",\"target\":{\"@type\":\"EntryPoint\",\"urlTemplate\":\"https:\/\/www.visit-ulcinj.com\/blog\/?s={search_term_string}\"},\"query-input\":\"required name=search_term_string\"}],\"inLanguage\":\"en-US\"},{\"@type\":\"ImageObject\",\"inLanguage\":\"en-US\",\"@id\":\"https:\/\/www.visit-ulcinj.com\/blog\/2008\/11\/18\/kujovic-imali-bi-vecinu-i-na-referendumu\/#primaryimage\",\"url\":\"http:\/\/www.visit-ulcinj.com\/blog\/wp-content\/uploads\/2008\/11\/alijansa-crna-gora_nato-300x71.png\",\"contentUrl\":\"http:\/\/www.visit-ulcinj.com\/blog\/wp-content\/uploads\/2008\/11\/alijansa-crna-gora_nato-300x71.png\"},{\"@type\":\"WebPage\",\"@id\":\"https:\/\/www.visit-ulcinj.com\/blog\/2008\/11\/18\/kujovic-imali-bi-vecinu-i-na-referendumu\/#webpage\",\"url\":\"https:\/\/www.visit-ulcinj.com\/blog\/2008\/11\/18\/kujovic-imali-bi-vecinu-i-na-referendumu\/\",\"name\":\"Kujovi?: Imali bi ve?inu i na referendumu - Lajme nga Ulqini\",\"isPartOf\":{\"@id\":\"https:\/\/www.visit-ulcinj.com\/blog\/#website\"},\"primaryImageOfPage\":{\"@id\":\"https:\/\/www.visit-ulcinj.com\/blog\/2008\/11\/18\/kujovic-imali-bi-vecinu-i-na-referendumu\/#primaryimage\"},\"datePublished\":\"2008-11-18T11:31:03+00:00\",\"dateModified\":\"2008-11-18T11:34:09+00:00\",\"author\":{\"@id\":\"https:\/\/www.visit-ulcinj.com\/blog\/#\/schema\/person\/dcab619c614d3038751c63bc2aadc06d\"},\"description\":\"Dragan Kujovi? ka\u017ee da ni jedan dokument pa ni Ustav ne obavezuje Vladu da raspi\u0161e plebiscit o ?lanstvu u NATO ODGORICA - Predsjednik Skup\u0161tinskog odbora\",\"breadcrumb\":{\"@id\":\"https:\/\/www.visit-ulcinj.com\/blog\/2008\/11\/18\/kujovic-imali-bi-vecinu-i-na-referendumu\/#breadcrumb\"},\"inLanguage\":\"en-US\",\"potentialAction\":[{\"@type\":\"ReadAction\",\"target\":[\"https:\/\/www.visit-ulcinj.com\/blog\/2008\/11\/18\/kujovic-imali-bi-vecinu-i-na-referendumu\/\"]}]},{\"@type\":\"BreadcrumbList\",\"@id\":\"https:\/\/www.visit-ulcinj.com\/blog\/2008\/11\/18\/kujovic-imali-bi-vecinu-i-na-referendumu\/#breadcrumb\",\"itemListElement\":[{\"@type\":\"ListItem\",\"position\":1,\"name\":\"Kujovi?: Imali bi ve?inu i na referendumu\"}]},{\"@type\":\"Person\",\"@id\":\"https:\/\/www.visit-ulcinj.com\/blog\/#\/schema\/person\/dcab619c614d3038751c63bc2aadc06d\",\"name\":\"ulqini\",\"sameAs\":[\"http:\/\/www.visit-ulcinj.com\"],\"url\":\"https:\/\/www.visit-ulcinj.com\/blog\/author\/admin\/\"}]}<\/script>\n<!-- \/ Yoast SEO plugin. -->","yoast_head_json":{"title":"Kujovi?: Imali bi ve?inu i na referendumu - Lajme nga Ulqini","description":"Dragan Kujovi? ka\u017ee da ni jedan dokument pa ni Ustav ne obavezuje Vladu da raspi\u0161e plebiscit o ?lanstvu u NATO ODGORICA - Predsjednik Skup\u0161tinskog odbora","robots":{"index":"index","follow":"follow","max-snippet":"max-snippet:-1","max-image-preview":"max-image-preview:large","max-video-preview":"max-video-preview:-1"},"canonical":"https:\/\/www.visit-ulcinj.com\/blog\/2008\/11\/18\/kujovic-imali-bi-vecinu-i-na-referendumu\/","og_locale":"en_US","og_type":"article","og_title":"Kujovi?: Imali bi ve?inu i na referendumu - Lajme nga Ulqini","og_description":"Dragan Kujovi? ka\u017ee da ni jedan dokument pa ni Ustav ne obavezuje Vladu da raspi\u0161e plebiscit o ?lanstvu u NATO ODGORICA - Predsjednik Skup\u0161tinskog odbora","og_url":"https:\/\/www.visit-ulcinj.com\/blog\/2008\/11\/18\/kujovic-imali-bi-vecinu-i-na-referendumu\/","og_site_name":"Lajme nga Ulqini","article_published_time":"2008-11-18T11:31:03+00:00","article_modified_time":"2008-11-18T11:34:09+00:00","og_image":[{"url":"http:\/\/www.visit-ulcinj.com\/blog\/wp-content\/uploads\/2008\/11\/alijansa-crna-gora_nato-300x71.png"}],"twitter_misc":{"Written by":"ulqini","Est. reading time":"3 minutes"},"schema":{"@context":"https:\/\/schema.org","@graph":[{"@type":"WebSite","@id":"https:\/\/www.visit-ulcinj.com\/blog\/#website","url":"https:\/\/www.visit-ulcinj.com\/blog\/","name":"Lajme nga Ulqini","description":"Lajme,Vijesti,Ulqini,Ulqin,Crna Gora,Mali i Zi","potentialAction":[{"@type":"SearchAction","target":{"@type":"EntryPoint","urlTemplate":"https:\/\/www.visit-ulcinj.com\/blog\/?s={search_term_string}"},"query-input":"required name=search_term_string"}],"inLanguage":"en-US"},{"@type":"ImageObject","inLanguage":"en-US","@id":"https:\/\/www.visit-ulcinj.com\/blog\/2008\/11\/18\/kujovic-imali-bi-vecinu-i-na-referendumu\/#primaryimage","url":"http:\/\/www.visit-ulcinj.com\/blog\/wp-content\/uploads\/2008\/11\/alijansa-crna-gora_nato-300x71.png","contentUrl":"http:\/\/www.visit-ulcinj.com\/blog\/wp-content\/uploads\/2008\/11\/alijansa-crna-gora_nato-300x71.png"},{"@type":"WebPage","@id":"https:\/\/www.visit-ulcinj.com\/blog\/2008\/11\/18\/kujovic-imali-bi-vecinu-i-na-referendumu\/#webpage","url":"https:\/\/www.visit-ulcinj.com\/blog\/2008\/11\/18\/kujovic-imali-bi-vecinu-i-na-referendumu\/","name":"Kujovi?: Imali bi ve?inu i na referendumu - Lajme nga Ulqini","isPartOf":{"@id":"https:\/\/www.visit-ulcinj.com\/blog\/#website"},"primaryImageOfPage":{"@id":"https:\/\/www.visit-ulcinj.com\/blog\/2008\/11\/18\/kujovic-imali-bi-vecinu-i-na-referendumu\/#primaryimage"},"datePublished":"2008-11-18T11:31:03+00:00","dateModified":"2008-11-18T11:34:09+00:00","author":{"@id":"https:\/\/www.visit-ulcinj.com\/blog\/#\/schema\/person\/dcab619c614d3038751c63bc2aadc06d"},"description":"Dragan Kujovi? ka\u017ee da ni jedan dokument pa ni Ustav ne obavezuje Vladu da raspi\u0161e plebiscit o ?lanstvu u NATO ODGORICA - Predsjednik Skup\u0161tinskog odbora","breadcrumb":{"@id":"https:\/\/www.visit-ulcinj.com\/blog\/2008\/11\/18\/kujovic-imali-bi-vecinu-i-na-referendumu\/#breadcrumb"},"inLanguage":"en-US","potentialAction":[{"@type":"ReadAction","target":["https:\/\/www.visit-ulcinj.com\/blog\/2008\/11\/18\/kujovic-imali-bi-vecinu-i-na-referendumu\/"]}]},{"@type":"BreadcrumbList","@id":"https:\/\/www.visit-ulcinj.com\/blog\/2008\/11\/18\/kujovic-imali-bi-vecinu-i-na-referendumu\/#breadcrumb","itemListElement":[{"@type":"ListItem","position":1,"name":"Kujovi?: Imali bi ve?inu i na referendumu"}]},{"@type":"Person","@id":"https:\/\/www.visit-ulcinj.com\/blog\/#\/schema\/person\/dcab619c614d3038751c63bc2aadc06d","name":"ulqini","sameAs":["http:\/\/www.visit-ulcinj.com"],"url":"https:\/\/www.visit-ulcinj.com\/blog\/author\/admin\/"}]}},"jetpack_featured_media_url":"","jetpack_sharing_enabled":true,"jetpack_shortlink":"https:\/\/wp.me\/pe6lTn-1Du","_links":{"self":[{"href":"https:\/\/www.visit-ulcinj.com\/blog\/wp-json\/wp\/v2\/posts\/6292"}],"collection":[{"href":"https:\/\/www.visit-ulcinj.com\/blog\/wp-json\/wp\/v2\/posts"}],"about":[{"href":"https:\/\/www.visit-ulcinj.com\/blog\/wp-json\/wp\/v2\/types\/post"}],"author":[{"embeddable":true,"href":"https:\/\/www.visit-ulcinj.com\/blog\/wp-json\/wp\/v2\/users\/1"}],"replies":[{"embeddable":true,"href":"https:\/\/www.visit-ulcinj.com\/blog\/wp-json\/wp\/v2\/comments?post=6292"}],"version-history":[{"count":0,"href":"https:\/\/www.visit-ulcinj.com\/blog\/wp-json\/wp\/v2\/posts\/6292\/revisions"}],"wp:attachment":[{"href":"https:\/\/www.visit-ulcinj.com\/blog\/wp-json\/wp\/v2\/media?parent=6292"}],"wp:term":[{"taxonomy":"category","embeddable":true,"href":"https:\/\/www.visit-ulcinj.com\/blog\/wp-json\/wp\/v2\/categories?post=6292"},{"taxonomy":"post_tag","embeddable":true,"href":"https:\/\/www.visit-ulcinj.com\/blog\/wp-json\/wp\/v2\/tags?post=6292"}],"curies":[{"name":"wp","href":"https:\/\/api.w.org\/{rel}","templated":true}]}}