{"id":62925,"date":"2012-08-16T13:49:55","date_gmt":"2012-08-16T12:49:55","guid":{"rendered":"http:\/\/www.visit-ulcinj.com\/blog\/?p=62925"},"modified":"2012-08-16T13:52:20","modified_gmt":"2012-08-16T12:52:20","slug":"knsh-ja-mesazh-ngushellimi-familje-xhaferi","status":"publish","type":"post","link":"https:\/\/www.visit-ulcinj.com\/blog\/2012\/08\/16\/knsh-ja-mesazh-ngushellimi-familje-xhaferi\/","title":{"rendered":"KNSH-ja: Mesazh ngush\u00ebllimi familje Xhaferi"},"content":{"rendered":"<p style=\"text-align: left;\"><a href=\"http:\/\/www.visit-ulcinj.com\/blog\/wp-content\/uploads\/2011\/03\/KNSH_MZ_logo.jpg\"><img loading=\"lazy\" class=\"alignleft  wp-image-45189\" title=\"KNSH_MZ_logo\" src=\"http:\/\/www.visit-ulcinj.com\/blog\/wp-content\/uploads\/2011\/03\/KNSH_MZ_logo.jpg\" alt=\"\" width=\"318\" height=\"142\" srcset=\"https:\/\/www.visit-ulcinj.com\/blog\/wp-content\/uploads\/2011\/03\/KNSH_MZ_logo.jpg 318w, https:\/\/www.visit-ulcinj.com\/blog\/wp-content\/uploads\/2011\/03\/KNSH_MZ_logo-300x133.jpg 300w\" sizes=\"(max-width: 318px) 100vw, 318px\" \/><\/a>K\u00cbSHILLI NACIONAL I SHQIPTAR\u00cbVE N\u00cb MALIN E ZI<\/p>\n<p style=\"text-align: left;\">NACIONALNI SAVJET ALBANACA U CRNOJ GORI<\/p>\n<p style=\"text-align: left;\">ALBANIAN NATIONAL COUNCIL IN MONTENEGRO<\/p>\n<p><strong>Ulqin m\u00eb,\u00a0 15.08. 2012<\/strong><\/p>\n<p><strong>\u00a0\u00a0\u00a0\u00a0\u00a0\u00a0\u00a0\u00a0\u00a0\u00a0\u00a0 Nr. 65\/12<\/strong><\/p>\n<p><strong>\u00a0\u00a0\u00a0\u00a0\u00a0\u00a0\u00a0\u00a0\u00a0\u00a0\u00a0\u00a0\u00a0\u00a0\u00a0\u00a0\u00a0\u00a0\u00a0\u00a0\u00a0\u00a0\u00a0\u00a0\u00a0\u00a0\u00a0\u00a0\u00a0\u00a0\u00a0\u00a0 \u00a0\u00a0\u00a0\u00a0\u00a0\u00a0\u00a0\u00a0\u00a0\u00a0\u00a0\u00a0<\/strong><\/p>\n<p align=\"center\"><strong>Mesazh ngush\u00ebllimi<\/strong><\/p>\n<p><strong>\u00a0<\/strong><\/p>\n<p><strong>\u00a0<\/strong><strong>E<\/strong><strong> nderuara familje Xhaferi,<\/strong><\/p>\n<p>&nbsp;<\/p>\n<p>Me\u00a0 pik\u00ebllim dhe dhimbje t\u00eb thell\u00eb, mor\u00ebm lajmin p\u00ebr\u00a0 ndarjen nga jeta t\u00eb njeriut tuaj m\u00eb t\u00eb dashur,udh\u00ebheq\u00ebsit e liderit politik t\u00eb shqiptar\u00ebve n\u00eb Maqedoni,patriotit dhe politikanit t\u00eb urt\u00eb e larg\u00ebpam\u00ebs t\u00eb mbar\u00eb kombit\u00a0 shqiptar\u00eb.<\/p>\n<p>&nbsp;<\/p>\n<p>Ndarja nga jeta e Arb\u00ebnit\u00a0 \u00a0tuaj t\u00eb dashur, \u00ebsht\u00eb\u00a0 nj\u00eb humbje e madhe, p\u00ebr\u00a0 Ju \u00a0si familje n\u00eb radh\u00eb t\u00eb par\u00eb, p\u00ebr \u00a0politik\u00ebn shqiptare n\u00eb Maqedoni, elit\u00ebn politike e intelektuale \u00a0shqiptare \u00a0dhe kombin shqiptar\u00eb n\u00eb p\u00ebrgjith\u00ebsi.<\/p>\n<p>&nbsp;<\/p>\n<p>Arb\u00ebn\u00a0 Xhaferi, ishte dhe do t\u00eb mbetet shembull i nj\u00eb politikani e intelektuali me ideale t\u00eb larta komb\u00ebtare, i cili t\u00ebr\u00eb qenien, energjin\u00eb \u00a0dhe kapacitetin \u00a0e vet intelektual\u00a0 e vuri n\u00eb sh\u00ebrbim t\u00eb mbrojtjes \u00a0s\u00eb \u00a0interesave t\u00eb shqiptar\u00ebve n\u00eb Maqedoni\u00a0 dhe \u00a0\u00e7\u00ebshtjes \u00a0komb\u00ebtare \u00a0n\u00eb t\u00ebr\u00ebsi.<\/p>\n<p>&nbsp;<\/p>\n<p>Duke ndar\u00eb me Ju, k\u00ebt\u00eb \u00a0pik\u00ebllim\u00a0 \u00a0t\u00eb\u00a0 madh , \u00a0n\u00eb em\u00ebr t\u00eb K\u00ebshillit Nacional t\u00eb \u00a0Shqiptar\u00ebve n\u00eb Malin e Zi dhe n\u00eb emrin tim, ju shpreh ngush\u00ebllimet m\u00eb t\u00eb sinqerta e v\u00ebllaz\u00ebrore.<\/p>\n<p>Me respekt dhe dhimbje,<br \/>\n<a href=\"http:\/\/www.visit-ulcinj.com\/blog\/wp-content\/uploads\/2011\/03\/Keshilli-Nacional-Shqiptar-ne-Mal-te-Zi_KUMTES-MEDIA.jpg\"><img loading=\"lazy\" class=\"alignleft size-full wp-image-45190\" title=\"Keshilli Nacional Shqiptar ne Mal te Zi_KUMTES MEDIA\" src=\"http:\/\/www.visit-ulcinj.com\/blog\/wp-content\/uploads\/2011\/03\/Keshilli-Nacional-Shqiptar-ne-Mal-te-Zi_KUMTES-MEDIA.jpg\" alt=\"\" width=\"508\" height=\"158\" \/><\/a><\/p>\n","protected":false},"excerpt":{"rendered":"<p>K\u00cbSHILLI NACIONAL I SHQIPTAR\u00cbVE N\u00cb MALIN E ZI NACIONALNI SAVJET ALBANACA U CRNOJ GORI ALBANIAN NATIONAL COUNCIL IN MONTENEGRO Ulqin m\u00eb,\u00a0 15.08. 2012 \u00a0\u00a0\u00a0\u00a0\u00a0\u00a0\u00a0\u00a0\u00a0\u00a0\u00a0 Nr. 65\/12 \u00a0\u00a0\u00a0\u00a0\u00a0\u00a0\u00a0\u00a0\u00a0\u00a0\u00a0\u00a0\u00a0\u00a0\u00a0\u00a0\u00a0\u00a0\u00a0\u00a0\u00a0\u00a0\u00a0\u00a0\u00a0\u00a0\u00a0\u00a0\u00a0\u00a0\u00a0\u00a0 \u00a0\u00a0\u00a0\u00a0\u00a0\u00a0\u00a0\u00a0\u00a0\u00a0\u00a0\u00a0 Mesazh ngush\u00ebllimi \u00a0 \u00a0E nderuara familje Xhaferi, &nbsp; Me\u00a0 pik\u00ebllim dhe dhimbje t\u00eb thell\u00eb, mor\u00ebm lajmin p\u00ebr\u00a0 ndarjen nga jeta t\u00eb njeriut tuaj m\u00eb t\u00eb dashur,udh\u00ebheq\u00ebsit e [&hellip;]<\/p>\n","protected":false},"author":1,"featured_media":0,"comment_status":"open","ping_status":"closed","sticky":false,"template":"","format":"standard","meta":{"spay_email":"","jetpack_publicize_message":"","jetpack_is_tweetstorm":false,"jetpack_publicize_feature_enabled":true},"categories":[12],"tags":[5896],"jetpack_publicize_connections":[],"yoast_head":"<!-- This site is optimized with the Yoast SEO plugin v19.1 - https:\/\/yoast.com\/wordpress\/plugins\/seo\/ -->\n<title>KNSH-ja: Mesazh ngush\u00ebllimi familje Xhaferi - Lajme nga Ulqini<\/title>\n<meta name=\"description\" content=\"K\u00cbSHILLI NACIONAL I SHQIPTAR\u00cbVE N\u00cb MALIN E ZI NACIONALNI SAVJET ALBANACA U CRNOJ GORI ALBANIAN NATIONAL COUNCIL IN MONTENEGRO Ulqin m\u00eb,\u00a0 15.08. 2012\" \/>\n<meta name=\"robots\" content=\"index, follow, max-snippet:-1, max-image-preview:large, max-video-preview:-1\" \/>\n<link rel=\"canonical\" href=\"https:\/\/www.visit-ulcinj.com\/blog\/2012\/08\/16\/knsh-ja-mesazh-ngushellimi-familje-xhaferi\/\" \/>\n<meta property=\"og:locale\" content=\"en_US\" \/>\n<meta property=\"og:type\" content=\"article\" \/>\n<meta property=\"og:title\" content=\"KNSH-ja: Mesazh ngush\u00ebllimi familje Xhaferi - Lajme nga Ulqini\" \/>\n<meta property=\"og:description\" content=\"K\u00cbSHILLI NACIONAL I SHQIPTAR\u00cbVE N\u00cb MALIN E ZI NACIONALNI SAVJET ALBANACA U CRNOJ GORI ALBANIAN NATIONAL COUNCIL IN MONTENEGRO Ulqin m\u00eb,\u00a0 15.08. 2012\" \/>\n<meta property=\"og:url\" content=\"https:\/\/www.visit-ulcinj.com\/blog\/2012\/08\/16\/knsh-ja-mesazh-ngushellimi-familje-xhaferi\/\" \/>\n<meta property=\"og:site_name\" content=\"Lajme nga Ulqini\" \/>\n<meta property=\"article:published_time\" content=\"2012-08-16T12:49:55+00:00\" \/>\n<meta property=\"article:modified_time\" content=\"2012-08-16T12:52:20+00:00\" \/>\n<meta property=\"og:image\" content=\"http:\/\/www.visit-ulcinj.com\/blog\/wp-content\/uploads\/2011\/03\/KNSH_MZ_logo.jpg\" \/>\n<meta name=\"twitter:label1\" content=\"Written by\" \/>\n\t<meta name=\"twitter:data1\" content=\"ulqini\" \/>\n\t<meta name=\"twitter:label2\" content=\"Est. reading time\" \/>\n\t<meta name=\"twitter:data2\" content=\"1 minute\" \/>\n<script type=\"application\/ld+json\" class=\"yoast-schema-graph\">{\"@context\":\"https:\/\/schema.org\",\"@graph\":[{\"@type\":\"WebSite\",\"@id\":\"https:\/\/www.visit-ulcinj.com\/blog\/#website\",\"url\":\"https:\/\/www.visit-ulcinj.com\/blog\/\",\"name\":\"Lajme nga Ulqini\",\"description\":\"Lajme,Vijesti,Ulqini,Ulqin,Crna Gora,Mali i Zi\",\"potentialAction\":[{\"@type\":\"SearchAction\",\"target\":{\"@type\":\"EntryPoint\",\"urlTemplate\":\"https:\/\/www.visit-ulcinj.com\/blog\/?s={search_term_string}\"},\"query-input\":\"required name=search_term_string\"}],\"inLanguage\":\"en-US\"},{\"@type\":\"ImageObject\",\"inLanguage\":\"en-US\",\"@id\":\"https:\/\/www.visit-ulcinj.com\/blog\/2012\/08\/16\/knsh-ja-mesazh-ngushellimi-familje-xhaferi\/#primaryimage\",\"url\":\"https:\/\/www.visit-ulcinj.com\/blog\/wp-content\/uploads\/2011\/03\/KNSH_MZ_logo.jpg\",\"contentUrl\":\"https:\/\/www.visit-ulcinj.com\/blog\/wp-content\/uploads\/2011\/03\/KNSH_MZ_logo.jpg\",\"width\":\"318\",\"height\":\"142\"},{\"@type\":\"WebPage\",\"@id\":\"https:\/\/www.visit-ulcinj.com\/blog\/2012\/08\/16\/knsh-ja-mesazh-ngushellimi-familje-xhaferi\/#webpage\",\"url\":\"https:\/\/www.visit-ulcinj.com\/blog\/2012\/08\/16\/knsh-ja-mesazh-ngushellimi-familje-xhaferi\/\",\"name\":\"KNSH-ja: Mesazh ngush\u00ebllimi familje Xhaferi - Lajme nga Ulqini\",\"isPartOf\":{\"@id\":\"https:\/\/www.visit-ulcinj.com\/blog\/#website\"},\"primaryImageOfPage\":{\"@id\":\"https:\/\/www.visit-ulcinj.com\/blog\/2012\/08\/16\/knsh-ja-mesazh-ngushellimi-familje-xhaferi\/#primaryimage\"},\"datePublished\":\"2012-08-16T12:49:55+00:00\",\"dateModified\":\"2012-08-16T12:52:20+00:00\",\"author\":{\"@id\":\"https:\/\/www.visit-ulcinj.com\/blog\/#\/schema\/person\/dcab619c614d3038751c63bc2aadc06d\"},\"description\":\"K\u00cbSHILLI NACIONAL I SHQIPTAR\u00cbVE N\u00cb MALIN E ZI NACIONALNI SAVJET ALBANACA U CRNOJ GORI ALBANIAN NATIONAL COUNCIL IN MONTENEGRO Ulqin m\u00eb,\u00a0 15.08. 2012\",\"breadcrumb\":{\"@id\":\"https:\/\/www.visit-ulcinj.com\/blog\/2012\/08\/16\/knsh-ja-mesazh-ngushellimi-familje-xhaferi\/#breadcrumb\"},\"inLanguage\":\"en-US\",\"potentialAction\":[{\"@type\":\"ReadAction\",\"target\":[\"https:\/\/www.visit-ulcinj.com\/blog\/2012\/08\/16\/knsh-ja-mesazh-ngushellimi-familje-xhaferi\/\"]}]},{\"@type\":\"BreadcrumbList\",\"@id\":\"https:\/\/www.visit-ulcinj.com\/blog\/2012\/08\/16\/knsh-ja-mesazh-ngushellimi-familje-xhaferi\/#breadcrumb\",\"itemListElement\":[{\"@type\":\"ListItem\",\"position\":1,\"name\":\"KNSH-ja: Mesazh ngush\u00ebllimi familje Xhaferi\"}]},{\"@type\":\"Person\",\"@id\":\"https:\/\/www.visit-ulcinj.com\/blog\/#\/schema\/person\/dcab619c614d3038751c63bc2aadc06d\",\"name\":\"ulqini\",\"sameAs\":[\"http:\/\/www.visit-ulcinj.com\"],\"url\":\"https:\/\/www.visit-ulcinj.com\/blog\/author\/admin\/\"}]}<\/script>\n<!-- \/ Yoast SEO plugin. -->","yoast_head_json":{"title":"KNSH-ja: Mesazh ngush\u00ebllimi familje Xhaferi - Lajme nga Ulqini","description":"K\u00cbSHILLI NACIONAL I SHQIPTAR\u00cbVE N\u00cb MALIN E ZI NACIONALNI SAVJET ALBANACA U CRNOJ GORI ALBANIAN NATIONAL COUNCIL IN MONTENEGRO Ulqin m\u00eb,\u00a0 15.08. 2012","robots":{"index":"index","follow":"follow","max-snippet":"max-snippet:-1","max-image-preview":"max-image-preview:large","max-video-preview":"max-video-preview:-1"},"canonical":"https:\/\/www.visit-ulcinj.com\/blog\/2012\/08\/16\/knsh-ja-mesazh-ngushellimi-familje-xhaferi\/","og_locale":"en_US","og_type":"article","og_title":"KNSH-ja: Mesazh ngush\u00ebllimi familje Xhaferi - Lajme nga Ulqini","og_description":"K\u00cbSHILLI NACIONAL I SHQIPTAR\u00cbVE N\u00cb MALIN E ZI NACIONALNI SAVJET ALBANACA U CRNOJ GORI ALBANIAN NATIONAL COUNCIL IN MONTENEGRO Ulqin m\u00eb,\u00a0 15.08. 2012","og_url":"https:\/\/www.visit-ulcinj.com\/blog\/2012\/08\/16\/knsh-ja-mesazh-ngushellimi-familje-xhaferi\/","og_site_name":"Lajme nga Ulqini","article_published_time":"2012-08-16T12:49:55+00:00","article_modified_time":"2012-08-16T12:52:20+00:00","og_image":[{"url":"http:\/\/www.visit-ulcinj.com\/blog\/wp-content\/uploads\/2011\/03\/KNSH_MZ_logo.jpg"}],"twitter_misc":{"Written by":"ulqini","Est. reading time":"1 minute"},"schema":{"@context":"https:\/\/schema.org","@graph":[{"@type":"WebSite","@id":"https:\/\/www.visit-ulcinj.com\/blog\/#website","url":"https:\/\/www.visit-ulcinj.com\/blog\/","name":"Lajme nga Ulqini","description":"Lajme,Vijesti,Ulqini,Ulqin,Crna Gora,Mali i Zi","potentialAction":[{"@type":"SearchAction","target":{"@type":"EntryPoint","urlTemplate":"https:\/\/www.visit-ulcinj.com\/blog\/?s={search_term_string}"},"query-input":"required name=search_term_string"}],"inLanguage":"en-US"},{"@type":"ImageObject","inLanguage":"en-US","@id":"https:\/\/www.visit-ulcinj.com\/blog\/2012\/08\/16\/knsh-ja-mesazh-ngushellimi-familje-xhaferi\/#primaryimage","url":"https:\/\/www.visit-ulcinj.com\/blog\/wp-content\/uploads\/2011\/03\/KNSH_MZ_logo.jpg","contentUrl":"https:\/\/www.visit-ulcinj.com\/blog\/wp-content\/uploads\/2011\/03\/KNSH_MZ_logo.jpg","width":"318","height":"142"},{"@type":"WebPage","@id":"https:\/\/www.visit-ulcinj.com\/blog\/2012\/08\/16\/knsh-ja-mesazh-ngushellimi-familje-xhaferi\/#webpage","url":"https:\/\/www.visit-ulcinj.com\/blog\/2012\/08\/16\/knsh-ja-mesazh-ngushellimi-familje-xhaferi\/","name":"KNSH-ja: Mesazh ngush\u00ebllimi familje Xhaferi - Lajme nga Ulqini","isPartOf":{"@id":"https:\/\/www.visit-ulcinj.com\/blog\/#website"},"primaryImageOfPage":{"@id":"https:\/\/www.visit-ulcinj.com\/blog\/2012\/08\/16\/knsh-ja-mesazh-ngushellimi-familje-xhaferi\/#primaryimage"},"datePublished":"2012-08-16T12:49:55+00:00","dateModified":"2012-08-16T12:52:20+00:00","author":{"@id":"https:\/\/www.visit-ulcinj.com\/blog\/#\/schema\/person\/dcab619c614d3038751c63bc2aadc06d"},"description":"K\u00cbSHILLI NACIONAL I SHQIPTAR\u00cbVE N\u00cb MALIN E ZI NACIONALNI SAVJET ALBANACA U CRNOJ GORI ALBANIAN NATIONAL COUNCIL IN MONTENEGRO Ulqin m\u00eb,\u00a0 15.08. 2012","breadcrumb":{"@id":"https:\/\/www.visit-ulcinj.com\/blog\/2012\/08\/16\/knsh-ja-mesazh-ngushellimi-familje-xhaferi\/#breadcrumb"},"inLanguage":"en-US","potentialAction":[{"@type":"ReadAction","target":["https:\/\/www.visit-ulcinj.com\/blog\/2012\/08\/16\/knsh-ja-mesazh-ngushellimi-familje-xhaferi\/"]}]},{"@type":"BreadcrumbList","@id":"https:\/\/www.visit-ulcinj.com\/blog\/2012\/08\/16\/knsh-ja-mesazh-ngushellimi-familje-xhaferi\/#breadcrumb","itemListElement":[{"@type":"ListItem","position":1,"name":"KNSH-ja: Mesazh ngush\u00ebllimi familje Xhaferi"}]},{"@type":"Person","@id":"https:\/\/www.visit-ulcinj.com\/blog\/#\/schema\/person\/dcab619c614d3038751c63bc2aadc06d","name":"ulqini","sameAs":["http:\/\/www.visit-ulcinj.com"],"url":"https:\/\/www.visit-ulcinj.com\/blog\/author\/admin\/"}]}},"jetpack_featured_media_url":"","jetpack_sharing_enabled":true,"jetpack_shortlink":"https:\/\/wp.me\/pe6lTn-gmV","_links":{"self":[{"href":"https:\/\/www.visit-ulcinj.com\/blog\/wp-json\/wp\/v2\/posts\/62925"}],"collection":[{"href":"https:\/\/www.visit-ulcinj.com\/blog\/wp-json\/wp\/v2\/posts"}],"about":[{"href":"https:\/\/www.visit-ulcinj.com\/blog\/wp-json\/wp\/v2\/types\/post"}],"author":[{"embeddable":true,"href":"https:\/\/www.visit-ulcinj.com\/blog\/wp-json\/wp\/v2\/users\/1"}],"replies":[{"embeddable":true,"href":"https:\/\/www.visit-ulcinj.com\/blog\/wp-json\/wp\/v2\/comments?post=62925"}],"version-history":[{"count":3,"href":"https:\/\/www.visit-ulcinj.com\/blog\/wp-json\/wp\/v2\/posts\/62925\/revisions"}],"predecessor-version":[{"id":62936,"href":"https:\/\/www.visit-ulcinj.com\/blog\/wp-json\/wp\/v2\/posts\/62925\/revisions\/62936"}],"wp:attachment":[{"href":"https:\/\/www.visit-ulcinj.com\/blog\/wp-json\/wp\/v2\/media?parent=62925"}],"wp:term":[{"taxonomy":"category","embeddable":true,"href":"https:\/\/www.visit-ulcinj.com\/blog\/wp-json\/wp\/v2\/categories?post=62925"},{"taxonomy":"post_tag","embeddable":true,"href":"https:\/\/www.visit-ulcinj.com\/blog\/wp-json\/wp\/v2\/tags?post=62925"}],"curies":[{"name":"wp","href":"https:\/\/api.w.org\/{rel}","templated":true}]}}