{"id":62928,"date":"2012-08-16T18:54:23","date_gmt":"2012-08-16T17:54:23","guid":{"rendered":"http:\/\/www.visit-ulcinj.com\/blog\/?p=62928"},"modified":"2012-08-16T18:54:23","modified_gmt":"2012-08-16T17:54:23","slug":"reagim-i-kryeshefit-te-zjarrefikesave-ne-kumtesen-per-opinion-te-bka","status":"publish","type":"post","link":"https:\/\/www.visit-ulcinj.com\/blog\/2012\/08\/16\/reagim-i-kryeshefit-te-zjarrefikesave-ne-kumtesen-per-opinion-te-bka\/","title":{"rendered":"Reagim i kryeshefit t\u00eb zjarr\u00ebfik\u00ebsave n\u00eb kumtesen p\u00ebr opinion te BKA"},"content":{"rendered":"<p><a href=\"http:\/\/www.visit-ulcinj.com\/blog\/wp-content\/uploads\/2012\/08\/Flamur-Sella-Kryeshefi-zjarr\u00ebfik\u00ebsave-Ulqin.jpg\"><img loading=\"lazy\" class=\"alignleft  wp-image-62929\" title=\"Flamur Sella - Kryeshefi  zjarr\u00ebfik\u00ebsave Ulqin\" src=\"http:\/\/www.visit-ulcinj.com\/blog\/wp-content\/uploads\/2012\/08\/Flamur-Sella-Kryeshefi-zjarr\u00ebfik\u00ebsave-Ulqin.jpg\" alt=\"\" width=\"508\" height=\"360\" \/><\/a>Reagim i kryeshefit t\u00eb zjarr\u00ebfik\u00ebsave n\u00eb kumtesen p\u00ebr opinion te BKA t\u00eb dat\u00ebs s\u00eb 15.08.2012 me rastin e djeg\u00ebjes s\u00eb pishave ne An\u00eb t\u00eb Malit.<br \/>\nKumtesa juaj s\u00eb pari ka prapavi politike, nuk i dim\u00eb synimet dhe pretendimet e juaja por akuzat e drejtuara n\u00eb drejtim t\u00eb sh\u00ebrbimit t\u00eb zjarrfik\u00ebsve jan\u00eb pa fakte dhe pa argumente.mos provoni t\u00eb fitoni poena politike duke akuzuar zjarrfik\u00ebsit.<br \/>\nZot\u00ebri deri sa ju jeni marr\u00eb me biznesin e juaj privat ne kemi q\u00ebn\u00eb n\u00eb vend ngjarje q\u00eb n\u00eb momentin e shp\u00ebrthinit t\u00eb zjarrit. Opinioni \u00ebsht\u00eb njoftuar nep\u00ebrmes medijave por p\u00ebr hir t\u00eb diaspor\u00ebs do t\u00eb b\u00ebm\u00eb nj\u00eb analiz\u00eb t\u00eb k\u00ebti zjarri.<br \/>\nZjarri u shfaq me 01.08 ne oret e mengjesit nga nje shprazje atmosferike dhe pasi kemi dale ne vend ngjarje kemi pa se kemi te b\u00ebjme me nj\u00eb zjarr n\u00eb teren te pa pershtatshem dhe menj\u00ebher\u00eb kemi alarmuar Sektorin per mbrojtje civile q\u00eb t\u00eb intervenohet nga ajri por kushtet atmosferike nuk lejonin shuarjen nga ajri.<br \/>\nN\u00eb oret e pazdites pjes\u00ebrisht zjarrin arriti ta shuaj shiu por q\u00eb nj\u00eb pjes\u00eb vazhdoj drejtimin kah Bojku. Me daten 02 gusht kemi b\u00ebr\u00eb lokalizimin e zjarrit t\u00eb sht\u00ebpija e zotni Gjenashit me mjeta rrethanore.<br \/>\n03,04,05 gusht zjarri ishe aktiv ne anen e Krajes dhe ne at\u00eb zon\u00eb ka intervenuar aeroplanet por nuk ka pasur efekt.<br \/>\n06 gusht zjarri fillon t\u00eb dale korrizit t\u00eb malit dhe t\u00eb ulet n\u00eb drejtim t\u00eb fshatrave kemi informuar p\u00ebrseri Sektorin p\u00ebr mbrojtje civile q\u00eb t\u00eb intervenohet. Intervenimi ka filluar n\u00eb oret e pasdites por p\u00ebr fat t\u00eb keq ndrushon era drejtimin dhe ngrihet nje mjegull tymi ku ishte e pa muajtur q\u00eb aeroplanet t\u00eb vazhdojn\u00eb intervenimin.<br \/>\nGjat\u00eb nat\u00ebs kemi b\u00eb mbikqurjen \u00eb p\u00ebrhapjes s\u00eb zjarrit dhe ne oret e her\u00ebta t\u00eb mengjesit t\u00eb dat\u00ebs 07 gusht kemi alarmuar Sektorin p\u00ebr mbrojtje civile se do t\u00eb kemi pasoja n\u00ebse zjarri do t\u00eb dep\u00ebrtoj\u00eb n\u00eb pishnaja, kami marr\u00eb informata se aeroplanet do fillojn\u00eb pas or\u00ebs 09h pastaj kah 10h deri sa m\u00eb informuan se nuk do t\u00eb intervenojn\u00eb deri sa t\u00eb lokalizojn\u00eb zjarrin n\u00eb Sutomore se atje ishin t\u00eb k\u00ebrc\u00ebnuara sht\u00ebpit\u00eb. Kemi provuar n\u00ebpermes pushtetit vendor qe t\u00eb shpejt\u00ebsojm\u00eb intervenimin e aeroplaneve por nuk kemi pasur sukses p\u00ebr arsye se kishte prioritet komuna e Tivarit se atje k\u00ebrc\u00ebnoheshin objektet. Por n\u00eb oret e pasdit\u00ebs kur filloj shuarja nga ajri zjarri kishte p\u00ebrfshi pishat.<br \/>\nN\u00ebse dikush mendon se me mjete dore apo rrethanore mund t\u00eb nd\u00ebrpritet nj\u00eb zjarr me nj\u00eb front mbi 1km ne at\u00eb konfiguracion tereni le t\u00eb vij\u00eb ta provoj ne kemi provuar dhe kemi rrezikuar jet\u00ebn e zjarrfik\u00ebsve jemi ngjitur mbi zjarr por nga nxehtesia ka filluar rrokollisja e gur\u00ebve k\u00ebshtu q\u00eb mund t\u00eb k\u00ebrc\u00ebnohej edhe jeta e zjarrfik\u00ebsve.<br \/>\nPo ashtu n\u00eb momentin kur zjarri p\u00ebrfshiu pishat mu n\u00eb mes ishin duke provuar nd\u00ebrprerjen e zjarrit 10 zjarrfik\u00ebs dhe tre vendas nga Bojku dhe n\u00eb nj\u00eb moment ishin t\u00eb k\u00ebrc\u00ebnuar nga flaka.<br \/>\nPasi q\u00eb zjarri doli nga pishat dhe u drejtu n\u00eb drejtim t\u00eb fshatrave kemi pasur t\u00eb stacionuara 7 automjete ne pozita ku kemi menduar q\u00eb zjarri mund t\u00eb dal\u00eb dhe kemi q\u00eb asnj\u00eb moment t\u00eb mos k\u00ebrc\u00ebnihet jeta e snji banori dhe asnj\u00eb sht\u00ebpie.<br \/>\nFalenderoj t\u00eb gjitha ata q\u00eb u solidarizuan me ne qoft\u00eb edhe n\u00ebpermes celulari p\u00ebr angazhimin dhe kontributin q\u00eb na dhan\u00eb p\u00ebr lokalizimin e k\u00ebti zjarri, sidomos banor\u00ebt e Bojkut q\u00eb na kan\u00eb ofruar edhe ushqim.<br \/>\nNd\u00ebrsa zot\u00ebrit\u00eb e Biznesit t\u00eb An\u00ebs Malit ndricimin e Bojkut sic e kan\u00eb shkruar n\u00eb kumtes\u00eb e kan\u00eb shikuar nga objektet dhe fotelet e veta dhe asnj\u00ebher nuk kan gjetur koh\u00eb k\u00ebto dit\u00eb me radhe pra sot esht\u00eb e 16 dit\u00eb t\u00eb na vizitojn\u00eb dhe t\u00eb na ofrojn\u00eb nga dyqanet e veta qoft\u00eb edhe nj\u00eb got\u00eb uj\u00eb por me siguri sic e kan\u00eb shkruar edhe vet\u00eb kan\u00eb pun\u00eb m\u00eb t\u00eb r\u00ebnd\u00ebsishme se po vjen fundi i sezonit dhe duhet b\u00ebr\u00eb bilanset e fitimit.<br \/>\nAsnjiher nuk na ka ndodhur ku do q\u00eb kemi lokalizuar zjarre dit\u00eb me radh\u00eb n\u00eb nj\u00eb lokacion qoft\u00eb edhe n\u00eb Komuna t\u00eb tjera q\u00eb Biznesi i ati vendi zjarrfik\u00ebsve mos tju ofroj as nj\u00eb shishe uj\u00eb dhe tani keni kurajo t\u00eb shkruani se d\u00ebshtuan zjarrfik\u00ebsat.<br \/>\nNe si sh\u00ebrbim nuk kemi koment le ta vlersojn\u00eb vet\u00eb ato q\u00eb do e lexojn\u00eb reagimin ton\u00eb.<br \/>\nZot\u00ebri t\u00eb Biznesit p\u00ebr cdo paqart\u00ebsi dhe cdo dyshim q\u00eb keni p\u00ebr m\u00ebnyren e lokalizimit t\u00eb zjarrit dhe t\u00eb gjitha rrethanave q\u00eb nga dita e par\u00eb e deri m\u00eb sot ju ftoj n\u00eb nj\u00eb debat\u00eb t\u00eb hapur n\u00eb televizionin lokal dhe ti zb\u00ebrthejm\u00eb t\u00eb ghith\u00eb problemet.<\/p>\n<p><strong>Kryeshefi<\/strong><br \/>\n<strong> Flamur Sella<\/strong><\/p>\n","protected":false},"excerpt":{"rendered":"<p>Reagim i kryeshefit t\u00eb zjarr\u00ebfik\u00ebsave n\u00eb kumtesen p\u00ebr opinion te BKA t\u00eb dat\u00ebs s\u00eb 15.08.2012 me rastin e djeg\u00ebjes s\u00eb pishave ne An\u00eb t\u00eb Malit. Kumtesa juaj s\u00eb pari ka prapavi politike, nuk i dim\u00eb synimet dhe pretendimet e juaja por akuzat e drejtuara n\u00eb drejtim t\u00eb sh\u00ebrbimit t\u00eb zjarrfik\u00ebsve jan\u00eb pa fakte dhe pa [&hellip;]<\/p>\n","protected":false},"author":1,"featured_media":0,"comment_status":"open","ping_status":"closed","sticky":false,"template":"","format":"standard","meta":{"spay_email":"","jetpack_publicize_message":"","jetpack_is_tweetstorm":false,"jetpack_publicize_feature_enabled":true},"categories":[1],"tags":[13201,20888,200,20889],"jetpack_publicize_connections":[],"yoast_head":"<!-- This site is optimized with the Yoast SEO plugin v19.1 - https:\/\/yoast.com\/wordpress\/plugins\/seo\/ -->\n<title>Reagim i kryeshefit t\u00eb zjarr\u00ebfik\u00ebsave n\u00eb kumtesen p\u00ebr opinion te BKA - Lajme nga Ulqini<\/title>\n<meta name=\"description\" content=\"Reagim i kryeshefit t\u00eb zjarr\u00ebfik\u00ebsave n\u00eb kumtesen p\u00ebr opinion te BKA t\u00eb dat\u00ebs s\u00eb 15.08.2012 me rastin e djeg\u00ebjes s\u00eb pishave ne An\u00eb t\u00eb Malit. Kumtesa juaj\" \/>\n<meta name=\"robots\" content=\"index, follow, max-snippet:-1, max-image-preview:large, max-video-preview:-1\" \/>\n<link rel=\"canonical\" href=\"https:\/\/www.visit-ulcinj.com\/blog\/2012\/08\/16\/reagim-i-kryeshefit-te-zjarrefikesave-ne-kumtesen-per-opinion-te-bka\/\" \/>\n<meta property=\"og:locale\" content=\"en_US\" \/>\n<meta property=\"og:type\" content=\"article\" \/>\n<meta property=\"og:title\" content=\"Reagim i kryeshefit t\u00eb zjarr\u00ebfik\u00ebsave n\u00eb kumtesen p\u00ebr opinion te BKA - Lajme nga Ulqini\" \/>\n<meta property=\"og:description\" content=\"Reagim i kryeshefit t\u00eb zjarr\u00ebfik\u00ebsave n\u00eb kumtesen p\u00ebr opinion te BKA t\u00eb dat\u00ebs s\u00eb 15.08.2012 me rastin e djeg\u00ebjes s\u00eb pishave ne An\u00eb t\u00eb Malit. Kumtesa juaj\" \/>\n<meta property=\"og:url\" content=\"https:\/\/www.visit-ulcinj.com\/blog\/2012\/08\/16\/reagim-i-kryeshefit-te-zjarrefikesave-ne-kumtesen-per-opinion-te-bka\/\" \/>\n<meta property=\"og:site_name\" content=\"Lajme nga Ulqini\" \/>\n<meta property=\"article:published_time\" content=\"2012-08-16T17:54:23+00:00\" \/>\n<meta name=\"twitter:label1\" content=\"Written by\" \/>\n\t<meta name=\"twitter:data1\" content=\"ulqini\" \/>\n\t<meta name=\"twitter:label2\" content=\"Est. reading time\" \/>\n\t<meta name=\"twitter:data2\" content=\"4 minutes\" \/>\n<script type=\"application\/ld+json\" class=\"yoast-schema-graph\">{\"@context\":\"https:\/\/schema.org\",\"@graph\":[{\"@type\":\"WebSite\",\"@id\":\"https:\/\/www.visit-ulcinj.com\/blog\/#website\",\"url\":\"https:\/\/www.visit-ulcinj.com\/blog\/\",\"name\":\"Lajme nga Ulqini\",\"description\":\"Lajme,Vijesti,Ulqini,Ulqin,Crna Gora,Mali i Zi\",\"potentialAction\":[{\"@type\":\"SearchAction\",\"target\":{\"@type\":\"EntryPoint\",\"urlTemplate\":\"https:\/\/www.visit-ulcinj.com\/blog\/?s={search_term_string}\"},\"query-input\":\"required name=search_term_string\"}],\"inLanguage\":\"en-US\"},{\"@type\":\"WebPage\",\"@id\":\"https:\/\/www.visit-ulcinj.com\/blog\/2012\/08\/16\/reagim-i-kryeshefit-te-zjarrefikesave-ne-kumtesen-per-opinion-te-bka\/#webpage\",\"url\":\"https:\/\/www.visit-ulcinj.com\/blog\/2012\/08\/16\/reagim-i-kryeshefit-te-zjarrefikesave-ne-kumtesen-per-opinion-te-bka\/\",\"name\":\"Reagim i kryeshefit t\u00eb zjarr\u00ebfik\u00ebsave n\u00eb kumtesen p\u00ebr opinion te BKA - Lajme nga Ulqini\",\"isPartOf\":{\"@id\":\"https:\/\/www.visit-ulcinj.com\/blog\/#website\"},\"datePublished\":\"2012-08-16T17:54:23+00:00\",\"dateModified\":\"2012-08-16T17:54:23+00:00\",\"author\":{\"@id\":\"https:\/\/www.visit-ulcinj.com\/blog\/#\/schema\/person\/dcab619c614d3038751c63bc2aadc06d\"},\"description\":\"Reagim i kryeshefit t\u00eb zjarr\u00ebfik\u00ebsave n\u00eb kumtesen p\u00ebr opinion te BKA t\u00eb dat\u00ebs s\u00eb 15.08.2012 me rastin e djeg\u00ebjes s\u00eb pishave ne An\u00eb t\u00eb Malit. Kumtesa juaj\",\"breadcrumb\":{\"@id\":\"https:\/\/www.visit-ulcinj.com\/blog\/2012\/08\/16\/reagim-i-kryeshefit-te-zjarrefikesave-ne-kumtesen-per-opinion-te-bka\/#breadcrumb\"},\"inLanguage\":\"en-US\",\"potentialAction\":[{\"@type\":\"ReadAction\",\"target\":[\"https:\/\/www.visit-ulcinj.com\/blog\/2012\/08\/16\/reagim-i-kryeshefit-te-zjarrefikesave-ne-kumtesen-per-opinion-te-bka\/\"]}]},{\"@type\":\"BreadcrumbList\",\"@id\":\"https:\/\/www.visit-ulcinj.com\/blog\/2012\/08\/16\/reagim-i-kryeshefit-te-zjarrefikesave-ne-kumtesen-per-opinion-te-bka\/#breadcrumb\",\"itemListElement\":[{\"@type\":\"ListItem\",\"position\":1,\"name\":\"Reagim i kryeshefit t\u00eb zjarr\u00ebfik\u00ebsave n\u00eb kumtesen p\u00ebr opinion te BKA\"}]},{\"@type\":\"Person\",\"@id\":\"https:\/\/www.visit-ulcinj.com\/blog\/#\/schema\/person\/dcab619c614d3038751c63bc2aadc06d\",\"name\":\"ulqini\",\"sameAs\":[\"http:\/\/www.visit-ulcinj.com\"],\"url\":\"https:\/\/www.visit-ulcinj.com\/blog\/author\/admin\/\"}]}<\/script>\n<!-- \/ Yoast SEO plugin. -->","yoast_head_json":{"title":"Reagim i kryeshefit t\u00eb zjarr\u00ebfik\u00ebsave n\u00eb kumtesen p\u00ebr opinion te BKA - Lajme nga Ulqini","description":"Reagim i kryeshefit t\u00eb zjarr\u00ebfik\u00ebsave n\u00eb kumtesen p\u00ebr opinion te BKA t\u00eb dat\u00ebs s\u00eb 15.08.2012 me rastin e djeg\u00ebjes s\u00eb pishave ne An\u00eb t\u00eb Malit. Kumtesa juaj","robots":{"index":"index","follow":"follow","max-snippet":"max-snippet:-1","max-image-preview":"max-image-preview:large","max-video-preview":"max-video-preview:-1"},"canonical":"https:\/\/www.visit-ulcinj.com\/blog\/2012\/08\/16\/reagim-i-kryeshefit-te-zjarrefikesave-ne-kumtesen-per-opinion-te-bka\/","og_locale":"en_US","og_type":"article","og_title":"Reagim i kryeshefit t\u00eb zjarr\u00ebfik\u00ebsave n\u00eb kumtesen p\u00ebr opinion te BKA - Lajme nga Ulqini","og_description":"Reagim i kryeshefit t\u00eb zjarr\u00ebfik\u00ebsave n\u00eb kumtesen p\u00ebr opinion te BKA t\u00eb dat\u00ebs s\u00eb 15.08.2012 me rastin e djeg\u00ebjes s\u00eb pishave ne An\u00eb t\u00eb Malit. Kumtesa juaj","og_url":"https:\/\/www.visit-ulcinj.com\/blog\/2012\/08\/16\/reagim-i-kryeshefit-te-zjarrefikesave-ne-kumtesen-per-opinion-te-bka\/","og_site_name":"Lajme nga Ulqini","article_published_time":"2012-08-16T17:54:23+00:00","twitter_misc":{"Written by":"ulqini","Est. reading time":"4 minutes"},"schema":{"@context":"https:\/\/schema.org","@graph":[{"@type":"WebSite","@id":"https:\/\/www.visit-ulcinj.com\/blog\/#website","url":"https:\/\/www.visit-ulcinj.com\/blog\/","name":"Lajme nga Ulqini","description":"Lajme,Vijesti,Ulqini,Ulqin,Crna Gora,Mali i Zi","potentialAction":[{"@type":"SearchAction","target":{"@type":"EntryPoint","urlTemplate":"https:\/\/www.visit-ulcinj.com\/blog\/?s={search_term_string}"},"query-input":"required name=search_term_string"}],"inLanguage":"en-US"},{"@type":"WebPage","@id":"https:\/\/www.visit-ulcinj.com\/blog\/2012\/08\/16\/reagim-i-kryeshefit-te-zjarrefikesave-ne-kumtesen-per-opinion-te-bka\/#webpage","url":"https:\/\/www.visit-ulcinj.com\/blog\/2012\/08\/16\/reagim-i-kryeshefit-te-zjarrefikesave-ne-kumtesen-per-opinion-te-bka\/","name":"Reagim i kryeshefit t\u00eb zjarr\u00ebfik\u00ebsave n\u00eb kumtesen p\u00ebr opinion te BKA - Lajme nga Ulqini","isPartOf":{"@id":"https:\/\/www.visit-ulcinj.com\/blog\/#website"},"datePublished":"2012-08-16T17:54:23+00:00","dateModified":"2012-08-16T17:54:23+00:00","author":{"@id":"https:\/\/www.visit-ulcinj.com\/blog\/#\/schema\/person\/dcab619c614d3038751c63bc2aadc06d"},"description":"Reagim i kryeshefit t\u00eb zjarr\u00ebfik\u00ebsave n\u00eb kumtesen p\u00ebr opinion te BKA t\u00eb dat\u00ebs s\u00eb 15.08.2012 me rastin e djeg\u00ebjes s\u00eb pishave ne An\u00eb t\u00eb Malit. Kumtesa juaj","breadcrumb":{"@id":"https:\/\/www.visit-ulcinj.com\/blog\/2012\/08\/16\/reagim-i-kryeshefit-te-zjarrefikesave-ne-kumtesen-per-opinion-te-bka\/#breadcrumb"},"inLanguage":"en-US","potentialAction":[{"@type":"ReadAction","target":["https:\/\/www.visit-ulcinj.com\/blog\/2012\/08\/16\/reagim-i-kryeshefit-te-zjarrefikesave-ne-kumtesen-per-opinion-te-bka\/"]}]},{"@type":"BreadcrumbList","@id":"https:\/\/www.visit-ulcinj.com\/blog\/2012\/08\/16\/reagim-i-kryeshefit-te-zjarrefikesave-ne-kumtesen-per-opinion-te-bka\/#breadcrumb","itemListElement":[{"@type":"ListItem","position":1,"name":"Reagim i kryeshefit t\u00eb zjarr\u00ebfik\u00ebsave n\u00eb kumtesen p\u00ebr opinion te BKA"}]},{"@type":"Person","@id":"https:\/\/www.visit-ulcinj.com\/blog\/#\/schema\/person\/dcab619c614d3038751c63bc2aadc06d","name":"ulqini","sameAs":["http:\/\/www.visit-ulcinj.com"],"url":"https:\/\/www.visit-ulcinj.com\/blog\/author\/admin\/"}]}},"jetpack_featured_media_url":"","jetpack_sharing_enabled":true,"jetpack_shortlink":"https:\/\/wp.me\/pe6lTn-gmY","_links":{"self":[{"href":"https:\/\/www.visit-ulcinj.com\/blog\/wp-json\/wp\/v2\/posts\/62928"}],"collection":[{"href":"https:\/\/www.visit-ulcinj.com\/blog\/wp-json\/wp\/v2\/posts"}],"about":[{"href":"https:\/\/www.visit-ulcinj.com\/blog\/wp-json\/wp\/v2\/types\/post"}],"author":[{"embeddable":true,"href":"https:\/\/www.visit-ulcinj.com\/blog\/wp-json\/wp\/v2\/users\/1"}],"replies":[{"embeddable":true,"href":"https:\/\/www.visit-ulcinj.com\/blog\/wp-json\/wp\/v2\/comments?post=62928"}],"version-history":[{"count":1,"href":"https:\/\/www.visit-ulcinj.com\/blog\/wp-json\/wp\/v2\/posts\/62928\/revisions"}],"predecessor-version":[{"id":62930,"href":"https:\/\/www.visit-ulcinj.com\/blog\/wp-json\/wp\/v2\/posts\/62928\/revisions\/62930"}],"wp:attachment":[{"href":"https:\/\/www.visit-ulcinj.com\/blog\/wp-json\/wp\/v2\/media?parent=62928"}],"wp:term":[{"taxonomy":"category","embeddable":true,"href":"https:\/\/www.visit-ulcinj.com\/blog\/wp-json\/wp\/v2\/categories?post=62928"},{"taxonomy":"post_tag","embeddable":true,"href":"https:\/\/www.visit-ulcinj.com\/blog\/wp-json\/wp\/v2\/tags?post=62928"}],"curies":[{"name":"wp","href":"https:\/\/api.w.org\/{rel}","templated":true}]}}