{"id":62935,"date":"2012-08-18T20:56:20","date_gmt":"2012-08-18T19:56:20","guid":{"rendered":"http:\/\/www.visit-ulcinj.com\/blog\/?p=62935"},"modified":"2012-08-18T21:00:14","modified_gmt":"2012-08-18T20:00:14","slug":"knsh-urim-per-festen-e-bajramit-te-madh","status":"publish","type":"post","link":"https:\/\/www.visit-ulcinj.com\/blog\/2012\/08\/18\/knsh-urim-per-festen-e-bajramit-te-madh\/","title":{"rendered":"KNSH: Urim p\u00ebr  fest\u00ebn  e  bajramit  t\u00eb madh"},"content":{"rendered":"<p style=\"text-align: left;\"><a href=\"http:\/\/www.visit-ulcinj.com\/blog\/wp-content\/uploads\/2011\/03\/KNSH_MZ_logo.jpg\"><img loading=\"lazy\" class=\"alignleft  wp-image-45189\" title=\"KNSH_MZ_logo\" src=\"http:\/\/www.visit-ulcinj.com\/blog\/wp-content\/uploads\/2011\/03\/KNSH_MZ_logo.jpg\" alt=\"\" width=\"318\" height=\"142\" srcset=\"https:\/\/www.visit-ulcinj.com\/blog\/wp-content\/uploads\/2011\/03\/KNSH_MZ_logo.jpg 318w, https:\/\/www.visit-ulcinj.com\/blog\/wp-content\/uploads\/2011\/03\/KNSH_MZ_logo-300x133.jpg 300w\" sizes=\"(max-width: 318px) 100vw, 318px\" \/><\/a>K\u00cbSHILLI NACIONAL I SHQIPTAR\u00cbVE N\u00cb MALIN E ZI<\/p>\n<p style=\"text-align: left;\">NACIONALNI SAVJET ALBANACA U CRNOJ GORI<\/p>\n<p style=\"text-align: left;\">ALBANIAN NATIONAL COUNCIL IN MONTENEGRO<\/p>\n<p>Nr. 66 \/ 12<\/p>\n<p>Ulqin, me 17. 08. 2012<\/p>\n<p><strong>URIM P\u00cbR \u00a0FEST\u00cbN \u00a0E \u00a0BAJRAMIT\u00a0 T\u00cb MADH\u00a0 <\/strong><\/p>\n<p>&nbsp;<\/p>\n<p>Me\u00a0 rastin e\u00a0 fest\u00ebs s\u00eb\u00a0 Bajramit t\u00eb Madh, K\u00ebshilli Nacional i Shqiptar\u00ebve n\u00eb Malin e Zi, uron t\u00eb gjith\u00eb besimtar\u00ebt \u00a0e fes\u00eb Islame, shqiptar\u00ebt kudo q\u00eb jetojn\u00eb dhe punojn\u00eb.<\/p>\n<p>Urojm\u00eb q\u00eb\u00a0 \u00a0kjo \u00a0fest\u00eb e madhe, e cila vjen pas Muajit t\u00eb shejt\u00eb e t\u00eb bekuar\u00a0 t\u00eb Ramazanit,muajit t\u00eb sakrific\u00ebs, vet\u00ebp\u00ebrmbajtjes, faljes, lutjes dhe p\u00ebrkushtimit ndaj Zotit Krijues, t\u00eb na udh\u00ebheq\u00eb n\u00eb \u00e7do dit\u00eb t\u00eb jet\u00ebs son\u00eb, n\u00eb familje,n\u00eb pun\u00eb, e n\u00eb shoq\u00ebri, gjithmon\u00eb n\u00eb t\u00eb mir\u00eb t\u00eb kombit.<\/p>\n<p>Le t\u00eb jet\u00eb kjo fest\u00eb,moment i unitetit dhe mir\u00ebkuptimit\u00a0 edhe ma t\u00eb madh me nj\u00ebri tjetrin, si\u00a0 nj\u00eb vler\u00eb e domosdoshme \u00a0edhe sot aktuale p\u00ebr ne shqiptar\u00ebt, p\u00ebr t\u00eb\u00a0 punuar e vepruar p\u00ebr nj\u00eb t\u00eb ardhme sa m\u00eb t\u00eb mir\u00eb t\u00eb\u00a0 brezave q\u00eb vijn\u00eb\u00a0 duke v\u00ebn\u00eb interesin e p\u00ebrgjithsh\u00ebm\u00a0\u00a0 mbi intertesat p\u00ebrsonale.<\/p>\n<p>Dhasht\u00eb\u00a0 Zoti, q\u00eb\u00a0 Festa e \u00a0Bajramit, t\u00eb stolis\u00eb\u00a0 familjet\u00a0 tona \u00a0me\u00a0 g\u00ebzim,\u00a0 dashuri,\u00a0 mir\u00ebkuptim\u00a0 e\u00a0 solidaritet\u00a0 t\u00eb\u00a0 nd\u00ebrsjell\u00eb\u00a0 mes njer\u00ebzve.<\/p>\n<p>&nbsp;<\/p>\n<p>G\u00ebzuar fest\u00ebn e Bajramit,\u00a0 p\u00ebr\u00a0 jet\u00eb e\u00a0 mot !<\/p>\n<p><a href=\"http:\/\/www.visit-ulcinj.com\/blog\/wp-content\/uploads\/2011\/03\/Keshilli-Nacional-Shqiptar-ne-Mal-te-Zi_KUMTES-MEDIA.jpg\"><img loading=\"lazy\" class=\"alignleft size-full wp-image-45190\" title=\"Keshilli Nacional Shqiptar ne Mal te Zi_KUMTES MEDIA\" src=\"http:\/\/www.visit-ulcinj.com\/blog\/wp-content\/uploads\/2011\/03\/Keshilli-Nacional-Shqiptar-ne-Mal-te-Zi_KUMTES-MEDIA.jpg\" alt=\"\" width=\"508\" height=\"158\" \/><\/a><\/p>\n","protected":false},"excerpt":{"rendered":"<p>K\u00cbSHILLI NACIONAL I SHQIPTAR\u00cbVE N\u00cb MALIN E ZI NACIONALNI SAVJET ALBANACA U CRNOJ GORI ALBANIAN NATIONAL COUNCIL IN MONTENEGRO Nr. 66 \/ 12 Ulqin, me 17. 08. 2012 URIM P\u00cbR \u00a0FEST\u00cbN \u00a0E \u00a0BAJRAMIT\u00a0 T\u00cb MADH\u00a0 &nbsp; Me\u00a0 rastin e\u00a0 fest\u00ebs s\u00eb\u00a0 Bajramit t\u00eb Madh, K\u00ebshilli Nacional i Shqiptar\u00ebve n\u00eb Malin e Zi, uron t\u00eb gjith\u00eb [&hellip;]<\/p>\n","protected":false},"author":1,"featured_media":0,"comment_status":"open","ping_status":"closed","sticky":false,"template":"","format":"standard","meta":{"spay_email":"","jetpack_publicize_message":"","jetpack_is_tweetstorm":false,"jetpack_publicize_feature_enabled":true},"categories":[12],"tags":[12478,200],"jetpack_publicize_connections":[],"yoast_head":"<!-- This site is optimized with the Yoast SEO plugin v19.1 - https:\/\/yoast.com\/wordpress\/plugins\/seo\/ -->\n<title>KNSH: Urim p\u00ebr fest\u00ebn e bajramit t\u00eb madh  - Lajme nga Ulqini<\/title>\n<meta name=\"description\" content=\"K\u00cbSHILLI NACIONAL I SHQIPTAR\u00cbVE N\u00cb MALIN E ZI NACIONALNI SAVJET ALBANACA U CRNOJ GORI ALBANIAN NATIONAL COUNCIL IN MONTENEGRO Nr. 66 \/ 12 Ulqin, me 17.\" \/>\n<meta name=\"robots\" content=\"index, follow, max-snippet:-1, max-image-preview:large, max-video-preview:-1\" \/>\n<link rel=\"canonical\" href=\"https:\/\/www.visit-ulcinj.com\/blog\/2012\/08\/18\/knsh-urim-per-festen-e-bajramit-te-madh\/\" \/>\n<meta property=\"og:locale\" content=\"en_US\" \/>\n<meta property=\"og:type\" content=\"article\" \/>\n<meta property=\"og:title\" content=\"KNSH: Urim p\u00ebr fest\u00ebn e bajramit t\u00eb madh  - Lajme nga Ulqini\" \/>\n<meta property=\"og:description\" content=\"K\u00cbSHILLI NACIONAL I SHQIPTAR\u00cbVE N\u00cb MALIN E ZI NACIONALNI SAVJET ALBANACA U CRNOJ GORI ALBANIAN NATIONAL COUNCIL IN MONTENEGRO Nr. 66 \/ 12 Ulqin, me 17.\" \/>\n<meta property=\"og:url\" content=\"https:\/\/www.visit-ulcinj.com\/blog\/2012\/08\/18\/knsh-urim-per-festen-e-bajramit-te-madh\/\" \/>\n<meta property=\"og:site_name\" content=\"Lajme nga Ulqini\" \/>\n<meta property=\"article:published_time\" content=\"2012-08-18T19:56:20+00:00\" \/>\n<meta property=\"article:modified_time\" content=\"2012-08-18T20:00:14+00:00\" \/>\n<meta property=\"og:image\" content=\"http:\/\/www.visit-ulcinj.com\/blog\/wp-content\/uploads\/2011\/03\/KNSH_MZ_logo.jpg\" \/>\n<meta name=\"twitter:label1\" content=\"Written by\" \/>\n\t<meta name=\"twitter:data1\" content=\"ulqini\" \/>\n\t<meta name=\"twitter:label2\" content=\"Est. reading time\" \/>\n\t<meta name=\"twitter:data2\" content=\"1 minute\" \/>\n<script type=\"application\/ld+json\" class=\"yoast-schema-graph\">{\"@context\":\"https:\/\/schema.org\",\"@graph\":[{\"@type\":\"WebSite\",\"@id\":\"https:\/\/www.visit-ulcinj.com\/blog\/#website\",\"url\":\"https:\/\/www.visit-ulcinj.com\/blog\/\",\"name\":\"Lajme nga Ulqini\",\"description\":\"Lajme,Vijesti,Ulqini,Ulqin,Crna Gora,Mali i Zi\",\"potentialAction\":[{\"@type\":\"SearchAction\",\"target\":{\"@type\":\"EntryPoint\",\"urlTemplate\":\"https:\/\/www.visit-ulcinj.com\/blog\/?s={search_term_string}\"},\"query-input\":\"required name=search_term_string\"}],\"inLanguage\":\"en-US\"},{\"@type\":\"ImageObject\",\"inLanguage\":\"en-US\",\"@id\":\"https:\/\/www.visit-ulcinj.com\/blog\/2012\/08\/18\/knsh-urim-per-festen-e-bajramit-te-madh\/#primaryimage\",\"url\":\"https:\/\/www.visit-ulcinj.com\/blog\/wp-content\/uploads\/2011\/03\/KNSH_MZ_logo.jpg\",\"contentUrl\":\"https:\/\/www.visit-ulcinj.com\/blog\/wp-content\/uploads\/2011\/03\/KNSH_MZ_logo.jpg\",\"width\":\"318\",\"height\":\"142\"},{\"@type\":\"WebPage\",\"@id\":\"https:\/\/www.visit-ulcinj.com\/blog\/2012\/08\/18\/knsh-urim-per-festen-e-bajramit-te-madh\/#webpage\",\"url\":\"https:\/\/www.visit-ulcinj.com\/blog\/2012\/08\/18\/knsh-urim-per-festen-e-bajramit-te-madh\/\",\"name\":\"KNSH: Urim p\u00ebr fest\u00ebn e bajramit t\u00eb madh - Lajme nga Ulqini\",\"isPartOf\":{\"@id\":\"https:\/\/www.visit-ulcinj.com\/blog\/#website\"},\"primaryImageOfPage\":{\"@id\":\"https:\/\/www.visit-ulcinj.com\/blog\/2012\/08\/18\/knsh-urim-per-festen-e-bajramit-te-madh\/#primaryimage\"},\"datePublished\":\"2012-08-18T19:56:20+00:00\",\"dateModified\":\"2012-08-18T20:00:14+00:00\",\"author\":{\"@id\":\"https:\/\/www.visit-ulcinj.com\/blog\/#\/schema\/person\/dcab619c614d3038751c63bc2aadc06d\"},\"description\":\"K\u00cbSHILLI NACIONAL I SHQIPTAR\u00cbVE N\u00cb MALIN E ZI NACIONALNI SAVJET ALBANACA U CRNOJ GORI ALBANIAN NATIONAL COUNCIL IN MONTENEGRO Nr. 66 \/ 12 Ulqin, me 17.\",\"breadcrumb\":{\"@id\":\"https:\/\/www.visit-ulcinj.com\/blog\/2012\/08\/18\/knsh-urim-per-festen-e-bajramit-te-madh\/#breadcrumb\"},\"inLanguage\":\"en-US\",\"potentialAction\":[{\"@type\":\"ReadAction\",\"target\":[\"https:\/\/www.visit-ulcinj.com\/blog\/2012\/08\/18\/knsh-urim-per-festen-e-bajramit-te-madh\/\"]}]},{\"@type\":\"BreadcrumbList\",\"@id\":\"https:\/\/www.visit-ulcinj.com\/blog\/2012\/08\/18\/knsh-urim-per-festen-e-bajramit-te-madh\/#breadcrumb\",\"itemListElement\":[{\"@type\":\"ListItem\",\"position\":1,\"name\":\"KNSH: Urim p\u00ebr fest\u00ebn e bajramit t\u00eb madh\"}]},{\"@type\":\"Person\",\"@id\":\"https:\/\/www.visit-ulcinj.com\/blog\/#\/schema\/person\/dcab619c614d3038751c63bc2aadc06d\",\"name\":\"ulqini\",\"sameAs\":[\"http:\/\/www.visit-ulcinj.com\"],\"url\":\"https:\/\/www.visit-ulcinj.com\/blog\/author\/admin\/\"}]}<\/script>\n<!-- \/ Yoast SEO plugin. -->","yoast_head_json":{"title":"KNSH: Urim p\u00ebr fest\u00ebn e bajramit t\u00eb madh  - Lajme nga Ulqini","description":"K\u00cbSHILLI NACIONAL I SHQIPTAR\u00cbVE N\u00cb MALIN E ZI NACIONALNI SAVJET ALBANACA U CRNOJ GORI ALBANIAN NATIONAL COUNCIL IN MONTENEGRO Nr. 66 \/ 12 Ulqin, me 17.","robots":{"index":"index","follow":"follow","max-snippet":"max-snippet:-1","max-image-preview":"max-image-preview:large","max-video-preview":"max-video-preview:-1"},"canonical":"https:\/\/www.visit-ulcinj.com\/blog\/2012\/08\/18\/knsh-urim-per-festen-e-bajramit-te-madh\/","og_locale":"en_US","og_type":"article","og_title":"KNSH: Urim p\u00ebr fest\u00ebn e bajramit t\u00eb madh  - Lajme nga Ulqini","og_description":"K\u00cbSHILLI NACIONAL I SHQIPTAR\u00cbVE N\u00cb MALIN E ZI NACIONALNI SAVJET ALBANACA U CRNOJ GORI ALBANIAN NATIONAL COUNCIL IN MONTENEGRO Nr. 66 \/ 12 Ulqin, me 17.","og_url":"https:\/\/www.visit-ulcinj.com\/blog\/2012\/08\/18\/knsh-urim-per-festen-e-bajramit-te-madh\/","og_site_name":"Lajme nga Ulqini","article_published_time":"2012-08-18T19:56:20+00:00","article_modified_time":"2012-08-18T20:00:14+00:00","og_image":[{"url":"http:\/\/www.visit-ulcinj.com\/blog\/wp-content\/uploads\/2011\/03\/KNSH_MZ_logo.jpg"}],"twitter_misc":{"Written by":"ulqini","Est. reading time":"1 minute"},"schema":{"@context":"https:\/\/schema.org","@graph":[{"@type":"WebSite","@id":"https:\/\/www.visit-ulcinj.com\/blog\/#website","url":"https:\/\/www.visit-ulcinj.com\/blog\/","name":"Lajme nga Ulqini","description":"Lajme,Vijesti,Ulqini,Ulqin,Crna Gora,Mali i Zi","potentialAction":[{"@type":"SearchAction","target":{"@type":"EntryPoint","urlTemplate":"https:\/\/www.visit-ulcinj.com\/blog\/?s={search_term_string}"},"query-input":"required name=search_term_string"}],"inLanguage":"en-US"},{"@type":"ImageObject","inLanguage":"en-US","@id":"https:\/\/www.visit-ulcinj.com\/blog\/2012\/08\/18\/knsh-urim-per-festen-e-bajramit-te-madh\/#primaryimage","url":"https:\/\/www.visit-ulcinj.com\/blog\/wp-content\/uploads\/2011\/03\/KNSH_MZ_logo.jpg","contentUrl":"https:\/\/www.visit-ulcinj.com\/blog\/wp-content\/uploads\/2011\/03\/KNSH_MZ_logo.jpg","width":"318","height":"142"},{"@type":"WebPage","@id":"https:\/\/www.visit-ulcinj.com\/blog\/2012\/08\/18\/knsh-urim-per-festen-e-bajramit-te-madh\/#webpage","url":"https:\/\/www.visit-ulcinj.com\/blog\/2012\/08\/18\/knsh-urim-per-festen-e-bajramit-te-madh\/","name":"KNSH: Urim p\u00ebr fest\u00ebn e bajramit t\u00eb madh - Lajme nga Ulqini","isPartOf":{"@id":"https:\/\/www.visit-ulcinj.com\/blog\/#website"},"primaryImageOfPage":{"@id":"https:\/\/www.visit-ulcinj.com\/blog\/2012\/08\/18\/knsh-urim-per-festen-e-bajramit-te-madh\/#primaryimage"},"datePublished":"2012-08-18T19:56:20+00:00","dateModified":"2012-08-18T20:00:14+00:00","author":{"@id":"https:\/\/www.visit-ulcinj.com\/blog\/#\/schema\/person\/dcab619c614d3038751c63bc2aadc06d"},"description":"K\u00cbSHILLI NACIONAL I SHQIPTAR\u00cbVE N\u00cb MALIN E ZI NACIONALNI SAVJET ALBANACA U CRNOJ GORI ALBANIAN NATIONAL COUNCIL IN MONTENEGRO Nr. 66 \/ 12 Ulqin, me 17.","breadcrumb":{"@id":"https:\/\/www.visit-ulcinj.com\/blog\/2012\/08\/18\/knsh-urim-per-festen-e-bajramit-te-madh\/#breadcrumb"},"inLanguage":"en-US","potentialAction":[{"@type":"ReadAction","target":["https:\/\/www.visit-ulcinj.com\/blog\/2012\/08\/18\/knsh-urim-per-festen-e-bajramit-te-madh\/"]}]},{"@type":"BreadcrumbList","@id":"https:\/\/www.visit-ulcinj.com\/blog\/2012\/08\/18\/knsh-urim-per-festen-e-bajramit-te-madh\/#breadcrumb","itemListElement":[{"@type":"ListItem","position":1,"name":"KNSH: Urim p\u00ebr fest\u00ebn e bajramit t\u00eb madh"}]},{"@type":"Person","@id":"https:\/\/www.visit-ulcinj.com\/blog\/#\/schema\/person\/dcab619c614d3038751c63bc2aadc06d","name":"ulqini","sameAs":["http:\/\/www.visit-ulcinj.com"],"url":"https:\/\/www.visit-ulcinj.com\/blog\/author\/admin\/"}]}},"jetpack_featured_media_url":"","jetpack_sharing_enabled":true,"jetpack_shortlink":"https:\/\/wp.me\/pe6lTn-gn5","_links":{"self":[{"href":"https:\/\/www.visit-ulcinj.com\/blog\/wp-json\/wp\/v2\/posts\/62935"}],"collection":[{"href":"https:\/\/www.visit-ulcinj.com\/blog\/wp-json\/wp\/v2\/posts"}],"about":[{"href":"https:\/\/www.visit-ulcinj.com\/blog\/wp-json\/wp\/v2\/types\/post"}],"author":[{"embeddable":true,"href":"https:\/\/www.visit-ulcinj.com\/blog\/wp-json\/wp\/v2\/users\/1"}],"replies":[{"embeddable":true,"href":"https:\/\/www.visit-ulcinj.com\/blog\/wp-json\/wp\/v2\/comments?post=62935"}],"version-history":[{"count":3,"href":"https:\/\/www.visit-ulcinj.com\/blog\/wp-json\/wp\/v2\/posts\/62935\/revisions"}],"predecessor-version":[{"id":62938,"href":"https:\/\/www.visit-ulcinj.com\/blog\/wp-json\/wp\/v2\/posts\/62935\/revisions\/62938"}],"wp:attachment":[{"href":"https:\/\/www.visit-ulcinj.com\/blog\/wp-json\/wp\/v2\/media?parent=62935"}],"wp:term":[{"taxonomy":"category","embeddable":true,"href":"https:\/\/www.visit-ulcinj.com\/blog\/wp-json\/wp\/v2\/categories?post=62935"},{"taxonomy":"post_tag","embeddable":true,"href":"https:\/\/www.visit-ulcinj.com\/blog\/wp-json\/wp\/v2\/tags?post=62935"}],"curies":[{"name":"wp","href":"https:\/\/api.w.org\/{rel}","templated":true}]}}