{"id":62943,"date":"2012-08-18T21:16:47","date_gmt":"2012-08-18T20:16:47","guid":{"rendered":"http:\/\/www.visit-ulcinj.com\/blog\/?p=62943"},"modified":"2012-08-19T16:16:52","modified_gmt":"2012-08-19T15:16:52","slug":"vendi-i-pare-ne-turneun-evropian-per-rrezart-cungun","status":"publish","type":"post","link":"https:\/\/www.visit-ulcinj.com\/blog\/2012\/08\/18\/vendi-i-pare-ne-turneun-evropian-per-rrezart-cungun\/","title":{"rendered":"Vendi i pare ne turneun evropian per Rrezart Cungun"},"content":{"rendered":"<p><a href=\"http:\/\/www.visit-ulcinj.com\/blog\/wp-content\/uploads\/2012\/08\/Rrezart-Cungu-Ulqin.jpg\"><img loading=\"lazy\" class=\"alignleft  wp-image-62944\" title=\"Rrezart Cungu Ulqin\" src=\"http:\/\/www.visit-ulcinj.com\/blog\/wp-content\/uploads\/2012\/08\/Rrezart-Cungu-Ulqin.jpg\" alt=\"\" width=\"508\" height=\"600\" \/><\/a>Jav\u00ebn e fundit n\u00eb Podgoric u mbajt turneu i tenisit t\u00eb nivelit Evropian.<br \/>\nN\u00eb k\u00ebt\u00eb turnej, morr\u00ebn pjes 32 djelm\u00eb dhe 32 vajza nga tegjitha shtetet e Evropes. Nga Mali i Zi morri pjes Rrezart Cungu.<\/p>\n<p>Rrezarti n\u00eb sing\u00ebl mbrriti deri ne \u00e7erek-finale, duke fituar Aleksa Daskaloviq (6:0; 6:0), Igor Hajdukoviq (6:2; 6:0), nd\u00ebrsa humbi nga reprezentuesi komb\u00ebtar i s\u00ebrbis Milosh Radenkoviq (4:6; 3:6).<\/p>\n<p>Rrezarti bashk\u00eb me partnerin e ti Renzo Paro nga Kroacia, u shpall\u00ebn t\u00eb par\u00ebt n\u00eb dub\u00ebl. Kund\u00ebrshtar\u00ebt e par\u00eb ishin Stefan Dragoviq dhe Luka Simiq (6:0; 6:1). N\u00eb xhiron e dyt\u00eb fituan Aleksa Daskaleviq dhe Aleksa Petroviq (6:1; 3:6; 10:7). Me Rejhan Giciq dhe Andrej Grubishiq u takun ne finale (6:4; 3:6; 10:6).<\/p>\n<p>Talentin e Rrezartit e v\u00ebrejt\u00ebn edhe kompania Babolat nga Franca \u00a0dhe sivjet i ofroj sponzorim p\u00ebr vitin 2013 dhe 2014. Kontrat\u00ebn do ta n\u00ebnshkruaj 14-vje\u00e7ari muajin e ardhsh\u00ebm.<\/p>\n\n\t\t<style type=\"text\/css\">\n\t\t\t#gallery-1 {\n\t\t\t\tmargin: auto;\n\t\t\t}\n\t\t\t#gallery-1 .gallery-item {\n\t\t\t\tfloat: left;\n\t\t\t\tmargin-top: 10px;\n\t\t\t\ttext-align: center;\n\t\t\t\twidth: 33%;\n\t\t\t}\n\t\t\t#gallery-1 img {\n\t\t\t\tborder: 2px solid #cfcfcf;\n\t\t\t}\n\t\t\t#gallery-1 .gallery-caption {\n\t\t\t\tmargin-left: 0;\n\t\t\t}\n\t\t\t\/* see gallery_shortcode() in wp-includes\/media.php *\/\n\t\t<\/style>\n\t\t<div id='gallery-1' class='gallery galleryid-62943 gallery-columns-3 gallery-size-thumbnail'><dl class='gallery-item'>\n\t\t\t<dt class='gallery-icon portrait'>\n\t\t\t\t<a href='https:\/\/www.visit-ulcinj.com\/blog\/wp-content\/uploads\/2012\/08\/Rrezart-Cungu-Ulqin.jpg'><img width=\"150\" height=\"150\" src=\"https:\/\/www.visit-ulcinj.com\/blog\/wp-content\/uploads\/2012\/08\/Rrezart-Cungu-Ulqin-150x150.jpg\" class=\"attachment-thumbnail size-thumbnail\" alt=\"\" loading=\"lazy\" \/><\/a>\n\t\t\t<\/dt><\/dl><dl class='gallery-item'>\n\t\t\t<dt class='gallery-icon landscape'>\n\t\t\t\t<a href='https:\/\/www.visit-ulcinj.com\/blog\/wp-content\/uploads\/2012\/08\/Vendi-i-pare-ne-turneun-evropian-per-Rrezart-Cungun.1.jpg'><img width=\"150\" height=\"150\" src=\"https:\/\/www.visit-ulcinj.com\/blog\/wp-content\/uploads\/2012\/08\/Vendi-i-pare-ne-turneun-evropian-per-Rrezart-Cungun.1-150x150.jpg\" class=\"attachment-thumbnail size-thumbnail\" alt=\"\" loading=\"lazy\" \/><\/a>\n\t\t\t<\/dt><\/dl><dl class='gallery-item'>\n\t\t\t<dt class='gallery-icon landscape'>\n\t\t\t\t<a href='https:\/\/www.visit-ulcinj.com\/blog\/wp-content\/uploads\/2012\/08\/Vendi-i-pare-ne-turneun-evropian-per-Rrezart-Cungun.2.jpg'><img width=\"150\" height=\"150\" src=\"https:\/\/www.visit-ulcinj.com\/blog\/wp-content\/uploads\/2012\/08\/Vendi-i-pare-ne-turneun-evropian-per-Rrezart-Cungun.2-150x150.jpg\" class=\"attachment-thumbnail size-thumbnail\" alt=\"\" loading=\"lazy\" \/><\/a>\n\t\t\t<\/dt><\/dl><br style=\"clear: both\" \/><dl class='gallery-item'>\n\t\t\t<dt class='gallery-icon landscape'>\n\t\t\t\t<a href='https:\/\/www.visit-ulcinj.com\/blog\/wp-content\/uploads\/2012\/08\/Vendi-i-pare-ne-turneun-evropian-per-Rrezart-Cungun.3.jpg'><img width=\"150\" height=\"150\" src=\"https:\/\/www.visit-ulcinj.com\/blog\/wp-content\/uploads\/2012\/08\/Vendi-i-pare-ne-turneun-evropian-per-Rrezart-Cungun.3-150x150.jpg\" class=\"attachment-thumbnail size-thumbnail\" alt=\"\" loading=\"lazy\" \/><\/a>\n\t\t\t<\/dt><\/dl><dl class='gallery-item'>\n\t\t\t<dt class='gallery-icon landscape'>\n\t\t\t\t<a href='https:\/\/www.visit-ulcinj.com\/blog\/wp-content\/uploads\/2012\/08\/Vendi-i-pare-ne-turneun-evropian-per-Rrezart-Cungun.4.jpg'><img width=\"150\" height=\"150\" src=\"https:\/\/www.visit-ulcinj.com\/blog\/wp-content\/uploads\/2012\/08\/Vendi-i-pare-ne-turneun-evropian-per-Rrezart-Cungun.4-150x150.jpg\" class=\"attachment-thumbnail size-thumbnail\" alt=\"\" loading=\"lazy\" \/><\/a>\n\t\t\t<\/dt><\/dl><dl class='gallery-item'>\n\t\t\t<dt class='gallery-icon landscape'>\n\t\t\t\t<a href='https:\/\/www.visit-ulcinj.com\/blog\/wp-content\/uploads\/2012\/08\/Vendi-i-pare-ne-turneun-evropian-per-Rrezart-Cungun.jpg'><img width=\"150\" height=\"150\" src=\"https:\/\/www.visit-ulcinj.com\/blog\/wp-content\/uploads\/2012\/08\/Vendi-i-pare-ne-turneun-evropian-per-Rrezart-Cungun-150x150.jpg\" class=\"attachment-thumbnail size-thumbnail\" alt=\"\" loading=\"lazy\" \/><\/a>\n\t\t\t<\/dt><\/dl><br style=\"clear: both\" \/>\n\t\t<\/div>\n\n","protected":false},"excerpt":{"rendered":"<p>Jav\u00ebn e fundit n\u00eb Podgoric u mbajt turneu i tenisit t\u00eb nivelit Evropian. N\u00eb k\u00ebt\u00eb turnej, morr\u00ebn pjes 32 djelm\u00eb dhe 32 vajza nga tegjitha shtetet e Evropes. Nga Mali i Zi morri pjes Rrezart Cungu. Rrezarti n\u00eb sing\u00ebl mbrriti deri ne \u00e7erek-finale, duke fituar Aleksa Daskaloviq (6:0; 6:0), Igor Hajdukoviq (6:2; 6:0), nd\u00ebrsa humbi [&hellip;]<\/p>\n","protected":false},"author":1,"featured_media":0,"comment_status":"open","ping_status":"closed","sticky":false,"template":"","format":"standard","meta":{"spay_email":"","jetpack_publicize_message":"","jetpack_is_tweetstorm":false,"jetpack_publicize_feature_enabled":true},"categories":[1,3],"tags":[19235,14441],"jetpack_publicize_connections":[],"yoast_head":"<!-- This site is optimized with the Yoast SEO plugin v19.1 - https:\/\/yoast.com\/wordpress\/plugins\/seo\/ -->\n<title>Vendi i pare ne turneun evropian per Rrezart Cungun - Lajme nga Ulqini<\/title>\n<meta name=\"description\" content=\"Jav\u00ebn e fundit n\u00eb Podgoric u mbajt turneu i tenisit t\u00eb nivelit Evropian. N\u00eb k\u00ebt\u00eb turnej, morr\u00ebn pjes 32 djelm\u00eb dhe 32 vajza nga tegjitha shtetet e\" \/>\n<meta name=\"robots\" content=\"index, follow, max-snippet:-1, max-image-preview:large, max-video-preview:-1\" \/>\n<link rel=\"canonical\" href=\"https:\/\/www.visit-ulcinj.com\/blog\/2012\/08\/18\/vendi-i-pare-ne-turneun-evropian-per-rrezart-cungun\/\" \/>\n<meta property=\"og:locale\" content=\"en_US\" \/>\n<meta property=\"og:type\" content=\"article\" \/>\n<meta property=\"og:title\" content=\"Vendi i pare ne turneun evropian per Rrezart Cungun - Lajme nga Ulqini\" \/>\n<meta property=\"og:description\" content=\"Jav\u00ebn e fundit n\u00eb Podgoric u mbajt turneu i tenisit t\u00eb nivelit Evropian. N\u00eb k\u00ebt\u00eb turnej, morr\u00ebn pjes 32 djelm\u00eb dhe 32 vajza nga tegjitha shtetet e\" \/>\n<meta property=\"og:url\" content=\"https:\/\/www.visit-ulcinj.com\/blog\/2012\/08\/18\/vendi-i-pare-ne-turneun-evropian-per-rrezart-cungun\/\" \/>\n<meta property=\"og:site_name\" content=\"Lajme nga Ulqini\" \/>\n<meta property=\"article:published_time\" content=\"2012-08-18T20:16:47+00:00\" \/>\n<meta property=\"article:modified_time\" content=\"2012-08-19T15:16:52+00:00\" \/>\n<meta property=\"og:image\" content=\"https:\/\/www.visit-ulcinj.com\/blog\/wp-content\/uploads\/2012\/08\/Rrezart-Cungu-Ulqin-150x150.jpg\" \/>\n<meta name=\"twitter:label1\" content=\"Written by\" \/>\n\t<meta name=\"twitter:data1\" content=\"ulqini\" \/>\n\t<meta name=\"twitter:label2\" content=\"Est. reading time\" \/>\n\t<meta name=\"twitter:data2\" content=\"1 minute\" \/>\n<script type=\"application\/ld+json\" class=\"yoast-schema-graph\">{\"@context\":\"https:\/\/schema.org\",\"@graph\":[{\"@type\":\"WebSite\",\"@id\":\"https:\/\/www.visit-ulcinj.com\/blog\/#website\",\"url\":\"https:\/\/www.visit-ulcinj.com\/blog\/\",\"name\":\"Lajme nga Ulqini\",\"description\":\"Lajme,Vijesti,Ulqini,Ulqin,Crna Gora,Mali i Zi\",\"potentialAction\":[{\"@type\":\"SearchAction\",\"target\":{\"@type\":\"EntryPoint\",\"urlTemplate\":\"https:\/\/www.visit-ulcinj.com\/blog\/?s={search_term_string}\"},\"query-input\":\"required name=search_term_string\"}],\"inLanguage\":\"en-US\"},{\"@type\":\"ImageObject\",\"inLanguage\":\"en-US\",\"@id\":\"https:\/\/www.visit-ulcinj.com\/blog\/2012\/08\/18\/vendi-i-pare-ne-turneun-evropian-per-rrezart-cungun\/#primaryimage\",\"url\":\"https:\/\/www.visit-ulcinj.com\/blog\/wp-content\/uploads\/2012\/08\/Rrezart-Cungu-Ulqin.jpg\",\"contentUrl\":\"https:\/\/www.visit-ulcinj.com\/blog\/wp-content\/uploads\/2012\/08\/Rrezart-Cungu-Ulqin.jpg\",\"width\":\"720\",\"height\":\"960\"},{\"@type\":\"WebPage\",\"@id\":\"https:\/\/www.visit-ulcinj.com\/blog\/2012\/08\/18\/vendi-i-pare-ne-turneun-evropian-per-rrezart-cungun\/#webpage\",\"url\":\"https:\/\/www.visit-ulcinj.com\/blog\/2012\/08\/18\/vendi-i-pare-ne-turneun-evropian-per-rrezart-cungun\/\",\"name\":\"Vendi i pare ne turneun evropian per Rrezart Cungun - Lajme nga Ulqini\",\"isPartOf\":{\"@id\":\"https:\/\/www.visit-ulcinj.com\/blog\/#website\"},\"primaryImageOfPage\":{\"@id\":\"https:\/\/www.visit-ulcinj.com\/blog\/2012\/08\/18\/vendi-i-pare-ne-turneun-evropian-per-rrezart-cungun\/#primaryimage\"},\"datePublished\":\"2012-08-18T20:16:47+00:00\",\"dateModified\":\"2012-08-19T15:16:52+00:00\",\"author\":{\"@id\":\"https:\/\/www.visit-ulcinj.com\/blog\/#\/schema\/person\/dcab619c614d3038751c63bc2aadc06d\"},\"description\":\"Jav\u00ebn e fundit n\u00eb Podgoric u mbajt turneu i tenisit t\u00eb nivelit Evropian. N\u00eb k\u00ebt\u00eb turnej, morr\u00ebn pjes 32 djelm\u00eb dhe 32 vajza nga tegjitha shtetet e\",\"breadcrumb\":{\"@id\":\"https:\/\/www.visit-ulcinj.com\/blog\/2012\/08\/18\/vendi-i-pare-ne-turneun-evropian-per-rrezart-cungun\/#breadcrumb\"},\"inLanguage\":\"en-US\",\"potentialAction\":[{\"@type\":\"ReadAction\",\"target\":[\"https:\/\/www.visit-ulcinj.com\/blog\/2012\/08\/18\/vendi-i-pare-ne-turneun-evropian-per-rrezart-cungun\/\"]}]},{\"@type\":\"BreadcrumbList\",\"@id\":\"https:\/\/www.visit-ulcinj.com\/blog\/2012\/08\/18\/vendi-i-pare-ne-turneun-evropian-per-rrezart-cungun\/#breadcrumb\",\"itemListElement\":[{\"@type\":\"ListItem\",\"position\":1,\"name\":\"Vendi i pare ne turneun evropian per Rrezart Cungun\"}]},{\"@type\":\"Person\",\"@id\":\"https:\/\/www.visit-ulcinj.com\/blog\/#\/schema\/person\/dcab619c614d3038751c63bc2aadc06d\",\"name\":\"ulqini\",\"sameAs\":[\"http:\/\/www.visit-ulcinj.com\"],\"url\":\"https:\/\/www.visit-ulcinj.com\/blog\/author\/admin\/\"}]}<\/script>\n<!-- \/ Yoast SEO plugin. -->","yoast_head_json":{"title":"Vendi i pare ne turneun evropian per Rrezart Cungun - Lajme nga Ulqini","description":"Jav\u00ebn e fundit n\u00eb Podgoric u mbajt turneu i tenisit t\u00eb nivelit Evropian. N\u00eb k\u00ebt\u00eb turnej, morr\u00ebn pjes 32 djelm\u00eb dhe 32 vajza nga tegjitha shtetet e","robots":{"index":"index","follow":"follow","max-snippet":"max-snippet:-1","max-image-preview":"max-image-preview:large","max-video-preview":"max-video-preview:-1"},"canonical":"https:\/\/www.visit-ulcinj.com\/blog\/2012\/08\/18\/vendi-i-pare-ne-turneun-evropian-per-rrezart-cungun\/","og_locale":"en_US","og_type":"article","og_title":"Vendi i pare ne turneun evropian per Rrezart Cungun - Lajme nga Ulqini","og_description":"Jav\u00ebn e fundit n\u00eb Podgoric u mbajt turneu i tenisit t\u00eb nivelit Evropian. N\u00eb k\u00ebt\u00eb turnej, morr\u00ebn pjes 32 djelm\u00eb dhe 32 vajza nga tegjitha shtetet e","og_url":"https:\/\/www.visit-ulcinj.com\/blog\/2012\/08\/18\/vendi-i-pare-ne-turneun-evropian-per-rrezart-cungun\/","og_site_name":"Lajme nga Ulqini","article_published_time":"2012-08-18T20:16:47+00:00","article_modified_time":"2012-08-19T15:16:52+00:00","og_image":[{"url":"https:\/\/www.visit-ulcinj.com\/blog\/wp-content\/uploads\/2012\/08\/Rrezart-Cungu-Ulqin-150x150.jpg"}],"twitter_misc":{"Written by":"ulqini","Est. reading time":"1 minute"},"schema":{"@context":"https:\/\/schema.org","@graph":[{"@type":"WebSite","@id":"https:\/\/www.visit-ulcinj.com\/blog\/#website","url":"https:\/\/www.visit-ulcinj.com\/blog\/","name":"Lajme nga Ulqini","description":"Lajme,Vijesti,Ulqini,Ulqin,Crna Gora,Mali i Zi","potentialAction":[{"@type":"SearchAction","target":{"@type":"EntryPoint","urlTemplate":"https:\/\/www.visit-ulcinj.com\/blog\/?s={search_term_string}"},"query-input":"required name=search_term_string"}],"inLanguage":"en-US"},{"@type":"ImageObject","inLanguage":"en-US","@id":"https:\/\/www.visit-ulcinj.com\/blog\/2012\/08\/18\/vendi-i-pare-ne-turneun-evropian-per-rrezart-cungun\/#primaryimage","url":"https:\/\/www.visit-ulcinj.com\/blog\/wp-content\/uploads\/2012\/08\/Rrezart-Cungu-Ulqin.jpg","contentUrl":"https:\/\/www.visit-ulcinj.com\/blog\/wp-content\/uploads\/2012\/08\/Rrezart-Cungu-Ulqin.jpg","width":"720","height":"960"},{"@type":"WebPage","@id":"https:\/\/www.visit-ulcinj.com\/blog\/2012\/08\/18\/vendi-i-pare-ne-turneun-evropian-per-rrezart-cungun\/#webpage","url":"https:\/\/www.visit-ulcinj.com\/blog\/2012\/08\/18\/vendi-i-pare-ne-turneun-evropian-per-rrezart-cungun\/","name":"Vendi i pare ne turneun evropian per Rrezart Cungun - Lajme nga Ulqini","isPartOf":{"@id":"https:\/\/www.visit-ulcinj.com\/blog\/#website"},"primaryImageOfPage":{"@id":"https:\/\/www.visit-ulcinj.com\/blog\/2012\/08\/18\/vendi-i-pare-ne-turneun-evropian-per-rrezart-cungun\/#primaryimage"},"datePublished":"2012-08-18T20:16:47+00:00","dateModified":"2012-08-19T15:16:52+00:00","author":{"@id":"https:\/\/www.visit-ulcinj.com\/blog\/#\/schema\/person\/dcab619c614d3038751c63bc2aadc06d"},"description":"Jav\u00ebn e fundit n\u00eb Podgoric u mbajt turneu i tenisit t\u00eb nivelit Evropian. N\u00eb k\u00ebt\u00eb turnej, morr\u00ebn pjes 32 djelm\u00eb dhe 32 vajza nga tegjitha shtetet e","breadcrumb":{"@id":"https:\/\/www.visit-ulcinj.com\/blog\/2012\/08\/18\/vendi-i-pare-ne-turneun-evropian-per-rrezart-cungun\/#breadcrumb"},"inLanguage":"en-US","potentialAction":[{"@type":"ReadAction","target":["https:\/\/www.visit-ulcinj.com\/blog\/2012\/08\/18\/vendi-i-pare-ne-turneun-evropian-per-rrezart-cungun\/"]}]},{"@type":"BreadcrumbList","@id":"https:\/\/www.visit-ulcinj.com\/blog\/2012\/08\/18\/vendi-i-pare-ne-turneun-evropian-per-rrezart-cungun\/#breadcrumb","itemListElement":[{"@type":"ListItem","position":1,"name":"Vendi i pare ne turneun evropian per Rrezart Cungun"}]},{"@type":"Person","@id":"https:\/\/www.visit-ulcinj.com\/blog\/#\/schema\/person\/dcab619c614d3038751c63bc2aadc06d","name":"ulqini","sameAs":["http:\/\/www.visit-ulcinj.com"],"url":"https:\/\/www.visit-ulcinj.com\/blog\/author\/admin\/"}]}},"jetpack_featured_media_url":"","jetpack_sharing_enabled":true,"jetpack_shortlink":"https:\/\/wp.me\/pe6lTn-gnd","_links":{"self":[{"href":"https:\/\/www.visit-ulcinj.com\/blog\/wp-json\/wp\/v2\/posts\/62943"}],"collection":[{"href":"https:\/\/www.visit-ulcinj.com\/blog\/wp-json\/wp\/v2\/posts"}],"about":[{"href":"https:\/\/www.visit-ulcinj.com\/blog\/wp-json\/wp\/v2\/types\/post"}],"author":[{"embeddable":true,"href":"https:\/\/www.visit-ulcinj.com\/blog\/wp-json\/wp\/v2\/users\/1"}],"replies":[{"embeddable":true,"href":"https:\/\/www.visit-ulcinj.com\/blog\/wp-json\/wp\/v2\/comments?post=62943"}],"version-history":[{"count":3,"href":"https:\/\/www.visit-ulcinj.com\/blog\/wp-json\/wp\/v2\/posts\/62943\/revisions"}],"predecessor-version":[{"id":63001,"href":"https:\/\/www.visit-ulcinj.com\/blog\/wp-json\/wp\/v2\/posts\/62943\/revisions\/63001"}],"wp:attachment":[{"href":"https:\/\/www.visit-ulcinj.com\/blog\/wp-json\/wp\/v2\/media?parent=62943"}],"wp:term":[{"taxonomy":"category","embeddable":true,"href":"https:\/\/www.visit-ulcinj.com\/blog\/wp-json\/wp\/v2\/categories?post=62943"},{"taxonomy":"post_tag","embeddable":true,"href":"https:\/\/www.visit-ulcinj.com\/blog\/wp-json\/wp\/v2\/tags?post=62943"}],"curies":[{"name":"wp","href":"https:\/\/api.w.org\/{rel}","templated":true}]}}