{"id":62981,"date":"2012-08-18T21:39:38","date_gmt":"2012-08-18T20:39:38","guid":{"rendered":"http:\/\/www.visit-ulcinj.com\/blog\/?p=62981"},"modified":"2012-08-18T21:39:38","modified_gmt":"2012-08-18T20:39:38","slug":"komuna-e-ulqinit-telegram-ngushllimi","status":"publish","type":"post","link":"https:\/\/www.visit-ulcinj.com\/blog\/2012\/08\/18\/komuna-e-ulqinit-telegram-ngushllimi\/","title":{"rendered":"Komuna e Ulqinit: Telegram ngushllimi"},"content":{"rendered":"<p><strong><a href=\"http:\/\/www.visit-ulcinj.com\/blog\/wp-content\/uploads\/2012\/08\/komuna-ulqinit.png\"><img loading=\"lazy\" class=\"alignleft size-full wp-image-62982\" title=\"komuna ulqinit\" src=\"http:\/\/www.visit-ulcinj.com\/blog\/wp-content\/uploads\/2012\/08\/komuna-ulqinit.png\" alt=\"\" width=\"132\" height=\"157\" \/><\/a>Familjes s\u00eb t\u00eb ndjerit Arb\u00ebn Xhaferi,<\/strong><\/p>\n<p>&nbsp;<\/p>\n<p align=\"center\">Telengram ngush\u00ebllimi<\/p>\n<p align=\"center\">\n<p>Me hidh\u00ebrim t\u00eb thell\u00eb mor\u00ebm lajmin e ndarjes s\u00eb parakohshme nga jeta t\u00eb veprimtarit ton\u00eb, Arb\u00ebn Xhaferi.<br \/>\nArb\u00ebni do t\u00eb mbahet mend gjat\u00eb si nj\u00eb nga politikan\u00ebt, intelektual\u00ebt dhe mendimtar\u00ebt m\u00eb t\u00eb ndritur t\u00eb qytet\u00ebrimit ton\u00eb i cili nd\u00ebr t\u00eb tjera dha nj\u00eb kontribut t\u00eb ve\u00e7ant n\u00eb avansimin e mendimit politik shqiptar.<br \/>\nNdarja e tij nga jeta, \u00ebsht\u00eb humbje e madhe p\u00ebr t\u00eb gjith\u00eb ne, por puna dhe veprimtaria e tij do t\u00eb mbetet e p\u00ebrjetshme n\u00eb kujtesen e kombit ton\u00eb.<br \/>\nN\u00eb emrin tim personal dhe n\u00eb emer t\u00eb gjith\u00eb qytetar\u00ebve t\u00eb Komun\u00ebs s\u00eb Ulqinit, m\u00eb lejoni t&#8217;ju shpreh ngushllimet m\u00eb t\u00eb thella p\u00ebr humbjen e njeriut tuaj t\u00eb dashur.<\/p>\n<p>&nbsp;<\/p>\n<p>U preht\u00eb n\u00eb paq\u00eb!<\/p>\n<p>&nbsp;<\/p>\n<p>Kryetari i Komun\u00ebs s\u00eb Ulqinit<br \/>\nNazif Cungu<\/p>\n","protected":false},"excerpt":{"rendered":"<p>Familjes s\u00eb t\u00eb ndjerit Arb\u00ebn Xhaferi, &nbsp; Telengram ngush\u00ebllimi Me hidh\u00ebrim t\u00eb thell\u00eb mor\u00ebm lajmin e ndarjes s\u00eb parakohshme nga jeta t\u00eb veprimtarit ton\u00eb, Arb\u00ebn Xhaferi. Arb\u00ebni do t\u00eb mbahet mend gjat\u00eb si nj\u00eb nga politikan\u00ebt, intelektual\u00ebt dhe mendimtar\u00ebt m\u00eb t\u00eb ndritur t\u00eb qytet\u00ebrimit ton\u00eb i cili nd\u00ebr t\u00eb tjera dha nj\u00eb kontribut t\u00eb ve\u00e7ant [&hellip;]<\/p>\n","protected":false},"author":1,"featured_media":0,"comment_status":"open","ping_status":"closed","sticky":false,"template":"","format":"standard","meta":{"spay_email":"","jetpack_publicize_message":"","jetpack_is_tweetstorm":false,"jetpack_publicize_feature_enabled":true},"categories":[6950],"tags":[16426],"jetpack_publicize_connections":[],"yoast_head":"<!-- This site is optimized with the Yoast SEO plugin v19.1 - https:\/\/yoast.com\/wordpress\/plugins\/seo\/ -->\n<title>Komuna e Ulqinit: Telegram ngushllimi - Lajme nga Ulqini<\/title>\n<meta name=\"description\" content=\"Familjes s\u00eb t\u00eb ndjerit Arb\u00ebn Xhaferi, &nbsp; Telengram ngush\u00ebllimi Me hidh\u00ebrim t\u00eb thell\u00eb mor\u00ebm lajmin e ndarjes s\u00eb parakohshme nga jeta t\u00eb veprimtarit\" \/>\n<meta name=\"robots\" content=\"index, follow, max-snippet:-1, max-image-preview:large, max-video-preview:-1\" \/>\n<link rel=\"canonical\" href=\"https:\/\/www.visit-ulcinj.com\/blog\/2012\/08\/18\/komuna-e-ulqinit-telegram-ngushllimi\/\" \/>\n<meta property=\"og:locale\" content=\"en_US\" \/>\n<meta property=\"og:type\" content=\"article\" \/>\n<meta property=\"og:title\" content=\"Komuna e Ulqinit: Telegram ngushllimi - Lajme nga Ulqini\" \/>\n<meta property=\"og:description\" content=\"Familjes s\u00eb t\u00eb ndjerit Arb\u00ebn Xhaferi, &nbsp; Telengram ngush\u00ebllimi Me hidh\u00ebrim t\u00eb thell\u00eb mor\u00ebm lajmin e ndarjes s\u00eb parakohshme nga jeta t\u00eb veprimtarit\" \/>\n<meta property=\"og:url\" content=\"https:\/\/www.visit-ulcinj.com\/blog\/2012\/08\/18\/komuna-e-ulqinit-telegram-ngushllimi\/\" \/>\n<meta property=\"og:site_name\" content=\"Lajme nga Ulqini\" \/>\n<meta property=\"article:published_time\" content=\"2012-08-18T20:39:38+00:00\" \/>\n<meta property=\"og:image\" content=\"http:\/\/www.visit-ulcinj.com\/blog\/wp-content\/uploads\/2012\/08\/komuna-ulqinit.png\" \/>\n<meta name=\"twitter:label1\" content=\"Written by\" \/>\n\t<meta name=\"twitter:data1\" content=\"ulqini\" \/>\n\t<meta name=\"twitter:label2\" content=\"Est. reading time\" \/>\n\t<meta name=\"twitter:data2\" content=\"1 minute\" \/>\n<script type=\"application\/ld+json\" class=\"yoast-schema-graph\">{\"@context\":\"https:\/\/schema.org\",\"@graph\":[{\"@type\":\"WebSite\",\"@id\":\"https:\/\/www.visit-ulcinj.com\/blog\/#website\",\"url\":\"https:\/\/www.visit-ulcinj.com\/blog\/\",\"name\":\"Lajme nga Ulqini\",\"description\":\"Lajme,Vijesti,Ulqini,Ulqin,Crna Gora,Mali i Zi\",\"potentialAction\":[{\"@type\":\"SearchAction\",\"target\":{\"@type\":\"EntryPoint\",\"urlTemplate\":\"https:\/\/www.visit-ulcinj.com\/blog\/?s={search_term_string}\"},\"query-input\":\"required name=search_term_string\"}],\"inLanguage\":\"en-US\"},{\"@type\":\"ImageObject\",\"inLanguage\":\"en-US\",\"@id\":\"https:\/\/www.visit-ulcinj.com\/blog\/2012\/08\/18\/komuna-e-ulqinit-telegram-ngushllimi\/#primaryimage\",\"url\":\"https:\/\/www.visit-ulcinj.com\/blog\/wp-content\/uploads\/2012\/08\/komuna-ulqinit.png\",\"contentUrl\":\"https:\/\/www.visit-ulcinj.com\/blog\/wp-content\/uploads\/2012\/08\/komuna-ulqinit.png\",\"width\":\"132\",\"height\":\"157\"},{\"@type\":\"WebPage\",\"@id\":\"https:\/\/www.visit-ulcinj.com\/blog\/2012\/08\/18\/komuna-e-ulqinit-telegram-ngushllimi\/#webpage\",\"url\":\"https:\/\/www.visit-ulcinj.com\/blog\/2012\/08\/18\/komuna-e-ulqinit-telegram-ngushllimi\/\",\"name\":\"Komuna e Ulqinit: Telegram ngushllimi - Lajme nga Ulqini\",\"isPartOf\":{\"@id\":\"https:\/\/www.visit-ulcinj.com\/blog\/#website\"},\"primaryImageOfPage\":{\"@id\":\"https:\/\/www.visit-ulcinj.com\/blog\/2012\/08\/18\/komuna-e-ulqinit-telegram-ngushllimi\/#primaryimage\"},\"datePublished\":\"2012-08-18T20:39:38+00:00\",\"dateModified\":\"2012-08-18T20:39:38+00:00\",\"author\":{\"@id\":\"https:\/\/www.visit-ulcinj.com\/blog\/#\/schema\/person\/dcab619c614d3038751c63bc2aadc06d\"},\"description\":\"Familjes s\u00eb t\u00eb ndjerit Arb\u00ebn Xhaferi, &nbsp; Telengram ngush\u00ebllimi Me hidh\u00ebrim t\u00eb thell\u00eb mor\u00ebm lajmin e ndarjes s\u00eb parakohshme nga jeta t\u00eb veprimtarit\",\"breadcrumb\":{\"@id\":\"https:\/\/www.visit-ulcinj.com\/blog\/2012\/08\/18\/komuna-e-ulqinit-telegram-ngushllimi\/#breadcrumb\"},\"inLanguage\":\"en-US\",\"potentialAction\":[{\"@type\":\"ReadAction\",\"target\":[\"https:\/\/www.visit-ulcinj.com\/blog\/2012\/08\/18\/komuna-e-ulqinit-telegram-ngushllimi\/\"]}]},{\"@type\":\"BreadcrumbList\",\"@id\":\"https:\/\/www.visit-ulcinj.com\/blog\/2012\/08\/18\/komuna-e-ulqinit-telegram-ngushllimi\/#breadcrumb\",\"itemListElement\":[{\"@type\":\"ListItem\",\"position\":1,\"name\":\"Komuna e Ulqinit: Telegram ngushllimi\"}]},{\"@type\":\"Person\",\"@id\":\"https:\/\/www.visit-ulcinj.com\/blog\/#\/schema\/person\/dcab619c614d3038751c63bc2aadc06d\",\"name\":\"ulqini\",\"sameAs\":[\"http:\/\/www.visit-ulcinj.com\"],\"url\":\"https:\/\/www.visit-ulcinj.com\/blog\/author\/admin\/\"}]}<\/script>\n<!-- \/ Yoast SEO plugin. -->","yoast_head_json":{"title":"Komuna e Ulqinit: Telegram ngushllimi - Lajme nga Ulqini","description":"Familjes s\u00eb t\u00eb ndjerit Arb\u00ebn Xhaferi, &nbsp; Telengram ngush\u00ebllimi Me hidh\u00ebrim t\u00eb thell\u00eb mor\u00ebm lajmin e ndarjes s\u00eb parakohshme nga jeta t\u00eb veprimtarit","robots":{"index":"index","follow":"follow","max-snippet":"max-snippet:-1","max-image-preview":"max-image-preview:large","max-video-preview":"max-video-preview:-1"},"canonical":"https:\/\/www.visit-ulcinj.com\/blog\/2012\/08\/18\/komuna-e-ulqinit-telegram-ngushllimi\/","og_locale":"en_US","og_type":"article","og_title":"Komuna e Ulqinit: Telegram ngushllimi - Lajme nga Ulqini","og_description":"Familjes s\u00eb t\u00eb ndjerit Arb\u00ebn Xhaferi, &nbsp; Telengram ngush\u00ebllimi Me hidh\u00ebrim t\u00eb thell\u00eb mor\u00ebm lajmin e ndarjes s\u00eb parakohshme nga jeta t\u00eb veprimtarit","og_url":"https:\/\/www.visit-ulcinj.com\/blog\/2012\/08\/18\/komuna-e-ulqinit-telegram-ngushllimi\/","og_site_name":"Lajme nga Ulqini","article_published_time":"2012-08-18T20:39:38+00:00","og_image":[{"url":"http:\/\/www.visit-ulcinj.com\/blog\/wp-content\/uploads\/2012\/08\/komuna-ulqinit.png"}],"twitter_misc":{"Written by":"ulqini","Est. reading time":"1 minute"},"schema":{"@context":"https:\/\/schema.org","@graph":[{"@type":"WebSite","@id":"https:\/\/www.visit-ulcinj.com\/blog\/#website","url":"https:\/\/www.visit-ulcinj.com\/blog\/","name":"Lajme nga Ulqini","description":"Lajme,Vijesti,Ulqini,Ulqin,Crna Gora,Mali i Zi","potentialAction":[{"@type":"SearchAction","target":{"@type":"EntryPoint","urlTemplate":"https:\/\/www.visit-ulcinj.com\/blog\/?s={search_term_string}"},"query-input":"required name=search_term_string"}],"inLanguage":"en-US"},{"@type":"ImageObject","inLanguage":"en-US","@id":"https:\/\/www.visit-ulcinj.com\/blog\/2012\/08\/18\/komuna-e-ulqinit-telegram-ngushllimi\/#primaryimage","url":"https:\/\/www.visit-ulcinj.com\/blog\/wp-content\/uploads\/2012\/08\/komuna-ulqinit.png","contentUrl":"https:\/\/www.visit-ulcinj.com\/blog\/wp-content\/uploads\/2012\/08\/komuna-ulqinit.png","width":"132","height":"157"},{"@type":"WebPage","@id":"https:\/\/www.visit-ulcinj.com\/blog\/2012\/08\/18\/komuna-e-ulqinit-telegram-ngushllimi\/#webpage","url":"https:\/\/www.visit-ulcinj.com\/blog\/2012\/08\/18\/komuna-e-ulqinit-telegram-ngushllimi\/","name":"Komuna e Ulqinit: Telegram ngushllimi - Lajme nga Ulqini","isPartOf":{"@id":"https:\/\/www.visit-ulcinj.com\/blog\/#website"},"primaryImageOfPage":{"@id":"https:\/\/www.visit-ulcinj.com\/blog\/2012\/08\/18\/komuna-e-ulqinit-telegram-ngushllimi\/#primaryimage"},"datePublished":"2012-08-18T20:39:38+00:00","dateModified":"2012-08-18T20:39:38+00:00","author":{"@id":"https:\/\/www.visit-ulcinj.com\/blog\/#\/schema\/person\/dcab619c614d3038751c63bc2aadc06d"},"description":"Familjes s\u00eb t\u00eb ndjerit Arb\u00ebn Xhaferi, &nbsp; Telengram ngush\u00ebllimi Me hidh\u00ebrim t\u00eb thell\u00eb mor\u00ebm lajmin e ndarjes s\u00eb parakohshme nga jeta t\u00eb veprimtarit","breadcrumb":{"@id":"https:\/\/www.visit-ulcinj.com\/blog\/2012\/08\/18\/komuna-e-ulqinit-telegram-ngushllimi\/#breadcrumb"},"inLanguage":"en-US","potentialAction":[{"@type":"ReadAction","target":["https:\/\/www.visit-ulcinj.com\/blog\/2012\/08\/18\/komuna-e-ulqinit-telegram-ngushllimi\/"]}]},{"@type":"BreadcrumbList","@id":"https:\/\/www.visit-ulcinj.com\/blog\/2012\/08\/18\/komuna-e-ulqinit-telegram-ngushllimi\/#breadcrumb","itemListElement":[{"@type":"ListItem","position":1,"name":"Komuna e Ulqinit: Telegram ngushllimi"}]},{"@type":"Person","@id":"https:\/\/www.visit-ulcinj.com\/blog\/#\/schema\/person\/dcab619c614d3038751c63bc2aadc06d","name":"ulqini","sameAs":["http:\/\/www.visit-ulcinj.com"],"url":"https:\/\/www.visit-ulcinj.com\/blog\/author\/admin\/"}]}},"jetpack_featured_media_url":"","jetpack_sharing_enabled":true,"jetpack_shortlink":"https:\/\/wp.me\/pe6lTn-gnP","_links":{"self":[{"href":"https:\/\/www.visit-ulcinj.com\/blog\/wp-json\/wp\/v2\/posts\/62981"}],"collection":[{"href":"https:\/\/www.visit-ulcinj.com\/blog\/wp-json\/wp\/v2\/posts"}],"about":[{"href":"https:\/\/www.visit-ulcinj.com\/blog\/wp-json\/wp\/v2\/types\/post"}],"author":[{"embeddable":true,"href":"https:\/\/www.visit-ulcinj.com\/blog\/wp-json\/wp\/v2\/users\/1"}],"replies":[{"embeddable":true,"href":"https:\/\/www.visit-ulcinj.com\/blog\/wp-json\/wp\/v2\/comments?post=62981"}],"version-history":[{"count":2,"href":"https:\/\/www.visit-ulcinj.com\/blog\/wp-json\/wp\/v2\/posts\/62981\/revisions"}],"predecessor-version":[{"id":62984,"href":"https:\/\/www.visit-ulcinj.com\/blog\/wp-json\/wp\/v2\/posts\/62981\/revisions\/62984"}],"wp:attachment":[{"href":"https:\/\/www.visit-ulcinj.com\/blog\/wp-json\/wp\/v2\/media?parent=62981"}],"wp:term":[{"taxonomy":"category","embeddable":true,"href":"https:\/\/www.visit-ulcinj.com\/blog\/wp-json\/wp\/v2\/categories?post=62981"},{"taxonomy":"post_tag","embeddable":true,"href":"https:\/\/www.visit-ulcinj.com\/blog\/wp-json\/wp\/v2\/tags?post=62981"}],"curies":[{"name":"wp","href":"https:\/\/api.w.org\/{rel}","templated":true}]}}