{"id":62991,"date":"2012-08-19T15:51:05","date_gmt":"2012-08-19T14:51:05","guid":{"rendered":"http:\/\/www.visit-ulcinj.com\/blog\/?p=62991"},"modified":"2012-08-19T15:51:05","modified_gmt":"2012-08-19T14:51:05","slug":"urime-per-festen-e-fiter-bajramit","status":"publish","type":"post","link":"https:\/\/www.visit-ulcinj.com\/blog\/2012\/08\/19\/urime-per-festen-e-fiter-bajramit\/","title":{"rendered":"Urime p\u00ebr fest\u00ebn e Fiter Bajramit"},"content":{"rendered":"<p><img loading=\"lazy\" class=\"alignleft\" src=\"http:\/\/www.visit-ulcinj.com\/blog\/wp-content\/uploads\/2010\/09\/PARTIA-E-PROSPERITETIT-DEMOKRATIK.jpg\" alt=\"\" width=\"508\" height=\"360\" \/>Urime fest\u00ebn e Fiter Bajramit, lumturia, suksesi dhe paqja ju percjellt\u00eb n\u00eb Jet\u00eb.<br \/>\nBajrami \u00ebsht\u00eb dit\u00eb shp\u00ebrblimi, dit\u00eb g\u00ebzimi, dit\u00eb kremtimi dhe dit\u00eb pajtimi n\u00eb mes njer\u00ebzve.<\/p>\n<p>Duke ju uruar Fiter Bajramin t\u00eb gjith\u00eb besimtar\u00ebve mysliman\u00eb, urojm\u00eb q\u00eb sakrificat, adhurimet dhe lutjet tuaja t\u00eb sinqerta, t\u00eb shp\u00ebrblehen me mir\u00ebsin\u00eb e Krijuesit t\u00eb Madh\u00ebrish\u00ebm.<\/p>\n<p>Kryetari dhe Kryesia e Partis\u00eb s\u00eb Prosperitetit Demokratik.<\/p>\n<p>&nbsp;<\/p>\n<p>Kryetari,<br \/>\nAli Rexha<\/p>\n","protected":false},"excerpt":{"rendered":"<p>Urime fest\u00ebn e Fiter Bajramit, lumturia, suksesi dhe paqja ju percjellt\u00eb n\u00eb Jet\u00eb. Bajrami \u00ebsht\u00eb dit\u00eb shp\u00ebrblimi, dit\u00eb g\u00ebzimi, dit\u00eb kremtimi dhe dit\u00eb pajtimi n\u00eb mes njer\u00ebzve. Duke ju uruar Fiter Bajramin t\u00eb gjith\u00eb besimtar\u00ebve mysliman\u00eb, urojm\u00eb q\u00eb sakrificat, adhurimet dhe lutjet tuaja t\u00eb sinqerta, t\u00eb shp\u00ebrblehen me mir\u00ebsin\u00eb e Krijuesit t\u00eb Madh\u00ebrish\u00ebm. Kryetari dhe [&hellip;]<\/p>\n","protected":false},"author":1,"featured_media":0,"comment_status":"open","ping_status":"closed","sticky":false,"template":"","format":"standard","meta":{"spay_email":"","jetpack_publicize_message":"","jetpack_is_tweetstorm":false,"jetpack_publicize_feature_enabled":true},"categories":[11],"tags":[],"jetpack_publicize_connections":[],"yoast_head":"<!-- This site is optimized with the Yoast SEO plugin v19.1 - https:\/\/yoast.com\/wordpress\/plugins\/seo\/ -->\n<title>Urime p\u00ebr fest\u00ebn e Fiter Bajramit - Lajme nga Ulqini<\/title>\n<meta name=\"description\" content=\"Urime fest\u00ebn e Fiter Bajramit, lumturia, suksesi dhe paqja ju percjellt\u00eb n\u00eb Jet\u00eb. Bajrami \u00ebsht\u00eb dit\u00eb shp\u00ebrblimi, dit\u00eb g\u00ebzimi, dit\u00eb kremtimi dhe dit\u00eb\" \/>\n<meta name=\"robots\" content=\"index, follow, max-snippet:-1, max-image-preview:large, max-video-preview:-1\" \/>\n<link rel=\"canonical\" href=\"https:\/\/www.visit-ulcinj.com\/blog\/2012\/08\/19\/urime-per-festen-e-fiter-bajramit\/\" \/>\n<meta property=\"og:locale\" content=\"en_US\" \/>\n<meta property=\"og:type\" content=\"article\" \/>\n<meta property=\"og:title\" content=\"Urime p\u00ebr fest\u00ebn e Fiter Bajramit - Lajme nga Ulqini\" \/>\n<meta property=\"og:description\" content=\"Urime fest\u00ebn e Fiter Bajramit, lumturia, suksesi dhe paqja ju percjellt\u00eb n\u00eb Jet\u00eb. Bajrami \u00ebsht\u00eb dit\u00eb shp\u00ebrblimi, dit\u00eb g\u00ebzimi, dit\u00eb kremtimi dhe dit\u00eb\" \/>\n<meta property=\"og:url\" content=\"https:\/\/www.visit-ulcinj.com\/blog\/2012\/08\/19\/urime-per-festen-e-fiter-bajramit\/\" \/>\n<meta property=\"og:site_name\" content=\"Lajme nga Ulqini\" \/>\n<meta property=\"article:published_time\" content=\"2012-08-19T14:51:05+00:00\" \/>\n<meta property=\"og:image\" content=\"http:\/\/www.visit-ulcinj.com\/blog\/wp-content\/uploads\/2010\/09\/PARTIA-E-PROSPERITETIT-DEMOKRATIK.jpg\" \/>\n<meta name=\"twitter:label1\" content=\"Written by\" \/>\n\t<meta name=\"twitter:data1\" content=\"ulqini\" \/>\n<script type=\"application\/ld+json\" class=\"yoast-schema-graph\">{\"@context\":\"https:\/\/schema.org\",\"@graph\":[{\"@type\":\"WebSite\",\"@id\":\"https:\/\/www.visit-ulcinj.com\/blog\/#website\",\"url\":\"https:\/\/www.visit-ulcinj.com\/blog\/\",\"name\":\"Lajme nga Ulqini\",\"description\":\"Lajme,Vijesti,Ulqini,Ulqin,Crna Gora,Mali i Zi\",\"potentialAction\":[{\"@type\":\"SearchAction\",\"target\":{\"@type\":\"EntryPoint\",\"urlTemplate\":\"https:\/\/www.visit-ulcinj.com\/blog\/?s={search_term_string}\"},\"query-input\":\"required name=search_term_string\"}],\"inLanguage\":\"en-US\"},{\"@type\":\"ImageObject\",\"inLanguage\":\"en-US\",\"@id\":\"https:\/\/www.visit-ulcinj.com\/blog\/2012\/08\/19\/urime-per-festen-e-fiter-bajramit\/#primaryimage\",\"url\":\"https:\/\/www.visit-ulcinj.com\/blog\/wp-content\/uploads\/2010\/09\/PARTIA-E-PROSPERITETIT-DEMOKRATIK.jpg\",\"contentUrl\":\"https:\/\/www.visit-ulcinj.com\/blog\/wp-content\/uploads\/2010\/09\/PARTIA-E-PROSPERITETIT-DEMOKRATIK.jpg\",\"width\":\"521\",\"height\":\"501\"},{\"@type\":\"WebPage\",\"@id\":\"https:\/\/www.visit-ulcinj.com\/blog\/2012\/08\/19\/urime-per-festen-e-fiter-bajramit\/#webpage\",\"url\":\"https:\/\/www.visit-ulcinj.com\/blog\/2012\/08\/19\/urime-per-festen-e-fiter-bajramit\/\",\"name\":\"Urime p\u00ebr fest\u00ebn e Fiter Bajramit - Lajme nga Ulqini\",\"isPartOf\":{\"@id\":\"https:\/\/www.visit-ulcinj.com\/blog\/#website\"},\"primaryImageOfPage\":{\"@id\":\"https:\/\/www.visit-ulcinj.com\/blog\/2012\/08\/19\/urime-per-festen-e-fiter-bajramit\/#primaryimage\"},\"datePublished\":\"2012-08-19T14:51:05+00:00\",\"dateModified\":\"2012-08-19T14:51:05+00:00\",\"author\":{\"@id\":\"https:\/\/www.visit-ulcinj.com\/blog\/#\/schema\/person\/dcab619c614d3038751c63bc2aadc06d\"},\"description\":\"Urime fest\u00ebn e Fiter Bajramit, lumturia, suksesi dhe paqja ju percjellt\u00eb n\u00eb Jet\u00eb. Bajrami \u00ebsht\u00eb dit\u00eb shp\u00ebrblimi, dit\u00eb g\u00ebzimi, dit\u00eb kremtimi dhe dit\u00eb\",\"breadcrumb\":{\"@id\":\"https:\/\/www.visit-ulcinj.com\/blog\/2012\/08\/19\/urime-per-festen-e-fiter-bajramit\/#breadcrumb\"},\"inLanguage\":\"en-US\",\"potentialAction\":[{\"@type\":\"ReadAction\",\"target\":[\"https:\/\/www.visit-ulcinj.com\/blog\/2012\/08\/19\/urime-per-festen-e-fiter-bajramit\/\"]}]},{\"@type\":\"BreadcrumbList\",\"@id\":\"https:\/\/www.visit-ulcinj.com\/blog\/2012\/08\/19\/urime-per-festen-e-fiter-bajramit\/#breadcrumb\",\"itemListElement\":[{\"@type\":\"ListItem\",\"position\":1,\"name\":\"Urime p\u00ebr fest\u00ebn e Fiter Bajramit\"}]},{\"@type\":\"Person\",\"@id\":\"https:\/\/www.visit-ulcinj.com\/blog\/#\/schema\/person\/dcab619c614d3038751c63bc2aadc06d\",\"name\":\"ulqini\",\"sameAs\":[\"http:\/\/www.visit-ulcinj.com\"],\"url\":\"https:\/\/www.visit-ulcinj.com\/blog\/author\/admin\/\"}]}<\/script>\n<!-- \/ Yoast SEO plugin. -->","yoast_head_json":{"title":"Urime p\u00ebr fest\u00ebn e Fiter Bajramit - Lajme nga Ulqini","description":"Urime fest\u00ebn e Fiter Bajramit, lumturia, suksesi dhe paqja ju percjellt\u00eb n\u00eb Jet\u00eb. Bajrami \u00ebsht\u00eb dit\u00eb shp\u00ebrblimi, dit\u00eb g\u00ebzimi, dit\u00eb kremtimi dhe dit\u00eb","robots":{"index":"index","follow":"follow","max-snippet":"max-snippet:-1","max-image-preview":"max-image-preview:large","max-video-preview":"max-video-preview:-1"},"canonical":"https:\/\/www.visit-ulcinj.com\/blog\/2012\/08\/19\/urime-per-festen-e-fiter-bajramit\/","og_locale":"en_US","og_type":"article","og_title":"Urime p\u00ebr fest\u00ebn e Fiter Bajramit - Lajme nga Ulqini","og_description":"Urime fest\u00ebn e Fiter Bajramit, lumturia, suksesi dhe paqja ju percjellt\u00eb n\u00eb Jet\u00eb. Bajrami \u00ebsht\u00eb dit\u00eb shp\u00ebrblimi, dit\u00eb g\u00ebzimi, dit\u00eb kremtimi dhe dit\u00eb","og_url":"https:\/\/www.visit-ulcinj.com\/blog\/2012\/08\/19\/urime-per-festen-e-fiter-bajramit\/","og_site_name":"Lajme nga Ulqini","article_published_time":"2012-08-19T14:51:05+00:00","og_image":[{"url":"http:\/\/www.visit-ulcinj.com\/blog\/wp-content\/uploads\/2010\/09\/PARTIA-E-PROSPERITETIT-DEMOKRATIK.jpg"}],"twitter_misc":{"Written by":"ulqini"},"schema":{"@context":"https:\/\/schema.org","@graph":[{"@type":"WebSite","@id":"https:\/\/www.visit-ulcinj.com\/blog\/#website","url":"https:\/\/www.visit-ulcinj.com\/blog\/","name":"Lajme nga Ulqini","description":"Lajme,Vijesti,Ulqini,Ulqin,Crna Gora,Mali i Zi","potentialAction":[{"@type":"SearchAction","target":{"@type":"EntryPoint","urlTemplate":"https:\/\/www.visit-ulcinj.com\/blog\/?s={search_term_string}"},"query-input":"required name=search_term_string"}],"inLanguage":"en-US"},{"@type":"ImageObject","inLanguage":"en-US","@id":"https:\/\/www.visit-ulcinj.com\/blog\/2012\/08\/19\/urime-per-festen-e-fiter-bajramit\/#primaryimage","url":"https:\/\/www.visit-ulcinj.com\/blog\/wp-content\/uploads\/2010\/09\/PARTIA-E-PROSPERITETIT-DEMOKRATIK.jpg","contentUrl":"https:\/\/www.visit-ulcinj.com\/blog\/wp-content\/uploads\/2010\/09\/PARTIA-E-PROSPERITETIT-DEMOKRATIK.jpg","width":"521","height":"501"},{"@type":"WebPage","@id":"https:\/\/www.visit-ulcinj.com\/blog\/2012\/08\/19\/urime-per-festen-e-fiter-bajramit\/#webpage","url":"https:\/\/www.visit-ulcinj.com\/blog\/2012\/08\/19\/urime-per-festen-e-fiter-bajramit\/","name":"Urime p\u00ebr fest\u00ebn e Fiter Bajramit - Lajme nga Ulqini","isPartOf":{"@id":"https:\/\/www.visit-ulcinj.com\/blog\/#website"},"primaryImageOfPage":{"@id":"https:\/\/www.visit-ulcinj.com\/blog\/2012\/08\/19\/urime-per-festen-e-fiter-bajramit\/#primaryimage"},"datePublished":"2012-08-19T14:51:05+00:00","dateModified":"2012-08-19T14:51:05+00:00","author":{"@id":"https:\/\/www.visit-ulcinj.com\/blog\/#\/schema\/person\/dcab619c614d3038751c63bc2aadc06d"},"description":"Urime fest\u00ebn e Fiter Bajramit, lumturia, suksesi dhe paqja ju percjellt\u00eb n\u00eb Jet\u00eb. Bajrami \u00ebsht\u00eb dit\u00eb shp\u00ebrblimi, dit\u00eb g\u00ebzimi, dit\u00eb kremtimi dhe dit\u00eb","breadcrumb":{"@id":"https:\/\/www.visit-ulcinj.com\/blog\/2012\/08\/19\/urime-per-festen-e-fiter-bajramit\/#breadcrumb"},"inLanguage":"en-US","potentialAction":[{"@type":"ReadAction","target":["https:\/\/www.visit-ulcinj.com\/blog\/2012\/08\/19\/urime-per-festen-e-fiter-bajramit\/"]}]},{"@type":"BreadcrumbList","@id":"https:\/\/www.visit-ulcinj.com\/blog\/2012\/08\/19\/urime-per-festen-e-fiter-bajramit\/#breadcrumb","itemListElement":[{"@type":"ListItem","position":1,"name":"Urime p\u00ebr fest\u00ebn e Fiter Bajramit"}]},{"@type":"Person","@id":"https:\/\/www.visit-ulcinj.com\/blog\/#\/schema\/person\/dcab619c614d3038751c63bc2aadc06d","name":"ulqini","sameAs":["http:\/\/www.visit-ulcinj.com"],"url":"https:\/\/www.visit-ulcinj.com\/blog\/author\/admin\/"}]}},"jetpack_featured_media_url":"","jetpack_sharing_enabled":true,"jetpack_shortlink":"https:\/\/wp.me\/pe6lTn-gnZ","_links":{"self":[{"href":"https:\/\/www.visit-ulcinj.com\/blog\/wp-json\/wp\/v2\/posts\/62991"}],"collection":[{"href":"https:\/\/www.visit-ulcinj.com\/blog\/wp-json\/wp\/v2\/posts"}],"about":[{"href":"https:\/\/www.visit-ulcinj.com\/blog\/wp-json\/wp\/v2\/types\/post"}],"author":[{"embeddable":true,"href":"https:\/\/www.visit-ulcinj.com\/blog\/wp-json\/wp\/v2\/users\/1"}],"replies":[{"embeddable":true,"href":"https:\/\/www.visit-ulcinj.com\/blog\/wp-json\/wp\/v2\/comments?post=62991"}],"version-history":[{"count":1,"href":"https:\/\/www.visit-ulcinj.com\/blog\/wp-json\/wp\/v2\/posts\/62991\/revisions"}],"predecessor-version":[{"id":62992,"href":"https:\/\/www.visit-ulcinj.com\/blog\/wp-json\/wp\/v2\/posts\/62991\/revisions\/62992"}],"wp:attachment":[{"href":"https:\/\/www.visit-ulcinj.com\/blog\/wp-json\/wp\/v2\/media?parent=62991"}],"wp:term":[{"taxonomy":"category","embeddable":true,"href":"https:\/\/www.visit-ulcinj.com\/blog\/wp-json\/wp\/v2\/categories?post=62991"},{"taxonomy":"post_tag","embeddable":true,"href":"https:\/\/www.visit-ulcinj.com\/blog\/wp-json\/wp\/v2\/tags?post=62991"}],"curies":[{"name":"wp","href":"https:\/\/api.w.org\/{rel}","templated":true}]}}