{"id":62993,"date":"2012-08-19T16:11:42","date_gmt":"2012-08-19T15:11:42","guid":{"rendered":"http:\/\/www.visit-ulcinj.com\/blog\/?p=62993"},"modified":"2012-08-19T16:16:13","modified_gmt":"2012-08-19T15:16:13","slug":"zjarret-po-shkretojne-pyjet-e-anes-se-malit-dhe-ulqinit-sos","status":"publish","type":"post","link":"https:\/\/www.visit-ulcinj.com\/blog\/2012\/08\/19\/zjarret-po-shkretojne-pyjet-e-anes-se-malit-dhe-ulqinit-sos\/","title":{"rendered":"Zjarret po shkretojn\u00eb pyjet e Anes se Malit dhe Ulqinit ..SOS"},"content":{"rendered":"<p><a href=\"http:\/\/www.visit-ulcinj.com\/blog\/wp-content\/uploads\/2012\/08\/zjarri.jpg\"><img loading=\"lazy\" class=\"alignleft size-full wp-image-62994\" title=\"zjarri\" src=\"http:\/\/www.visit-ulcinj.com\/blog\/wp-content\/uploads\/2012\/08\/zjarri.jpg\" alt=\"\" width=\"318\" height=\"220\" srcset=\"https:\/\/www.visit-ulcinj.com\/blog\/wp-content\/uploads\/2012\/08\/zjarri.jpg 318w, https:\/\/www.visit-ulcinj.com\/blog\/wp-content\/uploads\/2012\/08\/zjarri-300x207.jpg 300w\" sizes=\"(max-width: 318px) 100vw, 318px\" \/><\/a>Nj\u00eb tjet\u00ebr zjarr ka r\u00ebn\u00eb n\u00eb af\u00ebrsi t\u00eb Ulqinit. Pak kilometra larg qytetit, pa mb\u00ebrritur n\u00eb fshatin Gac, zjarri ka r\u00ebn\u00eb n\u00eb krahun e djatht\u00eb t\u00eb rrug\u00ebs nacionale qe con per kufirin me Shqiperi.<br \/>\nN\u00eb pamje t\u00eb par\u00eb, zjarri duket i madh dhe mund t\u00eb sjell\u00eb d\u00ebme t\u00eb konsiderueshme materiale. Relievi p\u00ebrreth vatr\u00ebs s\u00eb zjarrit duket malor dhe ndoshta kjo do ta b\u00ebj\u00eb t\u00eb v\u00ebshtir\u00eb kontrollin mbi flak\u00ebt.<br \/>\nNd\u00ebrkoh\u00eb, nj\u00eb tjet\u00ebr zjarr masiv ka r\u00ebn\u00eb n\u00eb pyjet n\u00eb fshatin Zogaj dhe Mali i Bris, pran\u00eb kishes, ku situata duket tejet e r\u00ebnduar.<br \/>\nSipas informatave q\u00eb kemi marr\u00eb nga banoret q\u00eb jan duke ruajtur sht\u00ebpit\u00eb dhe rrethin\u00ebn. Banoret shprehin dhimbje por edhe indinjat\u00eb se si nuk \u00ebsht\u00eb interevenuar me koh\u00eb p\u00ebr t\u00eb shp\u00ebtuar k\u00ebt\u00eb hap\u00ebsir\u00eb t\u00eb mbjellur.<br \/>\nSipas informacioneve t\u00eb fundit, flak\u00ebt e zjarrit kan\u00eb djegur nj\u00eb sip\u00ebrfaqe t\u00eb madhe me pisha dhe duket se po avancojn\u00eb neper kto fshatra.<br \/>\nSituat\u00ebn e p\u00ebrkeqeson edhe era dhe sipas shefit t\u00eb sh\u00ebrbimit t\u00eb mbrojtjes Flamur Sella mendohet edhe p\u00ebr evakuim t\u00eb banor\u00ebve.<br \/>\nNga ana tjet\u00ebr banor\u00ebt jan\u00eb t\u00eb alarmuar dhe presim ndihm\u00eb t\u00eb menj\u00ebhershme.<br \/>\nShuarja e zjarreve n\u00eb disa zona qe permendme me par zgjat disa dit\u00eb dhe shpesh k\u00ebrkohet nd\u00ebrhyrje nga ajri,mirpo kjo e fundit ende nuk ndodhi.<\/p>\n","protected":false},"excerpt":{"rendered":"<p>Nj\u00eb tjet\u00ebr zjarr ka r\u00ebn\u00eb n\u00eb af\u00ebrsi t\u00eb Ulqinit. Pak kilometra larg qytetit, pa mb\u00ebrritur n\u00eb fshatin Gac, zjarri ka r\u00ebn\u00eb n\u00eb krahun e djatht\u00eb t\u00eb rrug\u00ebs nacionale qe con per kufirin me Shqiperi. N\u00eb pamje t\u00eb par\u00eb, zjarri duket i madh dhe mund t\u00eb sjell\u00eb d\u00ebme t\u00eb konsiderueshme materiale. Relievi p\u00ebrreth vatr\u00ebs s\u00eb zjarrit [&hellip;]<\/p>\n","protected":false},"author":1,"featured_media":0,"comment_status":"open","ping_status":"closed","sticky":false,"template":"","format":"standard","meta":{"spay_email":"","jetpack_publicize_message":"","jetpack_is_tweetstorm":false,"jetpack_publicize_feature_enabled":true},"categories":[1],"tags":[5589,19,200,18,20891],"jetpack_publicize_connections":[],"yoast_head":"<!-- This site is optimized with the Yoast SEO plugin v19.1 - https:\/\/yoast.com\/wordpress\/plugins\/seo\/ -->\n<title>Zjarret po shkretojn\u00eb pyjet e Anes se Malit dhe Ulqinit ..SOS - Lajme nga Ulqini<\/title>\n<meta name=\"description\" content=\"Nj\u00eb tjet\u00ebr zjarr ka r\u00ebn\u00eb n\u00eb af\u00ebrsi t\u00eb Ulqinit. Pak kilometra larg qytetit, pa mb\u00ebrritur n\u00eb fshatin Gac, zjarri ka r\u00ebn\u00eb n\u00eb krahun e djatht\u00eb t\u00eb rrug\u00ebs\" \/>\n<meta name=\"robots\" content=\"index, follow, max-snippet:-1, max-image-preview:large, max-video-preview:-1\" \/>\n<link rel=\"canonical\" href=\"https:\/\/www.visit-ulcinj.com\/blog\/2012\/08\/19\/zjarret-po-shkretojne-pyjet-e-anes-se-malit-dhe-ulqinit-sos\/\" \/>\n<meta property=\"og:locale\" content=\"en_US\" \/>\n<meta property=\"og:type\" content=\"article\" \/>\n<meta property=\"og:title\" content=\"Zjarret po shkretojn\u00eb pyjet e Anes se Malit dhe Ulqinit ..SOS - Lajme nga Ulqini\" \/>\n<meta property=\"og:description\" content=\"Nj\u00eb tjet\u00ebr zjarr ka r\u00ebn\u00eb n\u00eb af\u00ebrsi t\u00eb Ulqinit. Pak kilometra larg qytetit, pa mb\u00ebrritur n\u00eb fshatin Gac, zjarri ka r\u00ebn\u00eb n\u00eb krahun e djatht\u00eb t\u00eb rrug\u00ebs\" \/>\n<meta property=\"og:url\" content=\"https:\/\/www.visit-ulcinj.com\/blog\/2012\/08\/19\/zjarret-po-shkretojne-pyjet-e-anes-se-malit-dhe-ulqinit-sos\/\" \/>\n<meta property=\"og:site_name\" content=\"Lajme nga Ulqini\" \/>\n<meta property=\"article:published_time\" content=\"2012-08-19T15:11:42+00:00\" \/>\n<meta property=\"article:modified_time\" content=\"2012-08-19T15:16:13+00:00\" \/>\n<meta property=\"og:image\" content=\"http:\/\/www.visit-ulcinj.com\/blog\/wp-content\/uploads\/2012\/08\/zjarri.jpg\" \/>\n<meta name=\"twitter:label1\" content=\"Written by\" \/>\n\t<meta name=\"twitter:data1\" content=\"ulqini\" \/>\n\t<meta name=\"twitter:label2\" content=\"Est. reading time\" \/>\n\t<meta name=\"twitter:data2\" content=\"1 minute\" \/>\n<script type=\"application\/ld+json\" class=\"yoast-schema-graph\">{\"@context\":\"https:\/\/schema.org\",\"@graph\":[{\"@type\":\"WebSite\",\"@id\":\"https:\/\/www.visit-ulcinj.com\/blog\/#website\",\"url\":\"https:\/\/www.visit-ulcinj.com\/blog\/\",\"name\":\"Lajme nga Ulqini\",\"description\":\"Lajme,Vijesti,Ulqini,Ulqin,Crna Gora,Mali i Zi\",\"potentialAction\":[{\"@type\":\"SearchAction\",\"target\":{\"@type\":\"EntryPoint\",\"urlTemplate\":\"https:\/\/www.visit-ulcinj.com\/blog\/?s={search_term_string}\"},\"query-input\":\"required name=search_term_string\"}],\"inLanguage\":\"en-US\"},{\"@type\":\"ImageObject\",\"inLanguage\":\"en-US\",\"@id\":\"https:\/\/www.visit-ulcinj.com\/blog\/2012\/08\/19\/zjarret-po-shkretojne-pyjet-e-anes-se-malit-dhe-ulqinit-sos\/#primaryimage\",\"url\":\"https:\/\/www.visit-ulcinj.com\/blog\/wp-content\/uploads\/2012\/08\/zjarri.jpg\",\"contentUrl\":\"https:\/\/www.visit-ulcinj.com\/blog\/wp-content\/uploads\/2012\/08\/zjarri.jpg\",\"width\":\"318\",\"height\":\"220\"},{\"@type\":\"WebPage\",\"@id\":\"https:\/\/www.visit-ulcinj.com\/blog\/2012\/08\/19\/zjarret-po-shkretojne-pyjet-e-anes-se-malit-dhe-ulqinit-sos\/#webpage\",\"url\":\"https:\/\/www.visit-ulcinj.com\/blog\/2012\/08\/19\/zjarret-po-shkretojne-pyjet-e-anes-se-malit-dhe-ulqinit-sos\/\",\"name\":\"Zjarret po shkretojn\u00eb pyjet e Anes se Malit dhe Ulqinit ..SOS - Lajme nga Ulqini\",\"isPartOf\":{\"@id\":\"https:\/\/www.visit-ulcinj.com\/blog\/#website\"},\"primaryImageOfPage\":{\"@id\":\"https:\/\/www.visit-ulcinj.com\/blog\/2012\/08\/19\/zjarret-po-shkretojne-pyjet-e-anes-se-malit-dhe-ulqinit-sos\/#primaryimage\"},\"datePublished\":\"2012-08-19T15:11:42+00:00\",\"dateModified\":\"2012-08-19T15:16:13+00:00\",\"author\":{\"@id\":\"https:\/\/www.visit-ulcinj.com\/blog\/#\/schema\/person\/dcab619c614d3038751c63bc2aadc06d\"},\"description\":\"Nj\u00eb tjet\u00ebr zjarr ka r\u00ebn\u00eb n\u00eb af\u00ebrsi t\u00eb Ulqinit. Pak kilometra larg qytetit, pa mb\u00ebrritur n\u00eb fshatin Gac, zjarri ka r\u00ebn\u00eb n\u00eb krahun e djatht\u00eb t\u00eb rrug\u00ebs\",\"breadcrumb\":{\"@id\":\"https:\/\/www.visit-ulcinj.com\/blog\/2012\/08\/19\/zjarret-po-shkretojne-pyjet-e-anes-se-malit-dhe-ulqinit-sos\/#breadcrumb\"},\"inLanguage\":\"en-US\",\"potentialAction\":[{\"@type\":\"ReadAction\",\"target\":[\"https:\/\/www.visit-ulcinj.com\/blog\/2012\/08\/19\/zjarret-po-shkretojne-pyjet-e-anes-se-malit-dhe-ulqinit-sos\/\"]}]},{\"@type\":\"BreadcrumbList\",\"@id\":\"https:\/\/www.visit-ulcinj.com\/blog\/2012\/08\/19\/zjarret-po-shkretojne-pyjet-e-anes-se-malit-dhe-ulqinit-sos\/#breadcrumb\",\"itemListElement\":[{\"@type\":\"ListItem\",\"position\":1,\"name\":\"Zjarret po shkretojn\u00eb pyjet e Anes se Malit dhe Ulqinit ..SOS\"}]},{\"@type\":\"Person\",\"@id\":\"https:\/\/www.visit-ulcinj.com\/blog\/#\/schema\/person\/dcab619c614d3038751c63bc2aadc06d\",\"name\":\"ulqini\",\"sameAs\":[\"http:\/\/www.visit-ulcinj.com\"],\"url\":\"https:\/\/www.visit-ulcinj.com\/blog\/author\/admin\/\"}]}<\/script>\n<!-- \/ Yoast SEO plugin. -->","yoast_head_json":{"title":"Zjarret po shkretojn\u00eb pyjet e Anes se Malit dhe Ulqinit ..SOS - Lajme nga Ulqini","description":"Nj\u00eb tjet\u00ebr zjarr ka r\u00ebn\u00eb n\u00eb af\u00ebrsi t\u00eb Ulqinit. Pak kilometra larg qytetit, pa mb\u00ebrritur n\u00eb fshatin Gac, zjarri ka r\u00ebn\u00eb n\u00eb krahun e djatht\u00eb t\u00eb rrug\u00ebs","robots":{"index":"index","follow":"follow","max-snippet":"max-snippet:-1","max-image-preview":"max-image-preview:large","max-video-preview":"max-video-preview:-1"},"canonical":"https:\/\/www.visit-ulcinj.com\/blog\/2012\/08\/19\/zjarret-po-shkretojne-pyjet-e-anes-se-malit-dhe-ulqinit-sos\/","og_locale":"en_US","og_type":"article","og_title":"Zjarret po shkretojn\u00eb pyjet e Anes se Malit dhe Ulqinit ..SOS - Lajme nga Ulqini","og_description":"Nj\u00eb tjet\u00ebr zjarr ka r\u00ebn\u00eb n\u00eb af\u00ebrsi t\u00eb Ulqinit. Pak kilometra larg qytetit, pa mb\u00ebrritur n\u00eb fshatin Gac, zjarri ka r\u00ebn\u00eb n\u00eb krahun e djatht\u00eb t\u00eb rrug\u00ebs","og_url":"https:\/\/www.visit-ulcinj.com\/blog\/2012\/08\/19\/zjarret-po-shkretojne-pyjet-e-anes-se-malit-dhe-ulqinit-sos\/","og_site_name":"Lajme nga Ulqini","article_published_time":"2012-08-19T15:11:42+00:00","article_modified_time":"2012-08-19T15:16:13+00:00","og_image":[{"url":"http:\/\/www.visit-ulcinj.com\/blog\/wp-content\/uploads\/2012\/08\/zjarri.jpg"}],"twitter_misc":{"Written by":"ulqini","Est. reading time":"1 minute"},"schema":{"@context":"https:\/\/schema.org","@graph":[{"@type":"WebSite","@id":"https:\/\/www.visit-ulcinj.com\/blog\/#website","url":"https:\/\/www.visit-ulcinj.com\/blog\/","name":"Lajme nga Ulqini","description":"Lajme,Vijesti,Ulqini,Ulqin,Crna Gora,Mali i Zi","potentialAction":[{"@type":"SearchAction","target":{"@type":"EntryPoint","urlTemplate":"https:\/\/www.visit-ulcinj.com\/blog\/?s={search_term_string}"},"query-input":"required name=search_term_string"}],"inLanguage":"en-US"},{"@type":"ImageObject","inLanguage":"en-US","@id":"https:\/\/www.visit-ulcinj.com\/blog\/2012\/08\/19\/zjarret-po-shkretojne-pyjet-e-anes-se-malit-dhe-ulqinit-sos\/#primaryimage","url":"https:\/\/www.visit-ulcinj.com\/blog\/wp-content\/uploads\/2012\/08\/zjarri.jpg","contentUrl":"https:\/\/www.visit-ulcinj.com\/blog\/wp-content\/uploads\/2012\/08\/zjarri.jpg","width":"318","height":"220"},{"@type":"WebPage","@id":"https:\/\/www.visit-ulcinj.com\/blog\/2012\/08\/19\/zjarret-po-shkretojne-pyjet-e-anes-se-malit-dhe-ulqinit-sos\/#webpage","url":"https:\/\/www.visit-ulcinj.com\/blog\/2012\/08\/19\/zjarret-po-shkretojne-pyjet-e-anes-se-malit-dhe-ulqinit-sos\/","name":"Zjarret po shkretojn\u00eb pyjet e Anes se Malit dhe Ulqinit ..SOS - Lajme nga Ulqini","isPartOf":{"@id":"https:\/\/www.visit-ulcinj.com\/blog\/#website"},"primaryImageOfPage":{"@id":"https:\/\/www.visit-ulcinj.com\/blog\/2012\/08\/19\/zjarret-po-shkretojne-pyjet-e-anes-se-malit-dhe-ulqinit-sos\/#primaryimage"},"datePublished":"2012-08-19T15:11:42+00:00","dateModified":"2012-08-19T15:16:13+00:00","author":{"@id":"https:\/\/www.visit-ulcinj.com\/blog\/#\/schema\/person\/dcab619c614d3038751c63bc2aadc06d"},"description":"Nj\u00eb tjet\u00ebr zjarr ka r\u00ebn\u00eb n\u00eb af\u00ebrsi t\u00eb Ulqinit. Pak kilometra larg qytetit, pa mb\u00ebrritur n\u00eb fshatin Gac, zjarri ka r\u00ebn\u00eb n\u00eb krahun e djatht\u00eb t\u00eb rrug\u00ebs","breadcrumb":{"@id":"https:\/\/www.visit-ulcinj.com\/blog\/2012\/08\/19\/zjarret-po-shkretojne-pyjet-e-anes-se-malit-dhe-ulqinit-sos\/#breadcrumb"},"inLanguage":"en-US","potentialAction":[{"@type":"ReadAction","target":["https:\/\/www.visit-ulcinj.com\/blog\/2012\/08\/19\/zjarret-po-shkretojne-pyjet-e-anes-se-malit-dhe-ulqinit-sos\/"]}]},{"@type":"BreadcrumbList","@id":"https:\/\/www.visit-ulcinj.com\/blog\/2012\/08\/19\/zjarret-po-shkretojne-pyjet-e-anes-se-malit-dhe-ulqinit-sos\/#breadcrumb","itemListElement":[{"@type":"ListItem","position":1,"name":"Zjarret po shkretojn\u00eb pyjet e Anes se Malit dhe Ulqinit ..SOS"}]},{"@type":"Person","@id":"https:\/\/www.visit-ulcinj.com\/blog\/#\/schema\/person\/dcab619c614d3038751c63bc2aadc06d","name":"ulqini","sameAs":["http:\/\/www.visit-ulcinj.com"],"url":"https:\/\/www.visit-ulcinj.com\/blog\/author\/admin\/"}]}},"jetpack_featured_media_url":"","jetpack_sharing_enabled":true,"jetpack_shortlink":"https:\/\/wp.me\/pe6lTn-go1","_links":{"self":[{"href":"https:\/\/www.visit-ulcinj.com\/blog\/wp-json\/wp\/v2\/posts\/62993"}],"collection":[{"href":"https:\/\/www.visit-ulcinj.com\/blog\/wp-json\/wp\/v2\/posts"}],"about":[{"href":"https:\/\/www.visit-ulcinj.com\/blog\/wp-json\/wp\/v2\/types\/post"}],"author":[{"embeddable":true,"href":"https:\/\/www.visit-ulcinj.com\/blog\/wp-json\/wp\/v2\/users\/1"}],"replies":[{"embeddable":true,"href":"https:\/\/www.visit-ulcinj.com\/blog\/wp-json\/wp\/v2\/comments?post=62993"}],"version-history":[{"count":6,"href":"https:\/\/www.visit-ulcinj.com\/blog\/wp-json\/wp\/v2\/posts\/62993\/revisions"}],"predecessor-version":[{"id":63000,"href":"https:\/\/www.visit-ulcinj.com\/blog\/wp-json\/wp\/v2\/posts\/62993\/revisions\/63000"}],"wp:attachment":[{"href":"https:\/\/www.visit-ulcinj.com\/blog\/wp-json\/wp\/v2\/media?parent=62993"}],"wp:term":[{"taxonomy":"category","embeddable":true,"href":"https:\/\/www.visit-ulcinj.com\/blog\/wp-json\/wp\/v2\/categories?post=62993"},{"taxonomy":"post_tag","embeddable":true,"href":"https:\/\/www.visit-ulcinj.com\/blog\/wp-json\/wp\/v2\/tags?post=62993"}],"curies":[{"name":"wp","href":"https:\/\/api.w.org\/{rel}","templated":true}]}}