{"id":63002,"date":"2012-08-23T23:19:06","date_gmt":"2012-08-23T22:19:06","guid":{"rendered":"http:\/\/www.visit-ulcinj.com\/blog\/?p=63002"},"modified":"2012-08-23T23:29:17","modified_gmt":"2012-08-23T22:29:17","slug":"cungu-na-ndihmoni-ne-shuarjen-e-zjarreve","status":"publish","type":"post","link":"https:\/\/www.visit-ulcinj.com\/blog\/2012\/08\/23\/cungu-na-ndihmoni-ne-shuarjen-e-zjarreve\/","title":{"rendered":"Cungu: Na ndihmoni n\u00eb shuarjen e zjarreve"},"content":{"rendered":"<p><a href=\"http:\/\/www.visit-ulcinj.com\/blog\/wp-content\/uploads\/2012\/08\/zjarri-ne-ulqin.1.jpg\"><img loading=\"lazy\" class=\"alignleft  wp-image-63006\" title=\"zjarri ne ulqin.1\" src=\"http:\/\/www.visit-ulcinj.com\/blog\/wp-content\/uploads\/2012\/08\/zjarri-ne-ulqin.1.jpg\" alt=\"\" width=\"508\" height=\"360\" \/><\/a>T\u00eb nderuar qytetar\u00eb,<\/p>\n<p>&nbsp;<\/p>\n<p>Vala e nxeht\u00eb verore ka p\u00ebrfshir\u00eb pothuajse gjith\u00eb territorin e Evrop\u00ebs, dhe zjarrent n\u00eb shum\u00eb shtete, p\u00ebrpos d\u00ebmeve t\u00eb m\u00ebdha materijale, k\u00ebrcnojn\u00eb edhe jet\u00ebn e njer\u00ebzve<\/p>\n<p>Kjo val\u00eb ka p\u00ebrfshir\u00eb edhe Malin e Zi, p\u00ebrfshir\u00eb k\u00ebtu edhe komun\u00ebn ton\u00eb, dhe zjarri k\u00ebrcnon q\u00ebedhe m\u00eb tej t\u00eb p\u00ebrhapet.<\/p>\n<p>Duke u fal\u00ebnderuar intervenimit n\u00eb koh\u00eb nga sh\u00ebrbimi i zjarrfiksave, me bashkpunim me Sektorin p\u00ebr situata t\u00eb jashtzakonshme t\u00eb Ministris\u00eb s\u00eb pun\u00ebve t\u00eb brendshme t\u00eb Malit t\u00eb Zi, deri tani kemi parandaluar p\u00ebrhapjen e zjarrit n\u00eb numrin ma t\u00eb madh t\u00eb objekteve p\u00ebr banim.<\/p>\n<p>Mir\u00ebpo, me q\u00ebllim t\u00eb tejkalimit t\u00eb situat\u00ebs s\u00eb krijuar, t\u00eb parandalimit t\u00eb shtrirjes dhe lindjes s\u00eb zjarreve\u00a0 t\u00eb tjera, nevojitet p\u00ebrfshirja e t\u00eb gjith\u00eb qytetar\u00ebve, subjekteve ekonomike, institucioneve, organizatave joqeveritare dhe organizatave t\u00eb tjera n\u00eb territorin e Komun\u00ebs s\u00eb Ulqin it.<\/p>\n<p>Para s\u00eb gjithash \u00ebsht\u00eb e domosdoshme q\u00eb t\u00eb gjith\u00eb qytetar\u00ebt t\u2019i p\u00ebrmbahen urdh\u00ebres\u00ebs p\u00ebr ndalimin e ndezjes s\u00eb zjarreve n\u00eb territorin e Komun\u00ebs s\u00eb Ulqinit, n\u00eb periudh\u00ebn deri me 01. tetor t\u00eb k\u00ebtij viti. Nj\u00eb gj\u00eb e till\u00eb posa\u00e7\u00ebrisht \u00ebsht\u00eb\u00a0 e r\u00ebnd\u00ebsishme kur dihet q\u00eb n\u00eb territorin e Komun\u00ebs s\u00eb Ulqinit nj\u00eb koh\u00eb t\u00eb gjat\u00eb mbizot\u00ebron that\u00ebsira dhe reshjet nuk priten as n\u00eb t\u00eb ardhmen, k\u00ebshtu q\u00eb edhe zjarri m\u00eb i vog\u00ebl mund t\u00eb p\u00ebrhapet dhe t\u00eb dal\u00eb jasht\u00eb kontrollit.<\/p>\n<p>Poashtu apelojm\u00eb n\u00eb t\u00eb gjith\u00eb qytetar\u00ebt e Ulqinit q\u00eb Sh\u00ebrbimit t\u00eb mbrojtjes dhe shp\u00ebtimit t\u2019i lajm\u00ebrojn\u00eb fillimin e ndonj\u00eb zjarri sado t\u00eb vog\u00ebl me q\u00ebllim q\u00eb me koh\u00eb t\u00eb reagohet p\u00ebr p\u00ebrhapjen e tij.<\/p>\n<p>Ftojm\u00eb t\u00eb gjith\u00eb qytetar\u00ebt dhe subjektet ekonomike t\u00eb cil\u00ebt disponojn\u00eb cisterna dhe pajisje tjera q\u00eb mund t\u00eb ndihmojn\u00eb n\u00eb shuarjen e zjarreve q\u00eb t\u00eb kontaktojn\u00eb dhe ti vejn\u00eb n\u00eb dispozicion t\u00eb Sh\u00ebrbimit t\u00eb zjarrfik\u00ebsve.<\/p>\n<p>U b\u00ebjm\u00eb apel subjekteve ekonomike, sip\u00ebrmarr\u00ebsve dhe qytetar\u00ebve q\u00eb t\u00eb ken\u00eb kujdes t\u00eb shtuar n\u00eb mund\u00ebsin\u00eb e paraqitjes s\u00eb zjarreve p\u00ebrreth objekteve t\u00eb tyre dhe verifikojn\u00eb dhe aft\u00ebsojn\u00eb aparatet p\u00ebr shuarjen e zjarreve dhe hidrant\u00ebt n\u00eb rast nevoje.<\/p>\n<p>Ftojm\u00eb bashk\u00ebsit\u00eb lokale q\u00eb me q\u00ebllim t\u00eb parandalimit t\u00eb organizojn\u00eb kujdestari n\u00eb vendet ku ekziston rreziku p\u00ebr paraqitjen e zjarreve, q\u00eb me at\u00eb rast t\u2019i mund\u00ebsohet Sh\u00ebrbimit t\u00eb mbrojtjes dhe shp\u00ebtimit q\u00eb n\u00eb rast nevoje t\u00eb reagoj\u00eb me koh\u00eb.<\/p>\n<p>Pun\u00ebtor\u00ebt e nd\u00ebrmarrjeve publike t\u00eb Komun\u00ebs s\u00eb Ulqinit, n\u00eb bashkpunim me policin\u00eb, b\u00ebjn\u00eb mbikqyrje konstante n\u00eb territorin e mbar\u00eb komun\u00ebs, dhe do t\u00eb nd\u00ebrmarrin masa kund\u00ebr atyre t\u00eb cil\u00ebve nuk rrespektojn\u00eb urdh\u00ebres\u00ebn p\u00ebr ndalimin e ndezjes s\u00eb zjarreve n\u00eb hapsira t\u00eb hapura.<\/p>\n<p>&nbsp;<\/p>\n<p>T\u00eb nderuar qytetar\u00eb k\u00ebto dhe masat e tjera jemi t\u00eb obliguar q\u00eb t\u2019i nd\u00ebrmarrim me q\u00ebllim q\u00eb t\u00eb m\u00ebnjanohen\u00a0 pasojat e k\u00ebsaj situate dhe t\u00eb shmanget rreziku p\u00ebr pron\u00ebn ton\u00eb dhe resurset natyrore t\u00eb Komun\u00ebs son\u00eb, e gjithashtu q\u00eb t\u00eb shmanget rreziku nga sht\u00ebpit\u00eb tona, objektet e banimit si dhe jeta e njer\u00ebzve, q\u00eb ka qen\u00eb e rrezikuar gjat\u00eb dit\u00ebve t\u00eb kaluara.<\/p>\n<p>Andaj pres q\u00eb t\u00eb gjith\u00eb ta merrni me seriozitet k\u00ebt\u00eb apel dhe n\u00eb k\u00ebt\u00eb m\u00ebnyr\u00eb t\u2019i kontribuoni Sh\u00ebrbimit t\u00eb mbrojtjes dhe shp\u00ebtimit n\u00eb angazhimin e tyre p\u00ebr k\u00ebt\u00eb q\u00ebllim.<\/p>\n<p>Kryetari i komun\u00ebs s\u00eb Ulqinit<br \/>\nNazif Cungu<\/p>\n\n\t\t<style type=\"text\/css\">\n\t\t\t#gallery-1 {\n\t\t\t\tmargin: auto;\n\t\t\t}\n\t\t\t#gallery-1 .gallery-item {\n\t\t\t\tfloat: left;\n\t\t\t\tmargin-top: 10px;\n\t\t\t\ttext-align: center;\n\t\t\t\twidth: 50%;\n\t\t\t}\n\t\t\t#gallery-1 img {\n\t\t\t\tborder: 2px solid #cfcfcf;\n\t\t\t}\n\t\t\t#gallery-1 .gallery-caption {\n\t\t\t\tmargin-left: 0;\n\t\t\t}\n\t\t\t\/* see gallery_shortcode() in wp-includes\/media.php *\/\n\t\t<\/style>\n\t\t<div id='gallery-1' class='gallery galleryid-63002 gallery-columns-2 gallery-size-thumbnail'><dl class='gallery-item'>\n\t\t\t<dt class='gallery-icon landscape'>\n\t\t\t\t<a href='https:\/\/www.visit-ulcinj.com\/blog\/wp-content\/uploads\/2012\/08\/zjarri-ne-ulqin.2.jpg'><img width=\"150\" height=\"150\" src=\"https:\/\/www.visit-ulcinj.com\/blog\/wp-content\/uploads\/2012\/08\/zjarri-ne-ulqin.2-150x150.jpg\" class=\"attachment-thumbnail size-thumbnail\" alt=\"\" loading=\"lazy\" \/><\/a>\n\t\t\t<\/dt><\/dl><dl class='gallery-item'>\n\t\t\t<dt class='gallery-icon landscape'>\n\t\t\t\t<a href='https:\/\/www.visit-ulcinj.com\/blog\/wp-content\/uploads\/2012\/08\/zjarri-ne-ulqin.1.jpg'><img width=\"150\" height=\"150\" src=\"https:\/\/www.visit-ulcinj.com\/blog\/wp-content\/uploads\/2012\/08\/zjarri-ne-ulqin.1-150x150.jpg\" class=\"attachment-thumbnail size-thumbnail\" alt=\"\" loading=\"lazy\" \/><\/a>\n\t\t\t<\/dt><\/dl><br style=\"clear: both\" \/><dl class='gallery-item'>\n\t\t\t<dt class='gallery-icon portrait'>\n\t\t\t\t<a href='https:\/\/www.visit-ulcinj.com\/blog\/wp-content\/uploads\/2012\/08\/zjarri-ne-shengjergj_ulqin.1.jpg'><img width=\"150\" height=\"150\" src=\"https:\/\/www.visit-ulcinj.com\/blog\/wp-content\/uploads\/2012\/08\/zjarri-ne-shengjergj_ulqin.1-150x150.jpg\" class=\"attachment-thumbnail size-thumbnail\" alt=\"\" loading=\"lazy\" \/><\/a>\n\t\t\t<\/dt><\/dl><dl class='gallery-item'>\n\t\t\t<dt class='gallery-icon portrait'>\n\t\t\t\t<a href='https:\/\/www.visit-ulcinj.com\/blog\/wp-content\/uploads\/2012\/08\/zjarri-ne-shengjergj_ulqin.jpg'><img width=\"150\" height=\"150\" src=\"https:\/\/www.visit-ulcinj.com\/blog\/wp-content\/uploads\/2012\/08\/zjarri-ne-shengjergj_ulqin-150x150.jpg\" class=\"attachment-thumbnail size-thumbnail\" alt=\"\" loading=\"lazy\" \/><\/a>\n\t\t\t<\/dt><\/dl><br style=\"clear: both\" \/>\n\t\t<\/div>\n\n","protected":false},"excerpt":{"rendered":"<p>T\u00eb nderuar qytetar\u00eb, &nbsp; Vala e nxeht\u00eb verore ka p\u00ebrfshir\u00eb pothuajse gjith\u00eb territorin e Evrop\u00ebs, dhe zjarrent n\u00eb shum\u00eb shtete, p\u00ebrpos d\u00ebmeve t\u00eb m\u00ebdha materijale, k\u00ebrcnojn\u00eb edhe jet\u00ebn e njer\u00ebzve Kjo val\u00eb ka p\u00ebrfshir\u00eb edhe Malin e Zi, p\u00ebrfshir\u00eb k\u00ebtu edhe komun\u00ebn ton\u00eb, dhe zjarri k\u00ebrcnon q\u00ebedhe m\u00eb tej t\u00eb p\u00ebrhapet. Duke u fal\u00ebnderuar intervenimit [&hellip;]<\/p>\n","protected":false},"author":1,"featured_media":0,"comment_status":"open","ping_status":"closed","sticky":false,"template":"","format":"standard","meta":{"spay_email":"","jetpack_publicize_message":"","jetpack_is_tweetstorm":false,"jetpack_publicize_feature_enabled":true},"categories":[1],"tags":[18368,19143,20616,20892],"jetpack_publicize_connections":[],"yoast_head":"<!-- This site is optimized with the Yoast SEO plugin v19.1 - https:\/\/yoast.com\/wordpress\/plugins\/seo\/ -->\n<title>Cungu: Na ndihmoni n\u00eb shuarjen e zjarreve - Lajme nga Ulqini<\/title>\n<meta name=\"description\" content=\"T\u00eb nderuar qytetar\u00eb, &nbsp; Vala e nxeht\u00eb verore ka p\u00ebrfshir\u00eb pothuajse gjith\u00eb territorin e Evrop\u00ebs, dhe zjarrent n\u00eb shum\u00eb shtete, p\u00ebrpos d\u00ebmeve t\u00eb m\u00ebdha\" \/>\n<meta name=\"robots\" content=\"index, follow, max-snippet:-1, max-image-preview:large, max-video-preview:-1\" \/>\n<link rel=\"canonical\" href=\"https:\/\/www.visit-ulcinj.com\/blog\/2012\/08\/23\/cungu-na-ndihmoni-ne-shuarjen-e-zjarreve\/\" \/>\n<meta property=\"og:locale\" content=\"en_US\" \/>\n<meta property=\"og:type\" content=\"article\" \/>\n<meta property=\"og:title\" content=\"Cungu: Na ndihmoni n\u00eb shuarjen e zjarreve - Lajme nga Ulqini\" \/>\n<meta property=\"og:description\" content=\"T\u00eb nderuar qytetar\u00eb, &nbsp; Vala e nxeht\u00eb verore ka p\u00ebrfshir\u00eb pothuajse gjith\u00eb territorin e Evrop\u00ebs, dhe zjarrent n\u00eb shum\u00eb shtete, p\u00ebrpos d\u00ebmeve t\u00eb m\u00ebdha\" \/>\n<meta property=\"og:url\" content=\"https:\/\/www.visit-ulcinj.com\/blog\/2012\/08\/23\/cungu-na-ndihmoni-ne-shuarjen-e-zjarreve\/\" \/>\n<meta property=\"og:site_name\" content=\"Lajme nga Ulqini\" \/>\n<meta property=\"article:published_time\" content=\"2012-08-23T22:19:06+00:00\" \/>\n<meta property=\"article:modified_time\" content=\"2012-08-23T22:29:17+00:00\" \/>\n<meta property=\"og:image\" content=\"https:\/\/www.visit-ulcinj.com\/blog\/wp-content\/uploads\/2012\/08\/zjarri-ne-ulqin.2-150x150.jpg\" \/>\n<meta name=\"twitter:label1\" content=\"Written by\" \/>\n\t<meta name=\"twitter:data1\" content=\"ulqini\" \/>\n\t<meta name=\"twitter:label2\" content=\"Est. reading time\" \/>\n\t<meta name=\"twitter:data2\" content=\"3 minutes\" \/>\n<script type=\"application\/ld+json\" class=\"yoast-schema-graph\">{\"@context\":\"https:\/\/schema.org\",\"@graph\":[{\"@type\":\"WebSite\",\"@id\":\"https:\/\/www.visit-ulcinj.com\/blog\/#website\",\"url\":\"https:\/\/www.visit-ulcinj.com\/blog\/\",\"name\":\"Lajme nga Ulqini\",\"description\":\"Lajme,Vijesti,Ulqini,Ulqin,Crna Gora,Mali i Zi\",\"potentialAction\":[{\"@type\":\"SearchAction\",\"target\":{\"@type\":\"EntryPoint\",\"urlTemplate\":\"https:\/\/www.visit-ulcinj.com\/blog\/?s={search_term_string}\"},\"query-input\":\"required name=search_term_string\"}],\"inLanguage\":\"en-US\"},{\"@type\":\"ImageObject\",\"inLanguage\":\"en-US\",\"@id\":\"https:\/\/www.visit-ulcinj.com\/blog\/2012\/08\/23\/cungu-na-ndihmoni-ne-shuarjen-e-zjarreve\/#primaryimage\",\"url\":\"https:\/\/www.visit-ulcinj.com\/blog\/wp-content\/uploads\/2012\/08\/zjarri-ne-ulqin.1.jpg\",\"contentUrl\":\"https:\/\/www.visit-ulcinj.com\/blog\/wp-content\/uploads\/2012\/08\/zjarri-ne-ulqin.1.jpg\",\"width\":\"960\",\"height\":\"720\"},{\"@type\":\"WebPage\",\"@id\":\"https:\/\/www.visit-ulcinj.com\/blog\/2012\/08\/23\/cungu-na-ndihmoni-ne-shuarjen-e-zjarreve\/#webpage\",\"url\":\"https:\/\/www.visit-ulcinj.com\/blog\/2012\/08\/23\/cungu-na-ndihmoni-ne-shuarjen-e-zjarreve\/\",\"name\":\"Cungu: Na ndihmoni n\u00eb shuarjen e zjarreve - Lajme nga Ulqini\",\"isPartOf\":{\"@id\":\"https:\/\/www.visit-ulcinj.com\/blog\/#website\"},\"primaryImageOfPage\":{\"@id\":\"https:\/\/www.visit-ulcinj.com\/blog\/2012\/08\/23\/cungu-na-ndihmoni-ne-shuarjen-e-zjarreve\/#primaryimage\"},\"datePublished\":\"2012-08-23T22:19:06+00:00\",\"dateModified\":\"2012-08-23T22:29:17+00:00\",\"author\":{\"@id\":\"https:\/\/www.visit-ulcinj.com\/blog\/#\/schema\/person\/dcab619c614d3038751c63bc2aadc06d\"},\"description\":\"T\u00eb nderuar qytetar\u00eb, &nbsp; Vala e nxeht\u00eb verore ka p\u00ebrfshir\u00eb pothuajse gjith\u00eb territorin e Evrop\u00ebs, dhe zjarrent n\u00eb shum\u00eb shtete, p\u00ebrpos d\u00ebmeve t\u00eb m\u00ebdha\",\"breadcrumb\":{\"@id\":\"https:\/\/www.visit-ulcinj.com\/blog\/2012\/08\/23\/cungu-na-ndihmoni-ne-shuarjen-e-zjarreve\/#breadcrumb\"},\"inLanguage\":\"en-US\",\"potentialAction\":[{\"@type\":\"ReadAction\",\"target\":[\"https:\/\/www.visit-ulcinj.com\/blog\/2012\/08\/23\/cungu-na-ndihmoni-ne-shuarjen-e-zjarreve\/\"]}]},{\"@type\":\"BreadcrumbList\",\"@id\":\"https:\/\/www.visit-ulcinj.com\/blog\/2012\/08\/23\/cungu-na-ndihmoni-ne-shuarjen-e-zjarreve\/#breadcrumb\",\"itemListElement\":[{\"@type\":\"ListItem\",\"position\":1,\"name\":\"Cungu: Na ndihmoni n\u00eb shuarjen e zjarreve\"}]},{\"@type\":\"Person\",\"@id\":\"https:\/\/www.visit-ulcinj.com\/blog\/#\/schema\/person\/dcab619c614d3038751c63bc2aadc06d\",\"name\":\"ulqini\",\"sameAs\":[\"http:\/\/www.visit-ulcinj.com\"],\"url\":\"https:\/\/www.visit-ulcinj.com\/blog\/author\/admin\/\"}]}<\/script>\n<!-- \/ Yoast SEO plugin. -->","yoast_head_json":{"title":"Cungu: Na ndihmoni n\u00eb shuarjen e zjarreve - Lajme nga Ulqini","description":"T\u00eb nderuar qytetar\u00eb, &nbsp; Vala e nxeht\u00eb verore ka p\u00ebrfshir\u00eb pothuajse gjith\u00eb territorin e Evrop\u00ebs, dhe zjarrent n\u00eb shum\u00eb shtete, p\u00ebrpos d\u00ebmeve t\u00eb m\u00ebdha","robots":{"index":"index","follow":"follow","max-snippet":"max-snippet:-1","max-image-preview":"max-image-preview:large","max-video-preview":"max-video-preview:-1"},"canonical":"https:\/\/www.visit-ulcinj.com\/blog\/2012\/08\/23\/cungu-na-ndihmoni-ne-shuarjen-e-zjarreve\/","og_locale":"en_US","og_type":"article","og_title":"Cungu: Na ndihmoni n\u00eb shuarjen e zjarreve - Lajme nga Ulqini","og_description":"T\u00eb nderuar qytetar\u00eb, &nbsp; Vala e nxeht\u00eb verore ka p\u00ebrfshir\u00eb pothuajse gjith\u00eb territorin e Evrop\u00ebs, dhe zjarrent n\u00eb shum\u00eb shtete, p\u00ebrpos d\u00ebmeve t\u00eb m\u00ebdha","og_url":"https:\/\/www.visit-ulcinj.com\/blog\/2012\/08\/23\/cungu-na-ndihmoni-ne-shuarjen-e-zjarreve\/","og_site_name":"Lajme nga Ulqini","article_published_time":"2012-08-23T22:19:06+00:00","article_modified_time":"2012-08-23T22:29:17+00:00","og_image":[{"url":"https:\/\/www.visit-ulcinj.com\/blog\/wp-content\/uploads\/2012\/08\/zjarri-ne-ulqin.2-150x150.jpg"}],"twitter_misc":{"Written by":"ulqini","Est. reading time":"3 minutes"},"schema":{"@context":"https:\/\/schema.org","@graph":[{"@type":"WebSite","@id":"https:\/\/www.visit-ulcinj.com\/blog\/#website","url":"https:\/\/www.visit-ulcinj.com\/blog\/","name":"Lajme nga Ulqini","description":"Lajme,Vijesti,Ulqini,Ulqin,Crna Gora,Mali i Zi","potentialAction":[{"@type":"SearchAction","target":{"@type":"EntryPoint","urlTemplate":"https:\/\/www.visit-ulcinj.com\/blog\/?s={search_term_string}"},"query-input":"required name=search_term_string"}],"inLanguage":"en-US"},{"@type":"ImageObject","inLanguage":"en-US","@id":"https:\/\/www.visit-ulcinj.com\/blog\/2012\/08\/23\/cungu-na-ndihmoni-ne-shuarjen-e-zjarreve\/#primaryimage","url":"https:\/\/www.visit-ulcinj.com\/blog\/wp-content\/uploads\/2012\/08\/zjarri-ne-ulqin.1.jpg","contentUrl":"https:\/\/www.visit-ulcinj.com\/blog\/wp-content\/uploads\/2012\/08\/zjarri-ne-ulqin.1.jpg","width":"960","height":"720"},{"@type":"WebPage","@id":"https:\/\/www.visit-ulcinj.com\/blog\/2012\/08\/23\/cungu-na-ndihmoni-ne-shuarjen-e-zjarreve\/#webpage","url":"https:\/\/www.visit-ulcinj.com\/blog\/2012\/08\/23\/cungu-na-ndihmoni-ne-shuarjen-e-zjarreve\/","name":"Cungu: Na ndihmoni n\u00eb shuarjen e zjarreve - Lajme nga Ulqini","isPartOf":{"@id":"https:\/\/www.visit-ulcinj.com\/blog\/#website"},"primaryImageOfPage":{"@id":"https:\/\/www.visit-ulcinj.com\/blog\/2012\/08\/23\/cungu-na-ndihmoni-ne-shuarjen-e-zjarreve\/#primaryimage"},"datePublished":"2012-08-23T22:19:06+00:00","dateModified":"2012-08-23T22:29:17+00:00","author":{"@id":"https:\/\/www.visit-ulcinj.com\/blog\/#\/schema\/person\/dcab619c614d3038751c63bc2aadc06d"},"description":"T\u00eb nderuar qytetar\u00eb, &nbsp; Vala e nxeht\u00eb verore ka p\u00ebrfshir\u00eb pothuajse gjith\u00eb territorin e Evrop\u00ebs, dhe zjarrent n\u00eb shum\u00eb shtete, p\u00ebrpos d\u00ebmeve t\u00eb m\u00ebdha","breadcrumb":{"@id":"https:\/\/www.visit-ulcinj.com\/blog\/2012\/08\/23\/cungu-na-ndihmoni-ne-shuarjen-e-zjarreve\/#breadcrumb"},"inLanguage":"en-US","potentialAction":[{"@type":"ReadAction","target":["https:\/\/www.visit-ulcinj.com\/blog\/2012\/08\/23\/cungu-na-ndihmoni-ne-shuarjen-e-zjarreve\/"]}]},{"@type":"BreadcrumbList","@id":"https:\/\/www.visit-ulcinj.com\/blog\/2012\/08\/23\/cungu-na-ndihmoni-ne-shuarjen-e-zjarreve\/#breadcrumb","itemListElement":[{"@type":"ListItem","position":1,"name":"Cungu: Na ndihmoni n\u00eb shuarjen e zjarreve"}]},{"@type":"Person","@id":"https:\/\/www.visit-ulcinj.com\/blog\/#\/schema\/person\/dcab619c614d3038751c63bc2aadc06d","name":"ulqini","sameAs":["http:\/\/www.visit-ulcinj.com"],"url":"https:\/\/www.visit-ulcinj.com\/blog\/author\/admin\/"}]}},"jetpack_featured_media_url":"","jetpack_sharing_enabled":true,"jetpack_shortlink":"https:\/\/wp.me\/pe6lTn-goa","_links":{"self":[{"href":"https:\/\/www.visit-ulcinj.com\/blog\/wp-json\/wp\/v2\/posts\/63002"}],"collection":[{"href":"https:\/\/www.visit-ulcinj.com\/blog\/wp-json\/wp\/v2\/posts"}],"about":[{"href":"https:\/\/www.visit-ulcinj.com\/blog\/wp-json\/wp\/v2\/types\/post"}],"author":[{"embeddable":true,"href":"https:\/\/www.visit-ulcinj.com\/blog\/wp-json\/wp\/v2\/users\/1"}],"replies":[{"embeddable":true,"href":"https:\/\/www.visit-ulcinj.com\/blog\/wp-json\/wp\/v2\/comments?post=63002"}],"version-history":[{"count":3,"href":"https:\/\/www.visit-ulcinj.com\/blog\/wp-json\/wp\/v2\/posts\/63002\/revisions"}],"predecessor-version":[{"id":63005,"href":"https:\/\/www.visit-ulcinj.com\/blog\/wp-json\/wp\/v2\/posts\/63002\/revisions\/63005"}],"wp:attachment":[{"href":"https:\/\/www.visit-ulcinj.com\/blog\/wp-json\/wp\/v2\/media?parent=63002"}],"wp:term":[{"taxonomy":"category","embeddable":true,"href":"https:\/\/www.visit-ulcinj.com\/blog\/wp-json\/wp\/v2\/categories?post=63002"},{"taxonomy":"post_tag","embeddable":true,"href":"https:\/\/www.visit-ulcinj.com\/blog\/wp-json\/wp\/v2\/tags?post=63002"}],"curies":[{"name":"wp","href":"https:\/\/api.w.org\/{rel}","templated":true}]}}