{"id":63010,"date":"2012-08-23T23:52:16","date_gmt":"2012-08-23T22:52:16","guid":{"rendered":"http:\/\/www.visit-ulcinj.com\/blog\/?p=63010"},"modified":"2012-08-23T23:52:16","modified_gmt":"2012-08-23T22:52:16","slug":"zavrsena-ljetnja-scena-2012","status":"publish","type":"post","link":"https:\/\/www.visit-ulcinj.com\/blog\/2012\/08\/23\/zavrsena-ljetnja-scena-2012\/","title":{"rendered":"Zavr\u0161ena &#8220;Ljetnja scena&#8221; 2012"},"content":{"rendered":"<p><a href=\"http:\/\/www.visit-ulcinj.com\/blog\/wp-content\/uploads\/2012\/08\/skena-verore-2012-ulqin.jpg\"><img loading=\"lazy\" class=\"alignleft  wp-image-63016\" title=\"skena verore 2012 ulqin\" src=\"http:\/\/www.visit-ulcinj.com\/blog\/wp-content\/uploads\/2012\/08\/skena-verore-2012-ulqin.jpg\" alt=\"\" width=\"508\" height=\"360\" \/><\/a>Nakon dvadesetak dana spu\u0161tena je zavjesa na slavnom &#8220;Trgu robova&#8221;. Zavr\u0161ena je jo\u0161 jedna &#8220;Ljetnja scena&#8221; na\u0161eg kulturnog ljeta i bilo bi lijepo dati jedan mali prikaz svega onog \u0161to se de\u0161avalo ovdje kod nas iz kulture, posebno me\u0111u drevnim zidinama na\u0161eg Starog grada. Naravno, i ono \u0161to se dolje na Pristanu de\u0161avalo i de\u0161ava jeste dio jedne kulture, ali jedne druga\u010dije svojstvene onima koji tu kulturu i \u017eele i vole. Ovdje kod nas me\u0111u drevne zidine Starog grada se ipak de\u0161ava ne\u0161to \u0161to je svojstveno i onima koji posje\u0107uju i ostale gradove Mediterana ili srednje Evrope. Dakle jednog druga\u010dijeg svatanja kulture. Ove godine je festival&#8221; Ljetnja scena&#8221; bio na nivou ranijih godina, rekao bih po sadr\u017eaju, po muzi\u010dko scenskim predstavama, izlo\u017ebama i sli\u010dno. Po\u010deo je &#8220;Kalimerom&#8221; Art kluba , da bi na kraju zavr\u0161io sa jednim maestralnim koncertom ozbiljne muzike jednog vrhunskog internacionalnog tenora i umjetnika, operskog pjeva\u010da Kastriota Tu\u0161e, koji je uz u pratnju perlijepe \u0110ulije Pelinku i njenog an\u0111eoskog glasa ostavio neizbrisiv utisak na sve prisutne. Ovogodi\u0161nja &#8220;Ljenja scena&#8221; se razlikovala od svih ranijih po tome \u0161to nije bilo ni glamuroznog otvaranja i zatvaranja, nije bilo ni koktela ni ve\u010dera za zvani\u010dnike i politi\u010dare koji su ranije bili samo dekor na po\u010detku i zavr\u0161etku &#8220;Ljetnje scene&#8221; Izgleda da su ti biv\u0161i &#8221; polit\u010dari&#8221; ali i na\u017ealost jo\u0161 po neki koji su se i razumjeli u ovakvu vrstu kulture i koji su stalno bili uz njih u vazalnom odnosu , po\u0161li u istoriju. Kako ina\u010de protuma\u010diti da za dvadesetak dana trajanja festivala nijedan od biv\u0161ih &#8220;politi\u010dara&#8221; ili biv\u0161ih rukovodilaca ne na\u0111e za shodno da do\u0111e da se makar pozdravi sa gostima i u\u010desnicima festivala, koje su oni nekada animirali i pozivali, i \u010diji su oni bili doma\u0107ini. Zaista nevjerovatno. Za \u017ealjenje je konstatacija da je politika toliko promijenila i poremetila odnose, da su se promijenile vrijednosti \u010dak i u kulturi . Nezamislivo je da slikarstvo naprimjer, poeziju, dramske predstave ili muziku , neko druga\u010dije gleda, zato \u0161to taj koji je sada na \u010delu &#8220;Centra za kulturu&#8221; organizuje festival, nije iz njegove &#8220;partije&#8221; odnosno njihove politi\u010dke opcije. Zaista, nevjerovatno. Ja sam redovan posjetilac svih kulturnih de\u0161avanja me\u0111u drevnim zidinama Starog grada od samog po\u010detka, ve\u0107 vi\u0161e od dvadesetak godina, jer se ovo sve de\u0161ava u na\u0161oj ku\u0107i, tako da je po mom skromnom mi\u0161ljenu ovaj festival potpuno uspio i da je ispunio na\u0161a o\u010dekivanja. Bilo je zaista interesantnih predstava, izlo\u017ebi , poezije i svega onoga \u0161to je je bilo primamljivo za publiku. Skoro svako ve\u010de bilo je puno publike \u0161to se mo\u017ee vidjeti na mnogim fotografijama ali i kamerama koje je snimala doma\u0107a TV Teuta, ali i jedna TV stanica sa Kosova..Mislim da je festival ove godine bio izuzetno dobro organizovan i moram posebnu zahvalnost da uputim i dirktoru&#8221; Centara z kulturu&#8221; g. Nailu Dragi koji je, za razliku od ranijih direktora i rukovodilaca, koji su dolazili samo na otvaranje i zatvaranje festivala, svake no\u0107i bio prisutan sa svojim saradnicima. Zaista za svaku pohvalu, ako se uzme u obzir da on \u017eivi u Vladimiru. Naravno, na\u0161e kulturno ljeto i na\u0161 festival, ili kako ga organizatori zovu&#8221;Ljetnja sc ena&#8221; se ne mo\u017ee upore\u0111ivati sa onim doga\u0111ajima i de\u0161avanjima koja se se de\u0161avaju iz kulture u na\u0161em bli\u017eem i daljem okru\u017eenju, uzimaju\u0107i uobzir skromna finansijska sredstva sa kojima raspola\u017ee &#8220;Centar za kulturu&#8221;. Ali moramo biti zadovoljni s obzirom da Ministar za kulturu i njegovo resorno Ministarstvo veoma malo ili nimalo ne mare za ono \u0161to se de\u0161ava kod nas. Uostalom, bilo bi pravo \u010dudo kada bi se interesovali za bilo \u0161ta \u0161to se de\u0161ava kod nas, posebno za na\u0161 Stari grad pretendenta za ulazak u svetsku kulturnu ba\u0161tinu &#8220;Uneskoa&#8221;. Kad bi taj Ministar jednom i zalutao do Ulcinja i kada bi kojim slu\u010dajem i zatra\u017eio da posjeti Stari grad, bilo bi to zaista i doga\u0111aj koji bi mogao i da se kandiduje i za &#8220;Ginisa&#8221;&#8230;<\/p>\n<p>&nbsp;<\/p>\n<p><a href=\"https:\/\/www.facebook.com\/ismet.karamanaga\" target=\"_blank\"><strong>Ismet Karamanaga Facebook<\/strong><\/a><\/p>\n\n\t\t<style type=\"text\/css\">\n\t\t\t#gallery-1 {\n\t\t\t\tmargin: auto;\n\t\t\t}\n\t\t\t#gallery-1 .gallery-item {\n\t\t\t\tfloat: left;\n\t\t\t\tmargin-top: 10px;\n\t\t\t\ttext-align: center;\n\t\t\t\twidth: 33%;\n\t\t\t}\n\t\t\t#gallery-1 img {\n\t\t\t\tborder: 2px solid #cfcfcf;\n\t\t\t}\n\t\t\t#gallery-1 .gallery-caption {\n\t\t\t\tmargin-left: 0;\n\t\t\t}\n\t\t\t\/* see gallery_shortcode() in wp-includes\/media.php *\/\n\t\t<\/style>\n\t\t<div id='gallery-1' class='gallery galleryid-63010 gallery-columns-3 gallery-size-thumbnail'><dl class='gallery-item'>\n\t\t\t<dt class='gallery-icon landscape'>\n\t\t\t\t<a href='https:\/\/www.visit-ulcinj.com\/blog\/wp-content\/uploads\/2012\/08\/skena-verore-2012-ulqin.1.jpg'><img width=\"150\" height=\"150\" src=\"https:\/\/www.visit-ulcinj.com\/blog\/wp-content\/uploads\/2012\/08\/skena-verore-2012-ulqin.1-150x150.jpg\" class=\"attachment-thumbnail size-thumbnail\" alt=\"\" loading=\"lazy\" \/><\/a>\n\t\t\t<\/dt><\/dl><dl class='gallery-item'>\n\t\t\t<dt class='gallery-icon landscape'>\n\t\t\t\t<a href='https:\/\/www.visit-ulcinj.com\/blog\/wp-content\/uploads\/2012\/08\/skena-verore-2012-ulqin.2.jpg'><img width=\"150\" height=\"150\" src=\"https:\/\/www.visit-ulcinj.com\/blog\/wp-content\/uploads\/2012\/08\/skena-verore-2012-ulqin.2-150x150.jpg\" class=\"attachment-thumbnail size-thumbnail\" alt=\"\" loading=\"lazy\" \/><\/a>\n\t\t\t<\/dt><\/dl><dl class='gallery-item'>\n\t\t\t<dt class='gallery-icon landscape'>\n\t\t\t\t<a href='https:\/\/www.visit-ulcinj.com\/blog\/wp-content\/uploads\/2012\/08\/skena-verore-2012-ulqin.3.jpg'><img width=\"150\" height=\"150\" src=\"https:\/\/www.visit-ulcinj.com\/blog\/wp-content\/uploads\/2012\/08\/skena-verore-2012-ulqin.3-150x150.jpg\" class=\"attachment-thumbnail size-thumbnail\" alt=\"\" loading=\"lazy\" \/><\/a>\n\t\t\t<\/dt><\/dl><br style=\"clear: both\" \/><dl class='gallery-item'>\n\t\t\t<dt class='gallery-icon landscape'>\n\t\t\t\t<a href='https:\/\/www.visit-ulcinj.com\/blog\/wp-content\/uploads\/2012\/08\/skena-verore-2012-ulqin.4.jpg'><img width=\"150\" height=\"150\" src=\"https:\/\/www.visit-ulcinj.com\/blog\/wp-content\/uploads\/2012\/08\/skena-verore-2012-ulqin.4-150x150.jpg\" class=\"attachment-thumbnail size-thumbnail\" alt=\"\" loading=\"lazy\" \/><\/a>\n\t\t\t<\/dt><\/dl><dl class='gallery-item'>\n\t\t\t<dt class='gallery-icon landscape'>\n\t\t\t\t<a href='https:\/\/www.visit-ulcinj.com\/blog\/wp-content\/uploads\/2012\/08\/skena-verore-2012-ulqin.5.jpg'><img width=\"150\" height=\"150\" src=\"https:\/\/www.visit-ulcinj.com\/blog\/wp-content\/uploads\/2012\/08\/skena-verore-2012-ulqin.5-150x150.jpg\" class=\"attachment-thumbnail size-thumbnail\" alt=\"\" loading=\"lazy\" \/><\/a>\n\t\t\t<\/dt><\/dl><dl class='gallery-item'>\n\t\t\t<dt class='gallery-icon landscape'>\n\t\t\t\t<a href='https:\/\/www.visit-ulcinj.com\/blog\/wp-content\/uploads\/2012\/08\/skena-verore-2012-ulqin.jpg'><img width=\"150\" height=\"150\" src=\"https:\/\/www.visit-ulcinj.com\/blog\/wp-content\/uploads\/2012\/08\/skena-verore-2012-ulqin-150x150.jpg\" class=\"attachment-thumbnail size-thumbnail\" alt=\"\" loading=\"lazy\" \/><\/a>\n\t\t\t<\/dt><\/dl><br style=\"clear: both\" \/>\n\t\t<\/div>\n\n","protected":false},"excerpt":{"rendered":"<p>Nakon dvadesetak dana spu\u0161tena je zavjesa na slavnom &#8220;Trgu robova&#8221;. Zavr\u0161ena je jo\u0161 jedna &#8220;Ljetnja scena&#8221; na\u0161eg kulturnog ljeta i bilo bi lijepo dati jedan mali prikaz svega onog \u0161to se de\u0161avalo ovdje kod nas iz kulture, posebno me\u0111u drevnim zidinama na\u0161eg Starog grada. Naravno, i ono \u0161to se dolje na Pristanu de\u0161avalo i de\u0161ava [&hellip;]<\/p>\n","protected":false},"author":1,"featured_media":0,"comment_status":"open","ping_status":"closed","sticky":false,"template":"","format":"standard","meta":{"spay_email":"","jetpack_publicize_message":"","jetpack_is_tweetstorm":false,"jetpack_publicize_feature_enabled":true},"categories":[8337],"tags":[],"jetpack_publicize_connections":[],"yoast_head":"<!-- This site is optimized with the Yoast SEO plugin v19.1 - https:\/\/yoast.com\/wordpress\/plugins\/seo\/ -->\n<title>Zavr\u0161ena &quot;Ljetnja scena&quot; 2012 - Lajme nga Ulqini<\/title>\n<meta name=\"description\" content=\"Nakon dvadesetak dana spu\u0161tena je zavjesa na slavnom &quot;Trgu robova&quot;. Zavr\u0161ena je jo\u0161 jedna &quot;Ljetnja scena&quot; na\u0161eg kulturnog ljeta i bilo bi lijepo dati\" \/>\n<meta name=\"robots\" content=\"index, follow, max-snippet:-1, max-image-preview:large, max-video-preview:-1\" \/>\n<link rel=\"canonical\" href=\"https:\/\/www.visit-ulcinj.com\/blog\/2012\/08\/23\/zavrsena-ljetnja-scena-2012\/\" \/>\n<meta property=\"og:locale\" content=\"en_US\" \/>\n<meta property=\"og:type\" content=\"article\" \/>\n<meta property=\"og:title\" content=\"Zavr\u0161ena &quot;Ljetnja scena&quot; 2012 - Lajme nga Ulqini\" \/>\n<meta property=\"og:description\" content=\"Nakon dvadesetak dana spu\u0161tena je zavjesa na slavnom &quot;Trgu robova&quot;. Zavr\u0161ena je jo\u0161 jedna &quot;Ljetnja scena&quot; na\u0161eg kulturnog ljeta i bilo bi lijepo dati\" \/>\n<meta property=\"og:url\" content=\"https:\/\/www.visit-ulcinj.com\/blog\/2012\/08\/23\/zavrsena-ljetnja-scena-2012\/\" \/>\n<meta property=\"og:site_name\" content=\"Lajme nga Ulqini\" \/>\n<meta property=\"article:published_time\" content=\"2012-08-23T22:52:16+00:00\" \/>\n<meta property=\"og:image\" content=\"https:\/\/www.visit-ulcinj.com\/blog\/wp-content\/uploads\/2012\/08\/skena-verore-2012-ulqin.1-150x150.jpg\" \/>\n<meta name=\"twitter:label1\" content=\"Written by\" \/>\n\t<meta name=\"twitter:data1\" content=\"ulqini\" \/>\n\t<meta name=\"twitter:label2\" content=\"Est. reading time\" \/>\n\t<meta name=\"twitter:data2\" content=\"4 minutes\" \/>\n<script type=\"application\/ld+json\" class=\"yoast-schema-graph\">{\"@context\":\"https:\/\/schema.org\",\"@graph\":[{\"@type\":\"WebSite\",\"@id\":\"https:\/\/www.visit-ulcinj.com\/blog\/#website\",\"url\":\"https:\/\/www.visit-ulcinj.com\/blog\/\",\"name\":\"Lajme nga Ulqini\",\"description\":\"Lajme,Vijesti,Ulqini,Ulqin,Crna Gora,Mali i Zi\",\"potentialAction\":[{\"@type\":\"SearchAction\",\"target\":{\"@type\":\"EntryPoint\",\"urlTemplate\":\"https:\/\/www.visit-ulcinj.com\/blog\/?s={search_term_string}\"},\"query-input\":\"required name=search_term_string\"}],\"inLanguage\":\"en-US\"},{\"@type\":\"ImageObject\",\"inLanguage\":\"en-US\",\"@id\":\"https:\/\/www.visit-ulcinj.com\/blog\/2012\/08\/23\/zavrsena-ljetnja-scena-2012\/#primaryimage\",\"url\":\"https:\/\/www.visit-ulcinj.com\/blog\/wp-content\/uploads\/2012\/08\/skena-verore-2012-ulqin.jpg\",\"contentUrl\":\"https:\/\/www.visit-ulcinj.com\/blog\/wp-content\/uploads\/2012\/08\/skena-verore-2012-ulqin.jpg\",\"width\":\"960\",\"height\":\"720\"},{\"@type\":\"WebPage\",\"@id\":\"https:\/\/www.visit-ulcinj.com\/blog\/2012\/08\/23\/zavrsena-ljetnja-scena-2012\/#webpage\",\"url\":\"https:\/\/www.visit-ulcinj.com\/blog\/2012\/08\/23\/zavrsena-ljetnja-scena-2012\/\",\"name\":\"Zavr\u0161ena \\\"Ljetnja scena\\\" 2012 - Lajme nga Ulqini\",\"isPartOf\":{\"@id\":\"https:\/\/www.visit-ulcinj.com\/blog\/#website\"},\"primaryImageOfPage\":{\"@id\":\"https:\/\/www.visit-ulcinj.com\/blog\/2012\/08\/23\/zavrsena-ljetnja-scena-2012\/#primaryimage\"},\"datePublished\":\"2012-08-23T22:52:16+00:00\",\"dateModified\":\"2012-08-23T22:52:16+00:00\",\"author\":{\"@id\":\"https:\/\/www.visit-ulcinj.com\/blog\/#\/schema\/person\/dcab619c614d3038751c63bc2aadc06d\"},\"description\":\"Nakon dvadesetak dana spu\u0161tena je zavjesa na slavnom \\\"Trgu robova\\\". Zavr\u0161ena je jo\u0161 jedna \\\"Ljetnja scena\\\" na\u0161eg kulturnog ljeta i bilo bi lijepo dati\",\"breadcrumb\":{\"@id\":\"https:\/\/www.visit-ulcinj.com\/blog\/2012\/08\/23\/zavrsena-ljetnja-scena-2012\/#breadcrumb\"},\"inLanguage\":\"en-US\",\"potentialAction\":[{\"@type\":\"ReadAction\",\"target\":[\"https:\/\/www.visit-ulcinj.com\/blog\/2012\/08\/23\/zavrsena-ljetnja-scena-2012\/\"]}]},{\"@type\":\"BreadcrumbList\",\"@id\":\"https:\/\/www.visit-ulcinj.com\/blog\/2012\/08\/23\/zavrsena-ljetnja-scena-2012\/#breadcrumb\",\"itemListElement\":[{\"@type\":\"ListItem\",\"position\":1,\"name\":\"Zavr\u0161ena &#8220;Ljetnja scena&#8221; 2012\"}]},{\"@type\":\"Person\",\"@id\":\"https:\/\/www.visit-ulcinj.com\/blog\/#\/schema\/person\/dcab619c614d3038751c63bc2aadc06d\",\"name\":\"ulqini\",\"sameAs\":[\"http:\/\/www.visit-ulcinj.com\"],\"url\":\"https:\/\/www.visit-ulcinj.com\/blog\/author\/admin\/\"}]}<\/script>\n<!-- \/ Yoast SEO plugin. -->","yoast_head_json":{"title":"Zavr\u0161ena \"Ljetnja scena\" 2012 - Lajme nga Ulqini","description":"Nakon dvadesetak dana spu\u0161tena je zavjesa na slavnom \"Trgu robova\". Zavr\u0161ena je jo\u0161 jedna \"Ljetnja scena\" na\u0161eg kulturnog ljeta i bilo bi lijepo dati","robots":{"index":"index","follow":"follow","max-snippet":"max-snippet:-1","max-image-preview":"max-image-preview:large","max-video-preview":"max-video-preview:-1"},"canonical":"https:\/\/www.visit-ulcinj.com\/blog\/2012\/08\/23\/zavrsena-ljetnja-scena-2012\/","og_locale":"en_US","og_type":"article","og_title":"Zavr\u0161ena \"Ljetnja scena\" 2012 - Lajme nga Ulqini","og_description":"Nakon dvadesetak dana spu\u0161tena je zavjesa na slavnom \"Trgu robova\". Zavr\u0161ena je jo\u0161 jedna \"Ljetnja scena\" na\u0161eg kulturnog ljeta i bilo bi lijepo dati","og_url":"https:\/\/www.visit-ulcinj.com\/blog\/2012\/08\/23\/zavrsena-ljetnja-scena-2012\/","og_site_name":"Lajme nga Ulqini","article_published_time":"2012-08-23T22:52:16+00:00","og_image":[{"url":"https:\/\/www.visit-ulcinj.com\/blog\/wp-content\/uploads\/2012\/08\/skena-verore-2012-ulqin.1-150x150.jpg"}],"twitter_misc":{"Written by":"ulqini","Est. reading time":"4 minutes"},"schema":{"@context":"https:\/\/schema.org","@graph":[{"@type":"WebSite","@id":"https:\/\/www.visit-ulcinj.com\/blog\/#website","url":"https:\/\/www.visit-ulcinj.com\/blog\/","name":"Lajme nga Ulqini","description":"Lajme,Vijesti,Ulqini,Ulqin,Crna Gora,Mali i Zi","potentialAction":[{"@type":"SearchAction","target":{"@type":"EntryPoint","urlTemplate":"https:\/\/www.visit-ulcinj.com\/blog\/?s={search_term_string}"},"query-input":"required name=search_term_string"}],"inLanguage":"en-US"},{"@type":"ImageObject","inLanguage":"en-US","@id":"https:\/\/www.visit-ulcinj.com\/blog\/2012\/08\/23\/zavrsena-ljetnja-scena-2012\/#primaryimage","url":"https:\/\/www.visit-ulcinj.com\/blog\/wp-content\/uploads\/2012\/08\/skena-verore-2012-ulqin.jpg","contentUrl":"https:\/\/www.visit-ulcinj.com\/blog\/wp-content\/uploads\/2012\/08\/skena-verore-2012-ulqin.jpg","width":"960","height":"720"},{"@type":"WebPage","@id":"https:\/\/www.visit-ulcinj.com\/blog\/2012\/08\/23\/zavrsena-ljetnja-scena-2012\/#webpage","url":"https:\/\/www.visit-ulcinj.com\/blog\/2012\/08\/23\/zavrsena-ljetnja-scena-2012\/","name":"Zavr\u0161ena \"Ljetnja scena\" 2012 - Lajme nga Ulqini","isPartOf":{"@id":"https:\/\/www.visit-ulcinj.com\/blog\/#website"},"primaryImageOfPage":{"@id":"https:\/\/www.visit-ulcinj.com\/blog\/2012\/08\/23\/zavrsena-ljetnja-scena-2012\/#primaryimage"},"datePublished":"2012-08-23T22:52:16+00:00","dateModified":"2012-08-23T22:52:16+00:00","author":{"@id":"https:\/\/www.visit-ulcinj.com\/blog\/#\/schema\/person\/dcab619c614d3038751c63bc2aadc06d"},"description":"Nakon dvadesetak dana spu\u0161tena je zavjesa na slavnom \"Trgu robova\". Zavr\u0161ena je jo\u0161 jedna \"Ljetnja scena\" na\u0161eg kulturnog ljeta i bilo bi lijepo dati","breadcrumb":{"@id":"https:\/\/www.visit-ulcinj.com\/blog\/2012\/08\/23\/zavrsena-ljetnja-scena-2012\/#breadcrumb"},"inLanguage":"en-US","potentialAction":[{"@type":"ReadAction","target":["https:\/\/www.visit-ulcinj.com\/blog\/2012\/08\/23\/zavrsena-ljetnja-scena-2012\/"]}]},{"@type":"BreadcrumbList","@id":"https:\/\/www.visit-ulcinj.com\/blog\/2012\/08\/23\/zavrsena-ljetnja-scena-2012\/#breadcrumb","itemListElement":[{"@type":"ListItem","position":1,"name":"Zavr\u0161ena &#8220;Ljetnja scena&#8221; 2012"}]},{"@type":"Person","@id":"https:\/\/www.visit-ulcinj.com\/blog\/#\/schema\/person\/dcab619c614d3038751c63bc2aadc06d","name":"ulqini","sameAs":["http:\/\/www.visit-ulcinj.com"],"url":"https:\/\/www.visit-ulcinj.com\/blog\/author\/admin\/"}]}},"jetpack_featured_media_url":"","jetpack_sharing_enabled":true,"jetpack_shortlink":"https:\/\/wp.me\/pe6lTn-goi","_links":{"self":[{"href":"https:\/\/www.visit-ulcinj.com\/blog\/wp-json\/wp\/v2\/posts\/63010"}],"collection":[{"href":"https:\/\/www.visit-ulcinj.com\/blog\/wp-json\/wp\/v2\/posts"}],"about":[{"href":"https:\/\/www.visit-ulcinj.com\/blog\/wp-json\/wp\/v2\/types\/post"}],"author":[{"embeddable":true,"href":"https:\/\/www.visit-ulcinj.com\/blog\/wp-json\/wp\/v2\/users\/1"}],"replies":[{"embeddable":true,"href":"https:\/\/www.visit-ulcinj.com\/blog\/wp-json\/wp\/v2\/comments?post=63010"}],"version-history":[{"count":1,"href":"https:\/\/www.visit-ulcinj.com\/blog\/wp-json\/wp\/v2\/posts\/63010\/revisions"}],"predecessor-version":[{"id":63017,"href":"https:\/\/www.visit-ulcinj.com\/blog\/wp-json\/wp\/v2\/posts\/63010\/revisions\/63017"}],"wp:attachment":[{"href":"https:\/\/www.visit-ulcinj.com\/blog\/wp-json\/wp\/v2\/media?parent=63010"}],"wp:term":[{"taxonomy":"category","embeddable":true,"href":"https:\/\/www.visit-ulcinj.com\/blog\/wp-json\/wp\/v2\/categories?post=63010"},{"taxonomy":"post_tag","embeddable":true,"href":"https:\/\/www.visit-ulcinj.com\/blog\/wp-json\/wp\/v2\/tags?post=63010"}],"curies":[{"name":"wp","href":"https:\/\/api.w.org\/{rel}","templated":true}]}}