{"id":6302,"date":"2008-11-18T06:52:41","date_gmt":"2008-11-18T11:52:41","guid":{"rendered":"http:\/\/www.visit-ulcinj.com\/blog\/?p=6302"},"modified":"2008-11-18T06:52:41","modified_gmt":"2008-11-18T11:52:41","slug":"dinoshanjeriu-me-ngjyre-ne-krye-te-shtepise-se-bardhe","status":"publish","type":"post","link":"https:\/\/www.visit-ulcinj.com\/blog\/2008\/11\/18\/dinoshanjeriu-me-ngjyre-ne-krye-te-shtepise-se-bardhe\/","title":{"rendered":"Dinosha:Njeriu me ngjyr\u00eb n\u00eb krye t\u00eb sht\u00ebpis\u00eb s\u00eb bardh\u00eb"},"content":{"rendered":"<p><a href=\"http:\/\/eldib.files.wordpress.com\/2008\/02\/small_obama_image.jpg\"><img loading=\"lazy\" class=\"alignleft\" title=\"Obama\" src=\"http:\/\/eldib.files.wordpress.com\/2008\/02\/small_obama_image.jpg\" alt=\"\" width=\"300\" height=\"375\" \/><\/a><strong>Amerika \u00ebsht\u00eb e mrekullueshme<\/strong><br \/>\nKjo fitore ka tejkaluar edhe \u00ebndrr\u00ebn e legjendarit Martin Luter King. As ai nuk ka menduar se do t\u00eb vinte dita, relativisht shpejt, q\u00eb n\u00eb krye t\u00eb Sht\u00ebpis\u00eb s\u00eb Bardh\u00eb t\u00eb jet\u00eb zezaku, kur para mas\u00ebs zezake, para m\u00eb se nj\u00eb gjysm\u00eb shekulli kishte klithur: &#8220;I have a dream\u2026&#8221;, para se plumbat e dor\u00ebs s\u00eb bardh\u00eb ta kalonin n\u00eb pavdek\u00ebsi duke i marr\u00eb jet\u00ebn e cila e t\u00ebra kishte kaluar n\u00eb luft\u00eb p\u00ebr t\u00eb drejtat e zezak\u00ebve t\u00eb shtypur dhe p\u00ebr barazi mes njer\u00ebzve. Le t\u00eb jen\u00eb t\u00eb fundit plumbat q\u00eb i kan\u00eb marr\u00eb jet\u00ebn Kingut, ata q\u00eb shkrepen p\u00ebr shkak t\u00eb ngjyr\u00ebs s\u00eb l\u00ebkur\u00ebs.<br \/>\nZoti Nj\u00eb e di pse e ka \u00e7uar tash Barak Obam\u00ebn n\u00eb krye t\u00eb saj, por Amerika \u00ebsht\u00eb e mrekullueshme. Ajo i hap der\u00ebn e Sht\u00ebpis\u00eb s\u00eb Bardh\u00eb presidentit t\u00eb par\u00eb zezak, t\u00eb 44 me radh\u00eb. Duke ditur rolin dhe fuqin\u00eb e Amerik\u00ebs n\u00eb marr\u00ebdh\u00ebniet nd\u00ebrkomb\u00ebtare, mund t\u00eb thuhet se Obama do t\u00eb jet\u00eb n\u00eb krye t\u00eb bot\u00ebs. Kam q\u00eblluar n\u00eb Bruksel n\u00eb dit\u00ebn e shpalljes s\u00eb rezultateve t\u00eb zgjedhjeve historike amerikane t\u00eb 4 n\u00ebntorit 2008 dhe kam mundur t\u00eb hetoja se Evropa e ka pritur me p\u00ebrkrahje e shpres\u00eb fitoren e Obam\u00ebs. Kryetari i Komisionit Evropian, Barroso, \u00ebsht\u00eb shprehur se Evrop\u00ebs i duhet nj\u00eb new deal me Amerik\u00ebn. Shteti i diplomacis\u00eb evropiane, Solana, po ashtu ka p\u00ebrsh\u00ebndetur fitoren e demokratit Obama, duke shprehur bindjen se, s\u00eb bashku, do t\u00eb punojn\u00eb p\u00ebr nj\u00eb bot\u00eb m\u00eb t\u00eb mir\u00eb. Sinjale t\u00eb mira vin\u00eb edhe nga Kina, Japonia, Lindja e Mesme, Lindja e Af\u00ebrt.<br \/>\nBarra q\u00eb trash\u00ebgon Obama nga republikani Bush nuk \u00ebsht\u00eb aspak e leht\u00eb, as n\u00eb ekonomi as n\u00eb politik\u00ebn e jashtme dhe koha do t\u00eb d\u00ebshmoj\u00eb sa t\u00eb forta jan\u00eb supet e demokratit t\u00eb ri zezak p\u00ebr t\u00eb kalitur e ndryshuar at\u00eb. Por, un\u00eb dua t\u00eb merrem me disa aspekte t\u00eb tjera t\u00eb k\u00ebsaj fitore historike, q\u00eb sh\u00ebnon &#8220;fillimin e nj\u00eb epoke t\u00eb re n\u00eb politik\u00ebn amerikane&#8221;, si\u00e7 jan\u00eb shprehur shum\u00eb analist\u00eb t\u00eb sht\u00ebpive t\u00eb ndryshme televizive t\u00eb bot\u00ebs.<br \/>\n\u00c7ka tregon fitorja e Obam\u00ebs, t\u00eb cil\u00ebn nuk e kan\u00eb pritur as p\u00ebrkrah\u00ebsit e tij m\u00eb t\u00eb rryer nga radh\u00ebt e afroamerikan\u00ebve, (as ky autor, p\u00ebr t\u00eb qen\u00eb i sinqert me lexuesit)?<br \/>\nKjo fitore tregon se Amerikan, e cila deri para gjysm\u00eb shekulli p\u00ebrkgjakej nga konfliktet racore, ka b\u00ebr\u00eb progres t\u00eb jasht\u00ebzakonsh\u00ebm n\u00eb zbutjen, mbase edhe n\u00eb kap\u00ebrcimin e k\u00ebsaj plage t\u00eb madhe t\u00eb njer\u00ebzimit. &#8220;Obama shemb murin e racizmit&#8221; shkruan nj\u00eb gazet\u00eb kineze, duke p\u00ebrsh\u00ebndetur fitoren e Obam\u00ebs. Zezaku deri von\u00eb, nuk ka mundur t\u00eb hynte n\u00eb autobusin e e t\u00eb bardh\u00ebve, sot po hyn n\u00eb Sht\u00ebpin\u00eb e Bardh\u00eb! I p\u00ebrkrahur jo vet\u00ebm nga zezak\u00ebt, hispanik\u00ebt e t\u00eb ngjyrosurit e tjer\u00eb t\u00eb Amerik\u00ebs, por edhe nga t\u00eb bardh\u00ebt pa t\u00eb cil\u00ebt s`do t\u00eb fitonte. Kush ka p\u00ebrcjellur tubimin impozant t\u00eb votuesve t\u00eb Obam\u00ebs, gjat\u00eb fjalimit t\u00eb tij postviktorial n\u00eb \u00c7ikago hometown, ka mundur t\u00eb shijonte madh\u00ebshtin\u00eb e emocionit t\u00eb p\u00ebrbashk\u00ebt t\u00eb zezak\u00ebve dhe t\u00eb t\u00eb bardh\u00ebve. Ata p\u00ebrqafonin nj\u00ebri-tjetrin, ndanin bashk\u00eb lot\u00ebt e g\u00ebzimit, p\u00ebrsh\u00ebndesnin bashk\u00eb familjen e par\u00eb zezake, Obam\u00ebn me t\u00eb shoqen dhe dy t\u00eb bijat e tij, si familje t\u00eb par\u00eb amerikane. \u00c7far\u00eb ndryshimi n\u00eb Amerik\u00eb?!<br \/>\nNuk e beson k\u00ebt\u00eb leht\u00eb as aktivisti i spikatur zezak i t\u00eb drejtave t\u00eb njeriut, Xhesi Xhekson, i cili shihej aty t\u00eb qante nga g\u00ebzimi q\u00eb i kishte shkaktuar fitorja e papritur e v\u00ebllait t\u00eb ngjyr\u00ebs Barak Obama.<br \/>\nKy i fundit, ashtu si i ka hije, i vet\u00ebdijsh\u00ebm se fitorja e tij i ka l\u00ebn\u00eb pa frym\u00eb edhe p\u00ebrkrah\u00ebsit edhe kund\u00ebrshtar\u00ebt e tij, i drejtohet mas\u00ebs s\u00eb ngaz\u00ebllyer: &#8220;N\u00ebse ka ende asish q\u00eb dyshojn\u00eb se n\u00eb Amerik\u00eb \u00ebsht\u00eb \u00e7do gj\u00eb e mundur, p\u00ebrgjigjja juaj n\u00eb zgjedhje u ka th\u00ebn\u00eb &#8211; change has come in America&#8221;.<br \/>\nKjo fitore ka tejkaluar edhe \u00ebndrr\u00ebn e legjendarit Martin Luter King. As ai nuk ka menduar se do t\u00eb vinte dita, relativisht shpejt, q\u00eb n\u00eb krye t\u00eb Sht\u00ebpis\u00eb s\u00eb Bardh\u00eb t\u00eb jet\u00eb zezaku, kur para mas\u00ebs zezake, para m\u00eb se nj\u00eb gjysm\u00eb shekulli kishte klithur: &#8220;I have a dream\u2026&#8221;, para se plumbat e dor\u00ebs s\u00eb bardh\u00eb ta kalonin n\u00eb pavdek\u00ebsi duke i marr\u00eb jet\u00ebn e cila e t\u00ebra kishte kaluar n\u00eb luft\u00eb p\u00ebr t\u00eb drejtat e zezak\u00ebve t\u00eb shtypur dhe p\u00ebr barazi mes njer\u00ebzve. Le t\u00eb jen\u00eb t\u00eb fundit plumbat q\u00eb i kan\u00eb marr\u00eb jet\u00ebn Kingut, ata q\u00eb shkrepen p\u00ebr shkak t\u00eb ngjyr\u00ebs s\u00eb l\u00ebkur\u00ebs.<br \/>\nMe fitoren e Obam\u00ebs, Amerika d\u00ebshmon se ngjyra e zez\u00eb nuk \u00ebsht\u00eb domosdo disavantazh n\u00eb cil\u00ebndo gar\u00eb me t\u00eb bardh\u00ebn. Por, p\u00ebr fitore duhet shum\u00eb dhunti p\u00ebr shpirtin e p\u00ebr karakterin, t\u00eb cilat Obam\u00ebs duhet t`ia ket\u00eb dh\u00ebn\u00eb Zoti. Nj\u00eb analist suksesin e Obam\u00ebs e kishte p\u00ebrmbledhur si vijon: &#8220;Begatia e karakterit ka qen\u00eb m\u00eb e fort\u00eb se ngjyra e l\u00ebkur\u00ebs&#8221;.<br \/>\nNdoshta fitores s\u00eb Obam\u00ebs i kan\u00eb dh\u00ebn\u00eb krah edhe huqet e presidentit Bush, sidomos n\u00eb fush\u00ebn e ekonomis\u00eb dhe t\u00eb financave, ose ato t\u00eb angazhimeve luftarake n\u00ebp\u00ebr bot\u00eb! Por, Amerika d\u00ebshmon se \u00ebsht\u00eb dhe duhet t\u00eb jen\u00eb lidere e Bot\u00ebs. Cili vend tjet\u00ebr n\u00eb bot\u00eb sot kishte p\u00ebrkrahur kandidatin e pakic\u00ebs p\u00ebr kryetar t\u00eb shtetit, qoft\u00eb edhe t\u00eb t\u00eb nj\u00ebjt\u00ebs ngjyr\u00eb t\u00eb l\u00ebkur\u00ebs?<br \/>\nAmerika duket t\u00eb ket\u00eb edhe nj\u00eb p\u00ebrpar\u00ebsi esenciale. Kund\u00ebrshtar\u00ebt e deridjesh\u00ebm i sheh t\u00eb gatsh\u00ebm t\u00eb punojn\u00eb bashk\u00eb p\u00ebr demokraci. Kam p\u00ebrcjell\u00eb fjal\u00ebt e kund\u00ebrkandidatit Mekejn pasi kishte pranuar fitoren e Obam\u00ebs, me t\u00ebcilat po qet\u00ebsonte votuesit e tij t\u00eb zhg\u00ebnjyer e t\u00eb hidh\u00ebruar: &#8220;Un\u00eb do t\u00eb p\u00ebrkrah njeriun i cili ka qen\u00eb kund\u00ebrshtari im dhe do t\u00eb jet\u00eb presidenti im&#8221;.<br \/>\nDashamir\u00ebs i reales s\u00eb momentit \u00ebsht\u00eb treguar edhe Presidenti Bush, i cili tashm\u00eb ka pritur n\u00eb Sht\u00ebpin\u00eb e Bardh\u00eb presidentin e posazgjedhur, Obama dhe nga i cili jan\u00eb d\u00ebgjuar fjal\u00eb shpres\u00ebdh\u00ebn\u00ebse.<br \/>\nDerisa p\u00ebrcjell\u00eb transin q\u00eb kishte shkaktuar fitorja e Obam\u00ebs n\u00eb fshatin e vnedlindjes s\u00eb babait t\u00eb tij, n\u00eb Kenia t\u00eb Afrik\u00ebs, m\u00eb p\u00ebrshkon ndjenja se njer\u00ebzit e m\u00ebdhenj kurr\u00eb nuk i ikin rr\u00ebnj\u00ebs, sepse u p\u00ebrngjajn\u00eb lisave t\u00eb m\u00ebdhenj, hija e t\u00eb cil\u00ebve i sh\u00ebrben \u00e7do t\u00eb molisuri nga vapa. Edhe rr\u00ebnj\u00ebt e vicepresidentit Bajden jan\u00eb larg kontinentit t\u00eb Amerik\u00ebs, por ndoshta vie koha q\u00eb t\u00eb dyjat bashk\u00eb t\u00eb b\u00ebjn\u00eb nj\u00eb lis t\u00eb madh amerikan, n\u00ebn hijen e t\u00eb cilit mund t\u00eb gjejn\u00eb pushim njer\u00ebzit e t\u00eb gjitha ngjyrave, nacionaliteteve, feve\u2026<br \/>\nShqiptar\u00ebt nuk kan\u00eb pse t\u00eb mos jen\u00eb t\u00eb k\u00ebnaqur me fitoren e Obam\u00ebs. Me demokratin Klinton, t\u00eb ndihmuar edhe nga senatori Bajden i cili tash do t\u00eb jet\u00eb n\u00ebnkryetar i Obam\u00ebs, kemi p\u00ebrjetuar fushat\u00ebn humanitare t\u00eb bombardimeve t\u00eb NATO-s dhe kapitullimin e Serbis\u00eb n\u00eb Kosov\u00eb, me republikanin Bush, t\u00eb cilin e kemi pritur n\u00eb Kruj\u00eb posht\u00eb si Gjergjin n\u00eb Kruj\u00eb lart\u00eb, kemi p\u00ebrjetuar fest\u00ebn m\u00eb t\u00eb madhe n\u00eb historin\u00eb ton\u00eb t\u00eb re, pavar\u00ebsin\u00eb e Kosov\u00ebs, me demokratin Obama, dasht\u00eb Zoti, n\u00eb vallen e ingtegrimeve, mund t\u00eb ngjaj\u00eb q\u00eb Dardani t`i k\u00ebndoj\u00eb \u00c7am\u00ebris\u00eb\u2026 n\u00ebse njerin tel t\u00eb \u00e7iftelis\u00eb ia kemi fal\u00eb Amerik\u00ebs.<br \/>\n<strong>Ferhat Dinosha<br \/>\nKoha Javore<\/strong><\/p>\n<p>[flv]http:\/\/shqiphost.top-channel.tv\/18754796\/flv\/kronika\/libri-obama.flv[\/flv]<\/p>\n","protected":false},"excerpt":{"rendered":"<p>Amerika \u00ebsht\u00eb e mrekullueshme Kjo fitore ka tejkaluar edhe \u00ebndrr\u00ebn e legjendarit Martin Luter King. As ai nuk ka menduar se do t\u00eb vinte dita, relativisht shpejt, q\u00eb n\u00eb krye t\u00eb Sht\u00ebpis\u00eb s\u00eb Bardh\u00eb t\u00eb jet\u00eb zezaku, kur para mas\u00ebs zezake, para m\u00eb se nj\u00eb gjysm\u00eb shekulli kishte klithur: &#8220;I have a dream\u2026&#8221;, para se [&hellip;]<\/p>\n","protected":false},"author":1,"featured_media":0,"comment_status":"open","ping_status":"closed","sticky":false,"template":"","format":"standard","meta":{"spay_email":"","jetpack_publicize_message":"","jetpack_is_tweetstorm":false,"jetpack_publicize_feature_enabled":true},"categories":[12],"tags":[49,95,4924,743],"jetpack_publicize_connections":[],"yoast_head":"<!-- This site is optimized with the Yoast SEO plugin v19.1 - https:\/\/yoast.com\/wordpress\/plugins\/seo\/ -->\n<title>Dinosha:Njeriu me ngjyr\u00eb n\u00eb krye t\u00eb sht\u00ebpis\u00eb s\u00eb bardh\u00eb - Lajme nga Ulqini<\/title>\n<meta name=\"description\" content=\"Amerika \u00ebsht\u00eb e mrekullueshme Kjo fitore ka tejkaluar edhe \u00ebndrr\u00ebn e legjendarit Martin Luter King. As ai nuk ka menduar se do t\u00eb vinte dita, relativisht\" \/>\n<meta name=\"robots\" content=\"index, follow, max-snippet:-1, max-image-preview:large, max-video-preview:-1\" \/>\n<link rel=\"canonical\" href=\"https:\/\/www.visit-ulcinj.com\/blog\/2008\/11\/18\/dinoshanjeriu-me-ngjyre-ne-krye-te-shtepise-se-bardhe\/\" \/>\n<meta property=\"og:locale\" content=\"en_US\" \/>\n<meta property=\"og:type\" content=\"article\" \/>\n<meta property=\"og:title\" content=\"Dinosha:Njeriu me ngjyr\u00eb n\u00eb krye t\u00eb sht\u00ebpis\u00eb s\u00eb bardh\u00eb - Lajme nga Ulqini\" \/>\n<meta property=\"og:description\" content=\"Amerika \u00ebsht\u00eb e mrekullueshme Kjo fitore ka tejkaluar edhe \u00ebndrr\u00ebn e legjendarit Martin Luter King. As ai nuk ka menduar se do t\u00eb vinte dita, relativisht\" \/>\n<meta property=\"og:url\" content=\"https:\/\/www.visit-ulcinj.com\/blog\/2008\/11\/18\/dinoshanjeriu-me-ngjyre-ne-krye-te-shtepise-se-bardhe\/\" \/>\n<meta property=\"og:site_name\" content=\"Lajme nga Ulqini\" \/>\n<meta property=\"article:published_time\" content=\"2008-11-18T11:52:41+00:00\" \/>\n<meta property=\"og:image\" content=\"http:\/\/eldib.files.wordpress.com\/2008\/02\/small_obama_image.jpg\" \/>\n<meta name=\"twitter:label1\" content=\"Written by\" \/>\n\t<meta name=\"twitter:data1\" content=\"ulqini\" \/>\n\t<meta name=\"twitter:label2\" content=\"Est. reading time\" \/>\n\t<meta name=\"twitter:data2\" content=\"7 minutes\" \/>\n<script type=\"application\/ld+json\" class=\"yoast-schema-graph\">{\"@context\":\"https:\/\/schema.org\",\"@graph\":[{\"@type\":\"WebSite\",\"@id\":\"https:\/\/www.visit-ulcinj.com\/blog\/#website\",\"url\":\"https:\/\/www.visit-ulcinj.com\/blog\/\",\"name\":\"Lajme nga Ulqini\",\"description\":\"Lajme,Vijesti,Ulqini,Ulqin,Crna Gora,Mali i Zi\",\"potentialAction\":[{\"@type\":\"SearchAction\",\"target\":{\"@type\":\"EntryPoint\",\"urlTemplate\":\"https:\/\/www.visit-ulcinj.com\/blog\/?s={search_term_string}\"},\"query-input\":\"required name=search_term_string\"}],\"inLanguage\":\"en-US\"},{\"@type\":\"ImageObject\",\"inLanguage\":\"en-US\",\"@id\":\"https:\/\/www.visit-ulcinj.com\/blog\/2008\/11\/18\/dinoshanjeriu-me-ngjyre-ne-krye-te-shtepise-se-bardhe\/#primaryimage\",\"url\":\"http:\/\/eldib.files.wordpress.com\/2008\/02\/small_obama_image.jpg\",\"contentUrl\":\"http:\/\/eldib.files.wordpress.com\/2008\/02\/small_obama_image.jpg\"},{\"@type\":\"WebPage\",\"@id\":\"https:\/\/www.visit-ulcinj.com\/blog\/2008\/11\/18\/dinoshanjeriu-me-ngjyre-ne-krye-te-shtepise-se-bardhe\/#webpage\",\"url\":\"https:\/\/www.visit-ulcinj.com\/blog\/2008\/11\/18\/dinoshanjeriu-me-ngjyre-ne-krye-te-shtepise-se-bardhe\/\",\"name\":\"Dinosha:Njeriu me ngjyr\u00eb n\u00eb krye t\u00eb sht\u00ebpis\u00eb s\u00eb bardh\u00eb - Lajme nga Ulqini\",\"isPartOf\":{\"@id\":\"https:\/\/www.visit-ulcinj.com\/blog\/#website\"},\"primaryImageOfPage\":{\"@id\":\"https:\/\/www.visit-ulcinj.com\/blog\/2008\/11\/18\/dinoshanjeriu-me-ngjyre-ne-krye-te-shtepise-se-bardhe\/#primaryimage\"},\"datePublished\":\"2008-11-18T11:52:41+00:00\",\"dateModified\":\"2008-11-18T11:52:41+00:00\",\"author\":{\"@id\":\"https:\/\/www.visit-ulcinj.com\/blog\/#\/schema\/person\/dcab619c614d3038751c63bc2aadc06d\"},\"description\":\"Amerika \u00ebsht\u00eb e mrekullueshme Kjo fitore ka tejkaluar edhe \u00ebndrr\u00ebn e legjendarit Martin Luter King. As ai nuk ka menduar se do t\u00eb vinte dita, relativisht\",\"breadcrumb\":{\"@id\":\"https:\/\/www.visit-ulcinj.com\/blog\/2008\/11\/18\/dinoshanjeriu-me-ngjyre-ne-krye-te-shtepise-se-bardhe\/#breadcrumb\"},\"inLanguage\":\"en-US\",\"potentialAction\":[{\"@type\":\"ReadAction\",\"target\":[\"https:\/\/www.visit-ulcinj.com\/blog\/2008\/11\/18\/dinoshanjeriu-me-ngjyre-ne-krye-te-shtepise-se-bardhe\/\"]}]},{\"@type\":\"BreadcrumbList\",\"@id\":\"https:\/\/www.visit-ulcinj.com\/blog\/2008\/11\/18\/dinoshanjeriu-me-ngjyre-ne-krye-te-shtepise-se-bardhe\/#breadcrumb\",\"itemListElement\":[{\"@type\":\"ListItem\",\"position\":1,\"name\":\"Dinosha:Njeriu me ngjyr\u00eb n\u00eb krye t\u00eb sht\u00ebpis\u00eb s\u00eb bardh\u00eb\"}]},{\"@type\":\"Person\",\"@id\":\"https:\/\/www.visit-ulcinj.com\/blog\/#\/schema\/person\/dcab619c614d3038751c63bc2aadc06d\",\"name\":\"ulqini\",\"sameAs\":[\"http:\/\/www.visit-ulcinj.com\"],\"url\":\"https:\/\/www.visit-ulcinj.com\/blog\/author\/admin\/\"}]}<\/script>\n<!-- \/ Yoast SEO plugin. -->","yoast_head_json":{"title":"Dinosha:Njeriu me ngjyr\u00eb n\u00eb krye t\u00eb sht\u00ebpis\u00eb s\u00eb bardh\u00eb - Lajme nga Ulqini","description":"Amerika \u00ebsht\u00eb e mrekullueshme Kjo fitore ka tejkaluar edhe \u00ebndrr\u00ebn e legjendarit Martin Luter King. As ai nuk ka menduar se do t\u00eb vinte dita, relativisht","robots":{"index":"index","follow":"follow","max-snippet":"max-snippet:-1","max-image-preview":"max-image-preview:large","max-video-preview":"max-video-preview:-1"},"canonical":"https:\/\/www.visit-ulcinj.com\/blog\/2008\/11\/18\/dinoshanjeriu-me-ngjyre-ne-krye-te-shtepise-se-bardhe\/","og_locale":"en_US","og_type":"article","og_title":"Dinosha:Njeriu me ngjyr\u00eb n\u00eb krye t\u00eb sht\u00ebpis\u00eb s\u00eb bardh\u00eb - Lajme nga Ulqini","og_description":"Amerika \u00ebsht\u00eb e mrekullueshme Kjo fitore ka tejkaluar edhe \u00ebndrr\u00ebn e legjendarit Martin Luter King. As ai nuk ka menduar se do t\u00eb vinte dita, relativisht","og_url":"https:\/\/www.visit-ulcinj.com\/blog\/2008\/11\/18\/dinoshanjeriu-me-ngjyre-ne-krye-te-shtepise-se-bardhe\/","og_site_name":"Lajme nga Ulqini","article_published_time":"2008-11-18T11:52:41+00:00","og_image":[{"url":"http:\/\/eldib.files.wordpress.com\/2008\/02\/small_obama_image.jpg"}],"twitter_misc":{"Written by":"ulqini","Est. reading time":"7 minutes"},"schema":{"@context":"https:\/\/schema.org","@graph":[{"@type":"WebSite","@id":"https:\/\/www.visit-ulcinj.com\/blog\/#website","url":"https:\/\/www.visit-ulcinj.com\/blog\/","name":"Lajme nga Ulqini","description":"Lajme,Vijesti,Ulqini,Ulqin,Crna Gora,Mali i Zi","potentialAction":[{"@type":"SearchAction","target":{"@type":"EntryPoint","urlTemplate":"https:\/\/www.visit-ulcinj.com\/blog\/?s={search_term_string}"},"query-input":"required name=search_term_string"}],"inLanguage":"en-US"},{"@type":"ImageObject","inLanguage":"en-US","@id":"https:\/\/www.visit-ulcinj.com\/blog\/2008\/11\/18\/dinoshanjeriu-me-ngjyre-ne-krye-te-shtepise-se-bardhe\/#primaryimage","url":"http:\/\/eldib.files.wordpress.com\/2008\/02\/small_obama_image.jpg","contentUrl":"http:\/\/eldib.files.wordpress.com\/2008\/02\/small_obama_image.jpg"},{"@type":"WebPage","@id":"https:\/\/www.visit-ulcinj.com\/blog\/2008\/11\/18\/dinoshanjeriu-me-ngjyre-ne-krye-te-shtepise-se-bardhe\/#webpage","url":"https:\/\/www.visit-ulcinj.com\/blog\/2008\/11\/18\/dinoshanjeriu-me-ngjyre-ne-krye-te-shtepise-se-bardhe\/","name":"Dinosha:Njeriu me ngjyr\u00eb n\u00eb krye t\u00eb sht\u00ebpis\u00eb s\u00eb bardh\u00eb - Lajme nga Ulqini","isPartOf":{"@id":"https:\/\/www.visit-ulcinj.com\/blog\/#website"},"primaryImageOfPage":{"@id":"https:\/\/www.visit-ulcinj.com\/blog\/2008\/11\/18\/dinoshanjeriu-me-ngjyre-ne-krye-te-shtepise-se-bardhe\/#primaryimage"},"datePublished":"2008-11-18T11:52:41+00:00","dateModified":"2008-11-18T11:52:41+00:00","author":{"@id":"https:\/\/www.visit-ulcinj.com\/blog\/#\/schema\/person\/dcab619c614d3038751c63bc2aadc06d"},"description":"Amerika \u00ebsht\u00eb e mrekullueshme Kjo fitore ka tejkaluar edhe \u00ebndrr\u00ebn e legjendarit Martin Luter King. As ai nuk ka menduar se do t\u00eb vinte dita, relativisht","breadcrumb":{"@id":"https:\/\/www.visit-ulcinj.com\/blog\/2008\/11\/18\/dinoshanjeriu-me-ngjyre-ne-krye-te-shtepise-se-bardhe\/#breadcrumb"},"inLanguage":"en-US","potentialAction":[{"@type":"ReadAction","target":["https:\/\/www.visit-ulcinj.com\/blog\/2008\/11\/18\/dinoshanjeriu-me-ngjyre-ne-krye-te-shtepise-se-bardhe\/"]}]},{"@type":"BreadcrumbList","@id":"https:\/\/www.visit-ulcinj.com\/blog\/2008\/11\/18\/dinoshanjeriu-me-ngjyre-ne-krye-te-shtepise-se-bardhe\/#breadcrumb","itemListElement":[{"@type":"ListItem","position":1,"name":"Dinosha:Njeriu me ngjyr\u00eb n\u00eb krye t\u00eb sht\u00ebpis\u00eb s\u00eb bardh\u00eb"}]},{"@type":"Person","@id":"https:\/\/www.visit-ulcinj.com\/blog\/#\/schema\/person\/dcab619c614d3038751c63bc2aadc06d","name":"ulqini","sameAs":["http:\/\/www.visit-ulcinj.com"],"url":"https:\/\/www.visit-ulcinj.com\/blog\/author\/admin\/"}]}},"jetpack_featured_media_url":"","jetpack_sharing_enabled":true,"jetpack_shortlink":"https:\/\/wp.me\/pe6lTn-1DE","_links":{"self":[{"href":"https:\/\/www.visit-ulcinj.com\/blog\/wp-json\/wp\/v2\/posts\/6302"}],"collection":[{"href":"https:\/\/www.visit-ulcinj.com\/blog\/wp-json\/wp\/v2\/posts"}],"about":[{"href":"https:\/\/www.visit-ulcinj.com\/blog\/wp-json\/wp\/v2\/types\/post"}],"author":[{"embeddable":true,"href":"https:\/\/www.visit-ulcinj.com\/blog\/wp-json\/wp\/v2\/users\/1"}],"replies":[{"embeddable":true,"href":"https:\/\/www.visit-ulcinj.com\/blog\/wp-json\/wp\/v2\/comments?post=6302"}],"version-history":[{"count":0,"href":"https:\/\/www.visit-ulcinj.com\/blog\/wp-json\/wp\/v2\/posts\/6302\/revisions"}],"wp:attachment":[{"href":"https:\/\/www.visit-ulcinj.com\/blog\/wp-json\/wp\/v2\/media?parent=6302"}],"wp:term":[{"taxonomy":"category","embeddable":true,"href":"https:\/\/www.visit-ulcinj.com\/blog\/wp-json\/wp\/v2\/categories?post=6302"},{"taxonomy":"post_tag","embeddable":true,"href":"https:\/\/www.visit-ulcinj.com\/blog\/wp-json\/wp\/v2\/tags?post=6302"}],"curies":[{"name":"wp","href":"https:\/\/api.w.org\/{rel}","templated":true}]}}