{"id":63030,"date":"2012-08-29T05:56:07","date_gmt":"2012-08-29T04:56:07","guid":{"rendered":"http:\/\/www.visit-ulcinj.com\/blog\/?p=63030"},"modified":"2012-08-29T12:23:52","modified_gmt":"2012-08-29T11:23:52","slug":"ali-ahmeti-takoi-kryetarin-e-ulqinit-cungu-dhe-deputetin-nimanbegu-video","status":"publish","type":"post","link":"https:\/\/www.visit-ulcinj.com\/blog\/2012\/08\/29\/ali-ahmeti-takoi-kryetarin-e-ulqinit-cungu-dhe-deputetin-nimanbegu-video\/","title":{"rendered":"Ali Ahmeti takoi Kryetarin e Ulqinit Cungu dhe Deputetin Nimanbegu &#8211; Video"},"content":{"rendered":"<p><a href=\"http:\/\/www.visit-ulcinj.com\/blog\/wp-content\/uploads\/2012\/08\/Ali-Ahmeti-u-takua-me-Nazif-Cungun-dhe-Genci-Nimanbegun.jpg\"><img loading=\"lazy\" class=\"alignleft  wp-image-63031\" title=\"Ali Ahmeti u takua me Nazif Cungun dhe Genci Nimanbegun\" src=\"http:\/\/www.visit-ulcinj.com\/blog\/wp-content\/uploads\/2012\/08\/Ali-Ahmeti-u-takua-me-Nazif-Cungun-dhe-Genci-Nimanbegun.jpg\" alt=\"\" width=\"508\" height=\"360\" \/><\/a>Sot n\u00eb selin\u00eb e Bashkimit Demokratik p\u00ebr Integrim n\u00eb Tetov\u00eb, z. Ali Ahmeti, ka realizuar takim me Kryetarin e Ulqinit, z. Nazif Cungu dhe Deputetin shqiptar n\u00eb parlamentin e Malit t\u00eb Zi, z. Genci Nimanbegu nga partia politike Forca e Re Demokratike.<\/p>\n<p>N\u00eb takimin miq\u00ebsor u bisedua rreth zhvillimeve politike n\u00eb Maqedoni, Mal t\u00eb Zi si dhe n\u00eb rajon.<\/p>\n<p>Kryetari Ahmeti shtjelloi para mysafir\u00ebve situat\u00ebn politike n\u00eb Maqedoni si dhe t\u00eb arriturat e vendit n\u00eb aspekt t\u00eb avancimit t\u00eb t\u00eb drejtave t\u00eb shqiptar\u00ebve n\u00eb k\u00ebt\u00eb vend, p\u00ebrfshir\u00eb p\u00ebrdorimin e flamurit komb\u00ebtar shqiptar, avancimin e p\u00ebrdorimit t\u00eb gjuh\u00ebs, p\u00ebrfaq\u00ebsimin e drejt\u00eb dhe adekuat, zyrtarizimin e Univerzitetit Shtet\u00ebror t\u00eb Tetov\u00ebs, parimin e Badinterit, etj.<\/p>\n<p>Bashk\u00ebbiseduesit diskutuan edhe p\u00ebr gjendjen e shqiptar\u00ebve n\u00eb rajon duke vler\u00ebsuar q\u00eb proceset komb\u00ebtare po avancohen \u00e7do dit\u00eb e m\u00eb tep\u00ebr, n\u00eb veqanti pas shpalljes s\u00eb pavar\u00ebsis\u00eb s\u00eb Kosov\u00ebs dhe an\u00ebtar\u00ebsimit t\u00eb Shqip\u00ebris\u00eb n\u00eb NATO.<br \/>\n<a href=\"http:\/\/www.visit-ulcinj.com\/blog\/wp-content\/uploads\/2012\/08\/Ali-Ahmeti-u-takua-me-Nazif-Cungun-dhe-Genci-Nimanbegun.2.jpg\"><img loading=\"lazy\" class=\"alignleft  wp-image-63032\" title=\"Ali Ahmeti u takua me Nazif Cungun dhe Genci Nimanbegun.2\" src=\"http:\/\/www.visit-ulcinj.com\/blog\/wp-content\/uploads\/2012\/08\/Ali-Ahmeti-u-takua-me-Nazif-Cungun-dhe-Genci-Nimanbegun.2.jpg\" alt=\"\" width=\"508\" height=\"300\" \/><\/a><\/p>\n<p>Solidariteti nd\u00ebrshqiptar, i d\u00ebshmuar nd\u00ebr vite, duhet t\u00eb vazhdoj\u00eb n\u00eb frym\u00ebn e promovimit t\u00eb integrimeve EuroAtlantike t\u00eb vendeve t\u00eb rajonit.<\/p>\n<p>Z. Cungu shprehu vler\u00ebsimin e vet p\u00ebr rolin e Kryetarit Ahmeti n\u00eb Maqedoni dhe n\u00eb rajon duke theksuar t\u00eb arriturat e shqiptar\u00ebve n\u00eb k\u00ebt\u00eb vend. Ai gjithashtu informoi Kryetarin Ahmeti rreth gjendj\u00ebs s\u00eb komunitetit shqiptar n\u00eb Mal t\u00eb Zi si dhe p\u00ebrpjekjeve t\u00eb partis\u00eb s\u00eb tij politike p\u00ebr t\u00eb avancuar pozit\u00ebn e shqiptar\u00ebve n\u00eb k\u00ebt\u00eb vend. Z. Cungu gjithashtu foli p\u00ebr komun\u00ebn e Ulqinit, t\u00eb cil\u00ebn e drejton, dhe p\u00ebr hapat e r\u00ebnd\u00ebsishme q\u00eb ka nd\u00ebrmarr\u00eb q\u00eb Ulqini t\u00eb jet\u00eb perl\u00eb bregdetare dhe e vizituar nga t\u00eb gjith\u00eb.<br \/>\n<a href=\"http:\/\/www.visit-ulcinj.com\/blog\/wp-content\/uploads\/2012\/08\/Ali-Ahmeti-u-takua-me-Nazif-Cungun-dhe-Genci-Nimanbegun.1.jpg\"><img loading=\"lazy\" class=\"alignleft  wp-image-63033\" title=\"Ali Ahmeti u takua me Nazif Cungun dhe Genci Nimanbegun.1\" src=\"http:\/\/www.visit-ulcinj.com\/blog\/wp-content\/uploads\/2012\/08\/Ali-Ahmeti-u-takua-me-Nazif-Cungun-dhe-Genci-Nimanbegun.1.jpg\" alt=\"\" width=\"508\" height=\"300\" \/><\/a><\/p>\n<p>Pjes\u00ebmarr\u00ebsit u dakorduan q\u00eb t\u00eb vazhdojn\u00eb kontaktet dhe t\u00eb ndajn\u00eb p\u00ebrvojat e menaxhimit nga t\u00eb dy vendet n\u00eb drejtim t\u00eb avancimit sa m\u00eb t\u00eb madh t\u00eb t\u00eb drejtave t\u00eb shqiptar\u00ebve, por edhe t\u00eb ndihmojn\u00eb procesin integrues t\u00eb t\u00eb dy vendeve dhe t\u00eb rajonit n\u00eb Bashkimin Evropian dhe NATO.<\/p>\n<p><strong>Bashkimi Demokratik p\u00ebr Integrim<\/strong><\/p>\n<!--YouTube Error: bad URL entered-->\n","protected":false},"excerpt":{"rendered":"<p>Sot n\u00eb selin\u00eb e Bashkimit Demokratik p\u00ebr Integrim n\u00eb Tetov\u00eb, z. Ali Ahmeti, ka realizuar takim me Kryetarin e Ulqinit, z. Nazif Cungu dhe Deputetin shqiptar n\u00eb parlamentin e Malit t\u00eb Zi, z. Genci Nimanbegu nga partia politike Forca e Re Demokratike. N\u00eb takimin miq\u00ebsor u bisedua rreth zhvillimeve politike n\u00eb Maqedoni, Mal t\u00eb Zi [&hellip;]<\/p>\n","protected":false},"author":1,"featured_media":0,"comment_status":"open","ping_status":"closed","sticky":false,"template":"","format":"standard","meta":{"spay_email":"","jetpack_publicize_message":"","jetpack_is_tweetstorm":false,"jetpack_publicize_feature_enabled":true},"categories":[14],"tags":[20894,200],"jetpack_publicize_connections":[],"yoast_head":"<!-- This site is optimized with the Yoast SEO plugin v19.1 - https:\/\/yoast.com\/wordpress\/plugins\/seo\/ -->\n<title>Ali Ahmeti takoi Kryetarin e Ulqinit Cungu dhe Deputetin Nimanbegu - Video - Lajme nga Ulqini<\/title>\n<meta name=\"description\" content=\"Sot n\u00eb selin\u00eb e Bashkimit Demokratik p\u00ebr Integrim n\u00eb Tetov\u00eb, z. Ali Ahmeti, ka realizuar takim me Kryetarin e Ulqinit, z. Nazif Cungu dhe Deputetin\" \/>\n<meta name=\"robots\" content=\"index, follow, max-snippet:-1, max-image-preview:large, max-video-preview:-1\" \/>\n<link rel=\"canonical\" href=\"https:\/\/www.visit-ulcinj.com\/blog\/2012\/08\/29\/ali-ahmeti-takoi-kryetarin-e-ulqinit-cungu-dhe-deputetin-nimanbegu-video\/\" \/>\n<meta property=\"og:locale\" content=\"en_US\" \/>\n<meta property=\"og:type\" content=\"article\" \/>\n<meta property=\"og:title\" content=\"Ali Ahmeti takoi Kryetarin e Ulqinit Cungu dhe Deputetin Nimanbegu - Video - Lajme nga Ulqini\" \/>\n<meta property=\"og:description\" content=\"Sot n\u00eb selin\u00eb e Bashkimit Demokratik p\u00ebr Integrim n\u00eb Tetov\u00eb, z. Ali Ahmeti, ka realizuar takim me Kryetarin e Ulqinit, z. Nazif Cungu dhe Deputetin\" \/>\n<meta property=\"og:url\" content=\"https:\/\/www.visit-ulcinj.com\/blog\/2012\/08\/29\/ali-ahmeti-takoi-kryetarin-e-ulqinit-cungu-dhe-deputetin-nimanbegu-video\/\" \/>\n<meta property=\"og:site_name\" content=\"Lajme nga Ulqini\" \/>\n<meta property=\"article:published_time\" content=\"2012-08-29T04:56:07+00:00\" \/>\n<meta property=\"article:modified_time\" content=\"2012-08-29T11:23:52+00:00\" \/>\n<meta property=\"og:image\" content=\"http:\/\/www.visit-ulcinj.com\/blog\/wp-content\/uploads\/2012\/08\/Ali-Ahmeti-u-takua-me-Nazif-Cungun-dhe-Genci-Nimanbegun.jpg\" \/>\n<meta name=\"twitter:label1\" content=\"Written by\" \/>\n\t<meta name=\"twitter:data1\" content=\"ulqini\" \/>\n\t<meta name=\"twitter:label2\" content=\"Est. reading time\" \/>\n\t<meta name=\"twitter:data2\" content=\"2 minutes\" \/>\n<script type=\"application\/ld+json\" class=\"yoast-schema-graph\">{\"@context\":\"https:\/\/schema.org\",\"@graph\":[{\"@type\":\"WebSite\",\"@id\":\"https:\/\/www.visit-ulcinj.com\/blog\/#website\",\"url\":\"https:\/\/www.visit-ulcinj.com\/blog\/\",\"name\":\"Lajme nga Ulqini\",\"description\":\"Lajme,Vijesti,Ulqini,Ulqin,Crna Gora,Mali i Zi\",\"potentialAction\":[{\"@type\":\"SearchAction\",\"target\":{\"@type\":\"EntryPoint\",\"urlTemplate\":\"https:\/\/www.visit-ulcinj.com\/blog\/?s={search_term_string}\"},\"query-input\":\"required name=search_term_string\"}],\"inLanguage\":\"en-US\"},{\"@type\":\"ImageObject\",\"inLanguage\":\"en-US\",\"@id\":\"https:\/\/www.visit-ulcinj.com\/blog\/2012\/08\/29\/ali-ahmeti-takoi-kryetarin-e-ulqinit-cungu-dhe-deputetin-nimanbegu-video\/#primaryimage\",\"url\":\"https:\/\/www.visit-ulcinj.com\/blog\/wp-content\/uploads\/2012\/08\/Ali-Ahmeti-u-takua-me-Nazif-Cungun-dhe-Genci-Nimanbegun.jpg\",\"contentUrl\":\"https:\/\/www.visit-ulcinj.com\/blog\/wp-content\/uploads\/2012\/08\/Ali-Ahmeti-u-takua-me-Nazif-Cungun-dhe-Genci-Nimanbegun.jpg\",\"width\":\"640\",\"height\":\"427\"},{\"@type\":\"WebPage\",\"@id\":\"https:\/\/www.visit-ulcinj.com\/blog\/2012\/08\/29\/ali-ahmeti-takoi-kryetarin-e-ulqinit-cungu-dhe-deputetin-nimanbegu-video\/#webpage\",\"url\":\"https:\/\/www.visit-ulcinj.com\/blog\/2012\/08\/29\/ali-ahmeti-takoi-kryetarin-e-ulqinit-cungu-dhe-deputetin-nimanbegu-video\/\",\"name\":\"Ali Ahmeti takoi Kryetarin e Ulqinit Cungu dhe Deputetin Nimanbegu - Video - Lajme nga Ulqini\",\"isPartOf\":{\"@id\":\"https:\/\/www.visit-ulcinj.com\/blog\/#website\"},\"primaryImageOfPage\":{\"@id\":\"https:\/\/www.visit-ulcinj.com\/blog\/2012\/08\/29\/ali-ahmeti-takoi-kryetarin-e-ulqinit-cungu-dhe-deputetin-nimanbegu-video\/#primaryimage\"},\"datePublished\":\"2012-08-29T04:56:07+00:00\",\"dateModified\":\"2012-08-29T11:23:52+00:00\",\"author\":{\"@id\":\"https:\/\/www.visit-ulcinj.com\/blog\/#\/schema\/person\/dcab619c614d3038751c63bc2aadc06d\"},\"description\":\"Sot n\u00eb selin\u00eb e Bashkimit Demokratik p\u00ebr Integrim n\u00eb Tetov\u00eb, z. Ali Ahmeti, ka realizuar takim me Kryetarin e Ulqinit, z. Nazif Cungu dhe Deputetin\",\"breadcrumb\":{\"@id\":\"https:\/\/www.visit-ulcinj.com\/blog\/2012\/08\/29\/ali-ahmeti-takoi-kryetarin-e-ulqinit-cungu-dhe-deputetin-nimanbegu-video\/#breadcrumb\"},\"inLanguage\":\"en-US\",\"potentialAction\":[{\"@type\":\"ReadAction\",\"target\":[\"https:\/\/www.visit-ulcinj.com\/blog\/2012\/08\/29\/ali-ahmeti-takoi-kryetarin-e-ulqinit-cungu-dhe-deputetin-nimanbegu-video\/\"]}]},{\"@type\":\"BreadcrumbList\",\"@id\":\"https:\/\/www.visit-ulcinj.com\/blog\/2012\/08\/29\/ali-ahmeti-takoi-kryetarin-e-ulqinit-cungu-dhe-deputetin-nimanbegu-video\/#breadcrumb\",\"itemListElement\":[{\"@type\":\"ListItem\",\"position\":1,\"name\":\"Ali Ahmeti takoi Kryetarin e Ulqinit Cungu dhe Deputetin Nimanbegu &#8211; Video\"}]},{\"@type\":\"Person\",\"@id\":\"https:\/\/www.visit-ulcinj.com\/blog\/#\/schema\/person\/dcab619c614d3038751c63bc2aadc06d\",\"name\":\"ulqini\",\"sameAs\":[\"http:\/\/www.visit-ulcinj.com\"],\"url\":\"https:\/\/www.visit-ulcinj.com\/blog\/author\/admin\/\"}]}<\/script>\n<!-- \/ Yoast SEO plugin. -->","yoast_head_json":{"title":"Ali Ahmeti takoi Kryetarin e Ulqinit Cungu dhe Deputetin Nimanbegu - Video - Lajme nga Ulqini","description":"Sot n\u00eb selin\u00eb e Bashkimit Demokratik p\u00ebr Integrim n\u00eb Tetov\u00eb, z. Ali Ahmeti, ka realizuar takim me Kryetarin e Ulqinit, z. Nazif Cungu dhe Deputetin","robots":{"index":"index","follow":"follow","max-snippet":"max-snippet:-1","max-image-preview":"max-image-preview:large","max-video-preview":"max-video-preview:-1"},"canonical":"https:\/\/www.visit-ulcinj.com\/blog\/2012\/08\/29\/ali-ahmeti-takoi-kryetarin-e-ulqinit-cungu-dhe-deputetin-nimanbegu-video\/","og_locale":"en_US","og_type":"article","og_title":"Ali Ahmeti takoi Kryetarin e Ulqinit Cungu dhe Deputetin Nimanbegu - Video - Lajme nga Ulqini","og_description":"Sot n\u00eb selin\u00eb e Bashkimit Demokratik p\u00ebr Integrim n\u00eb Tetov\u00eb, z. Ali Ahmeti, ka realizuar takim me Kryetarin e Ulqinit, z. Nazif Cungu dhe Deputetin","og_url":"https:\/\/www.visit-ulcinj.com\/blog\/2012\/08\/29\/ali-ahmeti-takoi-kryetarin-e-ulqinit-cungu-dhe-deputetin-nimanbegu-video\/","og_site_name":"Lajme nga Ulqini","article_published_time":"2012-08-29T04:56:07+00:00","article_modified_time":"2012-08-29T11:23:52+00:00","og_image":[{"url":"http:\/\/www.visit-ulcinj.com\/blog\/wp-content\/uploads\/2012\/08\/Ali-Ahmeti-u-takua-me-Nazif-Cungun-dhe-Genci-Nimanbegun.jpg"}],"twitter_misc":{"Written by":"ulqini","Est. reading time":"2 minutes"},"schema":{"@context":"https:\/\/schema.org","@graph":[{"@type":"WebSite","@id":"https:\/\/www.visit-ulcinj.com\/blog\/#website","url":"https:\/\/www.visit-ulcinj.com\/blog\/","name":"Lajme nga Ulqini","description":"Lajme,Vijesti,Ulqini,Ulqin,Crna Gora,Mali i Zi","potentialAction":[{"@type":"SearchAction","target":{"@type":"EntryPoint","urlTemplate":"https:\/\/www.visit-ulcinj.com\/blog\/?s={search_term_string}"},"query-input":"required name=search_term_string"}],"inLanguage":"en-US"},{"@type":"ImageObject","inLanguage":"en-US","@id":"https:\/\/www.visit-ulcinj.com\/blog\/2012\/08\/29\/ali-ahmeti-takoi-kryetarin-e-ulqinit-cungu-dhe-deputetin-nimanbegu-video\/#primaryimage","url":"https:\/\/www.visit-ulcinj.com\/blog\/wp-content\/uploads\/2012\/08\/Ali-Ahmeti-u-takua-me-Nazif-Cungun-dhe-Genci-Nimanbegun.jpg","contentUrl":"https:\/\/www.visit-ulcinj.com\/blog\/wp-content\/uploads\/2012\/08\/Ali-Ahmeti-u-takua-me-Nazif-Cungun-dhe-Genci-Nimanbegun.jpg","width":"640","height":"427"},{"@type":"WebPage","@id":"https:\/\/www.visit-ulcinj.com\/blog\/2012\/08\/29\/ali-ahmeti-takoi-kryetarin-e-ulqinit-cungu-dhe-deputetin-nimanbegu-video\/#webpage","url":"https:\/\/www.visit-ulcinj.com\/blog\/2012\/08\/29\/ali-ahmeti-takoi-kryetarin-e-ulqinit-cungu-dhe-deputetin-nimanbegu-video\/","name":"Ali Ahmeti takoi Kryetarin e Ulqinit Cungu dhe Deputetin Nimanbegu - Video - Lajme nga Ulqini","isPartOf":{"@id":"https:\/\/www.visit-ulcinj.com\/blog\/#website"},"primaryImageOfPage":{"@id":"https:\/\/www.visit-ulcinj.com\/blog\/2012\/08\/29\/ali-ahmeti-takoi-kryetarin-e-ulqinit-cungu-dhe-deputetin-nimanbegu-video\/#primaryimage"},"datePublished":"2012-08-29T04:56:07+00:00","dateModified":"2012-08-29T11:23:52+00:00","author":{"@id":"https:\/\/www.visit-ulcinj.com\/blog\/#\/schema\/person\/dcab619c614d3038751c63bc2aadc06d"},"description":"Sot n\u00eb selin\u00eb e Bashkimit Demokratik p\u00ebr Integrim n\u00eb Tetov\u00eb, z. Ali Ahmeti, ka realizuar takim me Kryetarin e Ulqinit, z. Nazif Cungu dhe Deputetin","breadcrumb":{"@id":"https:\/\/www.visit-ulcinj.com\/blog\/2012\/08\/29\/ali-ahmeti-takoi-kryetarin-e-ulqinit-cungu-dhe-deputetin-nimanbegu-video\/#breadcrumb"},"inLanguage":"en-US","potentialAction":[{"@type":"ReadAction","target":["https:\/\/www.visit-ulcinj.com\/blog\/2012\/08\/29\/ali-ahmeti-takoi-kryetarin-e-ulqinit-cungu-dhe-deputetin-nimanbegu-video\/"]}]},{"@type":"BreadcrumbList","@id":"https:\/\/www.visit-ulcinj.com\/blog\/2012\/08\/29\/ali-ahmeti-takoi-kryetarin-e-ulqinit-cungu-dhe-deputetin-nimanbegu-video\/#breadcrumb","itemListElement":[{"@type":"ListItem","position":1,"name":"Ali Ahmeti takoi Kryetarin e Ulqinit Cungu dhe Deputetin Nimanbegu &#8211; Video"}]},{"@type":"Person","@id":"https:\/\/www.visit-ulcinj.com\/blog\/#\/schema\/person\/dcab619c614d3038751c63bc2aadc06d","name":"ulqini","sameAs":["http:\/\/www.visit-ulcinj.com"],"url":"https:\/\/www.visit-ulcinj.com\/blog\/author\/admin\/"}]}},"jetpack_featured_media_url":"","jetpack_sharing_enabled":true,"jetpack_shortlink":"https:\/\/wp.me\/pe6lTn-goC","_links":{"self":[{"href":"https:\/\/www.visit-ulcinj.com\/blog\/wp-json\/wp\/v2\/posts\/63030"}],"collection":[{"href":"https:\/\/www.visit-ulcinj.com\/blog\/wp-json\/wp\/v2\/posts"}],"about":[{"href":"https:\/\/www.visit-ulcinj.com\/blog\/wp-json\/wp\/v2\/types\/post"}],"author":[{"embeddable":true,"href":"https:\/\/www.visit-ulcinj.com\/blog\/wp-json\/wp\/v2\/users\/1"}],"replies":[{"embeddable":true,"href":"https:\/\/www.visit-ulcinj.com\/blog\/wp-json\/wp\/v2\/comments?post=63030"}],"version-history":[{"count":4,"href":"https:\/\/www.visit-ulcinj.com\/blog\/wp-json\/wp\/v2\/posts\/63030\/revisions"}],"predecessor-version":[{"id":63073,"href":"https:\/\/www.visit-ulcinj.com\/blog\/wp-json\/wp\/v2\/posts\/63030\/revisions\/63073"}],"wp:attachment":[{"href":"https:\/\/www.visit-ulcinj.com\/blog\/wp-json\/wp\/v2\/media?parent=63030"}],"wp:term":[{"taxonomy":"category","embeddable":true,"href":"https:\/\/www.visit-ulcinj.com\/blog\/wp-json\/wp\/v2\/categories?post=63030"},{"taxonomy":"post_tag","embeddable":true,"href":"https:\/\/www.visit-ulcinj.com\/blog\/wp-json\/wp\/v2\/tags?post=63030"}],"curies":[{"name":"wp","href":"https:\/\/api.w.org\/{rel}","templated":true}]}}