{"id":63035,"date":"2012-08-29T06:07:38","date_gmt":"2012-08-29T05:07:38","guid":{"rendered":"http:\/\/www.visit-ulcinj.com\/blog\/?p=63035"},"modified":"2012-08-29T06:27:15","modified_gmt":"2012-08-29T05:27:15","slug":"cungu-dhe-nimanbegu-vizituan-komunen-e-cairit","status":"publish","type":"post","link":"https:\/\/www.visit-ulcinj.com\/blog\/2012\/08\/29\/cungu-dhe-nimanbegu-vizituan-komunen-e-cairit\/","title":{"rendered":"Cungu dhe Nimanbegu vizituan komun\u00ebn e \u00c7airit"},"content":{"rendered":"<p><strong><a href=\"http:\/\/www.visit-ulcinj.com\/blog\/wp-content\/uploads\/2012\/08\/Cungu-dhe-Nimanbegu-vizituan-komun\u00ebn-e-Cairit_Izet-Mexhiti.jpg\"><img loading=\"lazy\" class=\"alignleft  wp-image-63036\" title=\"Cungu dhe Nimanbegu vizituan komun\u00ebn e Cairit_Izet Mexhiti\" src=\"http:\/\/www.visit-ulcinj.com\/blog\/wp-content\/uploads\/2012\/08\/Cungu-dhe-Nimanbegu-vizituan-komun\u00ebn-e-Cairit_Izet-Mexhiti.jpg\" alt=\"\" width=\"508\" height=\"360\" \/><\/a>Me dat\u00eb 27 gusht 2012 Kryetari i Komun\u00ebs s\u00eb \u00c7airit z. Izet Mexhiti priti Kryetarin e qytetit t\u00eb Ulqinit z. Nazif Cungu si dhe n\u00ebnkryetarin e Ulqinit dhe deputetin e Parlamentit t\u00eb Republik\u00ebs s\u00eb Malit t\u00eb Zi, z. Genci Nimanbegu.<\/strong><\/p>\n<p>T\u00eb dy kryetar\u00ebt k\u00ebmbyen p\u00ebrvojat specifike t\u00eb komunave t\u00eb tyre me theks t\u00eb posa\u00e7\u00ebm n\u00eb sfidat me t\u00eb cilat ballafaqohet pushteti lokal si n\u00eb Maqedoni ashtu edhe n\u00eb Mal t\u00eb Zi.<br \/>\n<a href=\"http:\/\/www.visit-ulcinj.com\/blog\/wp-content\/uploads\/2012\/08\/mexhiti_priti_Cungun-dhe-Nimanbegun.jpg\"><img loading=\"lazy\" class=\"alignleft  wp-image-63037\" title=\"mexhiti_priti_Cungun dhe Nimanbegun\" src=\"http:\/\/www.visit-ulcinj.com\/blog\/wp-content\/uploads\/2012\/08\/mexhiti_priti_Cungun-dhe-Nimanbegun.jpg\" alt=\"\" width=\"508\" height=\"300\" \/><\/a><\/p>\n<p>Myafir\u00ebt nga Ulqini ndoq\u00ebn me interes t\u00eb ve\u00e7ant\u00eb p\u00ebrvojat e komun\u00ebs s\u00eb \u00c7airit lidhur me procesin e decentralizimit dhe at\u00eb t\u00eb legalizimit. Nga ana tjet\u00ebr, Z. Nazif Cungu shpalosi planet q\u00eb kabineti i tij ka p\u00ebr avansimin e turizmit n\u00eb Ulqin dhe ofroi bashk\u00ebpunim p\u00ebr investitor\u00ebt eventual shqiptar\u00eb nga Maqedonia. Q\u00eb t\u00eb dy pal\u00ebt u zotuan p\u00ebr bashk\u00ebpunim t\u00eb mir\u00ebfillt\u00eb midis k\u00ebtyre dy komunave, m\u00eb sakt\u00ebsisht midis shqiptar\u00ebve t\u00eb Ulqinit dhe atyre t\u00eb \u00c7airit duke cekur gjithmon\u00eb synimin e qart\u00eb drejt eurointegrimeve.<\/p>\n<p><strong>Komuna e \u00c7airit<\/strong><\/p>\n<!--YouTube Error: bad URL entered-->\n","protected":false},"excerpt":{"rendered":"<p>Me dat\u00eb 27 gusht 2012 Kryetari i Komun\u00ebs s\u00eb \u00c7airit z. Izet Mexhiti priti Kryetarin e qytetit t\u00eb Ulqinit z. Nazif Cungu si dhe n\u00ebnkryetarin e Ulqinit dhe deputetin e Parlamentit t\u00eb Republik\u00ebs s\u00eb Malit t\u00eb Zi, z. Genci Nimanbegu. T\u00eb dy kryetar\u00ebt k\u00ebmbyen p\u00ebrvojat specifike t\u00eb komunave t\u00eb tyre me theks t\u00eb posa\u00e7\u00ebm n\u00eb [&hellip;]<\/p>\n","protected":false},"author":1,"featured_media":0,"comment_status":"open","ping_status":"closed","sticky":false,"template":"","format":"standard","meta":{"spay_email":"","jetpack_publicize_message":"","jetpack_is_tweetstorm":false,"jetpack_publicize_feature_enabled":true},"categories":[10,1],"tags":[118,200],"jetpack_publicize_connections":[],"yoast_head":"<!-- This site is optimized with the Yoast SEO plugin v19.1 - https:\/\/yoast.com\/wordpress\/plugins\/seo\/ -->\n<title>Cungu dhe Nimanbegu vizituan komun\u00ebn e \u00c7airit - Lajme nga Ulqini<\/title>\n<meta name=\"description\" content=\"Me dat\u00eb 27 gusht 2012 Kryetari i Komun\u00ebs s\u00eb \u00c7airit z. Izet Mexhiti priti Kryetarin e qytetit t\u00eb Ulqinit z. Nazif Cungu si dhe n\u00ebnkryetarin e Ulqinit dhe\" \/>\n<meta name=\"robots\" content=\"index, follow, max-snippet:-1, max-image-preview:large, max-video-preview:-1\" \/>\n<link rel=\"canonical\" href=\"https:\/\/www.visit-ulcinj.com\/blog\/2012\/08\/29\/cungu-dhe-nimanbegu-vizituan-komunen-e-cairit\/\" \/>\n<meta property=\"og:locale\" content=\"en_US\" \/>\n<meta property=\"og:type\" content=\"article\" \/>\n<meta property=\"og:title\" content=\"Cungu dhe Nimanbegu vizituan komun\u00ebn e \u00c7airit - Lajme nga Ulqini\" \/>\n<meta property=\"og:description\" content=\"Me dat\u00eb 27 gusht 2012 Kryetari i Komun\u00ebs s\u00eb \u00c7airit z. Izet Mexhiti priti Kryetarin e qytetit t\u00eb Ulqinit z. Nazif Cungu si dhe n\u00ebnkryetarin e Ulqinit dhe\" \/>\n<meta property=\"og:url\" content=\"https:\/\/www.visit-ulcinj.com\/blog\/2012\/08\/29\/cungu-dhe-nimanbegu-vizituan-komunen-e-cairit\/\" \/>\n<meta property=\"og:site_name\" content=\"Lajme nga Ulqini\" \/>\n<meta property=\"article:published_time\" content=\"2012-08-29T05:07:38+00:00\" \/>\n<meta property=\"article:modified_time\" content=\"2012-08-29T05:27:15+00:00\" \/>\n<meta property=\"og:image\" content=\"http:\/\/www.visit-ulcinj.com\/blog\/wp-content\/uploads\/2012\/08\/mexhiti_priti_Cungun-dhe-Nimanbegun.jpg\" \/>\n<meta name=\"twitter:label1\" content=\"Written by\" \/>\n\t<meta name=\"twitter:data1\" content=\"ulqini\" \/>\n\t<meta name=\"twitter:label2\" content=\"Est. reading time\" \/>\n\t<meta name=\"twitter:data2\" content=\"1 minute\" \/>\n<script type=\"application\/ld+json\" class=\"yoast-schema-graph\">{\"@context\":\"https:\/\/schema.org\",\"@graph\":[{\"@type\":\"WebSite\",\"@id\":\"https:\/\/www.visit-ulcinj.com\/blog\/#website\",\"url\":\"https:\/\/www.visit-ulcinj.com\/blog\/\",\"name\":\"Lajme nga Ulqini\",\"description\":\"Lajme,Vijesti,Ulqini,Ulqin,Crna Gora,Mali i Zi\",\"potentialAction\":[{\"@type\":\"SearchAction\",\"target\":{\"@type\":\"EntryPoint\",\"urlTemplate\":\"https:\/\/www.visit-ulcinj.com\/blog\/?s={search_term_string}\"},\"query-input\":\"required name=search_term_string\"}],\"inLanguage\":\"en-US\"},{\"@type\":\"ImageObject\",\"inLanguage\":\"en-US\",\"@id\":\"https:\/\/www.visit-ulcinj.com\/blog\/2012\/08\/29\/cungu-dhe-nimanbegu-vizituan-komunen-e-cairit\/#primaryimage\",\"url\":\"https:\/\/www.visit-ulcinj.com\/blog\/wp-content\/uploads\/2012\/08\/mexhiti_priti_Cungun-dhe-Nimanbegun.jpg\",\"contentUrl\":\"https:\/\/www.visit-ulcinj.com\/blog\/wp-content\/uploads\/2012\/08\/mexhiti_priti_Cungun-dhe-Nimanbegun.jpg\",\"width\":\"389\",\"height\":\"300\"},{\"@type\":\"WebPage\",\"@id\":\"https:\/\/www.visit-ulcinj.com\/blog\/2012\/08\/29\/cungu-dhe-nimanbegu-vizituan-komunen-e-cairit\/#webpage\",\"url\":\"https:\/\/www.visit-ulcinj.com\/blog\/2012\/08\/29\/cungu-dhe-nimanbegu-vizituan-komunen-e-cairit\/\",\"name\":\"Cungu dhe Nimanbegu vizituan komun\u00ebn e \u00c7airit - Lajme nga Ulqini\",\"isPartOf\":{\"@id\":\"https:\/\/www.visit-ulcinj.com\/blog\/#website\"},\"primaryImageOfPage\":{\"@id\":\"https:\/\/www.visit-ulcinj.com\/blog\/2012\/08\/29\/cungu-dhe-nimanbegu-vizituan-komunen-e-cairit\/#primaryimage\"},\"datePublished\":\"2012-08-29T05:07:38+00:00\",\"dateModified\":\"2012-08-29T05:27:15+00:00\",\"author\":{\"@id\":\"https:\/\/www.visit-ulcinj.com\/blog\/#\/schema\/person\/dcab619c614d3038751c63bc2aadc06d\"},\"description\":\"Me dat\u00eb 27 gusht 2012 Kryetari i Komun\u00ebs s\u00eb \u00c7airit z. Izet Mexhiti priti Kryetarin e qytetit t\u00eb Ulqinit z. Nazif Cungu si dhe n\u00ebnkryetarin e Ulqinit dhe\",\"breadcrumb\":{\"@id\":\"https:\/\/www.visit-ulcinj.com\/blog\/2012\/08\/29\/cungu-dhe-nimanbegu-vizituan-komunen-e-cairit\/#breadcrumb\"},\"inLanguage\":\"en-US\",\"potentialAction\":[{\"@type\":\"ReadAction\",\"target\":[\"https:\/\/www.visit-ulcinj.com\/blog\/2012\/08\/29\/cungu-dhe-nimanbegu-vizituan-komunen-e-cairit\/\"]}]},{\"@type\":\"BreadcrumbList\",\"@id\":\"https:\/\/www.visit-ulcinj.com\/blog\/2012\/08\/29\/cungu-dhe-nimanbegu-vizituan-komunen-e-cairit\/#breadcrumb\",\"itemListElement\":[{\"@type\":\"ListItem\",\"position\":1,\"name\":\"Cungu dhe Nimanbegu vizituan komun\u00ebn e \u00c7airit\"}]},{\"@type\":\"Person\",\"@id\":\"https:\/\/www.visit-ulcinj.com\/blog\/#\/schema\/person\/dcab619c614d3038751c63bc2aadc06d\",\"name\":\"ulqini\",\"sameAs\":[\"http:\/\/www.visit-ulcinj.com\"],\"url\":\"https:\/\/www.visit-ulcinj.com\/blog\/author\/admin\/\"}]}<\/script>\n<!-- \/ Yoast SEO plugin. -->","yoast_head_json":{"title":"Cungu dhe Nimanbegu vizituan komun\u00ebn e \u00c7airit - Lajme nga Ulqini","description":"Me dat\u00eb 27 gusht 2012 Kryetari i Komun\u00ebs s\u00eb \u00c7airit z. Izet Mexhiti priti Kryetarin e qytetit t\u00eb Ulqinit z. Nazif Cungu si dhe n\u00ebnkryetarin e Ulqinit dhe","robots":{"index":"index","follow":"follow","max-snippet":"max-snippet:-1","max-image-preview":"max-image-preview:large","max-video-preview":"max-video-preview:-1"},"canonical":"https:\/\/www.visit-ulcinj.com\/blog\/2012\/08\/29\/cungu-dhe-nimanbegu-vizituan-komunen-e-cairit\/","og_locale":"en_US","og_type":"article","og_title":"Cungu dhe Nimanbegu vizituan komun\u00ebn e \u00c7airit - Lajme nga Ulqini","og_description":"Me dat\u00eb 27 gusht 2012 Kryetari i Komun\u00ebs s\u00eb \u00c7airit z. Izet Mexhiti priti Kryetarin e qytetit t\u00eb Ulqinit z. Nazif Cungu si dhe n\u00ebnkryetarin e Ulqinit dhe","og_url":"https:\/\/www.visit-ulcinj.com\/blog\/2012\/08\/29\/cungu-dhe-nimanbegu-vizituan-komunen-e-cairit\/","og_site_name":"Lajme nga Ulqini","article_published_time":"2012-08-29T05:07:38+00:00","article_modified_time":"2012-08-29T05:27:15+00:00","og_image":[{"url":"http:\/\/www.visit-ulcinj.com\/blog\/wp-content\/uploads\/2012\/08\/mexhiti_priti_Cungun-dhe-Nimanbegun.jpg"}],"twitter_misc":{"Written by":"ulqini","Est. reading time":"1 minute"},"schema":{"@context":"https:\/\/schema.org","@graph":[{"@type":"WebSite","@id":"https:\/\/www.visit-ulcinj.com\/blog\/#website","url":"https:\/\/www.visit-ulcinj.com\/blog\/","name":"Lajme nga Ulqini","description":"Lajme,Vijesti,Ulqini,Ulqin,Crna Gora,Mali i Zi","potentialAction":[{"@type":"SearchAction","target":{"@type":"EntryPoint","urlTemplate":"https:\/\/www.visit-ulcinj.com\/blog\/?s={search_term_string}"},"query-input":"required name=search_term_string"}],"inLanguage":"en-US"},{"@type":"ImageObject","inLanguage":"en-US","@id":"https:\/\/www.visit-ulcinj.com\/blog\/2012\/08\/29\/cungu-dhe-nimanbegu-vizituan-komunen-e-cairit\/#primaryimage","url":"https:\/\/www.visit-ulcinj.com\/blog\/wp-content\/uploads\/2012\/08\/mexhiti_priti_Cungun-dhe-Nimanbegun.jpg","contentUrl":"https:\/\/www.visit-ulcinj.com\/blog\/wp-content\/uploads\/2012\/08\/mexhiti_priti_Cungun-dhe-Nimanbegun.jpg","width":"389","height":"300"},{"@type":"WebPage","@id":"https:\/\/www.visit-ulcinj.com\/blog\/2012\/08\/29\/cungu-dhe-nimanbegu-vizituan-komunen-e-cairit\/#webpage","url":"https:\/\/www.visit-ulcinj.com\/blog\/2012\/08\/29\/cungu-dhe-nimanbegu-vizituan-komunen-e-cairit\/","name":"Cungu dhe Nimanbegu vizituan komun\u00ebn e \u00c7airit - Lajme nga Ulqini","isPartOf":{"@id":"https:\/\/www.visit-ulcinj.com\/blog\/#website"},"primaryImageOfPage":{"@id":"https:\/\/www.visit-ulcinj.com\/blog\/2012\/08\/29\/cungu-dhe-nimanbegu-vizituan-komunen-e-cairit\/#primaryimage"},"datePublished":"2012-08-29T05:07:38+00:00","dateModified":"2012-08-29T05:27:15+00:00","author":{"@id":"https:\/\/www.visit-ulcinj.com\/blog\/#\/schema\/person\/dcab619c614d3038751c63bc2aadc06d"},"description":"Me dat\u00eb 27 gusht 2012 Kryetari i Komun\u00ebs s\u00eb \u00c7airit z. Izet Mexhiti priti Kryetarin e qytetit t\u00eb Ulqinit z. Nazif Cungu si dhe n\u00ebnkryetarin e Ulqinit dhe","breadcrumb":{"@id":"https:\/\/www.visit-ulcinj.com\/blog\/2012\/08\/29\/cungu-dhe-nimanbegu-vizituan-komunen-e-cairit\/#breadcrumb"},"inLanguage":"en-US","potentialAction":[{"@type":"ReadAction","target":["https:\/\/www.visit-ulcinj.com\/blog\/2012\/08\/29\/cungu-dhe-nimanbegu-vizituan-komunen-e-cairit\/"]}]},{"@type":"BreadcrumbList","@id":"https:\/\/www.visit-ulcinj.com\/blog\/2012\/08\/29\/cungu-dhe-nimanbegu-vizituan-komunen-e-cairit\/#breadcrumb","itemListElement":[{"@type":"ListItem","position":1,"name":"Cungu dhe Nimanbegu vizituan komun\u00ebn e \u00c7airit"}]},{"@type":"Person","@id":"https:\/\/www.visit-ulcinj.com\/blog\/#\/schema\/person\/dcab619c614d3038751c63bc2aadc06d","name":"ulqini","sameAs":["http:\/\/www.visit-ulcinj.com"],"url":"https:\/\/www.visit-ulcinj.com\/blog\/author\/admin\/"}]}},"jetpack_featured_media_url":"","jetpack_sharing_enabled":true,"jetpack_shortlink":"https:\/\/wp.me\/pe6lTn-goH","_links":{"self":[{"href":"https:\/\/www.visit-ulcinj.com\/blog\/wp-json\/wp\/v2\/posts\/63035"}],"collection":[{"href":"https:\/\/www.visit-ulcinj.com\/blog\/wp-json\/wp\/v2\/posts"}],"about":[{"href":"https:\/\/www.visit-ulcinj.com\/blog\/wp-json\/wp\/v2\/types\/post"}],"author":[{"embeddable":true,"href":"https:\/\/www.visit-ulcinj.com\/blog\/wp-json\/wp\/v2\/users\/1"}],"replies":[{"embeddable":true,"href":"https:\/\/www.visit-ulcinj.com\/blog\/wp-json\/wp\/v2\/comments?post=63035"}],"version-history":[{"count":4,"href":"https:\/\/www.visit-ulcinj.com\/blog\/wp-json\/wp\/v2\/posts\/63035\/revisions"}],"predecessor-version":[{"id":63039,"href":"https:\/\/www.visit-ulcinj.com\/blog\/wp-json\/wp\/v2\/posts\/63035\/revisions\/63039"}],"wp:attachment":[{"href":"https:\/\/www.visit-ulcinj.com\/blog\/wp-json\/wp\/v2\/media?parent=63035"}],"wp:term":[{"taxonomy":"category","embeddable":true,"href":"https:\/\/www.visit-ulcinj.com\/blog\/wp-json\/wp\/v2\/categories?post=63035"},{"taxonomy":"post_tag","embeddable":true,"href":"https:\/\/www.visit-ulcinj.com\/blog\/wp-json\/wp\/v2\/tags?post=63035"}],"curies":[{"name":"wp","href":"https:\/\/api.w.org\/{rel}","templated":true}]}}