{"id":63057,"date":"2012-08-29T07:06:17","date_gmt":"2012-08-29T06:06:17","guid":{"rendered":"http:\/\/www.visit-ulcinj.com\/blog\/?p=63057"},"modified":"2012-08-29T07:20:20","modified_gmt":"2012-08-29T06:20:20","slug":"turisti-zakrcili-ulcinj","status":"publish","type":"post","link":"https:\/\/www.visit-ulcinj.com\/blog\/2012\/08\/29\/turisti-zakrcili-ulcinj\/","title":{"rendered":"Turisti zakr\u010dili Ulcinj"},"content":{"rendered":"<div id=\"attachment_63058\" style=\"width: 518px\" class=\"wp-caption alignleft\"><a href=\"http:\/\/www.visit-ulcinj.com\/blog\/wp-content\/uploads\/2012\/08\/Ulcinj-do-100.000-gostiju-nezvanicno.jpg\"><img aria-describedby=\"caption-attachment-63058\" loading=\"lazy\" class=\" wp-image-63058\" title=\"Ulcinj do 100.000 gostiju nezvanicno\" src=\"http:\/\/www.visit-ulcinj.com\/blog\/wp-content\/uploads\/2012\/08\/Ulcinj-do-100.000-gostiju-nezvanicno.jpg\" alt=\"\" width=\"508\" height=\"360\" \/><\/a><p id=\"caption-attachment-63058\" class=\"wp-caption-text\">Foto &#8211; Samir Adrovi\u0107 &#8211; Vijesti<\/p><\/div>\n<p>Niko u Ulcinju nije ni slutio da \u0107e kraj avgusta biti tako spektakularan- prema zvani\u010dnoj statistici u Ulcinju boravi 26 hiljada gostiju, \u0161to je za 280 odsto vi\u0161e nego lani u isto vrijeme. Nezvani\u010dne procjene ulcinjskih turisti\u010dkih poslenika ka\u017eu da u gradu trenutno boravi i vi\u0161e od 100 hiljada gostiju.<\/p>\n<p>U prilog takvim procjenama idu prizori sa ju\u010dera\u0161njih ulica, bulevara, trotoara i pla\u017ea. Po nesnosnoj vrelini, ljudi se opet tiskaju uskim ulicama dok su na bulevarima rijeke automobila zarobljene u kilometarskim kolonama- nezapam\u0107ene gu\u017eve na svakom koraku i metru.<\/p>\n<p>Stanjem u gradu prijatno je iznena\u0111en i direktor lokalne TO Minir Karamanaga koji je kazao da je o\u010dekivao porast broja gostiju poslije ramazana i Bajrama, ali ne ovoliko.<\/p>\n<p>&#8220;Tokom mjeseca ramazana, muslimanskog posta, imali smo u kontinuitetu slabiju posjetu u odnosu na uporedni period \u0161to je bilo i za o\u010dekivati jer nam najvi\u0161e gostiju dolazi sa Kosova, Bosne i Sand\u017eaka. Uradili smo neke dobre stvari na Kosovu po pitanju prezentacije na\u0161eg turisti\u010dkog proizvoda i o\u010dekivali smo porast. Ali, ovo je pravi bum&#8221; kazao je Karamanaga \u201cVijestima\u201d.<\/p>\n<p>Naveo je da su neki zakupci pla\u017ea zbog slabije posjete ve\u0107 bili sklonili dio mobilijara, a neke radnike poslali ku\u0107i.<\/p>\n<p>&#8220;Sada \u010dujem da su morali da vrate i mobilijar na pla\u017ee i radnike na posao. Neki ugostitelji ve\u0107 trljaju ruke a ako ovako nastavi, nema sumnje da \u0107emo biti bolji nego lani&#8221; uvjeren je Karamanaga. U prilog tome, kako ka\u017ee, ide i informacija da \u0161kolska godina na Kosovu, upravo zbog odmora, ove godine kasni i po\u010dinje tek 10. septembra.<\/p>\n<p>&#8220;To je dobar znak za nas, jer je o\u010digledno da zbog ramazana i Bajrama mnogi nijesu do\u0161li na more. Sad imaju priliku&#8221; kazao je Karamanaga.<\/p>\n<p>I mje\u0161tani su sada zadovoljniji ali po\u0161to je pro\u0161ao \u0161pic, morali su da obore cijene smje\u0161taja tako da se krevet ovih dana mo\u017ee na\u0107i za 5 do 6 eura i u najatraktivnijim djelovima grada.<\/p>\n<p>Prema zvani\u010dnoj statistici, u hotelima se odmara 84 odsto vi\u0161e gostiju u odnosu na pro\u0161lu godinu u isto vrijeme. U kampovima boravi 71 odsto vi\u0161e dok ih je u privatnom smje\u0161taju tri puta vi\u0161e uz indeks 303 odsto.<\/p>\n<p><a href=\"http:\/\/www.vijesti.me\/vijesti\/turisti-zakrcili-ulcinj-clanak-88927\" target=\"_blank\"><strong>Samir Adrovi\u0107<\/strong><\/a><br \/>\n<a href=\"http:\/\/www.vijesti.me\/vijesti\/turisti-zakrcili-ulcinj-clanak-88927\" target=\"_blank\"><strong> Vijesti online<\/strong><\/a><\/p>\n<!--YouTube Error: bad URL entered-->\n","protected":false},"excerpt":{"rendered":"<p>Niko u Ulcinju nije ni slutio da \u0107e kraj avgusta biti tako spektakularan- prema zvani\u010dnoj statistici u Ulcinju boravi 26 hiljada gostiju, \u0161to je za 280 odsto vi\u0161e nego lani u isto vrijeme. Nezvani\u010dne procjene ulcinjskih turisti\u010dkih poslenika ka\u017eu da u gradu trenutno boravi i vi\u0161e od 100 hiljada gostiju. U prilog takvim procjenama idu [&hellip;]<\/p>\n","protected":false},"author":1,"featured_media":0,"comment_status":"open","ping_status":"closed","sticky":false,"template":"","format":"standard","meta":{"spay_email":"","jetpack_publicize_message":"","jetpack_is_tweetstorm":false,"jetpack_publicize_feature_enabled":true},"categories":[8337],"tags":[19],"jetpack_publicize_connections":[],"yoast_head":"<!-- This site is optimized with the Yoast SEO plugin v19.1 - https:\/\/yoast.com\/wordpress\/plugins\/seo\/ -->\n<title>Turisti zakr\u010dili Ulcinj - Lajme nga Ulqini<\/title>\n<meta name=\"description\" content=\"Niko u Ulcinju nije ni slutio da \u0107e kraj avgusta biti tako spektakularan- prema zvani\u010dnoj statistici u Ulcinju boravi 26 hiljada gostiju, \u0161to je za 280\" \/>\n<meta name=\"robots\" content=\"index, follow, max-snippet:-1, max-image-preview:large, max-video-preview:-1\" \/>\n<link rel=\"canonical\" href=\"https:\/\/www.visit-ulcinj.com\/blog\/2012\/08\/29\/turisti-zakrcili-ulcinj\/\" \/>\n<meta property=\"og:locale\" content=\"en_US\" \/>\n<meta property=\"og:type\" content=\"article\" \/>\n<meta property=\"og:title\" content=\"Turisti zakr\u010dili Ulcinj - Lajme nga Ulqini\" \/>\n<meta property=\"og:description\" content=\"Niko u Ulcinju nije ni slutio da \u0107e kraj avgusta biti tako spektakularan- prema zvani\u010dnoj statistici u Ulcinju boravi 26 hiljada gostiju, \u0161to je za 280\" \/>\n<meta property=\"og:url\" content=\"https:\/\/www.visit-ulcinj.com\/blog\/2012\/08\/29\/turisti-zakrcili-ulcinj\/\" \/>\n<meta property=\"og:site_name\" content=\"Lajme nga Ulqini\" \/>\n<meta property=\"article:published_time\" content=\"2012-08-29T06:06:17+00:00\" \/>\n<meta property=\"article:modified_time\" content=\"2012-08-29T06:20:20+00:00\" \/>\n<meta property=\"og:image\" content=\"http:\/\/www.visit-ulcinj.com\/blog\/wp-content\/uploads\/2012\/08\/Ulcinj-do-100.000-gostiju-nezvanicno.jpg\" \/>\n<meta name=\"twitter:label1\" content=\"Written by\" \/>\n\t<meta name=\"twitter:data1\" content=\"ulqini\" \/>\n\t<meta name=\"twitter:label2\" content=\"Est. reading time\" \/>\n\t<meta name=\"twitter:data2\" content=\"2 minutes\" \/>\n<script type=\"application\/ld+json\" class=\"yoast-schema-graph\">{\"@context\":\"https:\/\/schema.org\",\"@graph\":[{\"@type\":\"WebSite\",\"@id\":\"https:\/\/www.visit-ulcinj.com\/blog\/#website\",\"url\":\"https:\/\/www.visit-ulcinj.com\/blog\/\",\"name\":\"Lajme nga Ulqini\",\"description\":\"Lajme,Vijesti,Ulqini,Ulqin,Crna Gora,Mali i Zi\",\"potentialAction\":[{\"@type\":\"SearchAction\",\"target\":{\"@type\":\"EntryPoint\",\"urlTemplate\":\"https:\/\/www.visit-ulcinj.com\/blog\/?s={search_term_string}\"},\"query-input\":\"required name=search_term_string\"}],\"inLanguage\":\"en-US\"},{\"@type\":\"ImageObject\",\"inLanguage\":\"en-US\",\"@id\":\"https:\/\/www.visit-ulcinj.com\/blog\/2012\/08\/29\/turisti-zakrcili-ulcinj\/#primaryimage\",\"url\":\"https:\/\/www.visit-ulcinj.com\/blog\/wp-content\/uploads\/2012\/08\/Ulcinj-do-100.000-gostiju-nezvanicno.jpg\",\"contentUrl\":\"https:\/\/www.visit-ulcinj.com\/blog\/wp-content\/uploads\/2012\/08\/Ulcinj-do-100.000-gostiju-nezvanicno.jpg\",\"width\":\"1000\",\"height\":\"625\"},{\"@type\":\"WebPage\",\"@id\":\"https:\/\/www.visit-ulcinj.com\/blog\/2012\/08\/29\/turisti-zakrcili-ulcinj\/#webpage\",\"url\":\"https:\/\/www.visit-ulcinj.com\/blog\/2012\/08\/29\/turisti-zakrcili-ulcinj\/\",\"name\":\"Turisti zakr\u010dili Ulcinj - Lajme nga Ulqini\",\"isPartOf\":{\"@id\":\"https:\/\/www.visit-ulcinj.com\/blog\/#website\"},\"primaryImageOfPage\":{\"@id\":\"https:\/\/www.visit-ulcinj.com\/blog\/2012\/08\/29\/turisti-zakrcili-ulcinj\/#primaryimage\"},\"datePublished\":\"2012-08-29T06:06:17+00:00\",\"dateModified\":\"2012-08-29T06:20:20+00:00\",\"author\":{\"@id\":\"https:\/\/www.visit-ulcinj.com\/blog\/#\/schema\/person\/dcab619c614d3038751c63bc2aadc06d\"},\"description\":\"Niko u Ulcinju nije ni slutio da \u0107e kraj avgusta biti tako spektakularan- prema zvani\u010dnoj statistici u Ulcinju boravi 26 hiljada gostiju, \u0161to je za 280\",\"breadcrumb\":{\"@id\":\"https:\/\/www.visit-ulcinj.com\/blog\/2012\/08\/29\/turisti-zakrcili-ulcinj\/#breadcrumb\"},\"inLanguage\":\"en-US\",\"potentialAction\":[{\"@type\":\"ReadAction\",\"target\":[\"https:\/\/www.visit-ulcinj.com\/blog\/2012\/08\/29\/turisti-zakrcili-ulcinj\/\"]}]},{\"@type\":\"BreadcrumbList\",\"@id\":\"https:\/\/www.visit-ulcinj.com\/blog\/2012\/08\/29\/turisti-zakrcili-ulcinj\/#breadcrumb\",\"itemListElement\":[{\"@type\":\"ListItem\",\"position\":1,\"name\":\"Turisti zakr\u010dili Ulcinj\"}]},{\"@type\":\"Person\",\"@id\":\"https:\/\/www.visit-ulcinj.com\/blog\/#\/schema\/person\/dcab619c614d3038751c63bc2aadc06d\",\"name\":\"ulqini\",\"sameAs\":[\"http:\/\/www.visit-ulcinj.com\"],\"url\":\"https:\/\/www.visit-ulcinj.com\/blog\/author\/admin\/\"}]}<\/script>\n<!-- \/ Yoast SEO plugin. -->","yoast_head_json":{"title":"Turisti zakr\u010dili Ulcinj - Lajme nga Ulqini","description":"Niko u Ulcinju nije ni slutio da \u0107e kraj avgusta biti tako spektakularan- prema zvani\u010dnoj statistici u Ulcinju boravi 26 hiljada gostiju, \u0161to je za 280","robots":{"index":"index","follow":"follow","max-snippet":"max-snippet:-1","max-image-preview":"max-image-preview:large","max-video-preview":"max-video-preview:-1"},"canonical":"https:\/\/www.visit-ulcinj.com\/blog\/2012\/08\/29\/turisti-zakrcili-ulcinj\/","og_locale":"en_US","og_type":"article","og_title":"Turisti zakr\u010dili Ulcinj - Lajme nga Ulqini","og_description":"Niko u Ulcinju nije ni slutio da \u0107e kraj avgusta biti tako spektakularan- prema zvani\u010dnoj statistici u Ulcinju boravi 26 hiljada gostiju, \u0161to je za 280","og_url":"https:\/\/www.visit-ulcinj.com\/blog\/2012\/08\/29\/turisti-zakrcili-ulcinj\/","og_site_name":"Lajme nga Ulqini","article_published_time":"2012-08-29T06:06:17+00:00","article_modified_time":"2012-08-29T06:20:20+00:00","og_image":[{"url":"http:\/\/www.visit-ulcinj.com\/blog\/wp-content\/uploads\/2012\/08\/Ulcinj-do-100.000-gostiju-nezvanicno.jpg"}],"twitter_misc":{"Written by":"ulqini","Est. reading time":"2 minutes"},"schema":{"@context":"https:\/\/schema.org","@graph":[{"@type":"WebSite","@id":"https:\/\/www.visit-ulcinj.com\/blog\/#website","url":"https:\/\/www.visit-ulcinj.com\/blog\/","name":"Lajme nga Ulqini","description":"Lajme,Vijesti,Ulqini,Ulqin,Crna Gora,Mali i Zi","potentialAction":[{"@type":"SearchAction","target":{"@type":"EntryPoint","urlTemplate":"https:\/\/www.visit-ulcinj.com\/blog\/?s={search_term_string}"},"query-input":"required name=search_term_string"}],"inLanguage":"en-US"},{"@type":"ImageObject","inLanguage":"en-US","@id":"https:\/\/www.visit-ulcinj.com\/blog\/2012\/08\/29\/turisti-zakrcili-ulcinj\/#primaryimage","url":"https:\/\/www.visit-ulcinj.com\/blog\/wp-content\/uploads\/2012\/08\/Ulcinj-do-100.000-gostiju-nezvanicno.jpg","contentUrl":"https:\/\/www.visit-ulcinj.com\/blog\/wp-content\/uploads\/2012\/08\/Ulcinj-do-100.000-gostiju-nezvanicno.jpg","width":"1000","height":"625"},{"@type":"WebPage","@id":"https:\/\/www.visit-ulcinj.com\/blog\/2012\/08\/29\/turisti-zakrcili-ulcinj\/#webpage","url":"https:\/\/www.visit-ulcinj.com\/blog\/2012\/08\/29\/turisti-zakrcili-ulcinj\/","name":"Turisti zakr\u010dili Ulcinj - Lajme nga Ulqini","isPartOf":{"@id":"https:\/\/www.visit-ulcinj.com\/blog\/#website"},"primaryImageOfPage":{"@id":"https:\/\/www.visit-ulcinj.com\/blog\/2012\/08\/29\/turisti-zakrcili-ulcinj\/#primaryimage"},"datePublished":"2012-08-29T06:06:17+00:00","dateModified":"2012-08-29T06:20:20+00:00","author":{"@id":"https:\/\/www.visit-ulcinj.com\/blog\/#\/schema\/person\/dcab619c614d3038751c63bc2aadc06d"},"description":"Niko u Ulcinju nije ni slutio da \u0107e kraj avgusta biti tako spektakularan- prema zvani\u010dnoj statistici u Ulcinju boravi 26 hiljada gostiju, \u0161to je za 280","breadcrumb":{"@id":"https:\/\/www.visit-ulcinj.com\/blog\/2012\/08\/29\/turisti-zakrcili-ulcinj\/#breadcrumb"},"inLanguage":"en-US","potentialAction":[{"@type":"ReadAction","target":["https:\/\/www.visit-ulcinj.com\/blog\/2012\/08\/29\/turisti-zakrcili-ulcinj\/"]}]},{"@type":"BreadcrumbList","@id":"https:\/\/www.visit-ulcinj.com\/blog\/2012\/08\/29\/turisti-zakrcili-ulcinj\/#breadcrumb","itemListElement":[{"@type":"ListItem","position":1,"name":"Turisti zakr\u010dili Ulcinj"}]},{"@type":"Person","@id":"https:\/\/www.visit-ulcinj.com\/blog\/#\/schema\/person\/dcab619c614d3038751c63bc2aadc06d","name":"ulqini","sameAs":["http:\/\/www.visit-ulcinj.com"],"url":"https:\/\/www.visit-ulcinj.com\/blog\/author\/admin\/"}]}},"jetpack_featured_media_url":"","jetpack_sharing_enabled":true,"jetpack_shortlink":"https:\/\/wp.me\/pe6lTn-gp3","_links":{"self":[{"href":"https:\/\/www.visit-ulcinj.com\/blog\/wp-json\/wp\/v2\/posts\/63057"}],"collection":[{"href":"https:\/\/www.visit-ulcinj.com\/blog\/wp-json\/wp\/v2\/posts"}],"about":[{"href":"https:\/\/www.visit-ulcinj.com\/blog\/wp-json\/wp\/v2\/types\/post"}],"author":[{"embeddable":true,"href":"https:\/\/www.visit-ulcinj.com\/blog\/wp-json\/wp\/v2\/users\/1"}],"replies":[{"embeddable":true,"href":"https:\/\/www.visit-ulcinj.com\/blog\/wp-json\/wp\/v2\/comments?post=63057"}],"version-history":[{"count":3,"href":"https:\/\/www.visit-ulcinj.com\/blog\/wp-json\/wp\/v2\/posts\/63057\/revisions"}],"predecessor-version":[{"id":63060,"href":"https:\/\/www.visit-ulcinj.com\/blog\/wp-json\/wp\/v2\/posts\/63057\/revisions\/63060"}],"wp:attachment":[{"href":"https:\/\/www.visit-ulcinj.com\/blog\/wp-json\/wp\/v2\/media?parent=63057"}],"wp:term":[{"taxonomy":"category","embeddable":true,"href":"https:\/\/www.visit-ulcinj.com\/blog\/wp-json\/wp\/v2\/categories?post=63057"},{"taxonomy":"post_tag","embeddable":true,"href":"https:\/\/www.visit-ulcinj.com\/blog\/wp-json\/wp\/v2\/tags?post=63057"}],"curies":[{"name":"wp","href":"https:\/\/api.w.org\/{rel}","templated":true}]}}