{"id":6306,"date":"2008-11-18T07:13:20","date_gmt":"2008-11-18T12:13:20","guid":{"rendered":"http:\/\/www.visit-ulcinj.com\/blog\/?p=6306"},"modified":"2008-11-18T13:11:57","modified_gmt":"2008-11-18T18:11:57","slug":"prishtina-prezanton-kater-pikat-per-shtrirjen-e-eulex-it","status":"publish","type":"post","link":"https:\/\/www.visit-ulcinj.com\/blog\/2008\/11\/18\/prishtina-prezanton-kater-pikat-per-shtrirjen-e-eulex-it\/","title":{"rendered":"Prishtina prezanton kat\u00ebr pikat p\u00ebr shtrirjen e EULEX-it"},"content":{"rendered":"<p><a href=\"http:\/\/gdb.rferl.org\/0E84DAEC-7716-4F82-AAA8-46B6BC674B45_mw800_mh600.jpg\"><img loading=\"lazy\" class=\"alignleft\" title=\"Daniel Fried dhe Fatmir Sejdiu \" src=\"http:\/\/gdb.rferl.org\/0E84DAEC-7716-4F82-AAA8-46B6BC674B45_mw800_mh600.jpg\" alt=\"\" width=\"336\" height=\"252\" \/><\/a>Prishtina zyrtare ka prezantuar kat\u00ebr pikat e saj p\u00ebr shtrirjen e EULEX-it n\u00eb Kosov\u00eb. K\u00ebto pika vijn\u00eb si nj\u00eb lloj kund\u00ebrp\u00ebrgjigjeje pas nj\u00eb plani 6-pik\u00ebsh t\u00eb kreut t\u00eb OKB-s\u00eb, Ban Ki Moon, t\u00eb harmonizuar me Beogradin, t\u00eb cilin Kosova e ka hedhur posht\u00eb.<br \/>\nK\u00ebto q\u00ebndrime t\u00eb Prishtin\u00ebs i jan\u00eb prezantuar z\u00ebvend\u00ebs-ndihm\u00ebsit t\u00eb sekretarit amerikan t\u00eb shtetit, Daniel Fried, me t\u00eb cilat Kosova e fton EULEX-in t\u00eb filloj\u00eb misionin, por duke e respektuar Kushtetut\u00ebn dhe t\u00ebr\u00ebsin\u00eb territoriale t\u00eb saj.<br \/>\nPresidenti Sejdiu, i cili i lexoi k\u00ebto kat\u00ebr pika, tha se q\u00ebndrimet e Prishtin\u00ebs jan\u00eb t\u00eb harmonizuara dhe prezantojn\u00eb pozicionin e institucioneve t\u00eb Kosov\u00ebs, mbi baz\u00ebn e t\u00eb cilave misioni i BE-s\u00eb mund t\u00eb filloj\u00eb shtrirjen n\u00eb gjith\u00eb territorin e Kosov\u00ebs.<br \/>\n\u201cJemi p\u00ebr vendosjen sa m\u00eb t\u00eb shpejt\u00eb t\u00eb EULEX-it n\u00eb t\u00ebr\u00eb territorin e Kosov\u00ebs, sipas mandatit t\u00eb parapar\u00eb me deklarat\u00ebn e pavar\u00ebsis\u00eb, dokumentin e presidentit Ahtisaari, Kushtetut\u00ebn e Republik\u00ebs s\u00eb Kosov\u00ebs, ligjet e Kosov\u00ebs, aksionin e p\u00ebrbashk\u00ebt t\u00eb 4 shkurtit t\u00eb vitit 2008 dhe ftes\u00ebn b\u00ebr\u00eb EULEX-it nga institucionet e Kosov\u00ebs, t\u00eb n\u00ebnshkruar edhe nga presidenti m\u00eb 17 shkurt dhe 8 gusht t\u00eb vitit 2008\u201d.<br \/>\n\u201cInstitucionet e Kosov\u00ebs refuzojn\u00eb dokumentin gjasht\u00ebpik\u00ebsh, institucionet e Kosov\u00ebs do t\u00eb bashk\u00ebpunojn\u00eb me EULEX-in p\u00ebr vendosjen n\u00eb t\u00ebr\u00eb territorin e Kosv\u00ebs dhe si gjithmon\u00eb do t\u00eb bashk\u00ebpunojn\u00eb ngusht\u00eb me SHBA-n\u00eb, BE-n\u00eb dhe NATO-n\u201d, tha Sejdiu, duke prezantuar pozicionin e Prishtin\u00ebs zyrtare.<br \/>\nQ\u00ebndrimet e Prishtin\u00ebs, diplomati amerikan, Daniel Fried, tha se do t\u2019i paraqes\u00eb tani n\u00eb Gjenev\u00eb tek autoritetet e Kombeve t\u00eb Bashkuara. Ai tha se k\u00ebto pika t\u00eb Prishtin\u00ebs jan\u00eb nj\u00eb platform\u00eb e mir\u00eb p\u00ebr t\u00eb vazhduar p\u00ebrpara.<br \/>\nSidoqoft\u00eb, Fried tha se ka ende gj\u00ebra q\u00eb duhet harmonizuar p\u00ebr t\u00eb par\u00eb n\u00ebse do t\u00eb gjendet nj\u00eb zgjidhje e pranueshme p\u00ebr t\u00eb gjith\u00eb, q\u00eb do t\u2019i mund\u00ebsonte EULEX-it fillimin e misionit n\u00eb Kosov\u00eb.<br \/>\nZyrtari amerikan, gjat\u00eb q\u00ebndrimit t\u00eb tij n\u00eb Prishtin\u00eb, ka takuar edhe opozit\u00ebn, t\u00eb cil\u00ebve u ka transmetuar p\u00ebrmbajtjen e aktiviteteve t\u00eb fundit diplomatike, n\u00eb p\u00ebrpjekje t\u00eb gjetjes s\u00eb zgjidhjes p\u00ebr EULEX-in.<br \/>\nN\u00eb takimin e sot\u00ebm ka marr\u00eb pjes\u00eb edhe shefi i ICO-s\u00eb, Pieter Feith, i cili tha se BE-ja pret q\u00eb t\u00eb arrihet nj\u00eb marr\u00ebveshje, n\u00eb m\u00ebnyr\u00eb q\u00eb EULEX-i t\u00eb filloj\u00eb sa m\u00eb shpejt me pun\u00ebn e vet n\u00eb Kosov\u00eb.<br \/>\n<strong><span class=\"author\">Zijadin  Gashi<\/span><\/strong><br \/>\n<strong>Evropa e Lir\u00eb<\/strong><\/p>\n<p>[flv]http:\/\/shqiphost.top-channel.tv\/18754796\/flv\/kronika\/4pikat-plani.flv[\/flv]<\/p>\n","protected":false},"excerpt":{"rendered":"<p>Prishtina zyrtare ka prezantuar kat\u00ebr pikat e saj p\u00ebr shtrirjen e EULEX-it n\u00eb Kosov\u00eb. K\u00ebto pika vijn\u00eb si nj\u00eb lloj kund\u00ebrp\u00ebrgjigjeje pas nj\u00eb plani 6-pik\u00ebsh t\u00eb kreut t\u00eb OKB-s\u00eb, Ban Ki Moon, t\u00eb harmonizuar me Beogradin, t\u00eb cilin Kosova e ka hedhur posht\u00eb. K\u00ebto q\u00ebndrime t\u00eb Prishtin\u00ebs i jan\u00eb prezantuar z\u00ebvend\u00ebs-ndihm\u00ebsit t\u00eb sekretarit amerikan t\u00eb [&hellip;]<\/p>\n","protected":false},"author":1,"featured_media":0,"comment_status":"open","ping_status":"closed","sticky":false,"template":"","format":"standard","meta":{"spay_email":"","jetpack_publicize_message":"","jetpack_is_tweetstorm":false,"jetpack_publicize_feature_enabled":true},"categories":[14],"tags":[2306],"jetpack_publicize_connections":[],"yoast_head":"<!-- This site is optimized with the Yoast SEO plugin v19.1 - https:\/\/yoast.com\/wordpress\/plugins\/seo\/ -->\n<title>Prishtina prezanton kat\u00ebr pikat p\u00ebr shtrirjen e EULEX-it - Lajme nga Ulqini<\/title>\n<meta name=\"description\" content=\"Prishtina zyrtare ka prezantuar kat\u00ebr pikat e saj p\u00ebr shtrirjen e EULEX-it n\u00eb Kosov\u00eb. K\u00ebto pika vijn\u00eb si nj\u00eb lloj kund\u00ebrp\u00ebrgjigjeje pas nj\u00eb plani 6-pik\u00ebsh\" \/>\n<meta name=\"robots\" content=\"index, follow, max-snippet:-1, max-image-preview:large, max-video-preview:-1\" \/>\n<link rel=\"canonical\" href=\"https:\/\/www.visit-ulcinj.com\/blog\/2008\/11\/18\/prishtina-prezanton-kater-pikat-per-shtrirjen-e-eulex-it\/\" \/>\n<meta property=\"og:locale\" content=\"en_US\" \/>\n<meta property=\"og:type\" content=\"article\" \/>\n<meta property=\"og:title\" content=\"Prishtina prezanton kat\u00ebr pikat p\u00ebr shtrirjen e EULEX-it - Lajme nga Ulqini\" \/>\n<meta property=\"og:description\" content=\"Prishtina zyrtare ka prezantuar kat\u00ebr pikat e saj p\u00ebr shtrirjen e EULEX-it n\u00eb Kosov\u00eb. K\u00ebto pika vijn\u00eb si nj\u00eb lloj kund\u00ebrp\u00ebrgjigjeje pas nj\u00eb plani 6-pik\u00ebsh\" \/>\n<meta property=\"og:url\" content=\"https:\/\/www.visit-ulcinj.com\/blog\/2008\/11\/18\/prishtina-prezanton-kater-pikat-per-shtrirjen-e-eulex-it\/\" \/>\n<meta property=\"og:site_name\" content=\"Lajme nga Ulqini\" \/>\n<meta property=\"article:published_time\" content=\"2008-11-18T12:13:20+00:00\" \/>\n<meta property=\"article:modified_time\" content=\"2008-11-18T18:11:57+00:00\" \/>\n<meta property=\"og:image\" content=\"http:\/\/gdb.rferl.org\/0E84DAEC-7716-4F82-AAA8-46B6BC674B45_mw800_mh600.jpg\" \/>\n<meta name=\"twitter:label1\" content=\"Written by\" \/>\n\t<meta name=\"twitter:data1\" content=\"ulqini\" \/>\n\t<meta name=\"twitter:label2\" content=\"Est. reading time\" \/>\n\t<meta name=\"twitter:data2\" content=\"2 minutes\" \/>\n<script type=\"application\/ld+json\" class=\"yoast-schema-graph\">{\"@context\":\"https:\/\/schema.org\",\"@graph\":[{\"@type\":\"WebSite\",\"@id\":\"https:\/\/www.visit-ulcinj.com\/blog\/#website\",\"url\":\"https:\/\/www.visit-ulcinj.com\/blog\/\",\"name\":\"Lajme nga Ulqini\",\"description\":\"Lajme,Vijesti,Ulqini,Ulqin,Crna Gora,Mali i Zi\",\"potentialAction\":[{\"@type\":\"SearchAction\",\"target\":{\"@type\":\"EntryPoint\",\"urlTemplate\":\"https:\/\/www.visit-ulcinj.com\/blog\/?s={search_term_string}\"},\"query-input\":\"required name=search_term_string\"}],\"inLanguage\":\"en-US\"},{\"@type\":\"ImageObject\",\"inLanguage\":\"en-US\",\"@id\":\"https:\/\/www.visit-ulcinj.com\/blog\/2008\/11\/18\/prishtina-prezanton-kater-pikat-per-shtrirjen-e-eulex-it\/#primaryimage\",\"url\":\"http:\/\/gdb.rferl.org\/0E84DAEC-7716-4F82-AAA8-46B6BC674B45_mw800_mh600.jpg\",\"contentUrl\":\"http:\/\/gdb.rferl.org\/0E84DAEC-7716-4F82-AAA8-46B6BC674B45_mw800_mh600.jpg\"},{\"@type\":\"WebPage\",\"@id\":\"https:\/\/www.visit-ulcinj.com\/blog\/2008\/11\/18\/prishtina-prezanton-kater-pikat-per-shtrirjen-e-eulex-it\/#webpage\",\"url\":\"https:\/\/www.visit-ulcinj.com\/blog\/2008\/11\/18\/prishtina-prezanton-kater-pikat-per-shtrirjen-e-eulex-it\/\",\"name\":\"Prishtina prezanton kat\u00ebr pikat p\u00ebr shtrirjen e EULEX-it - Lajme nga Ulqini\",\"isPartOf\":{\"@id\":\"https:\/\/www.visit-ulcinj.com\/blog\/#website\"},\"primaryImageOfPage\":{\"@id\":\"https:\/\/www.visit-ulcinj.com\/blog\/2008\/11\/18\/prishtina-prezanton-kater-pikat-per-shtrirjen-e-eulex-it\/#primaryimage\"},\"datePublished\":\"2008-11-18T12:13:20+00:00\",\"dateModified\":\"2008-11-18T18:11:57+00:00\",\"author\":{\"@id\":\"https:\/\/www.visit-ulcinj.com\/blog\/#\/schema\/person\/dcab619c614d3038751c63bc2aadc06d\"},\"description\":\"Prishtina zyrtare ka prezantuar kat\u00ebr pikat e saj p\u00ebr shtrirjen e EULEX-it n\u00eb Kosov\u00eb. K\u00ebto pika vijn\u00eb si nj\u00eb lloj kund\u00ebrp\u00ebrgjigjeje pas nj\u00eb plani 6-pik\u00ebsh\",\"breadcrumb\":{\"@id\":\"https:\/\/www.visit-ulcinj.com\/blog\/2008\/11\/18\/prishtina-prezanton-kater-pikat-per-shtrirjen-e-eulex-it\/#breadcrumb\"},\"inLanguage\":\"en-US\",\"potentialAction\":[{\"@type\":\"ReadAction\",\"target\":[\"https:\/\/www.visit-ulcinj.com\/blog\/2008\/11\/18\/prishtina-prezanton-kater-pikat-per-shtrirjen-e-eulex-it\/\"]}]},{\"@type\":\"BreadcrumbList\",\"@id\":\"https:\/\/www.visit-ulcinj.com\/blog\/2008\/11\/18\/prishtina-prezanton-kater-pikat-per-shtrirjen-e-eulex-it\/#breadcrumb\",\"itemListElement\":[{\"@type\":\"ListItem\",\"position\":1,\"name\":\"Prishtina prezanton kat\u00ebr pikat p\u00ebr shtrirjen e EULEX-it\"}]},{\"@type\":\"Person\",\"@id\":\"https:\/\/www.visit-ulcinj.com\/blog\/#\/schema\/person\/dcab619c614d3038751c63bc2aadc06d\",\"name\":\"ulqini\",\"sameAs\":[\"http:\/\/www.visit-ulcinj.com\"],\"url\":\"https:\/\/www.visit-ulcinj.com\/blog\/author\/admin\/\"}]}<\/script>\n<!-- \/ Yoast SEO plugin. -->","yoast_head_json":{"title":"Prishtina prezanton kat\u00ebr pikat p\u00ebr shtrirjen e EULEX-it - Lajme nga Ulqini","description":"Prishtina zyrtare ka prezantuar kat\u00ebr pikat e saj p\u00ebr shtrirjen e EULEX-it n\u00eb Kosov\u00eb. K\u00ebto pika vijn\u00eb si nj\u00eb lloj kund\u00ebrp\u00ebrgjigjeje pas nj\u00eb plani 6-pik\u00ebsh","robots":{"index":"index","follow":"follow","max-snippet":"max-snippet:-1","max-image-preview":"max-image-preview:large","max-video-preview":"max-video-preview:-1"},"canonical":"https:\/\/www.visit-ulcinj.com\/blog\/2008\/11\/18\/prishtina-prezanton-kater-pikat-per-shtrirjen-e-eulex-it\/","og_locale":"en_US","og_type":"article","og_title":"Prishtina prezanton kat\u00ebr pikat p\u00ebr shtrirjen e EULEX-it - Lajme nga Ulqini","og_description":"Prishtina zyrtare ka prezantuar kat\u00ebr pikat e saj p\u00ebr shtrirjen e EULEX-it n\u00eb Kosov\u00eb. K\u00ebto pika vijn\u00eb si nj\u00eb lloj kund\u00ebrp\u00ebrgjigjeje pas nj\u00eb plani 6-pik\u00ebsh","og_url":"https:\/\/www.visit-ulcinj.com\/blog\/2008\/11\/18\/prishtina-prezanton-kater-pikat-per-shtrirjen-e-eulex-it\/","og_site_name":"Lajme nga Ulqini","article_published_time":"2008-11-18T12:13:20+00:00","article_modified_time":"2008-11-18T18:11:57+00:00","og_image":[{"url":"http:\/\/gdb.rferl.org\/0E84DAEC-7716-4F82-AAA8-46B6BC674B45_mw800_mh600.jpg"}],"twitter_misc":{"Written by":"ulqini","Est. reading time":"2 minutes"},"schema":{"@context":"https:\/\/schema.org","@graph":[{"@type":"WebSite","@id":"https:\/\/www.visit-ulcinj.com\/blog\/#website","url":"https:\/\/www.visit-ulcinj.com\/blog\/","name":"Lajme nga Ulqini","description":"Lajme,Vijesti,Ulqini,Ulqin,Crna Gora,Mali i Zi","potentialAction":[{"@type":"SearchAction","target":{"@type":"EntryPoint","urlTemplate":"https:\/\/www.visit-ulcinj.com\/blog\/?s={search_term_string}"},"query-input":"required name=search_term_string"}],"inLanguage":"en-US"},{"@type":"ImageObject","inLanguage":"en-US","@id":"https:\/\/www.visit-ulcinj.com\/blog\/2008\/11\/18\/prishtina-prezanton-kater-pikat-per-shtrirjen-e-eulex-it\/#primaryimage","url":"http:\/\/gdb.rferl.org\/0E84DAEC-7716-4F82-AAA8-46B6BC674B45_mw800_mh600.jpg","contentUrl":"http:\/\/gdb.rferl.org\/0E84DAEC-7716-4F82-AAA8-46B6BC674B45_mw800_mh600.jpg"},{"@type":"WebPage","@id":"https:\/\/www.visit-ulcinj.com\/blog\/2008\/11\/18\/prishtina-prezanton-kater-pikat-per-shtrirjen-e-eulex-it\/#webpage","url":"https:\/\/www.visit-ulcinj.com\/blog\/2008\/11\/18\/prishtina-prezanton-kater-pikat-per-shtrirjen-e-eulex-it\/","name":"Prishtina prezanton kat\u00ebr pikat p\u00ebr shtrirjen e EULEX-it - Lajme nga Ulqini","isPartOf":{"@id":"https:\/\/www.visit-ulcinj.com\/blog\/#website"},"primaryImageOfPage":{"@id":"https:\/\/www.visit-ulcinj.com\/blog\/2008\/11\/18\/prishtina-prezanton-kater-pikat-per-shtrirjen-e-eulex-it\/#primaryimage"},"datePublished":"2008-11-18T12:13:20+00:00","dateModified":"2008-11-18T18:11:57+00:00","author":{"@id":"https:\/\/www.visit-ulcinj.com\/blog\/#\/schema\/person\/dcab619c614d3038751c63bc2aadc06d"},"description":"Prishtina zyrtare ka prezantuar kat\u00ebr pikat e saj p\u00ebr shtrirjen e EULEX-it n\u00eb Kosov\u00eb. K\u00ebto pika vijn\u00eb si nj\u00eb lloj kund\u00ebrp\u00ebrgjigjeje pas nj\u00eb plani 6-pik\u00ebsh","breadcrumb":{"@id":"https:\/\/www.visit-ulcinj.com\/blog\/2008\/11\/18\/prishtina-prezanton-kater-pikat-per-shtrirjen-e-eulex-it\/#breadcrumb"},"inLanguage":"en-US","potentialAction":[{"@type":"ReadAction","target":["https:\/\/www.visit-ulcinj.com\/blog\/2008\/11\/18\/prishtina-prezanton-kater-pikat-per-shtrirjen-e-eulex-it\/"]}]},{"@type":"BreadcrumbList","@id":"https:\/\/www.visit-ulcinj.com\/blog\/2008\/11\/18\/prishtina-prezanton-kater-pikat-per-shtrirjen-e-eulex-it\/#breadcrumb","itemListElement":[{"@type":"ListItem","position":1,"name":"Prishtina prezanton kat\u00ebr pikat p\u00ebr shtrirjen e EULEX-it"}]},{"@type":"Person","@id":"https:\/\/www.visit-ulcinj.com\/blog\/#\/schema\/person\/dcab619c614d3038751c63bc2aadc06d","name":"ulqini","sameAs":["http:\/\/www.visit-ulcinj.com"],"url":"https:\/\/www.visit-ulcinj.com\/blog\/author\/admin\/"}]}},"jetpack_featured_media_url":"","jetpack_sharing_enabled":true,"jetpack_shortlink":"https:\/\/wp.me\/pe6lTn-1DI","_links":{"self":[{"href":"https:\/\/www.visit-ulcinj.com\/blog\/wp-json\/wp\/v2\/posts\/6306"}],"collection":[{"href":"https:\/\/www.visit-ulcinj.com\/blog\/wp-json\/wp\/v2\/posts"}],"about":[{"href":"https:\/\/www.visit-ulcinj.com\/blog\/wp-json\/wp\/v2\/types\/post"}],"author":[{"embeddable":true,"href":"https:\/\/www.visit-ulcinj.com\/blog\/wp-json\/wp\/v2\/users\/1"}],"replies":[{"embeddable":true,"href":"https:\/\/www.visit-ulcinj.com\/blog\/wp-json\/wp\/v2\/comments?post=6306"}],"version-history":[{"count":0,"href":"https:\/\/www.visit-ulcinj.com\/blog\/wp-json\/wp\/v2\/posts\/6306\/revisions"}],"wp:attachment":[{"href":"https:\/\/www.visit-ulcinj.com\/blog\/wp-json\/wp\/v2\/media?parent=6306"}],"wp:term":[{"taxonomy":"category","embeddable":true,"href":"https:\/\/www.visit-ulcinj.com\/blog\/wp-json\/wp\/v2\/categories?post=6306"},{"taxonomy":"post_tag","embeddable":true,"href":"https:\/\/www.visit-ulcinj.com\/blog\/wp-json\/wp\/v2\/tags?post=6306"}],"curies":[{"name":"wp","href":"https:\/\/api.w.org\/{rel}","templated":true}]}}