{"id":63069,"date":"2012-08-29T12:22:26","date_gmt":"2012-08-29T11:22:26","guid":{"rendered":"http:\/\/www.visit-ulcinj.com\/blog\/?p=63069"},"modified":"2012-09-05T15:36:22","modified_gmt":"2012-09-05T14:36:22","slug":"mehmet-bardhi-priti-albin-kurtin","status":"publish","type":"post","link":"https:\/\/www.visit-ulcinj.com\/blog\/2012\/08\/29\/mehmet-bardhi-priti-albin-kurtin\/","title":{"rendered":"Mehmet Bardhi priti Albin Kurtin"},"content":{"rendered":"<p align=\"center\"><strong><a href=\"http:\/\/www.visit-ulcinj.com\/blog\/wp-content\/uploads\/2012\/08\/Mehmet-Bardhi-priti-Albin-Kurtin.jpg\"><img loading=\"lazy\" class=\"alignleft  wp-image-63070\" title=\"Mehmet Bardhi priti Albin Kurtin\" src=\"http:\/\/www.visit-ulcinj.com\/blog\/wp-content\/uploads\/2012\/08\/Mehmet-Bardhi-priti-Albin-Kurtin.jpg\" alt=\"\" width=\"508\" height=\"360\" \/><\/a>\u00a0Kumtes\u00eb p\u00ebr opinion<\/strong><\/p>\n<p>T\u00eb diel\u00ebn, m\u00eb 26.08.2012, n\u00eb Ulqin, Kryetari i Lidhjes Demokratike n\u00eb Mal t\u00eb Zi, z. Mehmet Bardhi, me bashk\u00ebpun\u00ebtor\u00ebt, zot\u00ebrinjt\u00eb Saubih Mehmeti, Hajrullah Hajdari, Hajredin Kova\u00e7i e Shaban Popi, prit\u00ebn n\u00eb nj\u00eb vizit\u00eb pune liderin e ,,Vet\u00ebvendosjes\u201c, z. Albin Kurti dhe Sekretarin p\u00ebr Marr\u00ebdh\u00ebnie me Jasht\u00eb, z. Xhelal Sve\u00e7la. N\u00eb nj\u00eb bised\u00eb t\u00eb ngroht\u00eb e v\u00ebllaz\u00ebrore, Bardhi dhe p\u00ebrfaq\u00ebsuesit e tjer\u00eb t\u00eb LD n\u00eb MZ-s\u00eb, mysafirin e lart\u00eb nga Kosova e njoftuan me situat\u00ebn aktuale politike n\u00eb Malin e Zi, me theks t\u00eb ve\u00e7ant\u00eb me pozit\u00ebn e shqiptar\u00ebve sot n\u00eb Mal t\u00eb Zi, e cila nuk \u00ebsht\u00eb aspak e lakmueshme, por p\u00ebrkundrazi ajo po keq\u00ebsohet dita dit\u00ebs pothuajse n\u00eb t\u00eb gjitha sferat e jet\u00ebs. Ligjin Zgjedhor, t\u00eb cilin n\u00eb dhjetorin e vitit t\u00eb kaluar e aprovoi shumica malazeze-serbe-pravosllave, paraqet nj\u00ebrin nga aktet kulmore diskriminuese p\u00ebr shqiptar\u00ebt. Ky Ligj, p\u00ebrve\u00e7\u00a0 se nuk \u00ebsht\u00eb n\u00eb p\u00ebrputhje me Kushtetut\u00ebn, pasi nuk garanton barazin\u00eb e vot\u00ebs, shqiptar\u00ebve iu mohoi madje edhe t\u00eb drejtat e arritura. P\u00ebr t\u00eb cilin shkak p\u00ebrfaq\u00ebsuesit autentik\u00eb shqiptar\u00eb n\u00eb Parlamentin e Malit t\u00eb Zi, n\u00eb shenj mosprani e revolte e braktis\u00ebn seanc\u00ebn dhe nuk pranuan t\u00eb marrin pjes\u00eb n\u00eb k\u00ebt\u00eb kurth politike.<\/p>\n<p>Pastaj kryetari Bardhi p\u00ebrfaq\u00ebsuesit e lart\u00eb t\u00eb \u201eVet\u00ebvendosjes\u201c i njoftoi me ftes\u00ebn \u00a0e tij, t\u00eb LD n\u00eb MZ-s\u00eb, drejtuar \u00a0t\u00eb gjitha subjekteve politike shqiptare p\u00ebr konsultime e bisedime n\u00eb prag t\u00eb zgjedhjeve pasuese n\u00eb drit\u00ebn e Ligjit t\u00eb ri Zgjedhor diskriminues dhe mbledhjen e mbajtur. LD n\u00eb MZ ka inicuar q\u00eb n\u00eb k\u00ebt\u00eb moment duhet menduar p\u00ebr dy \u00e7\u00ebshtje. E para,\u00a0 t\u00eb bojkotohen zgjedhjet, me \u00e7ka do t\u2019u b\u00ebhej me dije institucionevwe evropiane dhe diplomacies amerikane p\u00ebr diskriminimin q\u00eb po u b\u00ebhet shqiptar\u00ebve dhe e dyta,\u00a0 n\u00ebse t\u00eb gjitha subjektet jan\u00eb dakord q\u00eb t\u00eb dilet n\u00eb zgjedhje, at\u00ebher\u00eb opcioni m\u00eb i mir\u00eb do t\u00eb ishte q\u00eb t\u00eb gjitha subjektet politike shqiptare, n\u00eb zgjedhjet e parakohshme parlamentare, te dalin me nj\u00eb list\u00eb t\u00eb vetme zgjedhore.<\/p>\n<p>N\u00eb k\u00ebt\u00eb drejtim gjet\u00ebm p\u00ebrkrahje t\u00eb plot\u00eb te lideri i \u201eVet\u00ebvendosjes\u201c z. Albin Kurti. Madje ai tha se n\u00eb k\u00ebt\u00eb rast jan\u00eb t\u00eb gatsh\u00ebm q\u00eb t\u00eb vin\u00eb edhe nga Kosova dhe Ship\u00ebria dhe t\u00eb mb\u00ebshtesin\u00a0 fushat\u00ebn parazgjedhore,\u00a0 p\u00ebrndryshe, shtoi zotni Kurti, nese do t\u00eb ket\u00eb m\u00eb tep\u00ebr lista,,\u00a0 nuk jen\u00eb n\u00eb gjendje q\u00eb t\u00eb p\u00ebrkrahim nj\u00ebr\u00ebn apo tjetr\u00ebn\u00a0 pal\u00eb.<br \/>\n<a href=\"http:\/\/www.visit-ulcinj.com\/blog\/wp-content\/uploads\/2012\/08\/Mehmet-Bardhi-priti-Albin-Kurtin.1.jpg\"><img loading=\"lazy\" class=\"alignleft  wp-image-63071\" title=\"Mehmet Bardhi priti Albin Kurtin.1\" src=\"http:\/\/www.visit-ulcinj.com\/blog\/wp-content\/uploads\/2012\/08\/Mehmet-Bardhi-priti-Albin-Kurtin.1.jpg\" alt=\"\" width=\"508\" height=\"300\" \/><\/a><\/p>\n<p>P\u00ebrfaq\u00ebsuesit e LD n\u00eb MZ n\u00eb mes t\u00eb tjerave njoftuan edhe me keqp\u00ebrdorimet e ndryshme q\u00eb tashm\u00eb kan\u00eb filluar, te qeverisjeve n\u00eb nivel shtet\u00ebror dhe local, p\u00ebr blerjen e votave me oferta t\u00eb nryshme, q\u00eb nga benificionet e favoret\u00a0 personale, individuale e grupore\u00a0 p\u00ebr funkcione e t\u00eb mira materiale, deri te pun\u00ebsimet partiake\u2026 U tha se pun\u00ebsimi n\u00eb k\u00ebto koh\u00ebra, kur ekonomin\u00eb prodhuese pothuajse e kan\u00eb zhdukur, blerja e votave n\u00eb forma t\u00eb ndryshme, pra korrupcioni politik, sidomos n\u00eb periudh\u00ebn parazgjedhore, n\u00eb nivelin shtet\u00ebror e lokal &#8211; komunal, \u00ebsht\u00eb b\u00ebr\u00eb faktor i skllavizimit,\u00a0 me \u00e7ka po b\u00ebjn\u00eb e detyrojn\u00eb \u00a0q\u00eb njer\u00ebzit t\u00eb humbin edhe dinjitetin e tyre. Var\u00ebsia nga pun\u00ebsiguruesi \u00ebsht\u00eb e nj\u00ebjt\u00eb sikur n\u00eb sistemin skllavopronar. E dihet mir\u00ebfilli se pun\u00ebsimi nuk vjen prej treg\u00ebtis\u00eb, por vjen nga prodhimi. Gjat\u00eb bisedimeve u dakorduam se bashkimi i subjekteve politike shqiptare, sidomos n\u00eb zgjedhjet e ardhshme t\u00eb parakohshme parlamentare, kur k\u00ebto zgjedhje po bien edhe n\u00eb 100-vjetorin e pavar\u00ebsis\u00eb s\u00eb Shtetit Shqiptar,\u00a0 do t\u00eb mobilizonte jo vet\u00ebm zgjedh\u00ebsit shqiptar\u00eb n\u00eb vendlindje por edhe diaspor\u00ebn shqiptare, q\u00eb \u00ebsht\u00eb si\u00e7 e dime, bukur e madhe, m\u00eb tep\u00ebr se gjysma e popullsis\u00eb<\/p>\n<p>N\u00eb fund z. Bardhi e falenderpj liderin e \u201eVet\u00ebvendosjes\u201c p\u00ebr vizit\u00eb e kordinim, p\u00ebr p\u00ebrkrahje, p\u00ebr shpalosje t\u00eb\u00a0 p\u00ebrvoj\u00ebs politike,\u00a0 me theks t\u00eb ve\u00e7ant\u00eb p\u00ebr bashk\u00ebpunim t\u00eb frytsh\u00ebm t\u00eb m\u00ebtejsh\u00ebm.<\/p>\n<p>&nbsp;<\/p>\n<p>K\u00cbSHILLI P\u00cbR INFORMIM<\/p>\n","protected":false},"excerpt":{"rendered":"<p>\u00a0Kumtes\u00eb p\u00ebr opinion T\u00eb diel\u00ebn, m\u00eb 26.08.2012, n\u00eb Ulqin, Kryetari i Lidhjes Demokratike n\u00eb Mal t\u00eb Zi, z. Mehmet Bardhi, me bashk\u00ebpun\u00ebtor\u00ebt, zot\u00ebrinjt\u00eb Saubih Mehmeti, Hajrullah Hajdari, Hajredin Kova\u00e7i e Shaban Popi, prit\u00ebn n\u00eb nj\u00eb vizit\u00eb pune liderin e ,,Vet\u00ebvendosjes\u201c, z. Albin Kurti dhe Sekretarin p\u00ebr Marr\u00ebdh\u00ebnie me Jasht\u00eb, z. Xhelal Sve\u00e7la. N\u00eb nj\u00eb bised\u00eb [&hellip;]<\/p>\n","protected":false},"author":1,"featured_media":0,"comment_status":"open","ping_status":"closed","sticky":false,"template":"","format":"standard","meta":{"spay_email":"","jetpack_publicize_message":"","jetpack_is_tweetstorm":false,"jetpack_publicize_feature_enabled":true},"categories":[13],"tags":[20647,20895,200],"jetpack_publicize_connections":[],"yoast_head":"<!-- This site is optimized with the Yoast SEO plugin v19.1 - https:\/\/yoast.com\/wordpress\/plugins\/seo\/ -->\n<title>Mehmet Bardhi priti Albin Kurtin - Lajme nga Ulqini<\/title>\n<meta name=\"description\" content=\"\u00a0Kumtes\u00eb p\u00ebr opinion T\u00eb diel\u00ebn, m\u00eb 26.08.2012, n\u00eb Ulqin, Kryetari i Lidhjes Demokratike n\u00eb Mal t\u00eb Zi, z. Mehmet Bardhi, me bashk\u00ebpun\u00ebtor\u00ebt, zot\u00ebrinjt\u00eb\" \/>\n<meta name=\"robots\" content=\"index, follow, max-snippet:-1, max-image-preview:large, max-video-preview:-1\" \/>\n<link rel=\"canonical\" href=\"https:\/\/www.visit-ulcinj.com\/blog\/2012\/08\/29\/mehmet-bardhi-priti-albin-kurtin\/\" \/>\n<meta property=\"og:locale\" content=\"en_US\" \/>\n<meta property=\"og:type\" content=\"article\" \/>\n<meta property=\"og:title\" content=\"Mehmet Bardhi priti Albin Kurtin - Lajme nga Ulqini\" \/>\n<meta property=\"og:description\" content=\"\u00a0Kumtes\u00eb p\u00ebr opinion T\u00eb diel\u00ebn, m\u00eb 26.08.2012, n\u00eb Ulqin, Kryetari i Lidhjes Demokratike n\u00eb Mal t\u00eb Zi, z. Mehmet Bardhi, me bashk\u00ebpun\u00ebtor\u00ebt, zot\u00ebrinjt\u00eb\" \/>\n<meta property=\"og:url\" content=\"https:\/\/www.visit-ulcinj.com\/blog\/2012\/08\/29\/mehmet-bardhi-priti-albin-kurtin\/\" \/>\n<meta property=\"og:site_name\" content=\"Lajme nga Ulqini\" \/>\n<meta property=\"article:published_time\" content=\"2012-08-29T11:22:26+00:00\" \/>\n<meta property=\"article:modified_time\" content=\"2012-09-05T14:36:22+00:00\" \/>\n<meta property=\"og:image\" content=\"http:\/\/www.visit-ulcinj.com\/blog\/wp-content\/uploads\/2012\/08\/Mehmet-Bardhi-priti-Albin-Kurtin.jpg\" \/>\n<meta name=\"twitter:label1\" content=\"Written by\" \/>\n\t<meta name=\"twitter:data1\" content=\"ulqini\" \/>\n\t<meta name=\"twitter:label2\" content=\"Est. reading time\" \/>\n\t<meta name=\"twitter:data2\" content=\"4 minutes\" \/>\n<script type=\"application\/ld+json\" class=\"yoast-schema-graph\">{\"@context\":\"https:\/\/schema.org\",\"@graph\":[{\"@type\":\"WebSite\",\"@id\":\"https:\/\/www.visit-ulcinj.com\/blog\/#website\",\"url\":\"https:\/\/www.visit-ulcinj.com\/blog\/\",\"name\":\"Lajme nga Ulqini\",\"description\":\"Lajme,Vijesti,Ulqini,Ulqin,Crna Gora,Mali i Zi\",\"potentialAction\":[{\"@type\":\"SearchAction\",\"target\":{\"@type\":\"EntryPoint\",\"urlTemplate\":\"https:\/\/www.visit-ulcinj.com\/blog\/?s={search_term_string}\"},\"query-input\":\"required name=search_term_string\"}],\"inLanguage\":\"en-US\"},{\"@type\":\"ImageObject\",\"inLanguage\":\"en-US\",\"@id\":\"https:\/\/www.visit-ulcinj.com\/blog\/2012\/08\/29\/mehmet-bardhi-priti-albin-kurtin\/#primaryimage\",\"url\":\"https:\/\/www.visit-ulcinj.com\/blog\/wp-content\/uploads\/2012\/08\/Mehmet-Bardhi-priti-Albin-Kurtin.jpg\",\"contentUrl\":\"https:\/\/www.visit-ulcinj.com\/blog\/wp-content\/uploads\/2012\/08\/Mehmet-Bardhi-priti-Albin-Kurtin.jpg\",\"width\":\"1000\",\"height\":\"750\"},{\"@type\":\"WebPage\",\"@id\":\"https:\/\/www.visit-ulcinj.com\/blog\/2012\/08\/29\/mehmet-bardhi-priti-albin-kurtin\/#webpage\",\"url\":\"https:\/\/www.visit-ulcinj.com\/blog\/2012\/08\/29\/mehmet-bardhi-priti-albin-kurtin\/\",\"name\":\"Mehmet Bardhi priti Albin Kurtin - Lajme nga Ulqini\",\"isPartOf\":{\"@id\":\"https:\/\/www.visit-ulcinj.com\/blog\/#website\"},\"primaryImageOfPage\":{\"@id\":\"https:\/\/www.visit-ulcinj.com\/blog\/2012\/08\/29\/mehmet-bardhi-priti-albin-kurtin\/#primaryimage\"},\"datePublished\":\"2012-08-29T11:22:26+00:00\",\"dateModified\":\"2012-09-05T14:36:22+00:00\",\"author\":{\"@id\":\"https:\/\/www.visit-ulcinj.com\/blog\/#\/schema\/person\/dcab619c614d3038751c63bc2aadc06d\"},\"description\":\"\u00a0Kumtes\u00eb p\u00ebr opinion T\u00eb diel\u00ebn, m\u00eb 26.08.2012, n\u00eb Ulqin, Kryetari i Lidhjes Demokratike n\u00eb Mal t\u00eb Zi, z. Mehmet Bardhi, me bashk\u00ebpun\u00ebtor\u00ebt, zot\u00ebrinjt\u00eb\",\"breadcrumb\":{\"@id\":\"https:\/\/www.visit-ulcinj.com\/blog\/2012\/08\/29\/mehmet-bardhi-priti-albin-kurtin\/#breadcrumb\"},\"inLanguage\":\"en-US\",\"potentialAction\":[{\"@type\":\"ReadAction\",\"target\":[\"https:\/\/www.visit-ulcinj.com\/blog\/2012\/08\/29\/mehmet-bardhi-priti-albin-kurtin\/\"]}]},{\"@type\":\"BreadcrumbList\",\"@id\":\"https:\/\/www.visit-ulcinj.com\/blog\/2012\/08\/29\/mehmet-bardhi-priti-albin-kurtin\/#breadcrumb\",\"itemListElement\":[{\"@type\":\"ListItem\",\"position\":1,\"name\":\"Mehmet Bardhi priti Albin Kurtin\"}]},{\"@type\":\"Person\",\"@id\":\"https:\/\/www.visit-ulcinj.com\/blog\/#\/schema\/person\/dcab619c614d3038751c63bc2aadc06d\",\"name\":\"ulqini\",\"sameAs\":[\"http:\/\/www.visit-ulcinj.com\"],\"url\":\"https:\/\/www.visit-ulcinj.com\/blog\/author\/admin\/\"}]}<\/script>\n<!-- \/ Yoast SEO plugin. -->","yoast_head_json":{"title":"Mehmet Bardhi priti Albin Kurtin - Lajme nga Ulqini","description":"\u00a0Kumtes\u00eb p\u00ebr opinion T\u00eb diel\u00ebn, m\u00eb 26.08.2012, n\u00eb Ulqin, Kryetari i Lidhjes Demokratike n\u00eb Mal t\u00eb Zi, z. Mehmet Bardhi, me bashk\u00ebpun\u00ebtor\u00ebt, zot\u00ebrinjt\u00eb","robots":{"index":"index","follow":"follow","max-snippet":"max-snippet:-1","max-image-preview":"max-image-preview:large","max-video-preview":"max-video-preview:-1"},"canonical":"https:\/\/www.visit-ulcinj.com\/blog\/2012\/08\/29\/mehmet-bardhi-priti-albin-kurtin\/","og_locale":"en_US","og_type":"article","og_title":"Mehmet Bardhi priti Albin Kurtin - Lajme nga Ulqini","og_description":"\u00a0Kumtes\u00eb p\u00ebr opinion T\u00eb diel\u00ebn, m\u00eb 26.08.2012, n\u00eb Ulqin, Kryetari i Lidhjes Demokratike n\u00eb Mal t\u00eb Zi, z. Mehmet Bardhi, me bashk\u00ebpun\u00ebtor\u00ebt, zot\u00ebrinjt\u00eb","og_url":"https:\/\/www.visit-ulcinj.com\/blog\/2012\/08\/29\/mehmet-bardhi-priti-albin-kurtin\/","og_site_name":"Lajme nga Ulqini","article_published_time":"2012-08-29T11:22:26+00:00","article_modified_time":"2012-09-05T14:36:22+00:00","og_image":[{"url":"http:\/\/www.visit-ulcinj.com\/blog\/wp-content\/uploads\/2012\/08\/Mehmet-Bardhi-priti-Albin-Kurtin.jpg"}],"twitter_misc":{"Written by":"ulqini","Est. reading time":"4 minutes"},"schema":{"@context":"https:\/\/schema.org","@graph":[{"@type":"WebSite","@id":"https:\/\/www.visit-ulcinj.com\/blog\/#website","url":"https:\/\/www.visit-ulcinj.com\/blog\/","name":"Lajme nga Ulqini","description":"Lajme,Vijesti,Ulqini,Ulqin,Crna Gora,Mali i Zi","potentialAction":[{"@type":"SearchAction","target":{"@type":"EntryPoint","urlTemplate":"https:\/\/www.visit-ulcinj.com\/blog\/?s={search_term_string}"},"query-input":"required name=search_term_string"}],"inLanguage":"en-US"},{"@type":"ImageObject","inLanguage":"en-US","@id":"https:\/\/www.visit-ulcinj.com\/blog\/2012\/08\/29\/mehmet-bardhi-priti-albin-kurtin\/#primaryimage","url":"https:\/\/www.visit-ulcinj.com\/blog\/wp-content\/uploads\/2012\/08\/Mehmet-Bardhi-priti-Albin-Kurtin.jpg","contentUrl":"https:\/\/www.visit-ulcinj.com\/blog\/wp-content\/uploads\/2012\/08\/Mehmet-Bardhi-priti-Albin-Kurtin.jpg","width":"1000","height":"750"},{"@type":"WebPage","@id":"https:\/\/www.visit-ulcinj.com\/blog\/2012\/08\/29\/mehmet-bardhi-priti-albin-kurtin\/#webpage","url":"https:\/\/www.visit-ulcinj.com\/blog\/2012\/08\/29\/mehmet-bardhi-priti-albin-kurtin\/","name":"Mehmet Bardhi priti Albin Kurtin - Lajme nga Ulqini","isPartOf":{"@id":"https:\/\/www.visit-ulcinj.com\/blog\/#website"},"primaryImageOfPage":{"@id":"https:\/\/www.visit-ulcinj.com\/blog\/2012\/08\/29\/mehmet-bardhi-priti-albin-kurtin\/#primaryimage"},"datePublished":"2012-08-29T11:22:26+00:00","dateModified":"2012-09-05T14:36:22+00:00","author":{"@id":"https:\/\/www.visit-ulcinj.com\/blog\/#\/schema\/person\/dcab619c614d3038751c63bc2aadc06d"},"description":"\u00a0Kumtes\u00eb p\u00ebr opinion T\u00eb diel\u00ebn, m\u00eb 26.08.2012, n\u00eb Ulqin, Kryetari i Lidhjes Demokratike n\u00eb Mal t\u00eb Zi, z. Mehmet Bardhi, me bashk\u00ebpun\u00ebtor\u00ebt, zot\u00ebrinjt\u00eb","breadcrumb":{"@id":"https:\/\/www.visit-ulcinj.com\/blog\/2012\/08\/29\/mehmet-bardhi-priti-albin-kurtin\/#breadcrumb"},"inLanguage":"en-US","potentialAction":[{"@type":"ReadAction","target":["https:\/\/www.visit-ulcinj.com\/blog\/2012\/08\/29\/mehmet-bardhi-priti-albin-kurtin\/"]}]},{"@type":"BreadcrumbList","@id":"https:\/\/www.visit-ulcinj.com\/blog\/2012\/08\/29\/mehmet-bardhi-priti-albin-kurtin\/#breadcrumb","itemListElement":[{"@type":"ListItem","position":1,"name":"Mehmet Bardhi priti Albin Kurtin"}]},{"@type":"Person","@id":"https:\/\/www.visit-ulcinj.com\/blog\/#\/schema\/person\/dcab619c614d3038751c63bc2aadc06d","name":"ulqini","sameAs":["http:\/\/www.visit-ulcinj.com"],"url":"https:\/\/www.visit-ulcinj.com\/blog\/author\/admin\/"}]}},"jetpack_featured_media_url":"","jetpack_sharing_enabled":true,"jetpack_shortlink":"https:\/\/wp.me\/pe6lTn-gpf","_links":{"self":[{"href":"https:\/\/www.visit-ulcinj.com\/blog\/wp-json\/wp\/v2\/posts\/63069"}],"collection":[{"href":"https:\/\/www.visit-ulcinj.com\/blog\/wp-json\/wp\/v2\/posts"}],"about":[{"href":"https:\/\/www.visit-ulcinj.com\/blog\/wp-json\/wp\/v2\/types\/post"}],"author":[{"embeddable":true,"href":"https:\/\/www.visit-ulcinj.com\/blog\/wp-json\/wp\/v2\/users\/1"}],"replies":[{"embeddable":true,"href":"https:\/\/www.visit-ulcinj.com\/blog\/wp-json\/wp\/v2\/comments?post=63069"}],"version-history":[{"count":2,"href":"https:\/\/www.visit-ulcinj.com\/blog\/wp-json\/wp\/v2\/posts\/63069\/revisions"}],"predecessor-version":[{"id":63347,"href":"https:\/\/www.visit-ulcinj.com\/blog\/wp-json\/wp\/v2\/posts\/63069\/revisions\/63347"}],"wp:attachment":[{"href":"https:\/\/www.visit-ulcinj.com\/blog\/wp-json\/wp\/v2\/media?parent=63069"}],"wp:term":[{"taxonomy":"category","embeddable":true,"href":"https:\/\/www.visit-ulcinj.com\/blog\/wp-json\/wp\/v2\/categories?post=63069"},{"taxonomy":"post_tag","embeddable":true,"href":"https:\/\/www.visit-ulcinj.com\/blog\/wp-json\/wp\/v2\/tags?post=63069"}],"curies":[{"name":"wp","href":"https:\/\/api.w.org\/{rel}","templated":true}]}}