{"id":63074,"date":"2012-08-29T12:37:44","date_gmt":"2012-08-29T11:37:44","guid":{"rendered":"http:\/\/www.visit-ulcinj.com\/blog\/?p=63074"},"modified":"2012-08-31T10:24:50","modified_gmt":"2012-08-31T09:24:50","slug":"nail-dragaper-shqiptaretamerika-eshte-shpresa-e-fundit","status":"publish","type":"post","link":"https:\/\/www.visit-ulcinj.com\/blog\/2012\/08\/29\/nail-dragaper-shqiptaretamerika-eshte-shpresa-e-fundit\/","title":{"rendered":"Nail Draga:P\u00ebr Shqiptar\u00ebt,Amerika \u00ebsht\u00eb shpresa e fundit"},"content":{"rendered":"<p><strong><a href=\"http:\/\/www.visit-ulcinj.com\/blog\/wp-content\/uploads\/2012\/08\/NAIL-DRAGA-ULQIN.jpg\"><img loading=\"lazy\" class=\"alignleft  wp-image-63075\" title=\"NAIL DRAGA ULQIN\" src=\"http:\/\/www.visit-ulcinj.com\/blog\/wp-content\/uploads\/2012\/08\/NAIL-DRAGA-ULQIN.jpg\" alt=\"\" width=\"508\" height=\"360\" \/><\/a>AMERIKA \u00cbSHT\u00cb SHPRESA E FUNDIT<\/strong><\/p>\n<p><strong>Bised\u00eb me analistin dr.Nail Draga <\/strong><\/p>\n<p><em>Organizuar nga Universiteti Kolumbia dhe Universiteti i Nju Jorkut\u00a0\u00a0\u00a0\u00a0\u00a0 me 2 qershor t\u00eb k\u00ebtij viti\u00a0 n\u00eb Nju Jork u mbajt Konferenca me titull\u00a0 \u201cShqiptar\u00ebt n\u00eb Mal t\u00eb Zi, historia, identiteti dhe politika e minoriteteve n\u00eb shtetin e ri\u201d. N\u00eb ket\u00eb konferenc\u00eb qe \u00ebsht\u00eb e para e k\u00ebtij niveli qe organizohet n\u00eb SHBA, mori pjes\u00eb edhe analisti i njohur nga Malimi Zi, dr.Nail Draga <\/em><\/p>\n<p><strong>Koha Javore:Ju moret pjes\u00eb n\u00eb Konferec\u00ebn\u00a0 Nd\u00ebrkomb\u00ebtare mbi t\u00eb drejtat e shqiptar\u00ebve n\u00eb Mal t\u00eb Zi. Cilat jan\u00eb problemet m\u00eb t\u00eb cilat p\u00ebrballen shqiptar\u00ebt n\u00eb Mal t\u00eb Zi dhe si u p\u00ebrkufizu gjendja e tyre n\u00eb ate konferenc\u00eb?<\/strong><\/p>\n<p><strong>Draga:<\/strong> Organizuar nga Universiteti Kolumbia dhe Universiteti i Nju Jorkut\u00a0\u00a0\u00a0\u00a0\u00a0 me 2 qershor t\u00eb k\u00ebtij viti\u00a0 n\u00eb Nju Jork u mbajt Konferenca me titull\u00a0 \u201cShqiptar\u00ebt n\u00eb Mal t\u00eb Zi, historia, identiteti dhe politika e minoriteteve n\u00eb shtetin e ri\u201d. N\u00eb ket\u00eb konferenc\u00eb qe \u00ebsht\u00eb e para e k\u00ebtij niveli qe organizohet n\u00eb SHBA, pjes\u00ebmarr\u00ebsit trajtuan \u00e7\u00ebshtje t\u00eb ndryshme sipas fahut t\u00eb tyre profesional, duke ofruar argumente n\u00eb lidhje me Malin e Zi n\u00eb t\u00eb kaluar\u00ebn por edhe tash pas pavar\u00ebsimit t\u00eb tij nga viti 2006. \u00cbsht\u00eb merit\u00eb e organizatorit q\u00eb n\u00eb ket\u00eb Konferenc\u00eb perve\u00e7 shqiptar\u00ebve mor\u00ebn pjes\u00eb edhe tre studiues t\u00eb huaj si Stefan Wolff, Anna Di Lellio \u00a0dhe David Filips, autoritete nga fahu i tyre profesional. Nd\u00ebrsa un\u00eb isha i ftuar ga organizator\u00ebt si i vetmi nga Mali i Zi t\u00eb referoj me kumtes\u00eb e cila kishte titullin \u00a0\u201c<em>Shqiptar\u00ebt n\u00eb Mal t\u00eb Zi- qytetar\u00eb m\u00eb t\u00eb drejta t\u00eb kufizuara\u201d<\/em>, ku kam ofruar argumente nga gama e gjer\u00eb e veprimtarive si nga fusha e arsimit, kultur\u00ebs, gjuh\u00ebs, pun\u00ebsimit, demografis\u00eb, nga del qart\u00eb se shqiptar\u00ebt si popull jan\u00eb qytetar\u00eb me t\u00eb drejta t\u00eb kufizuara nga del se jan\u00eb n\u00eb pozit\u00eb t\u00eb pabarabart\u00eb me t\u00eb tjer\u00ebt si \u00a0n\u00eb aspektin qytetar e ate nacional. Por, edhe diskutuesit tjer\u00eb me t\u00eb dh\u00ebnat e prezentuara, pothuaj ishin ne ket\u00eb konstatim.<\/p>\n<p><strong>Koha Javore: Mali i Zi mori dat\u00ebn e fillimit t\u00eb bisedimeve p\u00ebr an\u00ebtar\u00ebsimin\u00a0 n\u00eb BE. Sa \u00ebsht\u00eb\u00a0 i njohur\u00a0 faktori europian me problemin e shqiptar\u00ebve n\u00eb realizimin e t\u00eb drejtave t\u00eb tyre<\/strong>?<\/p>\n<p><strong>Draga: <\/strong>\u00c7\u00ebshtja nuk qendron ne ate se sa \u00ebsht\u00eb i njohur faktori europian me \u00e7\u00ebshtjen shqiptare n\u00eb Mal t\u00eb Zi, por sa subjektet shqiptare jan\u00eb angazhuar drejp\u00ebrdrejt n\u00eb k\u00ebt\u00eb problem, p\u00ebr t iu prezantuar atyre. Ose qe t\u00eb jem me konkret, sa shkresa apo ankesa nga subjektet politike shqiptare n\u00eb Mal t\u00eb Zi i jan\u00eb drejtuar Brukselit. Me keqardhje them pak p\u00ebr t\u00eb mos th\u00ebn\u00eb aspak. Pra, duhet angazhim konkret ne ket\u00eb drejtim, sepse \u00a0t\u00eb tjer\u00ebt nuk do t\u00eb na i kryejn\u00eb pun\u00ebt tona.<\/p>\n<p>Fatkeqsisht ne shqiptar\u00ebt jemi duke u marr\u00eb si \u00a0shum\u00eb me vetvehten duke humbur energji pa nevoj\u00eb e jo me adresat p\u00ebrkat\u00ebse. Sepse \u00e7\u00ebshtja \u00a0e nj\u00eb populli n\u00eb shtetet multinacionale\u00a0 sikurse \u00ebsht\u00eb Mali i Zi, nuk \u00ebsht\u00eb \u00e7\u00ebshtje e \u00a0brendshme e nj\u00eb shteti por ajo \u00ebsht\u00eb \u00e7\u00ebshtje nd\u00ebrkomb\u00ebtare. Andaj, angazhimi ne ket\u00eb drejtim me persona t\u00eb guximsh\u00ebm dhe t\u00eb d\u00ebshmuar profesionalisht, duhet t\u00eb jet\u00eb preokupimi i jon\u00eb i vazhduesh\u00ebm. Sepse \u00e7\u00ebshtja shqiptare n\u00eb Mal t\u00eb Zi, k\u00ebrkon zgjidhje demokratike sipas normave nd\u00ebrkomb\u00ebtare q\u00eb jan\u00eb t\u00eb njohura p\u00ebr vendet multinacionale. Esht\u00eb tjet\u00ebr gj\u00eb se faktori europian e ka ledhatuar si shum\u00eb Malin e Zi, p\u00ebr hir\u00eb te interesave strategjike regjionale duke anashkaluar k\u00ebrkesat legale dhe legjitime t\u00eb shqiptar\u00ebve p\u00ebr barazi qytetare dhe nacionale.<\/p>\n<p><strong>Koha Javore: Z.Draga sa ka ndryshuar gjendja e t\u00eb drejtave t\u00eb shqiptar\u00ebve pas pavar\u00ebsis\u00eb s\u00eb Malit t\u00eb Zi, kur dihet se ky komunitet e mbeshteti fuqish\u00ebm referendumin gjith\u00ebpopullor?<\/strong><\/p>\n<p><strong>Draga:<\/strong>Opinioni i gjer\u00eb tashm\u00eb e ka t\u00eb njohur kontributin e shqiptar\u00ebve p\u00ebr pavar\u00ebsin\u00eb e Malit t\u010d Zi, sepse votat e qytetar\u00ebve shqiptar\u00eb kan\u00eb qen\u00eb vendimtare. Pa votat tona pavar\u00ebsia do t\u00eb ishte iluzion p\u00ebr malazezet. Ndonse shqiptar\u00ebt kan\u00eb qen\u00eb t\u00eb vetdijsh\u00ebm se pushteti do t\u00eb hezitoj\u00eb p\u00ebr realizimin e t\u00eb drejtave qytetare dhe nacionale t\u00eb shqiptar\u00ebve, megjithate ka ekzituar nj\u00eb lloj bindjeje se n\u00eb shtetin e pavarur do te ekzistoj\u00eb nj\u00eb mir\u00ebkuptim nga pushteti, por, ndodhi e kund\u00ebrta. Shqiptar\u00ebt jo qe nuk u avansuan ne t\u00eb drejtat e tyre por iu cenuan edhe te drejtat e arritura. Ne ket\u00eb aspekt duhet cekur ligjet t\u00eb cilat jan\u00eb miratuar nga Parlamenti i Malit t\u00eb Zi, sikurse jan\u00eb nga fusha e arsimit, mbrojtjen e rendit dhe qet\u00ebsis\u00eb publike, ligji zgjedhor, ligji p\u00ebr organizimin territorial etj., d\u00ebshmojn\u00eb n\u00eb m\u00ebnyr\u00eb transprente nj\u00eb konstatim t\u00eb till\u00eb. Kur k\u00ebsaj game i shtojm\u00eb centralizimin e pushtetit n\u00eb vazhdim\u00ebsi, privatizimin e d\u00ebshtuar, mos p\u00ebrfaq\u00ebsimin proporcional t\u00eb shqiptar\u00ebve n\u00eb organet e qeverisjes si ne nivelin lokal dhe ate shtet\u00ebror, del qart\u00eb pozita e pabarabart\u00eb e shqiptar\u00ebve ne aspektin qytetar dhe nacional. E themi pa hezitim\u00a0 se gjasht\u00eb vite pas referendumit\u00a0 p\u00ebr pavar\u00ebsi shqiptar\u00ebt e ndiejn\u00eb vet\u00ebn t\u00eb \u00a0mashtruar nga pushteti i Malit t\u00eb Zi.<br \/>\n<a href=\"http:\/\/www.visit-ulcinj.com\/blog\/wp-content\/uploads\/2012\/08\/NAIL-DRAGA-ULQIN.1.jpg\"><img loading=\"lazy\" class=\"alignleft  wp-image-63076\" title=\"NAIL DRAGA ULQIN.1\" src=\"http:\/\/www.visit-ulcinj.com\/blog\/wp-content\/uploads\/2012\/08\/NAIL-DRAGA-ULQIN.1.jpg\" alt=\"\" width=\"508\" height=\"600\" \/><\/a><\/p>\n<p><strong>Koha Javore: P\u00ebr \u00e7\u00ebshtjen e Komun\u00ebs s\u00eb plot\u00eb t\u00eb Mal\u00ebsis\u00eb jan\u00eb deklaruar senatoret amerikan\u00eb dhe autoritetet me t\u00eb lart\u00eb t\u00eb Tiran\u00ebs. Sa e njeh faktori nd\u00ebrkomb\u00ebtar k\u00ebt\u00eb problem?<\/strong><\/p>\n<p><strong>Draga<\/strong>: \u00c7\u00ebshtja e komun\u00ebs s\u00eb Mal\u00ebsis\u00eb me qend\u00ebr n\u00eb Tuz, nuk \u00ebsht\u00eb \u00e7\u00ebshtje as e re as e panjohur p\u00ebr opinionin vendas e ate nd\u00ebrkomb\u00ebtar.Ajo \u00ebsht\u00eb e lidhur ngusht me decentralizimin si e drejt\u00eb e pamohueshme e qytetar\u00ebve, pra t\u00eb funksionimit t\u00eb autonomis\u00eb lokale n\u00eb p\u00ebrgjith\u00ebsi e p\u00ebr pakicat nacionale n\u00eb ve\u00e7anti. P\u00ebrve\u00e7\u00a0 subjekteve politike shqiptare q\u00eb nga aprovimi i pluralizmit politik n\u00eb Mal t\u00eb Zi(1990), n\u00eb lidhje me k\u00ebt\u00eb \u00e7\u00ebshtje jan\u00eb pronocuar pozitivisht edhe subjekte t\u00eb tjera opozitare n\u00eb Mal t\u00eb Zi, por edhe personalitete nd\u00ebrkomb\u00ebtare. Por, problemi qendron t\u00eb mos ekzistimi i vullnetit politik t\u00eb pushteti aktual n\u00eb Mal t\u00eb Zi, edhe pse ata me ket\u00eb \u00e7\u00ebshtje kan\u00eb manipuluar qytetar\u00ebt sidomos n\u00eb prag t\u00eb fushatave parazgjedhore. Por, k\u00ebsaj demagogjie nuk i b\u00ebson m\u00eb kush, sepse edhe Ligji p\u00ebr organizim territorial, ndonse mund\u00ebson organizimin e referendumit p\u00ebr deklarim t\u00eb qytetar\u00ebve p\u00ebr komun\u00eb t\u00eb pavarur, fjal\u00ebn p\u00ebrfundimtare e jep Qeveria, nga del se \u00e7do gj\u00eb varet nga disponimi dhe kalkulimet e tyre politike. Andaj, ne ket\u00eb aspekt si t\u00eb vetmen zgjidhje shoh faktorin nd\u00ebrkomb\u00ebtar, e ate kryesisht amerikan.Madje duhet t\u00eb citoj nj\u00eb th\u00ebnie te Abraham Lincolnit se \u201cAmerika \u00ebsht\u00eb shpresa e fundit e njer\u00ebzimit\u201d.Ne ket\u00eb aspekt e shoh edhe mbeshtetjen e senatoreve amerikan\u00eb. Ndonse e vonuar, edhe deklarata e fundit e kryeministrit t\u00eb Shqip\u00ebris\u00eb, z.Sali Berisha, duhet vler\u00ebsuar, sepse si\u00e7 duket p\u00ebrfundimisht \u00ebsht\u00eb bindur edhe vet se shqiptar\u00ebt k\u00ebrkojn\u00eb t\u00eb drejta sipas standard\u00ebve nd\u00ebrkomb\u00ebtare n\u00eb fush\u00ebn e decentralizimit t\u00eb pushtetit.Sepse nuk duhet t\u00eb sakrifikohet gjithnj\u00eb Mal\u00ebsia p\u00ebr t\u00eb pushtetit n\u00eb Podgoric\u00eb. \u00a0Nga ana tjet\u00ebr shteti am\u00eb Shqip\u00ebria e ka obligim kushtetutar t\u00eb kujdeset p\u00ebr bashk\u00ebkombasit e vet. Shqiptar\u00ebt n\u00eb Mal t\u00eb Zi nga Shqip\u00ebria presin veprime konkrete ne ket\u00eb drejtim \u00a0e jo vet\u00ebm deklarata\u00a0 t\u00eb rastit.<\/p>\n<p><strong>Koha Javore: Ne tetor do te mbahen zgjedhjet e parakohshme parlamentare, si duhet te organizohen subjektet politike nacionale shqiptare?<\/strong><\/p>\n<p><strong>Draga:<\/strong> N\u00eb saj\u00eb t\u00eb ligjit t\u00eb ri zgjedhor, shqiptar\u00ebt jan\u00eb t\u00eb diskriminuar, sepse nga pes\u00eb deputet sa mund te jepnin m\u00eb par\u00eb tash maksimumi \u00ebsht\u00eb tre pra, iu mohuan t\u00eb drejtat e arritura.Ne keto zgjedhje e mira do t\u00eb ishte q\u00eb shqiptar\u00ebt t\u00eb jen\u00eb n\u00eb nj\u00eb list\u00eb t\u00eb p\u00ebrbashk\u00ebt, por duke ditur animozitetin dhe komplekset e ca personave udh\u00ebheqes, do t\u00eb jet\u00eb v\u00ebshtir\u00eb t\u00eb arrihet nj\u00eb qellim i till\u00eb. Andaj\u00a0 si mund\u00ebsi t\u00eb kompromisit n\u00eb fund shoh formimin e dy listave zgjedhore nj\u00ebra Forca-PD dhe tjetra e UDSH, ku do t&#8217; iu bashkangjit\u00ebn edhe subjekte t\u00eb tjera minore. \u00c7do veprim i kund\u00ebrt nuk do t\u00eb ishte n\u00eb favor t\u00eb shqiptar\u00ebve ne ket\u00eb mjedis.<\/p>\n<p align=\"right\"><strong>Bisedoi:A.Salaj <\/strong><\/p>\n<p align=\"right\"><strong>\u00a0<\/strong><\/p>\n<p align=\"right\"><strong>Kohen Javore, 9 gusht 2012<\/strong><\/p>\n","protected":false},"excerpt":{"rendered":"<p>AMERIKA \u00cbSHT\u00cb SHPRESA E FUNDIT Bised\u00eb me analistin dr.Nail Draga Organizuar nga Universiteti Kolumbia dhe Universiteti i Nju Jorkut\u00a0\u00a0\u00a0\u00a0\u00a0 me 2 qershor t\u00eb k\u00ebtij viti\u00a0 n\u00eb Nju Jork u mbajt Konferenca me titull\u00a0 \u201cShqiptar\u00ebt n\u00eb Mal t\u00eb Zi, historia, identiteti dhe politika e minoriteteve n\u00eb shtetin e ri\u201d. N\u00eb ket\u00eb konferenc\u00eb qe \u00ebsht\u00eb e para [&hellip;]<\/p>\n","protected":false},"author":1,"featured_media":0,"comment_status":"open","ping_status":"closed","sticky":false,"template":"","format":"standard","meta":{"spay_email":"","jetpack_publicize_message":"","jetpack_is_tweetstorm":false,"jetpack_publicize_feature_enabled":true},"categories":[5],"tags":[318,200],"jetpack_publicize_connections":[],"yoast_head":"<!-- This site is optimized with the Yoast SEO plugin v19.1 - https:\/\/yoast.com\/wordpress\/plugins\/seo\/ -->\n<title>Nail Draga:P\u00ebr Shqiptar\u00ebt,Amerika \u00ebsht\u00eb shpresa e fundit - Lajme nga Ulqini<\/title>\n<meta name=\"description\" content=\"AMERIKA \u00cbSHT\u00cb SHPRESA E FUNDIT Bised\u00eb me analistin dr.Nail Draga Organizuar nga Universiteti Kolumbia dhe Universiteti i Nju Jorkut\u00a0\u00a0\u00a0\u00a0\u00a0 me 2 qershor t\u00eb\" \/>\n<meta name=\"robots\" content=\"index, follow, max-snippet:-1, max-image-preview:large, max-video-preview:-1\" \/>\n<link rel=\"canonical\" href=\"https:\/\/www.visit-ulcinj.com\/blog\/2012\/08\/29\/nail-dragaper-shqiptaretamerika-eshte-shpresa-e-fundit\/\" \/>\n<meta property=\"og:locale\" content=\"en_US\" \/>\n<meta property=\"og:type\" content=\"article\" \/>\n<meta property=\"og:title\" content=\"Nail Draga:P\u00ebr Shqiptar\u00ebt,Amerika \u00ebsht\u00eb shpresa e fundit - Lajme nga Ulqini\" \/>\n<meta property=\"og:description\" content=\"AMERIKA \u00cbSHT\u00cb SHPRESA E FUNDIT Bised\u00eb me analistin dr.Nail Draga Organizuar nga Universiteti Kolumbia dhe Universiteti i Nju Jorkut\u00a0\u00a0\u00a0\u00a0\u00a0 me 2 qershor t\u00eb\" \/>\n<meta property=\"og:url\" content=\"https:\/\/www.visit-ulcinj.com\/blog\/2012\/08\/29\/nail-dragaper-shqiptaretamerika-eshte-shpresa-e-fundit\/\" \/>\n<meta property=\"og:site_name\" content=\"Lajme nga Ulqini\" \/>\n<meta property=\"article:published_time\" content=\"2012-08-29T11:37:44+00:00\" \/>\n<meta property=\"article:modified_time\" content=\"2012-08-31T09:24:50+00:00\" \/>\n<meta property=\"og:image\" content=\"http:\/\/www.visit-ulcinj.com\/blog\/wp-content\/uploads\/2012\/08\/NAIL-DRAGA-ULQIN.jpg\" \/>\n<meta name=\"twitter:label1\" content=\"Written by\" \/>\n\t<meta name=\"twitter:data1\" content=\"ulqini\" \/>\n\t<meta name=\"twitter:label2\" content=\"Est. reading time\" \/>\n\t<meta name=\"twitter:data2\" content=\"7 minutes\" \/>\n<script type=\"application\/ld+json\" class=\"yoast-schema-graph\">{\"@context\":\"https:\/\/schema.org\",\"@graph\":[{\"@type\":\"WebSite\",\"@id\":\"https:\/\/www.visit-ulcinj.com\/blog\/#website\",\"url\":\"https:\/\/www.visit-ulcinj.com\/blog\/\",\"name\":\"Lajme nga Ulqini\",\"description\":\"Lajme,Vijesti,Ulqini,Ulqin,Crna Gora,Mali i Zi\",\"potentialAction\":[{\"@type\":\"SearchAction\",\"target\":{\"@type\":\"EntryPoint\",\"urlTemplate\":\"https:\/\/www.visit-ulcinj.com\/blog\/?s={search_term_string}\"},\"query-input\":\"required name=search_term_string\"}],\"inLanguage\":\"en-US\"},{\"@type\":\"ImageObject\",\"inLanguage\":\"en-US\",\"@id\":\"https:\/\/www.visit-ulcinj.com\/blog\/2012\/08\/29\/nail-dragaper-shqiptaretamerika-eshte-shpresa-e-fundit\/#primaryimage\",\"url\":\"https:\/\/www.visit-ulcinj.com\/blog\/wp-content\/uploads\/2012\/08\/NAIL-DRAGA-ULQIN.jpg\",\"contentUrl\":\"https:\/\/www.visit-ulcinj.com\/blog\/wp-content\/uploads\/2012\/08\/NAIL-DRAGA-ULQIN.jpg\",\"width\":\"960\",\"height\":\"720\"},{\"@type\":\"WebPage\",\"@id\":\"https:\/\/www.visit-ulcinj.com\/blog\/2012\/08\/29\/nail-dragaper-shqiptaretamerika-eshte-shpresa-e-fundit\/#webpage\",\"url\":\"https:\/\/www.visit-ulcinj.com\/blog\/2012\/08\/29\/nail-dragaper-shqiptaretamerika-eshte-shpresa-e-fundit\/\",\"name\":\"Nail Draga:P\u00ebr Shqiptar\u00ebt,Amerika \u00ebsht\u00eb shpresa e fundit - Lajme nga Ulqini\",\"isPartOf\":{\"@id\":\"https:\/\/www.visit-ulcinj.com\/blog\/#website\"},\"primaryImageOfPage\":{\"@id\":\"https:\/\/www.visit-ulcinj.com\/blog\/2012\/08\/29\/nail-dragaper-shqiptaretamerika-eshte-shpresa-e-fundit\/#primaryimage\"},\"datePublished\":\"2012-08-29T11:37:44+00:00\",\"dateModified\":\"2012-08-31T09:24:50+00:00\",\"author\":{\"@id\":\"https:\/\/www.visit-ulcinj.com\/blog\/#\/schema\/person\/dcab619c614d3038751c63bc2aadc06d\"},\"description\":\"AMERIKA \u00cbSHT\u00cb SHPRESA E FUNDIT Bised\u00eb me analistin dr.Nail Draga Organizuar nga Universiteti Kolumbia dhe Universiteti i Nju Jorkut\u00a0\u00a0\u00a0\u00a0\u00a0 me 2 qershor t\u00eb\",\"breadcrumb\":{\"@id\":\"https:\/\/www.visit-ulcinj.com\/blog\/2012\/08\/29\/nail-dragaper-shqiptaretamerika-eshte-shpresa-e-fundit\/#breadcrumb\"},\"inLanguage\":\"en-US\",\"potentialAction\":[{\"@type\":\"ReadAction\",\"target\":[\"https:\/\/www.visit-ulcinj.com\/blog\/2012\/08\/29\/nail-dragaper-shqiptaretamerika-eshte-shpresa-e-fundit\/\"]}]},{\"@type\":\"BreadcrumbList\",\"@id\":\"https:\/\/www.visit-ulcinj.com\/blog\/2012\/08\/29\/nail-dragaper-shqiptaretamerika-eshte-shpresa-e-fundit\/#breadcrumb\",\"itemListElement\":[{\"@type\":\"ListItem\",\"position\":1,\"name\":\"Nail Draga:P\u00ebr Shqiptar\u00ebt,Amerika \u00ebsht\u00eb shpresa e fundit\"}]},{\"@type\":\"Person\",\"@id\":\"https:\/\/www.visit-ulcinj.com\/blog\/#\/schema\/person\/dcab619c614d3038751c63bc2aadc06d\",\"name\":\"ulqini\",\"sameAs\":[\"http:\/\/www.visit-ulcinj.com\"],\"url\":\"https:\/\/www.visit-ulcinj.com\/blog\/author\/admin\/\"}]}<\/script>\n<!-- \/ Yoast SEO plugin. -->","yoast_head_json":{"title":"Nail Draga:P\u00ebr Shqiptar\u00ebt,Amerika \u00ebsht\u00eb shpresa e fundit - Lajme nga Ulqini","description":"AMERIKA \u00cbSHT\u00cb SHPRESA E FUNDIT Bised\u00eb me analistin dr.Nail Draga Organizuar nga Universiteti Kolumbia dhe Universiteti i Nju Jorkut\u00a0\u00a0\u00a0\u00a0\u00a0 me 2 qershor t\u00eb","robots":{"index":"index","follow":"follow","max-snippet":"max-snippet:-1","max-image-preview":"max-image-preview:large","max-video-preview":"max-video-preview:-1"},"canonical":"https:\/\/www.visit-ulcinj.com\/blog\/2012\/08\/29\/nail-dragaper-shqiptaretamerika-eshte-shpresa-e-fundit\/","og_locale":"en_US","og_type":"article","og_title":"Nail Draga:P\u00ebr Shqiptar\u00ebt,Amerika \u00ebsht\u00eb shpresa e fundit - Lajme nga Ulqini","og_description":"AMERIKA \u00cbSHT\u00cb SHPRESA E FUNDIT Bised\u00eb me analistin dr.Nail Draga Organizuar nga Universiteti Kolumbia dhe Universiteti i Nju Jorkut\u00a0\u00a0\u00a0\u00a0\u00a0 me 2 qershor t\u00eb","og_url":"https:\/\/www.visit-ulcinj.com\/blog\/2012\/08\/29\/nail-dragaper-shqiptaretamerika-eshte-shpresa-e-fundit\/","og_site_name":"Lajme nga Ulqini","article_published_time":"2012-08-29T11:37:44+00:00","article_modified_time":"2012-08-31T09:24:50+00:00","og_image":[{"url":"http:\/\/www.visit-ulcinj.com\/blog\/wp-content\/uploads\/2012\/08\/NAIL-DRAGA-ULQIN.jpg"}],"twitter_misc":{"Written by":"ulqini","Est. reading time":"7 minutes"},"schema":{"@context":"https:\/\/schema.org","@graph":[{"@type":"WebSite","@id":"https:\/\/www.visit-ulcinj.com\/blog\/#website","url":"https:\/\/www.visit-ulcinj.com\/blog\/","name":"Lajme nga Ulqini","description":"Lajme,Vijesti,Ulqini,Ulqin,Crna Gora,Mali i Zi","potentialAction":[{"@type":"SearchAction","target":{"@type":"EntryPoint","urlTemplate":"https:\/\/www.visit-ulcinj.com\/blog\/?s={search_term_string}"},"query-input":"required name=search_term_string"}],"inLanguage":"en-US"},{"@type":"ImageObject","inLanguage":"en-US","@id":"https:\/\/www.visit-ulcinj.com\/blog\/2012\/08\/29\/nail-dragaper-shqiptaretamerika-eshte-shpresa-e-fundit\/#primaryimage","url":"https:\/\/www.visit-ulcinj.com\/blog\/wp-content\/uploads\/2012\/08\/NAIL-DRAGA-ULQIN.jpg","contentUrl":"https:\/\/www.visit-ulcinj.com\/blog\/wp-content\/uploads\/2012\/08\/NAIL-DRAGA-ULQIN.jpg","width":"960","height":"720"},{"@type":"WebPage","@id":"https:\/\/www.visit-ulcinj.com\/blog\/2012\/08\/29\/nail-dragaper-shqiptaretamerika-eshte-shpresa-e-fundit\/#webpage","url":"https:\/\/www.visit-ulcinj.com\/blog\/2012\/08\/29\/nail-dragaper-shqiptaretamerika-eshte-shpresa-e-fundit\/","name":"Nail Draga:P\u00ebr Shqiptar\u00ebt,Amerika \u00ebsht\u00eb shpresa e fundit - Lajme nga Ulqini","isPartOf":{"@id":"https:\/\/www.visit-ulcinj.com\/blog\/#website"},"primaryImageOfPage":{"@id":"https:\/\/www.visit-ulcinj.com\/blog\/2012\/08\/29\/nail-dragaper-shqiptaretamerika-eshte-shpresa-e-fundit\/#primaryimage"},"datePublished":"2012-08-29T11:37:44+00:00","dateModified":"2012-08-31T09:24:50+00:00","author":{"@id":"https:\/\/www.visit-ulcinj.com\/blog\/#\/schema\/person\/dcab619c614d3038751c63bc2aadc06d"},"description":"AMERIKA \u00cbSHT\u00cb SHPRESA E FUNDIT Bised\u00eb me analistin dr.Nail Draga Organizuar nga Universiteti Kolumbia dhe Universiteti i Nju Jorkut\u00a0\u00a0\u00a0\u00a0\u00a0 me 2 qershor t\u00eb","breadcrumb":{"@id":"https:\/\/www.visit-ulcinj.com\/blog\/2012\/08\/29\/nail-dragaper-shqiptaretamerika-eshte-shpresa-e-fundit\/#breadcrumb"},"inLanguage":"en-US","potentialAction":[{"@type":"ReadAction","target":["https:\/\/www.visit-ulcinj.com\/blog\/2012\/08\/29\/nail-dragaper-shqiptaretamerika-eshte-shpresa-e-fundit\/"]}]},{"@type":"BreadcrumbList","@id":"https:\/\/www.visit-ulcinj.com\/blog\/2012\/08\/29\/nail-dragaper-shqiptaretamerika-eshte-shpresa-e-fundit\/#breadcrumb","itemListElement":[{"@type":"ListItem","position":1,"name":"Nail Draga:P\u00ebr Shqiptar\u00ebt,Amerika \u00ebsht\u00eb shpresa e fundit"}]},{"@type":"Person","@id":"https:\/\/www.visit-ulcinj.com\/blog\/#\/schema\/person\/dcab619c614d3038751c63bc2aadc06d","name":"ulqini","sameAs":["http:\/\/www.visit-ulcinj.com"],"url":"https:\/\/www.visit-ulcinj.com\/blog\/author\/admin\/"}]}},"jetpack_featured_media_url":"","jetpack_sharing_enabled":true,"jetpack_shortlink":"https:\/\/wp.me\/pe6lTn-gpk","_links":{"self":[{"href":"https:\/\/www.visit-ulcinj.com\/blog\/wp-json\/wp\/v2\/posts\/63074"}],"collection":[{"href":"https:\/\/www.visit-ulcinj.com\/blog\/wp-json\/wp\/v2\/posts"}],"about":[{"href":"https:\/\/www.visit-ulcinj.com\/blog\/wp-json\/wp\/v2\/types\/post"}],"author":[{"embeddable":true,"href":"https:\/\/www.visit-ulcinj.com\/blog\/wp-json\/wp\/v2\/users\/1"}],"replies":[{"embeddable":true,"href":"https:\/\/www.visit-ulcinj.com\/blog\/wp-json\/wp\/v2\/comments?post=63074"}],"version-history":[{"count":4,"href":"https:\/\/www.visit-ulcinj.com\/blog\/wp-json\/wp\/v2\/posts\/63074\/revisions"}],"predecessor-version":[{"id":63235,"href":"https:\/\/www.visit-ulcinj.com\/blog\/wp-json\/wp\/v2\/posts\/63074\/revisions\/63235"}],"wp:attachment":[{"href":"https:\/\/www.visit-ulcinj.com\/blog\/wp-json\/wp\/v2\/media?parent=63074"}],"wp:term":[{"taxonomy":"category","embeddable":true,"href":"https:\/\/www.visit-ulcinj.com\/blog\/wp-json\/wp\/v2\/categories?post=63074"},{"taxonomy":"post_tag","embeddable":true,"href":"https:\/\/www.visit-ulcinj.com\/blog\/wp-json\/wp\/v2\/tags?post=63074"}],"curies":[{"name":"wp","href":"https:\/\/api.w.org\/{rel}","templated":true}]}}