{"id":63079,"date":"2012-08-29T12:58:21","date_gmt":"2012-08-29T11:58:21","guid":{"rendered":"http:\/\/www.visit-ulcinj.com\/blog\/?p=63079"},"modified":"2012-08-29T12:58:21","modified_gmt":"2012-08-29T11:58:21","slug":"shtate-medalje-per-taekwondo-ulqinin-ne-turneun-korculla-open-croatia-foto","status":"publish","type":"post","link":"https:\/\/www.visit-ulcinj.com\/blog\/2012\/08\/29\/shtate-medalje-per-taekwondo-ulqinin-ne-turneun-korculla-open-croatia-foto\/","title":{"rendered":"Shtat\u00eb medalje p\u00ebr taekwondo Ulqinin n\u00eb turneun Kor\u00e7ulla open Croatia + Foto"},"content":{"rendered":"<p><a href=\"http:\/\/www.visit-ulcinj.com\/blog\/wp-content\/uploads\/2012\/08\/Medina-Kanaqi_Korcula-Open-2012.3.jpg\"><img loading=\"lazy\" class=\"alignleft  wp-image-63080\" title=\"Medina Kanaqi_Korcula Open 2012.3\" src=\"http:\/\/www.visit-ulcinj.com\/blog\/wp-content\/uploads\/2012\/08\/Medina-Kanaqi_Korcula-Open-2012.3.jpg\" alt=\"\" width=\"508\" height=\"360\" \/><\/a>Shtat\u00eb medalje p\u00ebr taekwondo Ulqinin n\u00eb turneun Kor\u00e7ulla open Croatia.<\/p>\n<p>Me dat\u00eb 25-26.082012 n\u00eb Kor\u00e7ulla t\u00eb Kroacis\u00eb u mbajt\u00eb turneu nd\u00ebrkomb\u00ebtar\u00eb n\u00eb sportin olimpik t\u00eb taekwondo-s\u00eb.<\/p>\n<p>N\u00eb turne mor\u00ebn pjes\u00eb 350 garues nga n\u00ebnt\u00eb shtete rajonale.<\/p>\n<p>Klubi i taekwondo-s\u00eb Ulqini u paraqit me pes\u00eb garues, t\u00eb cil\u00ebt fituan gjith\u00ebsejt 7 medalje: 3 t\u00eb arta, 1 e argjemd\u00eb dhe 3 t\u00eb bronzit.<\/p>\n<p>Me medalje u kurorzuan.<\/p>\n<p>Bojan Vladisavljevic medalje e art\u00eb n\u00eb diciplin\u00ebn e Formave, nd\u00ebrsa medalje e argjend n\u00eb diciplin\u00ebn e dyluftimit.<\/p>\n<p>Medina Kanaqi medalje e arte n\u00eb diciplin\u00ebn e formave, nd\u00ebrsa medalje e bronzit n\u00eb diciplin\u00ebn e dyluftimit.<\/p>\n<p>Esad Kraja medalje e bronzit n\u00eb dyluftim.<\/p>\n<p>Artan Fici medalje e bronzit n\u00eb dyluftim.<\/p>\n<p>Fikret Dushku medalje e art\u00eb n\u00eb diciplin\u00ebn e formave.<\/p>\n\n\t\t<style type=\"text\/css\">\n\t\t\t#gallery-1 {\n\t\t\t\tmargin: auto;\n\t\t\t}\n\t\t\t#gallery-1 .gallery-item {\n\t\t\t\tfloat: left;\n\t\t\t\tmargin-top: 10px;\n\t\t\t\ttext-align: center;\n\t\t\t\twidth: 33%;\n\t\t\t}\n\t\t\t#gallery-1 img {\n\t\t\t\tborder: 2px solid #cfcfcf;\n\t\t\t}\n\t\t\t#gallery-1 .gallery-caption {\n\t\t\t\tmargin-left: 0;\n\t\t\t}\n\t\t\t\/* see gallery_shortcode() in wp-includes\/media.php *\/\n\t\t<\/style>\n\t\t<div id='gallery-1' class='gallery galleryid-63079 gallery-columns-3 gallery-size-thumbnail'><dl class='gallery-item'>\n\t\t\t<dt class='gallery-icon landscape'>\n\t\t\t\t<a href='https:\/\/www.visit-ulcinj.com\/blog\/wp-content\/uploads\/2012\/08\/Medina-Kanaqi_Korcula-Open-2012.3.jpg'><img width=\"150\" height=\"150\" src=\"https:\/\/www.visit-ulcinj.com\/blog\/wp-content\/uploads\/2012\/08\/Medina-Kanaqi_Korcula-Open-2012.3-150x150.jpg\" class=\"attachment-thumbnail size-thumbnail\" alt=\"\" loading=\"lazy\" \/><\/a>\n\t\t\t<\/dt><\/dl><dl class='gallery-item'>\n\t\t\t<dt class='gallery-icon landscape'>\n\t\t\t\t<a href='https:\/\/www.visit-ulcinj.com\/blog\/wp-content\/uploads\/2012\/08\/Medina-Kanaqi_Korcula-Open-2012.jpg'><img width=\"150\" height=\"150\" src=\"https:\/\/www.visit-ulcinj.com\/blog\/wp-content\/uploads\/2012\/08\/Medina-Kanaqi_Korcula-Open-2012-150x150.jpg\" class=\"attachment-thumbnail size-thumbnail\" alt=\"\" loading=\"lazy\" \/><\/a>\n\t\t\t<\/dt><\/dl><dl class='gallery-item'>\n\t\t\t<dt class='gallery-icon landscape'>\n\t\t\t\t<a href='https:\/\/www.visit-ulcinj.com\/blog\/wp-content\/uploads\/2012\/08\/Medina-Kanaqi_Korcula-Open-2012.1.jpg'><img width=\"150\" height=\"150\" src=\"https:\/\/www.visit-ulcinj.com\/blog\/wp-content\/uploads\/2012\/08\/Medina-Kanaqi_Korcula-Open-2012.1-150x150.jpg\" class=\"attachment-thumbnail size-thumbnail\" alt=\"\" loading=\"lazy\" \/><\/a>\n\t\t\t<\/dt><\/dl><br style=\"clear: both\" \/><dl class='gallery-item'>\n\t\t\t<dt class='gallery-icon landscape'>\n\t\t\t\t<a href='https:\/\/www.visit-ulcinj.com\/blog\/wp-content\/uploads\/2012\/08\/Medina-Kanaqi_Korcula-Open-2012.2.jpg'><img width=\"150\" height=\"150\" src=\"https:\/\/www.visit-ulcinj.com\/blog\/wp-content\/uploads\/2012\/08\/Medina-Kanaqi_Korcula-Open-2012.2-150x150.jpg\" class=\"attachment-thumbnail size-thumbnail\" alt=\"\" loading=\"lazy\" \/><\/a>\n\t\t\t<\/dt><\/dl><dl class='gallery-item'>\n\t\t\t<dt class='gallery-icon landscape'>\n\t\t\t\t<a href='https:\/\/www.visit-ulcinj.com\/blog\/wp-content\/uploads\/2012\/08\/Fikret-Dushku_Korcula-Open-2012.jpg'><img width=\"150\" height=\"150\" src=\"https:\/\/www.visit-ulcinj.com\/blog\/wp-content\/uploads\/2012\/08\/Fikret-Dushku_Korcula-Open-2012-150x150.jpg\" class=\"attachment-thumbnail size-thumbnail\" alt=\"\" loading=\"lazy\" \/><\/a>\n\t\t\t<\/dt><\/dl><dl class='gallery-item'>\n\t\t\t<dt class='gallery-icon landscape'>\n\t\t\t\t<a href='https:\/\/www.visit-ulcinj.com\/blog\/wp-content\/uploads\/2012\/08\/Fikret-Dushku_Korcula-Open-2012.1.jpg'><img width=\"150\" height=\"150\" src=\"https:\/\/www.visit-ulcinj.com\/blog\/wp-content\/uploads\/2012\/08\/Fikret-Dushku_Korcula-Open-2012.1-150x150.jpg\" class=\"attachment-thumbnail size-thumbnail\" alt=\"\" loading=\"lazy\" \/><\/a>\n\t\t\t<\/dt><\/dl><br style=\"clear: both\" \/><dl class='gallery-item'>\n\t\t\t<dt class='gallery-icon landscape'>\n\t\t\t\t<a href='https:\/\/www.visit-ulcinj.com\/blog\/wp-content\/uploads\/2012\/08\/Taekwondo-Ulqin_KORCULA-OPEN-2012.jpg'><img width=\"150\" height=\"150\" src=\"https:\/\/www.visit-ulcinj.com\/blog\/wp-content\/uploads\/2012\/08\/Taekwondo-Ulqin_KORCULA-OPEN-2012-150x150.jpg\" class=\"attachment-thumbnail size-thumbnail\" alt=\"\" loading=\"lazy\" \/><\/a>\n\t\t\t<\/dt><\/dl><dl class='gallery-item'>\n\t\t\t<dt class='gallery-icon landscape'>\n\t\t\t\t<a href='https:\/\/www.visit-ulcinj.com\/blog\/wp-content\/uploads\/2012\/08\/Taekwondo-Ulqin_KORCULA-OPEN-2012.1.jpg'><img width=\"150\" height=\"150\" src=\"https:\/\/www.visit-ulcinj.com\/blog\/wp-content\/uploads\/2012\/08\/Taekwondo-Ulqin_KORCULA-OPEN-2012.1-150x150.jpg\" class=\"attachment-thumbnail size-thumbnail\" alt=\"\" loading=\"lazy\" \/><\/a>\n\t\t\t<\/dt><\/dl><dl class='gallery-item'>\n\t\t\t<dt class='gallery-icon landscape'>\n\t\t\t\t<a href='https:\/\/www.visit-ulcinj.com\/blog\/wp-content\/uploads\/2012\/08\/Korcula-Open-2012_teakwando.jpg'><img width=\"150\" height=\"150\" src=\"https:\/\/www.visit-ulcinj.com\/blog\/wp-content\/uploads\/2012\/08\/Korcula-Open-2012_teakwando-150x150.jpg\" class=\"attachment-thumbnail size-thumbnail\" alt=\"\" loading=\"lazy\" \/><\/a>\n\t\t\t<\/dt><\/dl><br style=\"clear: both\" \/>\n\t\t<\/div>\n\n","protected":false},"excerpt":{"rendered":"<p>Shtat\u00eb medalje p\u00ebr taekwondo Ulqinin n\u00eb turneun Kor\u00e7ulla open Croatia. Me dat\u00eb 25-26.082012 n\u00eb Kor\u00e7ulla t\u00eb Kroacis\u00eb u mbajt\u00eb turneu nd\u00ebrkomb\u00ebtar\u00eb n\u00eb sportin olimpik t\u00eb taekwondo-s\u00eb. N\u00eb turne mor\u00ebn pjes\u00eb 350 garues nga n\u00ebnt\u00eb shtete rajonale. Klubi i taekwondo-s\u00eb Ulqini u paraqit me pes\u00eb garues, t\u00eb cil\u00ebt fituan gjith\u00ebsejt 7 medalje: 3 t\u00eb arta, 1 [&hellip;]<\/p>\n","protected":false},"author":1,"featured_media":0,"comment_status":"open","ping_status":"closed","sticky":false,"template":"","format":"standard","meta":{"spay_email":"","jetpack_publicize_message":"","jetpack_is_tweetstorm":false,"jetpack_publicize_feature_enabled":true},"categories":[3],"tags":[5926,2950,20896,200,18],"jetpack_publicize_connections":[],"yoast_head":"<!-- This site is optimized with the Yoast SEO plugin v19.1 - https:\/\/yoast.com\/wordpress\/plugins\/seo\/ -->\n<title>Shtat\u00eb medalje p\u00ebr taekwondo Ulqinin n\u00eb turneun Kor\u00e7ulla open Croatia + Foto - Lajme nga Ulqini<\/title>\n<meta name=\"description\" content=\"Shtat\u00eb medalje p\u00ebr taekwondo Ulqinin n\u00eb turneun Kor\u00e7ulla open Croatia. Me dat\u00eb 25-26.082012 n\u00eb Kor\u00e7ulla t\u00eb Kroacis\u00eb u mbajt\u00eb turneu nd\u00ebrkomb\u00ebtar\u00eb n\u00eb\" \/>\n<meta name=\"robots\" content=\"index, follow, max-snippet:-1, max-image-preview:large, max-video-preview:-1\" \/>\n<link rel=\"canonical\" href=\"https:\/\/www.visit-ulcinj.com\/blog\/2012\/08\/29\/shtate-medalje-per-taekwondo-ulqinin-ne-turneun-korculla-open-croatia-foto\/\" \/>\n<meta property=\"og:locale\" content=\"en_US\" \/>\n<meta property=\"og:type\" content=\"article\" \/>\n<meta property=\"og:title\" content=\"Shtat\u00eb medalje p\u00ebr taekwondo Ulqinin n\u00eb turneun Kor\u00e7ulla open Croatia + Foto - Lajme nga Ulqini\" \/>\n<meta property=\"og:description\" content=\"Shtat\u00eb medalje p\u00ebr taekwondo Ulqinin n\u00eb turneun Kor\u00e7ulla open Croatia. Me dat\u00eb 25-26.082012 n\u00eb Kor\u00e7ulla t\u00eb Kroacis\u00eb u mbajt\u00eb turneu nd\u00ebrkomb\u00ebtar\u00eb n\u00eb\" \/>\n<meta property=\"og:url\" content=\"https:\/\/www.visit-ulcinj.com\/blog\/2012\/08\/29\/shtate-medalje-per-taekwondo-ulqinin-ne-turneun-korculla-open-croatia-foto\/\" \/>\n<meta property=\"og:site_name\" content=\"Lajme nga Ulqini\" \/>\n<meta property=\"article:published_time\" content=\"2012-08-29T11:58:21+00:00\" \/>\n<meta property=\"og:image\" content=\"https:\/\/www.visit-ulcinj.com\/blog\/wp-content\/uploads\/2012\/08\/Medina-Kanaqi_Korcula-Open-2012.3-150x150.jpg\" \/>\n<meta name=\"twitter:label1\" content=\"Written by\" \/>\n\t<meta name=\"twitter:data1\" content=\"ulqini\" \/>\n\t<meta name=\"twitter:label2\" content=\"Est. reading time\" \/>\n\t<meta name=\"twitter:data2\" content=\"1 minute\" \/>\n<script type=\"application\/ld+json\" class=\"yoast-schema-graph\">{\"@context\":\"https:\/\/schema.org\",\"@graph\":[{\"@type\":\"WebSite\",\"@id\":\"https:\/\/www.visit-ulcinj.com\/blog\/#website\",\"url\":\"https:\/\/www.visit-ulcinj.com\/blog\/\",\"name\":\"Lajme nga Ulqini\",\"description\":\"Lajme,Vijesti,Ulqini,Ulqin,Crna Gora,Mali i Zi\",\"potentialAction\":[{\"@type\":\"SearchAction\",\"target\":{\"@type\":\"EntryPoint\",\"urlTemplate\":\"https:\/\/www.visit-ulcinj.com\/blog\/?s={search_term_string}\"},\"query-input\":\"required name=search_term_string\"}],\"inLanguage\":\"en-US\"},{\"@type\":\"ImageObject\",\"inLanguage\":\"en-US\",\"@id\":\"https:\/\/www.visit-ulcinj.com\/blog\/2012\/08\/29\/shtate-medalje-per-taekwondo-ulqinin-ne-turneun-korculla-open-croatia-foto\/#primaryimage\",\"url\":\"https:\/\/www.visit-ulcinj.com\/blog\/wp-content\/uploads\/2012\/08\/Medina-Kanaqi_Korcula-Open-2012.3.jpg\",\"contentUrl\":\"https:\/\/www.visit-ulcinj.com\/blog\/wp-content\/uploads\/2012\/08\/Medina-Kanaqi_Korcula-Open-2012.3.jpg\",\"width\":\"960\",\"height\":\"720\"},{\"@type\":\"WebPage\",\"@id\":\"https:\/\/www.visit-ulcinj.com\/blog\/2012\/08\/29\/shtate-medalje-per-taekwondo-ulqinin-ne-turneun-korculla-open-croatia-foto\/#webpage\",\"url\":\"https:\/\/www.visit-ulcinj.com\/blog\/2012\/08\/29\/shtate-medalje-per-taekwondo-ulqinin-ne-turneun-korculla-open-croatia-foto\/\",\"name\":\"Shtat\u00eb medalje p\u00ebr taekwondo Ulqinin n\u00eb turneun Kor\u00e7ulla open Croatia + Foto - Lajme nga Ulqini\",\"isPartOf\":{\"@id\":\"https:\/\/www.visit-ulcinj.com\/blog\/#website\"},\"primaryImageOfPage\":{\"@id\":\"https:\/\/www.visit-ulcinj.com\/blog\/2012\/08\/29\/shtate-medalje-per-taekwondo-ulqinin-ne-turneun-korculla-open-croatia-foto\/#primaryimage\"},\"datePublished\":\"2012-08-29T11:58:21+00:00\",\"dateModified\":\"2012-08-29T11:58:21+00:00\",\"author\":{\"@id\":\"https:\/\/www.visit-ulcinj.com\/blog\/#\/schema\/person\/dcab619c614d3038751c63bc2aadc06d\"},\"description\":\"Shtat\u00eb medalje p\u00ebr taekwondo Ulqinin n\u00eb turneun Kor\u00e7ulla open Croatia. Me dat\u00eb 25-26.082012 n\u00eb Kor\u00e7ulla t\u00eb Kroacis\u00eb u mbajt\u00eb turneu nd\u00ebrkomb\u00ebtar\u00eb n\u00eb\",\"breadcrumb\":{\"@id\":\"https:\/\/www.visit-ulcinj.com\/blog\/2012\/08\/29\/shtate-medalje-per-taekwondo-ulqinin-ne-turneun-korculla-open-croatia-foto\/#breadcrumb\"},\"inLanguage\":\"en-US\",\"potentialAction\":[{\"@type\":\"ReadAction\",\"target\":[\"https:\/\/www.visit-ulcinj.com\/blog\/2012\/08\/29\/shtate-medalje-per-taekwondo-ulqinin-ne-turneun-korculla-open-croatia-foto\/\"]}]},{\"@type\":\"BreadcrumbList\",\"@id\":\"https:\/\/www.visit-ulcinj.com\/blog\/2012\/08\/29\/shtate-medalje-per-taekwondo-ulqinin-ne-turneun-korculla-open-croatia-foto\/#breadcrumb\",\"itemListElement\":[{\"@type\":\"ListItem\",\"position\":1,\"name\":\"Shtat\u00eb medalje p\u00ebr taekwondo Ulqinin n\u00eb turneun Kor\u00e7ulla open Croatia + Foto\"}]},{\"@type\":\"Person\",\"@id\":\"https:\/\/www.visit-ulcinj.com\/blog\/#\/schema\/person\/dcab619c614d3038751c63bc2aadc06d\",\"name\":\"ulqini\",\"sameAs\":[\"http:\/\/www.visit-ulcinj.com\"],\"url\":\"https:\/\/www.visit-ulcinj.com\/blog\/author\/admin\/\"}]}<\/script>\n<!-- \/ Yoast SEO plugin. -->","yoast_head_json":{"title":"Shtat\u00eb medalje p\u00ebr taekwondo Ulqinin n\u00eb turneun Kor\u00e7ulla open Croatia + Foto - Lajme nga Ulqini","description":"Shtat\u00eb medalje p\u00ebr taekwondo Ulqinin n\u00eb turneun Kor\u00e7ulla open Croatia. Me dat\u00eb 25-26.082012 n\u00eb Kor\u00e7ulla t\u00eb Kroacis\u00eb u mbajt\u00eb turneu nd\u00ebrkomb\u00ebtar\u00eb n\u00eb","robots":{"index":"index","follow":"follow","max-snippet":"max-snippet:-1","max-image-preview":"max-image-preview:large","max-video-preview":"max-video-preview:-1"},"canonical":"https:\/\/www.visit-ulcinj.com\/blog\/2012\/08\/29\/shtate-medalje-per-taekwondo-ulqinin-ne-turneun-korculla-open-croatia-foto\/","og_locale":"en_US","og_type":"article","og_title":"Shtat\u00eb medalje p\u00ebr taekwondo Ulqinin n\u00eb turneun Kor\u00e7ulla open Croatia + Foto - Lajme nga Ulqini","og_description":"Shtat\u00eb medalje p\u00ebr taekwondo Ulqinin n\u00eb turneun Kor\u00e7ulla open Croatia. Me dat\u00eb 25-26.082012 n\u00eb Kor\u00e7ulla t\u00eb Kroacis\u00eb u mbajt\u00eb turneu nd\u00ebrkomb\u00ebtar\u00eb n\u00eb","og_url":"https:\/\/www.visit-ulcinj.com\/blog\/2012\/08\/29\/shtate-medalje-per-taekwondo-ulqinin-ne-turneun-korculla-open-croatia-foto\/","og_site_name":"Lajme nga Ulqini","article_published_time":"2012-08-29T11:58:21+00:00","og_image":[{"url":"https:\/\/www.visit-ulcinj.com\/blog\/wp-content\/uploads\/2012\/08\/Medina-Kanaqi_Korcula-Open-2012.3-150x150.jpg"}],"twitter_misc":{"Written by":"ulqini","Est. reading time":"1 minute"},"schema":{"@context":"https:\/\/schema.org","@graph":[{"@type":"WebSite","@id":"https:\/\/www.visit-ulcinj.com\/blog\/#website","url":"https:\/\/www.visit-ulcinj.com\/blog\/","name":"Lajme nga Ulqini","description":"Lajme,Vijesti,Ulqini,Ulqin,Crna Gora,Mali i Zi","potentialAction":[{"@type":"SearchAction","target":{"@type":"EntryPoint","urlTemplate":"https:\/\/www.visit-ulcinj.com\/blog\/?s={search_term_string}"},"query-input":"required name=search_term_string"}],"inLanguage":"en-US"},{"@type":"ImageObject","inLanguage":"en-US","@id":"https:\/\/www.visit-ulcinj.com\/blog\/2012\/08\/29\/shtate-medalje-per-taekwondo-ulqinin-ne-turneun-korculla-open-croatia-foto\/#primaryimage","url":"https:\/\/www.visit-ulcinj.com\/blog\/wp-content\/uploads\/2012\/08\/Medina-Kanaqi_Korcula-Open-2012.3.jpg","contentUrl":"https:\/\/www.visit-ulcinj.com\/blog\/wp-content\/uploads\/2012\/08\/Medina-Kanaqi_Korcula-Open-2012.3.jpg","width":"960","height":"720"},{"@type":"WebPage","@id":"https:\/\/www.visit-ulcinj.com\/blog\/2012\/08\/29\/shtate-medalje-per-taekwondo-ulqinin-ne-turneun-korculla-open-croatia-foto\/#webpage","url":"https:\/\/www.visit-ulcinj.com\/blog\/2012\/08\/29\/shtate-medalje-per-taekwondo-ulqinin-ne-turneun-korculla-open-croatia-foto\/","name":"Shtat\u00eb medalje p\u00ebr taekwondo Ulqinin n\u00eb turneun Kor\u00e7ulla open Croatia + Foto - Lajme nga Ulqini","isPartOf":{"@id":"https:\/\/www.visit-ulcinj.com\/blog\/#website"},"primaryImageOfPage":{"@id":"https:\/\/www.visit-ulcinj.com\/blog\/2012\/08\/29\/shtate-medalje-per-taekwondo-ulqinin-ne-turneun-korculla-open-croatia-foto\/#primaryimage"},"datePublished":"2012-08-29T11:58:21+00:00","dateModified":"2012-08-29T11:58:21+00:00","author":{"@id":"https:\/\/www.visit-ulcinj.com\/blog\/#\/schema\/person\/dcab619c614d3038751c63bc2aadc06d"},"description":"Shtat\u00eb medalje p\u00ebr taekwondo Ulqinin n\u00eb turneun Kor\u00e7ulla open Croatia. Me dat\u00eb 25-26.082012 n\u00eb Kor\u00e7ulla t\u00eb Kroacis\u00eb u mbajt\u00eb turneu nd\u00ebrkomb\u00ebtar\u00eb n\u00eb","breadcrumb":{"@id":"https:\/\/www.visit-ulcinj.com\/blog\/2012\/08\/29\/shtate-medalje-per-taekwondo-ulqinin-ne-turneun-korculla-open-croatia-foto\/#breadcrumb"},"inLanguage":"en-US","potentialAction":[{"@type":"ReadAction","target":["https:\/\/www.visit-ulcinj.com\/blog\/2012\/08\/29\/shtate-medalje-per-taekwondo-ulqinin-ne-turneun-korculla-open-croatia-foto\/"]}]},{"@type":"BreadcrumbList","@id":"https:\/\/www.visit-ulcinj.com\/blog\/2012\/08\/29\/shtate-medalje-per-taekwondo-ulqinin-ne-turneun-korculla-open-croatia-foto\/#breadcrumb","itemListElement":[{"@type":"ListItem","position":1,"name":"Shtat\u00eb medalje p\u00ebr taekwondo Ulqinin n\u00eb turneun Kor\u00e7ulla open Croatia + Foto"}]},{"@type":"Person","@id":"https:\/\/www.visit-ulcinj.com\/blog\/#\/schema\/person\/dcab619c614d3038751c63bc2aadc06d","name":"ulqini","sameAs":["http:\/\/www.visit-ulcinj.com"],"url":"https:\/\/www.visit-ulcinj.com\/blog\/author\/admin\/"}]}},"jetpack_featured_media_url":"","jetpack_sharing_enabled":true,"jetpack_shortlink":"https:\/\/wp.me\/pe6lTn-gpp","_links":{"self":[{"href":"https:\/\/www.visit-ulcinj.com\/blog\/wp-json\/wp\/v2\/posts\/63079"}],"collection":[{"href":"https:\/\/www.visit-ulcinj.com\/blog\/wp-json\/wp\/v2\/posts"}],"about":[{"href":"https:\/\/www.visit-ulcinj.com\/blog\/wp-json\/wp\/v2\/types\/post"}],"author":[{"embeddable":true,"href":"https:\/\/www.visit-ulcinj.com\/blog\/wp-json\/wp\/v2\/users\/1"}],"replies":[{"embeddable":true,"href":"https:\/\/www.visit-ulcinj.com\/blog\/wp-json\/wp\/v2\/comments?post=63079"}],"version-history":[{"count":1,"href":"https:\/\/www.visit-ulcinj.com\/blog\/wp-json\/wp\/v2\/posts\/63079\/revisions"}],"predecessor-version":[{"id":63089,"href":"https:\/\/www.visit-ulcinj.com\/blog\/wp-json\/wp\/v2\/posts\/63079\/revisions\/63089"}],"wp:attachment":[{"href":"https:\/\/www.visit-ulcinj.com\/blog\/wp-json\/wp\/v2\/media?parent=63079"}],"wp:term":[{"taxonomy":"category","embeddable":true,"href":"https:\/\/www.visit-ulcinj.com\/blog\/wp-json\/wp\/v2\/categories?post=63079"},{"taxonomy":"post_tag","embeddable":true,"href":"https:\/\/www.visit-ulcinj.com\/blog\/wp-json\/wp\/v2\/tags?post=63079"}],"curies":[{"name":"wp","href":"https:\/\/api.w.org\/{rel}","templated":true}]}}