{"id":6309,"date":"2008-11-18T09:05:03","date_gmt":"2008-11-18T14:05:03","guid":{"rendered":"http:\/\/www.visit-ulcinj.com\/blog\/?p=6309"},"modified":"2008-11-18T09:05:03","modified_gmt":"2008-11-18T14:05:03","slug":"yllka-e-kenaqur-me-pjesemarrjen-ne-%e2%80%9cmiss-earth%e2%80%9d","status":"publish","type":"post","link":"https:\/\/www.visit-ulcinj.com\/blog\/2008\/11\/18\/yllka-e-kenaqur-me-pjesemarrjen-ne-%e2%80%9cmiss-earth%e2%80%9d\/","title":{"rendered":"Yllka e k\u00ebnaqur me pjes\u00ebmarrjen n\u00eb \u201cMiss Earth\u201d"},"content":{"rendered":"<p><a href=\"http:\/\/www.gazetaexpress.com\/online\/materiale\/2008\/11\/17\/497\/49717.jpg\"><img loading=\"lazy\" class=\"alignleft\" title=\"Yllka Berisha\" src=\"http:\/\/www.gazetaexpress.com\/online\/materiale\/2008\/11\/17\/497\/49717.jpg\" alt=\"\" width=\"383\" height=\"277\" \/><\/a>\u201cMiss Kosova 2007\u201d, Yllka Berisha ka th\u00ebn\u00eb p\u00ebr Express se ndihet e k\u00ebnaqur nga pjes\u00ebmarrja e saj n\u00eb \u201cMiss Earth 2008\u201d, q\u00eb u mbajt n\u00eb Filipine.<br \/>\nBukuroshja kosovare Yllka Berisha \u00ebsht\u00eb ndar\u00eb shum\u00eb e k\u00ebnaqur nga pjes\u00ebmarrja e saj n\u00eb evenimentin e bukuris\u00eb \u201cMiss Earth\u201d, q\u00eb u mbajt n\u00eb Filipine p\u00ebr k\u00ebt\u00eb vit.<br \/>\n\u201cJam ndar\u00eb me p\u00ebrshtypje shum\u00eb t\u00eb mira. Kam kaluar shum\u00eb mir\u00eb me vajzat konkurrente (87 vajza). Kam qen\u00eb e p\u00eblqyer shum\u00eb nga fotoreporteret dhe n\u00eb forume t\u00eb ndryshme n\u00eb internet kam qen\u00eb shum\u00eb e pranishme\u201d, ka th\u00ebn\u00eb Berisha p\u00ebr \u201cExpress\u201d.<br \/>\nAjo ka folur edhe p\u00ebr sponsor\u00ebt e vajzave t\u00eb tjera, q\u00eb sipas saj kan\u00eb qen\u00eb shum\u00eb t\u00eb fort. \u201cKjo ka ndikuar pak, por kur kihet parasysh se Kosova ende nuk \u00ebsht\u00eb rim\u00ebk\u00ebmbur ekonomikisht, prap\u00eb kthehem dhe them se p\u00ebr mua ka qen\u00eb me r\u00ebnd\u00ebsi q\u00eb kam marr\u00eb pjes\u00eb n\u00eb k\u00ebt\u00eb eveniment bukuria dhe kam p\u00ebrfaq\u00ebsuar Kosov\u00ebs si shtet. Kjo ndjenje \u00ebsht\u00eb shum\u00eb e mir\u00eb!\u201d, ka th\u00ebn\u00eb ajo.<br \/>\n<strong>Ardian Jasiqi<br \/>\nGazeta Express<\/strong><\/p>\n<!--YouTube Error: bad URL entered-->\n","protected":false},"excerpt":{"rendered":"<p>\u201cMiss Kosova 2007\u201d, Yllka Berisha ka th\u00ebn\u00eb p\u00ebr Express se ndihet e k\u00ebnaqur nga pjes\u00ebmarrja e saj n\u00eb \u201cMiss Earth 2008\u201d, q\u00eb u mbajt n\u00eb Filipine. Bukuroshja kosovare Yllka Berisha \u00ebsht\u00eb ndar\u00eb shum\u00eb e k\u00ebnaqur nga pjes\u00ebmarrja e saj n\u00eb evenimentin e bukuris\u00eb \u201cMiss Earth\u201d, q\u00eb u mbajt n\u00eb Filipine p\u00ebr k\u00ebt\u00eb vit. \u201cJam ndar\u00eb [&hellip;]<\/p>\n","protected":false},"author":1,"featured_media":0,"comment_status":"open","ping_status":"closed","sticky":false,"template":"","format":"standard","meta":{"spay_email":"","jetpack_publicize_message":"","jetpack_is_tweetstorm":false,"jetpack_publicize_feature_enabled":true},"categories":[1],"tags":[5086],"jetpack_publicize_connections":[],"yoast_head":"<!-- This site is optimized with the Yoast SEO plugin v19.1 - https:\/\/yoast.com\/wordpress\/plugins\/seo\/ -->\n<title>Yllka e k\u00ebnaqur me pjes\u00ebmarrjen n\u00eb \u201cMiss Earth\u201d - Lajme nga Ulqini<\/title>\n<meta name=\"description\" content=\"\u201cMiss Kosova 2007\u201d, Yllka Berisha ka th\u00ebn\u00eb p\u00ebr Express se ndihet e k\u00ebnaqur nga pjes\u00ebmarrja e saj n\u00eb \u201cMiss Earth 2008\u201d, q\u00eb u mbajt n\u00eb Filipine. Bukuroshja\" \/>\n<meta name=\"robots\" content=\"index, follow, max-snippet:-1, max-image-preview:large, max-video-preview:-1\" \/>\n<link rel=\"canonical\" href=\"https:\/\/www.visit-ulcinj.com\/blog\/2008\/11\/18\/yllka-e-kenaqur-me-pjesemarrjen-ne-\u201cmiss-earth\u201d\/\" \/>\n<meta property=\"og:locale\" content=\"en_US\" \/>\n<meta property=\"og:type\" content=\"article\" \/>\n<meta property=\"og:title\" content=\"Yllka e k\u00ebnaqur me pjes\u00ebmarrjen n\u00eb \u201cMiss Earth\u201d - Lajme nga Ulqini\" \/>\n<meta property=\"og:description\" content=\"\u201cMiss Kosova 2007\u201d, Yllka Berisha ka th\u00ebn\u00eb p\u00ebr Express se ndihet e k\u00ebnaqur nga pjes\u00ebmarrja e saj n\u00eb \u201cMiss Earth 2008\u201d, q\u00eb u mbajt n\u00eb Filipine. Bukuroshja\" \/>\n<meta property=\"og:url\" content=\"https:\/\/www.visit-ulcinj.com\/blog\/2008\/11\/18\/yllka-e-kenaqur-me-pjesemarrjen-ne-\u201cmiss-earth\u201d\/\" \/>\n<meta property=\"og:site_name\" content=\"Lajme nga Ulqini\" \/>\n<meta property=\"article:published_time\" content=\"2008-11-18T14:05:03+00:00\" \/>\n<meta property=\"og:image\" content=\"http:\/\/www.gazetaexpress.com\/online\/materiale\/2008\/11\/17\/497\/49717.jpg\" \/>\n<meta name=\"twitter:label1\" content=\"Written by\" \/>\n\t<meta name=\"twitter:data1\" content=\"ulqini\" \/>\n\t<meta name=\"twitter:label2\" content=\"Est. reading time\" \/>\n\t<meta name=\"twitter:data2\" content=\"1 minute\" \/>\n<script type=\"application\/ld+json\" class=\"yoast-schema-graph\">{\"@context\":\"https:\/\/schema.org\",\"@graph\":[{\"@type\":\"WebSite\",\"@id\":\"https:\/\/www.visit-ulcinj.com\/blog\/#website\",\"url\":\"https:\/\/www.visit-ulcinj.com\/blog\/\",\"name\":\"Lajme nga Ulqini\",\"description\":\"Lajme,Vijesti,Ulqini,Ulqin,Crna Gora,Mali i Zi\",\"potentialAction\":[{\"@type\":\"SearchAction\",\"target\":{\"@type\":\"EntryPoint\",\"urlTemplate\":\"https:\/\/www.visit-ulcinj.com\/blog\/?s={search_term_string}\"},\"query-input\":\"required name=search_term_string\"}],\"inLanguage\":\"en-US\"},{\"@type\":\"ImageObject\",\"inLanguage\":\"en-US\",\"@id\":\"https:\/\/www.visit-ulcinj.com\/blog\/2008\/11\/18\/yllka-e-kenaqur-me-pjesemarrjen-ne-%e2%80%9cmiss-earth%e2%80%9d\/#primaryimage\",\"url\":\"http:\/\/www.gazetaexpress.com\/online\/materiale\/2008\/11\/17\/497\/49717.jpg\",\"contentUrl\":\"http:\/\/www.gazetaexpress.com\/online\/materiale\/2008\/11\/17\/497\/49717.jpg\"},{\"@type\":\"WebPage\",\"@id\":\"https:\/\/www.visit-ulcinj.com\/blog\/2008\/11\/18\/yllka-e-kenaqur-me-pjesemarrjen-ne-%e2%80%9cmiss-earth%e2%80%9d\/#webpage\",\"url\":\"https:\/\/www.visit-ulcinj.com\/blog\/2008\/11\/18\/yllka-e-kenaqur-me-pjesemarrjen-ne-%e2%80%9cmiss-earth%e2%80%9d\/\",\"name\":\"Yllka e k\u00ebnaqur me pjes\u00ebmarrjen n\u00eb \u201cMiss Earth\u201d - Lajme nga Ulqini\",\"isPartOf\":{\"@id\":\"https:\/\/www.visit-ulcinj.com\/blog\/#website\"},\"primaryImageOfPage\":{\"@id\":\"https:\/\/www.visit-ulcinj.com\/blog\/2008\/11\/18\/yllka-e-kenaqur-me-pjesemarrjen-ne-%e2%80%9cmiss-earth%e2%80%9d\/#primaryimage\"},\"datePublished\":\"2008-11-18T14:05:03+00:00\",\"dateModified\":\"2008-11-18T14:05:03+00:00\",\"author\":{\"@id\":\"https:\/\/www.visit-ulcinj.com\/blog\/#\/schema\/person\/dcab619c614d3038751c63bc2aadc06d\"},\"description\":\"\u201cMiss Kosova 2007\u201d, Yllka Berisha ka th\u00ebn\u00eb p\u00ebr Express se ndihet e k\u00ebnaqur nga pjes\u00ebmarrja e saj n\u00eb \u201cMiss Earth 2008\u201d, q\u00eb u mbajt n\u00eb Filipine. Bukuroshja\",\"breadcrumb\":{\"@id\":\"https:\/\/www.visit-ulcinj.com\/blog\/2008\/11\/18\/yllka-e-kenaqur-me-pjesemarrjen-ne-%e2%80%9cmiss-earth%e2%80%9d\/#breadcrumb\"},\"inLanguage\":\"en-US\",\"potentialAction\":[{\"@type\":\"ReadAction\",\"target\":[\"https:\/\/www.visit-ulcinj.com\/blog\/2008\/11\/18\/yllka-e-kenaqur-me-pjesemarrjen-ne-%e2%80%9cmiss-earth%e2%80%9d\/\"]}]},{\"@type\":\"BreadcrumbList\",\"@id\":\"https:\/\/www.visit-ulcinj.com\/blog\/2008\/11\/18\/yllka-e-kenaqur-me-pjesemarrjen-ne-%e2%80%9cmiss-earth%e2%80%9d\/#breadcrumb\",\"itemListElement\":[{\"@type\":\"ListItem\",\"position\":1,\"name\":\"Yllka e k\u00ebnaqur me pjes\u00ebmarrjen n\u00eb \u201cMiss Earth\u201d\"}]},{\"@type\":\"Person\",\"@id\":\"https:\/\/www.visit-ulcinj.com\/blog\/#\/schema\/person\/dcab619c614d3038751c63bc2aadc06d\",\"name\":\"ulqini\",\"sameAs\":[\"http:\/\/www.visit-ulcinj.com\"],\"url\":\"https:\/\/www.visit-ulcinj.com\/blog\/author\/admin\/\"}]}<\/script>\n<!-- \/ Yoast SEO plugin. -->","yoast_head_json":{"title":"Yllka e k\u00ebnaqur me pjes\u00ebmarrjen n\u00eb \u201cMiss Earth\u201d - Lajme nga Ulqini","description":"\u201cMiss Kosova 2007\u201d, Yllka Berisha ka th\u00ebn\u00eb p\u00ebr Express se ndihet e k\u00ebnaqur nga pjes\u00ebmarrja e saj n\u00eb \u201cMiss Earth 2008\u201d, q\u00eb u mbajt n\u00eb Filipine. Bukuroshja","robots":{"index":"index","follow":"follow","max-snippet":"max-snippet:-1","max-image-preview":"max-image-preview:large","max-video-preview":"max-video-preview:-1"},"canonical":"https:\/\/www.visit-ulcinj.com\/blog\/2008\/11\/18\/yllka-e-kenaqur-me-pjesemarrjen-ne-\u201cmiss-earth\u201d\/","og_locale":"en_US","og_type":"article","og_title":"Yllka e k\u00ebnaqur me pjes\u00ebmarrjen n\u00eb \u201cMiss Earth\u201d - Lajme nga Ulqini","og_description":"\u201cMiss Kosova 2007\u201d, Yllka Berisha ka th\u00ebn\u00eb p\u00ebr Express se ndihet e k\u00ebnaqur nga pjes\u00ebmarrja e saj n\u00eb \u201cMiss Earth 2008\u201d, q\u00eb u mbajt n\u00eb Filipine. Bukuroshja","og_url":"https:\/\/www.visit-ulcinj.com\/blog\/2008\/11\/18\/yllka-e-kenaqur-me-pjesemarrjen-ne-\u201cmiss-earth\u201d\/","og_site_name":"Lajme nga Ulqini","article_published_time":"2008-11-18T14:05:03+00:00","og_image":[{"url":"http:\/\/www.gazetaexpress.com\/online\/materiale\/2008\/11\/17\/497\/49717.jpg"}],"twitter_misc":{"Written by":"ulqini","Est. reading time":"1 minute"},"schema":{"@context":"https:\/\/schema.org","@graph":[{"@type":"WebSite","@id":"https:\/\/www.visit-ulcinj.com\/blog\/#website","url":"https:\/\/www.visit-ulcinj.com\/blog\/","name":"Lajme nga Ulqini","description":"Lajme,Vijesti,Ulqini,Ulqin,Crna Gora,Mali i Zi","potentialAction":[{"@type":"SearchAction","target":{"@type":"EntryPoint","urlTemplate":"https:\/\/www.visit-ulcinj.com\/blog\/?s={search_term_string}"},"query-input":"required name=search_term_string"}],"inLanguage":"en-US"},{"@type":"ImageObject","inLanguage":"en-US","@id":"https:\/\/www.visit-ulcinj.com\/blog\/2008\/11\/18\/yllka-e-kenaqur-me-pjesemarrjen-ne-%e2%80%9cmiss-earth%e2%80%9d\/#primaryimage","url":"http:\/\/www.gazetaexpress.com\/online\/materiale\/2008\/11\/17\/497\/49717.jpg","contentUrl":"http:\/\/www.gazetaexpress.com\/online\/materiale\/2008\/11\/17\/497\/49717.jpg"},{"@type":"WebPage","@id":"https:\/\/www.visit-ulcinj.com\/blog\/2008\/11\/18\/yllka-e-kenaqur-me-pjesemarrjen-ne-%e2%80%9cmiss-earth%e2%80%9d\/#webpage","url":"https:\/\/www.visit-ulcinj.com\/blog\/2008\/11\/18\/yllka-e-kenaqur-me-pjesemarrjen-ne-%e2%80%9cmiss-earth%e2%80%9d\/","name":"Yllka e k\u00ebnaqur me pjes\u00ebmarrjen n\u00eb \u201cMiss Earth\u201d - Lajme nga Ulqini","isPartOf":{"@id":"https:\/\/www.visit-ulcinj.com\/blog\/#website"},"primaryImageOfPage":{"@id":"https:\/\/www.visit-ulcinj.com\/blog\/2008\/11\/18\/yllka-e-kenaqur-me-pjesemarrjen-ne-%e2%80%9cmiss-earth%e2%80%9d\/#primaryimage"},"datePublished":"2008-11-18T14:05:03+00:00","dateModified":"2008-11-18T14:05:03+00:00","author":{"@id":"https:\/\/www.visit-ulcinj.com\/blog\/#\/schema\/person\/dcab619c614d3038751c63bc2aadc06d"},"description":"\u201cMiss Kosova 2007\u201d, Yllka Berisha ka th\u00ebn\u00eb p\u00ebr Express se ndihet e k\u00ebnaqur nga pjes\u00ebmarrja e saj n\u00eb \u201cMiss Earth 2008\u201d, q\u00eb u mbajt n\u00eb Filipine. Bukuroshja","breadcrumb":{"@id":"https:\/\/www.visit-ulcinj.com\/blog\/2008\/11\/18\/yllka-e-kenaqur-me-pjesemarrjen-ne-%e2%80%9cmiss-earth%e2%80%9d\/#breadcrumb"},"inLanguage":"en-US","potentialAction":[{"@type":"ReadAction","target":["https:\/\/www.visit-ulcinj.com\/blog\/2008\/11\/18\/yllka-e-kenaqur-me-pjesemarrjen-ne-%e2%80%9cmiss-earth%e2%80%9d\/"]}]},{"@type":"BreadcrumbList","@id":"https:\/\/www.visit-ulcinj.com\/blog\/2008\/11\/18\/yllka-e-kenaqur-me-pjesemarrjen-ne-%e2%80%9cmiss-earth%e2%80%9d\/#breadcrumb","itemListElement":[{"@type":"ListItem","position":1,"name":"Yllka e k\u00ebnaqur me pjes\u00ebmarrjen n\u00eb \u201cMiss Earth\u201d"}]},{"@type":"Person","@id":"https:\/\/www.visit-ulcinj.com\/blog\/#\/schema\/person\/dcab619c614d3038751c63bc2aadc06d","name":"ulqini","sameAs":["http:\/\/www.visit-ulcinj.com"],"url":"https:\/\/www.visit-ulcinj.com\/blog\/author\/admin\/"}]}},"jetpack_featured_media_url":"","jetpack_sharing_enabled":true,"jetpack_shortlink":"https:\/\/wp.me\/pe6lTn-1DL","_links":{"self":[{"href":"https:\/\/www.visit-ulcinj.com\/blog\/wp-json\/wp\/v2\/posts\/6309"}],"collection":[{"href":"https:\/\/www.visit-ulcinj.com\/blog\/wp-json\/wp\/v2\/posts"}],"about":[{"href":"https:\/\/www.visit-ulcinj.com\/blog\/wp-json\/wp\/v2\/types\/post"}],"author":[{"embeddable":true,"href":"https:\/\/www.visit-ulcinj.com\/blog\/wp-json\/wp\/v2\/users\/1"}],"replies":[{"embeddable":true,"href":"https:\/\/www.visit-ulcinj.com\/blog\/wp-json\/wp\/v2\/comments?post=6309"}],"version-history":[{"count":0,"href":"https:\/\/www.visit-ulcinj.com\/blog\/wp-json\/wp\/v2\/posts\/6309\/revisions"}],"wp:attachment":[{"href":"https:\/\/www.visit-ulcinj.com\/blog\/wp-json\/wp\/v2\/media?parent=6309"}],"wp:term":[{"taxonomy":"category","embeddable":true,"href":"https:\/\/www.visit-ulcinj.com\/blog\/wp-json\/wp\/v2\/categories?post=6309"},{"taxonomy":"post_tag","embeddable":true,"href":"https:\/\/www.visit-ulcinj.com\/blog\/wp-json\/wp\/v2\/tags?post=6309"}],"curies":[{"name":"wp","href":"https:\/\/api.w.org\/{rel}","templated":true}]}}