{"id":63096,"date":"2012-08-29T13:30:53","date_gmt":"2012-08-29T12:30:53","guid":{"rendered":"http:\/\/www.visit-ulcinj.com\/blog\/?p=63096"},"modified":"2012-08-29T13:30:53","modified_gmt":"2012-08-29T12:30:53","slug":"bleona-qereti-ikona-4-milione-dollareshe-video","status":"publish","type":"post","link":"https:\/\/www.visit-ulcinj.com\/blog\/2012\/08\/29\/bleona-qereti-ikona-4-milione-dollareshe-video\/","title":{"rendered":"Bleona Qereti, ikona 4 milion\u00eb dollar\u00ebshe &#8211; Video"},"content":{"rendered":"<p><a href=\"http:\/\/www.visit-ulcinj.com\/blog\/wp-content\/uploads\/2012\/08\/bleonaqereti.jpg\"><img loading=\"lazy\" class=\"alignleft  wp-image-63097\" title=\"bleonaqereti\" src=\"http:\/\/www.visit-ulcinj.com\/blog\/wp-content\/uploads\/2012\/08\/bleonaqereti.jpg\" alt=\"\" width=\"400\" height=\"253\" \/><\/a>Pas nj\u00eb mungese 2- vje\u00e7are, k\u00ebng\u00ebtarja Bleona Qereti \u00ebsht\u00eb kthyer dje n\u00eb tok\u00ebn m\u00ebm\u00eb, n\u00eb vendin q\u00eb e b\u00ebri t\u00eb famshme. N\u00ebn shoq\u00ebrin\u00eb e prind\u00ebrve dhe qenit t\u00eb saj Xhon, k\u00ebng\u00ebtarja \u00ebsht\u00eb ulur dje n\u00eb aeroportin \u201cN\u00ebn\u00eb Tereza\u201d me nj\u00eb avion privat \u201cCitation Xls\u201d. Nd\u00ebrkoh\u00eb, Bleona p\u00ebrgjat\u00eb gjith\u00eb koh\u00ebs \u00ebsht\u00eb shoq\u00ebruar edhe nga kamerat amerikane, p\u00ebr shkak se me rikthimin e saj n\u00eb Amerik\u00eb, televizionet atje do t\u00eb transmetojn\u00eb nj\u00eb dokumentar p\u00ebr tour-in, me backstage. K\u00ebng\u00ebtarja \u00ebsht\u00eb pritur nd\u00ebrsa ka dal\u00eb nga hyrja VIP, nga kat\u00ebr bodyguard\u00eb dhe nga dy makina luksoze.<\/p>\n<p>Si\u00e7 dihet, arsyeja e ardhjes s\u00eb Bleon\u00ebs n\u00eb Shqip\u00ebri \u00ebsht\u00eb promovimi i albumit t\u00eb par\u00eb n\u00eb Amerik\u00eb. Si\u00e7 besojm\u00eb keni par\u00eb n\u00eb reklama, pjes\u00eb e tour-it do t\u00eb jen\u00eb edhe dy DJ zyrtar\u00eb t\u00eb Timbaland, Dj Free Style dhe Brasco, t\u00eb cil\u00ebt do t\u00eb mb\u00ebrrijn\u00eb nes\u00ebr n\u00eb Tiran\u00eb p\u00ebr koncertin e Vlor\u00ebs.<\/p>\n<p><a href=\"http:\/\/www.visit-ulcinj.com\/blog\/wp-content\/uploads\/2012\/08\/Bleona-Qereti.jpg\"><img loading=\"lazy\" class=\"alignleft  wp-image-63098\" title=\"Bleona Qereti\" src=\"http:\/\/www.visit-ulcinj.com\/blog\/wp-content\/uploads\/2012\/08\/Bleona-Qereti.jpg\" alt=\"\" width=\"508\" height=\"300\" \/><\/a><\/p>\n<p><strong>Albumi<br \/>\n<\/strong>Shum\u00eb prej jush do t\u00eb v\u00ebn\u00eb duart n\u00eb kok\u00eb kur t\u00eb m\u00ebsojn\u00eb fatur\u00ebn marramend\u00ebse q\u00eb ka paguar k\u00ebng\u00ebtarja p\u00ebr realizimin e k\u00ebtij albumi\u2026 Plot 3 milion\u00eb dollar\u00eb, ka paguar Bleona Qereti p\u00ebr t\u00eb realizuar k\u00ebt\u00eb album t\u00eb par\u00eb n\u00eb Amerik\u00eb, p\u00ebr k\u00ebng\u00ebt e t\u00eb cilit ka punuar me producent\u00ebt m\u00eb t\u00eb mir\u00eb t\u00eb muzik\u00ebs, si\u00e7 jan\u00eb Timbaland, apo Rodney Jerkins (Darkchild)\u2026 Sakaq, kjo nuk \u00ebsht\u00eb e gjitha: Videoja q\u00eb do t\u00eb promovoj\u00eb albumin kap koston e 500 mij\u00eb dollar\u00ebve, nd\u00ebrkoh\u00eb q\u00eb shpenzimet p\u00ebr tour-in jan\u00eb t\u00eb pallogaritshme dhe me shum\u00eb gjasa edhe ato do ta kalojn\u00eb shifr\u00ebn e gjys\u00ebm milioni dollar\u00eb\u2026<br \/>\n<strong>Pushimet<\/strong><br \/>\nPor Bleona \u00ebsht\u00eb m\u00ebsuar tashm\u00eb me jet\u00ebn e shtrenjt\u00eb. I duhet q\u00eb \u00e7do jav\u00eb t\u00eb udh\u00ebtoj\u00eb nga nj\u00eb kontinent n\u00eb tjetrin p\u00ebr shkak t\u00eb eventeve VIP ku \u00ebsht\u00eb e ftuar, kujtojm\u00eb k\u00ebtu: Jav\u00ebt e mod\u00ebs, aktivitetet muzikore, apo ato t\u00eb bamir\u00ebsis\u00eb. Nd\u00ebrkoh\u00eb q\u00eb edhe pushimet jan\u00eb shum\u00eb t\u00eb r\u00ebnd\u00ebsishme p\u00ebr nj\u00eb njeri si ajo, q\u00eb jeton gjat\u00eb gjith\u00eb koh\u00ebs n\u00ebn presionin e k\u00ebsaj t\u00eb fundit. Vet\u00ebm dy jav\u00eb m\u00eb par\u00eb ka qen\u00eb n\u00eb Sardenja, nd\u00ebrkaq, p\u00ebrpara se t\u00eb vinte n\u00eb Shqip\u00ebri ishte duke pushuar n\u00eb Bodrum t\u00eb Turqis\u00eb me familjen e saj. Fotot e pushimeve po i sjellim edhe ne, si\u00e7 kemi b\u00ebr\u00eb edhe me pushimet e m\u00ebparshme t\u00eb saj, p\u00ebrkrah emrave t\u00eb njohur si Roberto Cavalli, etj.<br \/>\nTour-i<br \/>\n\u201cTour-in po e nis nga Vlora duke qen\u00eb se \u00ebsht\u00eb 100-vjetori i Pavar\u00ebsis\u00eb dhe do vazhdoj me Shkodr\u00ebn, pasi babai im \u00ebsht\u00eb shkodran dhe un\u00eb kam gjak shkodran. \u00cbsht\u00eb n\u00eb axhend\u00eb edhe Elbasani, pasi ai \u00ebsht\u00eb qyteti ku un\u00eb kam nisur karrier\u00ebn. T\u00eb tre k\u00ebto qytete nuk i ndaj dot, sepse kan\u00eb lidhje direkte me mua. M\u00eb pas tour-i do t\u00eb vazhdoj\u00eb me Prishtin\u00ebn, Zvicr\u00ebn, Italin\u00eb, Tiran\u00ebn, Tetov\u00ebn, Gjermanin\u00eb, Franc\u00ebn. Me shum\u00eb gjasa kjo maraton\u00eb koncertesh do t\u00eb mbyllet n\u00eb New York e Los Angeles, por asgj\u00eb nuk \u00ebsht\u00eb mbyllur ende, pasi un\u00eb vendosa shum\u00eb von\u00eb p\u00ebr t\u00eb nd\u00ebrmarr\u00eb tour-in\u201d, \u2013 \u00ebsht\u00eb shprehur k\u00ebng\u00ebtarja gjat\u00eb dit\u00ebs s\u00eb djeshme p\u00ebr suplementin, nd\u00ebrsa ka shtuar se arsyeja pse tour-i filloi nga Shqip\u00ebria \u00ebsht\u00eb n\u00eb nj\u00eb far\u00eb m\u00ebnyre detyrimi q\u00eb ka ajo ndaj fansave q\u00eb e kan\u00eb mb\u00ebshtetur p\u00ebr 20 vjet. Bleona tha se me shum\u00eb mund\u00ebsi, ajo do t\u00eb sjell\u00eb n\u00eb Tiran\u00eb, Timbalandin, por kjo mbetet evazive, n\u00eb var\u00ebsi t\u00eb angazhimeve t\u00eb tij. Bleona Qereti \u00ebsht\u00eb k\u00ebng\u00ebtarja e par\u00eb shqiptare, q\u00eb po tenton pa fund p\u00ebr t\u00eb b\u00ebr\u00eb nj\u00eb karrier\u00eb n\u00eb Amerik\u00eb, dhe k\u00ebt\u00eb po e b\u00ebn pa ndihm\u00ebn e askujt, duke mos mohuar motivimin moral q\u00eb i ka b\u00ebr\u00eb familja dhe Gani, bashk\u00ebshorti i saj. K\u00ebnga \u201cPass out\u201d, sing\u00eblli i par\u00eb i albumit do dal\u00eb n\u00eb radio n\u00eb Rusi, Turqi, Angli, Itali, Franc\u00eb dhe Amerik\u00eb gjat\u00eb muajve shtator-tetor, nd\u00ebrkoh\u00eb q\u00eb Shqip\u00ebria do t\u00eb ket\u00eb rastin ta d\u00ebgjoj\u00eb e para\u2026<\/p>\n<p><strong>Eraldo Rexho Bluetooth<\/strong><\/p>\n<!--YouTube Error: bad URL entered-->\n","protected":false},"excerpt":{"rendered":"<p>Pas nj\u00eb mungese 2- vje\u00e7are, k\u00ebng\u00ebtarja Bleona Qereti \u00ebsht\u00eb kthyer dje n\u00eb tok\u00ebn m\u00ebm\u00eb, n\u00eb vendin q\u00eb e b\u00ebri t\u00eb famshme. N\u00ebn shoq\u00ebrin\u00eb e prind\u00ebrve dhe qenit t\u00eb saj Xhon, k\u00ebng\u00ebtarja \u00ebsht\u00eb ulur dje n\u00eb aeroportin \u201cN\u00ebn\u00eb Tereza\u201d me nj\u00eb avion privat \u201cCitation Xls\u201d. Nd\u00ebrkoh\u00eb, Bleona p\u00ebrgjat\u00eb gjith\u00eb koh\u00ebs \u00ebsht\u00eb shoq\u00ebruar edhe nga kamerat amerikane, [&hellip;]<\/p>\n","protected":false},"author":1,"featured_media":0,"comment_status":"open","ping_status":"closed","sticky":false,"template":"","format":"standard","meta":{"spay_email":"","jetpack_publicize_message":"","jetpack_is_tweetstorm":false,"jetpack_publicize_feature_enabled":true},"categories":[1],"tags":[5103,41,200],"jetpack_publicize_connections":[],"yoast_head":"<!-- This site is optimized with the Yoast SEO plugin v19.1 - https:\/\/yoast.com\/wordpress\/plugins\/seo\/ -->\n<title>Bleona Qereti, ikona 4 milion\u00eb dollar\u00ebshe - Video - Lajme nga Ulqini<\/title>\n<meta name=\"description\" content=\"Pas nj\u00eb mungese 2- vje\u00e7are, k\u00ebng\u00ebtarja Bleona Qereti \u00ebsht\u00eb kthyer dje n\u00eb tok\u00ebn m\u00ebm\u00eb, n\u00eb vendin q\u00eb e b\u00ebri t\u00eb famshme. N\u00ebn shoq\u00ebrin\u00eb e prind\u00ebrve dhe qenit\" \/>\n<meta name=\"robots\" content=\"index, follow, max-snippet:-1, max-image-preview:large, max-video-preview:-1\" \/>\n<link rel=\"canonical\" href=\"https:\/\/www.visit-ulcinj.com\/blog\/2012\/08\/29\/bleona-qereti-ikona-4-milione-dollareshe-video\/\" \/>\n<meta property=\"og:locale\" content=\"en_US\" \/>\n<meta property=\"og:type\" content=\"article\" \/>\n<meta property=\"og:title\" content=\"Bleona Qereti, ikona 4 milion\u00eb dollar\u00ebshe - Video - Lajme nga Ulqini\" \/>\n<meta property=\"og:description\" content=\"Pas nj\u00eb mungese 2- vje\u00e7are, k\u00ebng\u00ebtarja Bleona Qereti \u00ebsht\u00eb kthyer dje n\u00eb tok\u00ebn m\u00ebm\u00eb, n\u00eb vendin q\u00eb e b\u00ebri t\u00eb famshme. N\u00ebn shoq\u00ebrin\u00eb e prind\u00ebrve dhe qenit\" \/>\n<meta property=\"og:url\" content=\"https:\/\/www.visit-ulcinj.com\/blog\/2012\/08\/29\/bleona-qereti-ikona-4-milione-dollareshe-video\/\" \/>\n<meta property=\"og:site_name\" content=\"Lajme nga Ulqini\" \/>\n<meta property=\"article:published_time\" content=\"2012-08-29T12:30:53+00:00\" \/>\n<meta property=\"og:image\" content=\"http:\/\/www.visit-ulcinj.com\/blog\/wp-content\/uploads\/2012\/08\/bleonaqereti.jpg\" \/>\n<meta name=\"twitter:label1\" content=\"Written by\" \/>\n\t<meta name=\"twitter:data1\" content=\"ulqini\" \/>\n\t<meta name=\"twitter:label2\" content=\"Est. reading time\" \/>\n\t<meta name=\"twitter:data2\" content=\"4 minutes\" \/>\n<script type=\"application\/ld+json\" class=\"yoast-schema-graph\">{\"@context\":\"https:\/\/schema.org\",\"@graph\":[{\"@type\":\"WebSite\",\"@id\":\"https:\/\/www.visit-ulcinj.com\/blog\/#website\",\"url\":\"https:\/\/www.visit-ulcinj.com\/blog\/\",\"name\":\"Lajme nga Ulqini\",\"description\":\"Lajme,Vijesti,Ulqini,Ulqin,Crna Gora,Mali i Zi\",\"potentialAction\":[{\"@type\":\"SearchAction\",\"target\":{\"@type\":\"EntryPoint\",\"urlTemplate\":\"https:\/\/www.visit-ulcinj.com\/blog\/?s={search_term_string}\"},\"query-input\":\"required name=search_term_string\"}],\"inLanguage\":\"en-US\"},{\"@type\":\"ImageObject\",\"inLanguage\":\"en-US\",\"@id\":\"https:\/\/www.visit-ulcinj.com\/blog\/2012\/08\/29\/bleona-qereti-ikona-4-milione-dollareshe-video\/#primaryimage\",\"url\":\"http:\/\/www.visit-ulcinj.com\/blog\/wp-content\/uploads\/2012\/08\/bleonaqereti.jpg\",\"contentUrl\":\"http:\/\/www.visit-ulcinj.com\/blog\/wp-content\/uploads\/2012\/08\/bleonaqereti.jpg\"},{\"@type\":\"WebPage\",\"@id\":\"https:\/\/www.visit-ulcinj.com\/blog\/2012\/08\/29\/bleona-qereti-ikona-4-milione-dollareshe-video\/#webpage\",\"url\":\"https:\/\/www.visit-ulcinj.com\/blog\/2012\/08\/29\/bleona-qereti-ikona-4-milione-dollareshe-video\/\",\"name\":\"Bleona Qereti, ikona 4 milion\u00eb dollar\u00ebshe - Video - Lajme nga Ulqini\",\"isPartOf\":{\"@id\":\"https:\/\/www.visit-ulcinj.com\/blog\/#website\"},\"primaryImageOfPage\":{\"@id\":\"https:\/\/www.visit-ulcinj.com\/blog\/2012\/08\/29\/bleona-qereti-ikona-4-milione-dollareshe-video\/#primaryimage\"},\"datePublished\":\"2012-08-29T12:30:53+00:00\",\"dateModified\":\"2012-08-29T12:30:53+00:00\",\"author\":{\"@id\":\"https:\/\/www.visit-ulcinj.com\/blog\/#\/schema\/person\/dcab619c614d3038751c63bc2aadc06d\"},\"description\":\"Pas nj\u00eb mungese 2- vje\u00e7are, k\u00ebng\u00ebtarja Bleona Qereti \u00ebsht\u00eb kthyer dje n\u00eb tok\u00ebn m\u00ebm\u00eb, n\u00eb vendin q\u00eb e b\u00ebri t\u00eb famshme. N\u00ebn shoq\u00ebrin\u00eb e prind\u00ebrve dhe qenit\",\"breadcrumb\":{\"@id\":\"https:\/\/www.visit-ulcinj.com\/blog\/2012\/08\/29\/bleona-qereti-ikona-4-milione-dollareshe-video\/#breadcrumb\"},\"inLanguage\":\"en-US\",\"potentialAction\":[{\"@type\":\"ReadAction\",\"target\":[\"https:\/\/www.visit-ulcinj.com\/blog\/2012\/08\/29\/bleona-qereti-ikona-4-milione-dollareshe-video\/\"]}]},{\"@type\":\"BreadcrumbList\",\"@id\":\"https:\/\/www.visit-ulcinj.com\/blog\/2012\/08\/29\/bleona-qereti-ikona-4-milione-dollareshe-video\/#breadcrumb\",\"itemListElement\":[{\"@type\":\"ListItem\",\"position\":1,\"name\":\"Bleona Qereti, ikona 4 milion\u00eb dollar\u00ebshe &#8211; Video\"}]},{\"@type\":\"Person\",\"@id\":\"https:\/\/www.visit-ulcinj.com\/blog\/#\/schema\/person\/dcab619c614d3038751c63bc2aadc06d\",\"name\":\"ulqini\",\"sameAs\":[\"http:\/\/www.visit-ulcinj.com\"],\"url\":\"https:\/\/www.visit-ulcinj.com\/blog\/author\/admin\/\"}]}<\/script>\n<!-- \/ Yoast SEO plugin. -->","yoast_head_json":{"title":"Bleona Qereti, ikona 4 milion\u00eb dollar\u00ebshe - Video - Lajme nga Ulqini","description":"Pas nj\u00eb mungese 2- vje\u00e7are, k\u00ebng\u00ebtarja Bleona Qereti \u00ebsht\u00eb kthyer dje n\u00eb tok\u00ebn m\u00ebm\u00eb, n\u00eb vendin q\u00eb e b\u00ebri t\u00eb famshme. N\u00ebn shoq\u00ebrin\u00eb e prind\u00ebrve dhe qenit","robots":{"index":"index","follow":"follow","max-snippet":"max-snippet:-1","max-image-preview":"max-image-preview:large","max-video-preview":"max-video-preview:-1"},"canonical":"https:\/\/www.visit-ulcinj.com\/blog\/2012\/08\/29\/bleona-qereti-ikona-4-milione-dollareshe-video\/","og_locale":"en_US","og_type":"article","og_title":"Bleona Qereti, ikona 4 milion\u00eb dollar\u00ebshe - Video - Lajme nga Ulqini","og_description":"Pas nj\u00eb mungese 2- vje\u00e7are, k\u00ebng\u00ebtarja Bleona Qereti \u00ebsht\u00eb kthyer dje n\u00eb tok\u00ebn m\u00ebm\u00eb, n\u00eb vendin q\u00eb e b\u00ebri t\u00eb famshme. N\u00ebn shoq\u00ebrin\u00eb e prind\u00ebrve dhe qenit","og_url":"https:\/\/www.visit-ulcinj.com\/blog\/2012\/08\/29\/bleona-qereti-ikona-4-milione-dollareshe-video\/","og_site_name":"Lajme nga Ulqini","article_published_time":"2012-08-29T12:30:53+00:00","og_image":[{"url":"http:\/\/www.visit-ulcinj.com\/blog\/wp-content\/uploads\/2012\/08\/bleonaqereti.jpg"}],"twitter_misc":{"Written by":"ulqini","Est. reading time":"4 minutes"},"schema":{"@context":"https:\/\/schema.org","@graph":[{"@type":"WebSite","@id":"https:\/\/www.visit-ulcinj.com\/blog\/#website","url":"https:\/\/www.visit-ulcinj.com\/blog\/","name":"Lajme nga Ulqini","description":"Lajme,Vijesti,Ulqini,Ulqin,Crna Gora,Mali i Zi","potentialAction":[{"@type":"SearchAction","target":{"@type":"EntryPoint","urlTemplate":"https:\/\/www.visit-ulcinj.com\/blog\/?s={search_term_string}"},"query-input":"required name=search_term_string"}],"inLanguage":"en-US"},{"@type":"ImageObject","inLanguage":"en-US","@id":"https:\/\/www.visit-ulcinj.com\/blog\/2012\/08\/29\/bleona-qereti-ikona-4-milione-dollareshe-video\/#primaryimage","url":"http:\/\/www.visit-ulcinj.com\/blog\/wp-content\/uploads\/2012\/08\/bleonaqereti.jpg","contentUrl":"http:\/\/www.visit-ulcinj.com\/blog\/wp-content\/uploads\/2012\/08\/bleonaqereti.jpg"},{"@type":"WebPage","@id":"https:\/\/www.visit-ulcinj.com\/blog\/2012\/08\/29\/bleona-qereti-ikona-4-milione-dollareshe-video\/#webpage","url":"https:\/\/www.visit-ulcinj.com\/blog\/2012\/08\/29\/bleona-qereti-ikona-4-milione-dollareshe-video\/","name":"Bleona Qereti, ikona 4 milion\u00eb dollar\u00ebshe - Video - Lajme nga Ulqini","isPartOf":{"@id":"https:\/\/www.visit-ulcinj.com\/blog\/#website"},"primaryImageOfPage":{"@id":"https:\/\/www.visit-ulcinj.com\/blog\/2012\/08\/29\/bleona-qereti-ikona-4-milione-dollareshe-video\/#primaryimage"},"datePublished":"2012-08-29T12:30:53+00:00","dateModified":"2012-08-29T12:30:53+00:00","author":{"@id":"https:\/\/www.visit-ulcinj.com\/blog\/#\/schema\/person\/dcab619c614d3038751c63bc2aadc06d"},"description":"Pas nj\u00eb mungese 2- vje\u00e7are, k\u00ebng\u00ebtarja Bleona Qereti \u00ebsht\u00eb kthyer dje n\u00eb tok\u00ebn m\u00ebm\u00eb, n\u00eb vendin q\u00eb e b\u00ebri t\u00eb famshme. N\u00ebn shoq\u00ebrin\u00eb e prind\u00ebrve dhe qenit","breadcrumb":{"@id":"https:\/\/www.visit-ulcinj.com\/blog\/2012\/08\/29\/bleona-qereti-ikona-4-milione-dollareshe-video\/#breadcrumb"},"inLanguage":"en-US","potentialAction":[{"@type":"ReadAction","target":["https:\/\/www.visit-ulcinj.com\/blog\/2012\/08\/29\/bleona-qereti-ikona-4-milione-dollareshe-video\/"]}]},{"@type":"BreadcrumbList","@id":"https:\/\/www.visit-ulcinj.com\/blog\/2012\/08\/29\/bleona-qereti-ikona-4-milione-dollareshe-video\/#breadcrumb","itemListElement":[{"@type":"ListItem","position":1,"name":"Bleona Qereti, ikona 4 milion\u00eb dollar\u00ebshe &#8211; Video"}]},{"@type":"Person","@id":"https:\/\/www.visit-ulcinj.com\/blog\/#\/schema\/person\/dcab619c614d3038751c63bc2aadc06d","name":"ulqini","sameAs":["http:\/\/www.visit-ulcinj.com"],"url":"https:\/\/www.visit-ulcinj.com\/blog\/author\/admin\/"}]}},"jetpack_featured_media_url":"","jetpack_sharing_enabled":true,"jetpack_shortlink":"https:\/\/wp.me\/pe6lTn-gpG","_links":{"self":[{"href":"https:\/\/www.visit-ulcinj.com\/blog\/wp-json\/wp\/v2\/posts\/63096"}],"collection":[{"href":"https:\/\/www.visit-ulcinj.com\/blog\/wp-json\/wp\/v2\/posts"}],"about":[{"href":"https:\/\/www.visit-ulcinj.com\/blog\/wp-json\/wp\/v2\/types\/post"}],"author":[{"embeddable":true,"href":"https:\/\/www.visit-ulcinj.com\/blog\/wp-json\/wp\/v2\/users\/1"}],"replies":[{"embeddable":true,"href":"https:\/\/www.visit-ulcinj.com\/blog\/wp-json\/wp\/v2\/comments?post=63096"}],"version-history":[{"count":1,"href":"https:\/\/www.visit-ulcinj.com\/blog\/wp-json\/wp\/v2\/posts\/63096\/revisions"}],"predecessor-version":[{"id":63099,"href":"https:\/\/www.visit-ulcinj.com\/blog\/wp-json\/wp\/v2\/posts\/63096\/revisions\/63099"}],"wp:attachment":[{"href":"https:\/\/www.visit-ulcinj.com\/blog\/wp-json\/wp\/v2\/media?parent=63096"}],"wp:term":[{"taxonomy":"category","embeddable":true,"href":"https:\/\/www.visit-ulcinj.com\/blog\/wp-json\/wp\/v2\/categories?post=63096"},{"taxonomy":"post_tag","embeddable":true,"href":"https:\/\/www.visit-ulcinj.com\/blog\/wp-json\/wp\/v2\/tags?post=63096"}],"curies":[{"name":"wp","href":"https:\/\/api.w.org\/{rel}","templated":true}]}}